{"id":58665,"date":"2022-09-25T19:50:17","date_gmt":"2022-09-25T17:50:17","guid":{"rendered":"https:\/\/blog.brand-architecture.at\/2022\/09\/25\/la-posta-austriaca-pone-en-funcionamiento-un-nuevo-centro-logistico-en-tirol\/"},"modified":"2022-09-25T19:50:17","modified_gmt":"2022-09-25T17:50:17","slug":"la-posta-austriaca-pone-en-funcionamiento-un-nuevo-centro-logistico-en-tirol","status":"publish","type":"post","link":"https:\/\/loginfo24.com\/es\/2022\/09\/25\/la-posta-austriaca-pone-en-funcionamiento-un-nuevo-centro-logistico-en-tirol\/","title":{"rendered":"La Posta austriaca pone en funcionamiento un nuevo centro log\u00edstico en Tirol"},"content":{"rendered":"<h5><strong>Despu\u00e9s de un a\u00f1o y medio de construcci\u00f3n, hoy, viernes, se llev\u00f3 a cabo la ceremonia de inauguraci\u00f3n del nuevo centro log\u00edstico Tirol en Vomp. Entre los invitados de honor a las celebraciones se encontraban Josef Geisler, Vicegobernador del estado de Tirol, Karl-Josef Schubert, alcalde de la comunidad de mercado de Vomp, Ernst Derfeser, inversor y director general de la empresa del mismo nombre, as\u00ed como DI Peter Umundum, director ejecutivo de Paquetes y Log\u00edstica, y DI Dr. Georg P\u00f6lzl, director general, ambos de la Posta austriaca. La bendici\u00f3n fue realizada por el Regens Mag. Roland Buemberger, vicario general de la di\u00f3cesis de Innsbruck.<\/strong><\/h5>\n<p>(Vomp, AT) Despu\u00e9s de la clasificaci\u00f3n de paquetes y la base de entrega, ahora tambi\u00e9n se han trasladado completamente la clasificaci\u00f3n de cartas, la log\u00edstica de transporte oeste, una sucursal para grandes clientes y espacios de oficina para la administraci\u00f3n desde la antigua ubicaci\u00f3n en Hall en Tirol a Vomp.<\/p>\n<p>\u00abLa nueva construcci\u00f3n del centro log\u00edstico en Vomp es un claro compromiso de la Posta austriaca con la ubicaci\u00f3n en Tirol. La sostenibilidad aqu\u00ed no es solo una palabra de moda, sino que tambi\u00e9n es visible externamente, por ejemplo, en la instalaci\u00f3n de energ\u00eda solar o en el dise\u00f1o de las \u00e1reas verdes. Con el claro objetivo de la entrega sin emisiones, la Posta tambi\u00e9n apoya el camino de Tirol hacia la autonom\u00eda energ\u00e9tica\u00bb, dice \u00d6R Josef Geisler, Vicegobernador de Tirol.<\/p>\n<p>\u00abCon el nuevo centro log\u00edstico en Vomp, estamos bien preparados para los desaf\u00edos del futuro. Los tiroleses se benefician de esta ubicaci\u00f3n sostenible, que no solo maneja cuidadosamente el recurso suelo, sino que tambi\u00e9n genera electricidad para las m\u00e1quinas de clasificaci\u00f3n y la flota el\u00e9ctrica amarilla-verde de la Posta a trav\u00e9s de su propia instalaci\u00f3n fotovoltaica\u00bb, dice DI Dr. Georg P\u00f6lzl, director general de la Posta austriaca.<\/p>\n<p>\u00abLa construcci\u00f3n y operaci\u00f3n del nuevo centro log\u00edstico en Vomp ha sido y es un proyecto de superlativo para nuestra comunidad de mercado. Por un lado, es la empresa con el mayor volumen de construcci\u00f3n y superficie operativa, y por otro lado, actualmente ofrece la oferta de empleo m\u00e1s significativa en Vomp. Como empresa de servicios y suministro, el nuevo centro log\u00edstico Tirol de la Posta austriaca tiene una importancia especial tanto para Vomp como para toda nuestra regi\u00f3n. Es igualmente notable que se haya logrado tener en cuenta los intereses de la protecci\u00f3n de la naturaleza y el clima en el borde del parque natural de Karwendel\u00bb, comenta Karl-Josef Schubert, alcalde de la comunidad de mercado de Vomp.<\/p>\n<p>\u00abEn los \u00faltimos a\u00f1os hemos visto el potencial que tiene el comercio electr\u00f3nico. En 2021 procesamos 184 millones de paquetes, adem\u00e1s de 615 millones de cartas y 3,9 mil millones de env\u00edos publicitarios y medi\u00e1ticos. Para estas cantidades necesitamos instalaciones de clasificaci\u00f3n potentes y empleados motivados, como los que tenemos aqu\u00ed en Vomp. A trav\u00e9s de la nueva construcci\u00f3n, contribuimos a que una parte de la creaci\u00f3n de valor permanezca aqu\u00ed en Tirol\u00bb, explica DI Peter Umundum, director ejecutivo de Paquetes y Log\u00edstica, Posta austriaca.<\/p>\n<p>\u00abMe alegra mucho que como inversor hayamos podido desarrollar el nuevo centro log\u00edstico Tirol en Vomp para la Posta austriaca. Gracias a la buena colaboraci\u00f3n con los planificadores, las autoridades y el contratista general Goldbeck Rhomberg, este proyecto se pudo implementar en un tiempo r\u00e9cord de solo 10 meses. Durante la construcci\u00f3n, se prest\u00f3 especial atenci\u00f3n a que los vecinos no estuvieran expuestos a emisiones de ruido adicionales y que el centro log\u00edstico se gestionara de manera sostenible y respetuosa con el medio ambiente. Mi agradecimiento va a los empleados responsables de la Posta, as\u00ed como a las empresas ejecutoras y a mis empleados por la excelente colaboraci\u00f3n\u00bb, dice Ernst Derfeser, inversor y director general, Ernst Derfeser GmbH.<\/p>\n<h5><strong><img loading=\"lazy\" decoding=\"async\" class=\"alignnone wp-image-21085 size-full\" src=\"https:\/\/loginfo24.com\/wp-content\/uploads\/sites\/7\/2025\/12\/Post_AT2_25.09.2022.jpg\" alt=\"\" width=\"919\" height=\"560\" \/><\/strong><\/h5>\n<h5><strong>Poderoso y sostenible<\/strong><\/h5>\n<p>La nueva construcci\u00f3n en Vomp ahora permite una capacidad de clasificaci\u00f3n de hasta 10,000 paquetes por hora, lo que equivale a casi triplicar la capacidad de la antigua ubicaci\u00f3n en Hall en Tirol. Ahora se pueden clasificar m\u00e1s de 150,000 paquetes y 1.2 millones de env\u00edos de cartas al d\u00eda en Vomp. A trav\u00e9s del nuevo centro log\u00edstico Tirol, se han asegurado m\u00e1s de 400 puestos de trabajo, y se han creado m\u00e1s de 100 nuevos puestos de trabajo.<\/p>\n<p>La sostenibilidad fue el enfoque principal en la implementaci\u00f3n del proyecto: en el terreno de aproximadamente 100,000 m\u00b2, anteriormente hab\u00eda un vertedero de excavaci\u00f3n de tierra. Para evitar una mayor impermeabilizaci\u00f3n del suelo, la Posta, junto con el inversor del proyecto, Ernst Derfeser GmbH, ha rehabilitado el terreno. Solo se ha construido en una cuarta parte de la superficie total.<\/p>\n<p>Las \u00e1reas verdes alrededor del centro log\u00edstico se han dise\u00f1ado con un enfoque en la biodiversidad y se gestionan de manera respetuosa con el medio ambiente. Ya hoy ofrecen un h\u00e1bitat para plantas y animales aut\u00f3ctonos, incluidos insectos \u00fatiles, abejas silvestres y patos, que han encontrado un nuevo hogar en un biotopo en el terreno de la Posta.<\/p>\n<p>El techo plano del centro log\u00edstico est\u00e1 completamente cubierto de vegetaci\u00f3n y cuenta al inicio con una instalaci\u00f3n fotovoltaica con una capacidad de 500 kilovatios pico (kWp), que se ampliar\u00e1 continuamente. La electricidad verde generada se utiliza, entre otras cosas, para las m\u00e1quinas de clasificaci\u00f3n y los veh\u00edculos el\u00e9ctricos de la base de entrega.<\/p>\n<p>Para proteger a los vecinos, el centro log\u00edstico se ha dise\u00f1ado de tal manera que act\u00faa como un \u00abmuro de protecci\u00f3n\u00bb contra las emisiones de luz y ruido hacia las propiedades circundantes.<\/p>\n<p>El inversor y constructor de la nueva ubicaci\u00f3n es Ernst Derfeser GmbH. La Posta ha invertido alrededor de 21 millones de euros como inquilina. Se ha iniciado una b\u00fasqueda de interesados para la reutilizaci\u00f3n del antiguo centro log\u00edstico en Hall en Tirol.<\/p>\n<p>Foto: \u00a9 Posta austriaca \/ <strong><em>Pie de foto:<\/em><\/strong><em> DI Peter Umundum, director ejecutivo de Paquetes y Log\u00edstica, Posta austriaca, Florian Tursky, MBA, MSc, secretario de Estado en el Ministerio Federal de Finanzas, DI Dr. Georg P\u00f6lzl, director general, Posta austriaca, los hermanos Andrea y Ernst Derfeser, propietarios y directores de Ernst Derfeser GmbH, Josef Geisler, Vicegobernador del estado de Tirol, Karl-Josef Schubert, alcalde de la comunidad de mercado de Vomp<\/em><\/p>\n","protected":false},"excerpt":{"rendered":"<p>Despu\u00e9s de un a\u00f1o y medio de construcci\u00f3n, hoy, viernes, se llev\u00f3 a cabo la ceremonia de inauguraci\u00f3n del nuevo centro log\u00edstico Tirol en Vomp. Entre<span class=\"excerpt-hellip\"> [\u2026]<\/span><\/p>\n","protected":false},"author":0,"featured_media":9302,"comment_status":"open","ping_status":"open","sticky":false,"template":"","format":"standard","meta":{"_acf_changed":false,"footnotes":""},"categories":[1557,1560,1561],"tags":[],"class_list":["post-58665","post","type-post","status-publish","format-standard","has-post-thumbnail","hentry","category-forwarding-logistics","category-intralogistics","category-regions"],"acf":[],"yoast_head":"<!-- This site is optimized with the Yoast SEO plugin v27.3 - https:\/\/yoast.com\/product\/yoast-seo-wordpress\/ -->\n<title>La Posta austriaca pone en funcionamiento un nuevo centro log\u00edstico en Tirol - Loginfo24<\/title>\n<meta name=\"robots\" content=\"index, follow, max-snippet:-1, max-image-preview:large, max-video-preview:-1\" \/>\n<link rel=\"canonical\" href=\"https:\/\/loginfo24.com\/es\/2022\/09\/25\/la-posta-austriaca-pone-en-funcionamiento-un-nuevo-centro-logistico-en-tirol\/\" \/>\n<meta property=\"og:locale\" content=\"es_ES\" \/>\n<meta property=\"og:type\" content=\"article\" \/>\n<meta property=\"og:title\" content=\"La Posta austriaca pone en funcionamiento un nuevo centro log\u00edstico en Tirol - Loginfo24\" \/>\n<meta property=\"og:description\" content=\"Despu\u00e9s de un a\u00f1o y medio de construcci\u00f3n, hoy, viernes, se llev\u00f3 a cabo la ceremonia de inauguraci\u00f3n del nuevo centro log\u00edstico Tirol en Vomp. Entre [\u2026]\" \/>\n<meta property=\"og:url\" content=\"https:\/\/loginfo24.com\/es\/2022\/09\/25\/la-posta-austriaca-pone-en-funcionamiento-un-nuevo-centro-logistico-en-tirol\/\" \/>\n<meta property=\"og:site_name\" content=\"Loginfo24\" \/>\n<meta property=\"article:publisher\" content=\"https:\/\/www.facebook.com\/people\/Loginfo24\/100057360583332\/\" \/>\n<meta property=\"article:published_time\" content=\"2022-09-25T17:50:17+00:00\" \/>\n<meta property=\"og:image\" content=\"https:\/\/loginfo24.com\/wp-content\/uploads\/sites\/7\/2025\/12\/Post_AT1_25.09.2022.jpg\" \/>\n\t<meta property=\"og:image:width\" content=\"813\" \/>\n\t<meta property=\"og:image:height\" content=\"547\" \/>\n\t<meta property=\"og:image:type\" content=\"image\/jpeg\" \/>\n<meta name=\"twitter:card\" content=\"summary_large_image\" \/>\n<meta name=\"twitter:label1\" content=\"Tiempo de lectura\" \/>\n\t<meta name=\"twitter:data1\" content=\"6 minuto\" \/>\n<script type=\"application\/ld+json\" class=\"yoast-schema-graph\">{\"@context\":\"https:\\\/\\\/schema.org\",\"@graph\":[{\"@type\":\"Article\",\"@id\":\"https:\\\/\\\/loginfo24.com\\\/es\\\/2022\\\/09\\\/25\\\/la-posta-austriaca-pone-en-funcionamiento-un-nuevo-centro-logistico-en-tirol\\\/#article\",\"isPartOf\":{\"@id\":\"https:\\\/\\\/loginfo24.com\\\/es\\\/2022\\\/09\\\/25\\\/la-posta-austriaca-pone-en-funcionamiento-un-nuevo-centro-logistico-en-tirol\\\/\"},\"author\":{\"name\":\"\",\"@id\":\"\"},\"headline\":\"La Posta austriaca pone en funcionamiento un nuevo centro log\u00edstico en Tirol\",\"datePublished\":\"2022-09-25T17:50:17+00:00\",\"mainEntityOfPage\":{\"@id\":\"https:\\\/\\\/loginfo24.com\\\/es\\\/2022\\\/09\\\/25\\\/la-posta-austriaca-pone-en-funcionamiento-un-nuevo-centro-logistico-en-tirol\\\/\"},\"wordCount\":1116,\"commentCount\":0,\"publisher\":{\"@id\":\"https:\\\/\\\/loginfo24.com\\\/es\\\/#organization\"},\"image\":{\"@id\":\"https:\\\/\\\/loginfo24.com\\\/es\\\/2022\\\/09\\\/25\\\/la-posta-austriaca-pone-en-funcionamiento-un-nuevo-centro-logistico-en-tirol\\\/#primaryimage\"},\"thumbnailUrl\":\"https:\\\/\\\/loginfo24.com\\\/wp-content\\\/uploads\\\/sites\\\/7\\\/2025\\\/12\\\/Post_AT1_25.09.2022.jpg\",\"articleSection\":[\"Forwarding &amp; Logistics\",\"Intralogistics\",\"Regions\"],\"inLanguage\":\"es\",\"potentialAction\":[{\"@type\":\"CommentAction\",\"name\":\"Comment\",\"target\":[\"https:\\\/\\\/loginfo24.com\\\/es\\\/2022\\\/09\\\/25\\\/la-posta-austriaca-pone-en-funcionamiento-un-nuevo-centro-logistico-en-tirol\\\/#respond\"]}]},{\"@type\":\"WebPage\",\"@id\":\"https:\\\/\\\/loginfo24.com\\\/es\\\/2022\\\/09\\\/25\\\/la-posta-austriaca-pone-en-funcionamiento-un-nuevo-centro-logistico-en-tirol\\\/\",\"url\":\"https:\\\/\\\/loginfo24.com\\\/es\\\/2022\\\/09\\\/25\\\/la-posta-austriaca-pone-en-funcionamiento-un-nuevo-centro-logistico-en-tirol\\\/\",\"name\":\"La Posta austriaca pone en funcionamiento un nuevo centro log\u00edstico en Tirol - Loginfo24\",\"isPartOf\":{\"@id\":\"https:\\\/\\\/loginfo24.com\\\/es\\\/#website\"},\"primaryImageOfPage\":{\"@id\":\"https:\\\/\\\/loginfo24.com\\\/es\\\/2022\\\/09\\\/25\\\/la-posta-austriaca-pone-en-funcionamiento-un-nuevo-centro-logistico-en-tirol\\\/#primaryimage\"},\"image\":{\"@id\":\"https:\\\/\\\/loginfo24.com\\\/es\\\/2022\\\/09\\\/25\\\/la-posta-austriaca-pone-en-funcionamiento-un-nuevo-centro-logistico-en-tirol\\\/#primaryimage\"},\"thumbnailUrl\":\"https:\\\/\\\/loginfo24.com\\\/wp-content\\\/uploads\\\/sites\\\/7\\\/2025\\\/12\\\/Post_AT1_25.09.2022.jpg\",\"datePublished\":\"2022-09-25T17:50:17+00:00\",\"breadcrumb\":{\"@id\":\"https:\\\/\\\/loginfo24.com\\\/es\\\/2022\\\/09\\\/25\\\/la-posta-austriaca-pone-en-funcionamiento-un-nuevo-centro-logistico-en-tirol\\\/#breadcrumb\"},\"inLanguage\":\"es\",\"potentialAction\":[{\"@type\":\"ReadAction\",\"target\":[\"https:\\\/\\\/loginfo24.com\\\/es\\\/2022\\\/09\\\/25\\\/la-posta-austriaca-pone-en-funcionamiento-un-nuevo-centro-logistico-en-tirol\\\/\"]}]},{\"@type\":\"ImageObject\",\"inLanguage\":\"es\",\"@id\":\"https:\\\/\\\/loginfo24.com\\\/es\\\/2022\\\/09\\\/25\\\/la-posta-austriaca-pone-en-funcionamiento-un-nuevo-centro-logistico-en-tirol\\\/#primaryimage\",\"url\":\"https:\\\/\\\/loginfo24.com\\\/wp-content\\\/uploads\\\/sites\\\/7\\\/2025\\\/12\\\/Post_AT1_25.09.2022.jpg\",\"contentUrl\":\"https:\\\/\\\/loginfo24.com\\\/wp-content\\\/uploads\\\/sites\\\/7\\\/2025\\\/12\\\/Post_AT1_25.09.2022.jpg\",\"width\":813,\"height\":547},{\"@type\":\"BreadcrumbList\",\"@id\":\"https:\\\/\\\/loginfo24.com\\\/es\\\/2022\\\/09\\\/25\\\/la-posta-austriaca-pone-en-funcionamiento-un-nuevo-centro-logistico-en-tirol\\\/#breadcrumb\",\"itemListElement\":[{\"@type\":\"ListItem\",\"position\":1,\"name\":\"Startseite\",\"item\":\"https:\\\/\\\/loginfo24.com\\\/es\\\/\"},{\"@type\":\"ListItem\",\"position\":2,\"name\":\"La Posta austriaca pone en funcionamiento un nuevo centro log\u00edstico en Tirol\"}]},{\"@type\":\"WebSite\",\"@id\":\"https:\\\/\\\/loginfo24.com\\\/es\\\/#website\",\"url\":\"https:\\\/\\\/loginfo24.com\\\/es\\\/\",\"name\":\"Loginfo24\",\"description\":\"Loginfo24 es la plataforma dedicada a la log\u00edstica y las cadenas de suministro con informaci\u00f3n las 24 horas del d\u00eda.\",\"publisher\":{\"@id\":\"https:\\\/\\\/loginfo24.com\\\/es\\\/#organization\"},\"potentialAction\":[{\"@type\":\"SearchAction\",\"target\":{\"@type\":\"EntryPoint\",\"urlTemplate\":\"https:\\\/\\\/loginfo24.com\\\/es\\\/?s={search_term_string}\"},\"query-input\":{\"@type\":\"PropertyValueSpecification\",\"valueRequired\":true,\"valueName\":\"search_term_string\"}}],\"inLanguage\":\"es\"},{\"@type\":\"Organization\",\"@id\":\"https:\\\/\\\/loginfo24.com\\\/es\\\/#organization\",\"name\":\"Grupo Logismedia AG\",\"url\":\"https:\\\/\\\/loginfo24.com\\\/es\\\/\",\"logo\":{\"@type\":\"ImageObject\",\"inLanguage\":\"es\",\"@id\":\"https:\\\/\\\/loginfo24.com\\\/es\\\/#\\\/schema\\\/logo\\\/image\\\/\",\"url\":\"https:\\\/\\\/loginfo24.com\\\/wp-content\\\/uploads\\\/sites\\\/7\\\/2026\\\/01\\\/Logo_LogInfo24.png\",\"contentUrl\":\"https:\\\/\\\/loginfo24.com\\\/wp-content\\\/uploads\\\/sites\\\/7\\\/2026\\\/01\\\/Logo_LogInfo24.png\",\"width\":938,\"height\":351,\"caption\":\"Grupo Logismedia AG\"},\"image\":{\"@id\":\"https:\\\/\\\/loginfo24.com\\\/es\\\/#\\\/schema\\\/logo\\\/image\\\/\"},\"sameAs\":[\"https:\\\/\\\/www.facebook.com\\\/people\\\/Loginfo24\\\/100057360583332\\\/\",\"https:\\\/\\\/www.linkedin.com\\\/company\\\/lofinfo24\\\/\"]}]}<\/script>\n<!-- \/ Yoast SEO plugin. -->","yoast_head_json":{"title":"La Posta austriaca pone en funcionamiento un nuevo centro log\u00edstico en Tirol - Loginfo24","robots":{"index":"index","follow":"follow","max-snippet":"max-snippet:-1","max-image-preview":"max-image-preview:large","max-video-preview":"max-video-preview:-1"},"canonical":"https:\/\/loginfo24.com\/es\/2022\/09\/25\/la-posta-austriaca-pone-en-funcionamiento-un-nuevo-centro-logistico-en-tirol\/","og_locale":"es_ES","og_type":"article","og_title":"La Posta austriaca pone en funcionamiento un nuevo centro log\u00edstico en Tirol - Loginfo24","og_description":"Despu\u00e9s de un a\u00f1o y medio de construcci\u00f3n, hoy, viernes, se llev\u00f3 a cabo la ceremonia de inauguraci\u00f3n del nuevo centro log\u00edstico Tirol en Vomp. Entre [\u2026]","og_url":"https:\/\/loginfo24.com\/es\/2022\/09\/25\/la-posta-austriaca-pone-en-funcionamiento-un-nuevo-centro-logistico-en-tirol\/","og_site_name":"Loginfo24","article_publisher":"https:\/\/www.facebook.com\/people\/Loginfo24\/100057360583332\/","article_published_time":"2022-09-25T17:50:17+00:00","og_image":[{"width":813,"height":547,"url":"https:\/\/loginfo24.com\/wp-content\/uploads\/sites\/7\/2025\/12\/Post_AT1_25.09.2022.jpg","type":"image\/jpeg"}],"twitter_card":"summary_large_image","twitter_misc":{"Tiempo de lectura":"6 minuto"},"schema":{"@context":"https:\/\/schema.org","@graph":[{"@type":"Article","@id":"https:\/\/loginfo24.com\/es\/2022\/09\/25\/la-posta-austriaca-pone-en-funcionamiento-un-nuevo-centro-logistico-en-tirol\/#article","isPartOf":{"@id":"https:\/\/loginfo24.com\/es\/2022\/09\/25\/la-posta-austriaca-pone-en-funcionamiento-un-nuevo-centro-logistico-en-tirol\/"},"author":{"name":"","@id":""},"headline":"La Posta austriaca pone en funcionamiento un nuevo centro log\u00edstico en Tirol","datePublished":"2022-09-25T17:50:17+00:00","mainEntityOfPage":{"@id":"https:\/\/loginfo24.com\/es\/2022\/09\/25\/la-posta-austriaca-pone-en-funcionamiento-un-nuevo-centro-logistico-en-tirol\/"},"wordCount":1116,"commentCount":0,"publisher":{"@id":"https:\/\/loginfo24.com\/es\/#organization"},"image":{"@id":"https:\/\/loginfo24.com\/es\/2022\/09\/25\/la-posta-austriaca-pone-en-funcionamiento-un-nuevo-centro-logistico-en-tirol\/#primaryimage"},"thumbnailUrl":"https:\/\/loginfo24.com\/wp-content\/uploads\/sites\/7\/2025\/12\/Post_AT1_25.09.2022.jpg","articleSection":["Forwarding &amp; Logistics","Intralogistics","Regions"],"inLanguage":"es","potentialAction":[{"@type":"CommentAction","name":"Comment","target":["https:\/\/loginfo24.com\/es\/2022\/09\/25\/la-posta-austriaca-pone-en-funcionamiento-un-nuevo-centro-logistico-en-tirol\/#respond"]}]},{"@type":"WebPage","@id":"https:\/\/loginfo24.com\/es\/2022\/09\/25\/la-posta-austriaca-pone-en-funcionamiento-un-nuevo-centro-logistico-en-tirol\/","url":"https:\/\/loginfo24.com\/es\/2022\/09\/25\/la-posta-austriaca-pone-en-funcionamiento-un-nuevo-centro-logistico-en-tirol\/","name":"La Posta austriaca pone en funcionamiento un nuevo centro log\u00edstico en Tirol - Loginfo24","isPartOf":{"@id":"https:\/\/loginfo24.com\/es\/#website"},"primaryImageOfPage":{"@id":"https:\/\/loginfo24.com\/es\/2022\/09\/25\/la-posta-austriaca-pone-en-funcionamiento-un-nuevo-centro-logistico-en-tirol\/#primaryimage"},"image":{"@id":"https:\/\/loginfo24.com\/es\/2022\/09\/25\/la-posta-austriaca-pone-en-funcionamiento-un-nuevo-centro-logistico-en-tirol\/#primaryimage"},"thumbnailUrl":"https:\/\/loginfo24.com\/wp-content\/uploads\/sites\/7\/2025\/12\/Post_AT1_25.09.2022.jpg","datePublished":"2022-09-25T17:50:17+00:00","breadcrumb":{"@id":"https:\/\/loginfo24.com\/es\/2022\/09\/25\/la-posta-austriaca-pone-en-funcionamiento-un-nuevo-centro-logistico-en-tirol\/#breadcrumb"},"inLanguage":"es","potentialAction":[{"@type":"ReadAction","target":["https:\/\/loginfo24.com\/es\/2022\/09\/25\/la-posta-austriaca-pone-en-funcionamiento-un-nuevo-centro-logistico-en-tirol\/"]}]},{"@type":"ImageObject","inLanguage":"es","@id":"https:\/\/loginfo24.com\/es\/2022\/09\/25\/la-posta-austriaca-pone-en-funcionamiento-un-nuevo-centro-logistico-en-tirol\/#primaryimage","url":"https:\/\/loginfo24.com\/wp-content\/uploads\/sites\/7\/2025\/12\/Post_AT1_25.09.2022.jpg","contentUrl":"https:\/\/loginfo24.com\/wp-content\/uploads\/sites\/7\/2025\/12\/Post_AT1_25.09.2022.jpg","width":813,"height":547},{"@type":"BreadcrumbList","@id":"https:\/\/loginfo24.com\/es\/2022\/09\/25\/la-posta-austriaca-pone-en-funcionamiento-un-nuevo-centro-logistico-en-tirol\/#breadcrumb","itemListElement":[{"@type":"ListItem","position":1,"name":"Startseite","item":"https:\/\/loginfo24.com\/es\/"},{"@type":"ListItem","position":2,"name":"La Posta austriaca pone en funcionamiento un nuevo centro log\u00edstico en Tirol"}]},{"@type":"WebSite","@id":"https:\/\/loginfo24.com\/es\/#website","url":"https:\/\/loginfo24.com\/es\/","name":"Loginfo24","description":"Loginfo24 es la plataforma dedicada a la log\u00edstica y las cadenas de suministro con informaci\u00f3n las 24 horas del d\u00eda.","publisher":{"@id":"https:\/\/loginfo24.com\/es\/#organization"},"potentialAction":[{"@type":"SearchAction","target":{"@type":"EntryPoint","urlTemplate":"https:\/\/loginfo24.com\/es\/?s={search_term_string}"},"query-input":{"@type":"PropertyValueSpecification","valueRequired":true,"valueName":"search_term_string"}}],"inLanguage":"es"},{"@type":"Organization","@id":"https:\/\/loginfo24.com\/es\/#organization","name":"Grupo Logismedia AG","url":"https:\/\/loginfo24.com\/es\/","logo":{"@type":"ImageObject","inLanguage":"es","@id":"https:\/\/loginfo24.com\/es\/#\/schema\/logo\/image\/","url":"https:\/\/loginfo24.com\/wp-content\/uploads\/sites\/7\/2026\/01\/Logo_LogInfo24.png","contentUrl":"https:\/\/loginfo24.com\/wp-content\/uploads\/sites\/7\/2026\/01\/Logo_LogInfo24.png","width":938,"height":351,"caption":"Grupo Logismedia AG"},"image":{"@id":"https:\/\/loginfo24.com\/es\/#\/schema\/logo\/image\/"},"sameAs":["https:\/\/www.facebook.com\/people\/Loginfo24\/100057360583332\/","https:\/\/www.linkedin.com\/company\/lofinfo24\/"]}]}},"_links":{"self":[{"href":"https:\/\/loginfo24.com\/es\/wp-json\/wp\/v2\/posts\/58665","targetHints":{"allow":["GET"]}}],"collection":[{"href":"https:\/\/loginfo24.com\/es\/wp-json\/wp\/v2\/posts"}],"about":[{"href":"https:\/\/loginfo24.com\/es\/wp-json\/wp\/v2\/types\/post"}],"replies":[{"embeddable":true,"href":"https:\/\/loginfo24.com\/es\/wp-json\/wp\/v2\/comments?post=58665"}],"version-history":[{"count":0,"href":"https:\/\/loginfo24.com\/es\/wp-json\/wp\/v2\/posts\/58665\/revisions"}],"wp:featuredmedia":[{"embeddable":true,"href":"https:\/\/loginfo24.com\/es\/wp-json\/wp\/v2\/media\/9302"}],"wp:attachment":[{"href":"https:\/\/loginfo24.com\/es\/wp-json\/wp\/v2\/media?parent=58665"}],"wp:term":[{"taxonomy":"category","embeddable":true,"href":"https:\/\/loginfo24.com\/es\/wp-json\/wp\/v2\/categories?post=58665"},{"taxonomy":"post_tag","embeddable":true,"href":"https:\/\/loginfo24.com\/es\/wp-json\/wp\/v2\/tags?post=58665"}],"curies":[{"name":"wp","href":"https:\/\/api.w.org\/{rel}","templated":true}]}}