{"id":58473,"date":"2022-09-15T15:18:19","date_gmt":"2022-09-15T13:18:19","guid":{"rendered":"https:\/\/blog.brand-architecture.at\/2022\/09\/15\/sievert-logistik-se-nombra-a-karsten-bley-como-director-general\/"},"modified":"2022-09-15T15:18:19","modified_gmt":"2022-09-15T13:18:19","slug":"sievert-logistik-se-nombra-a-karsten-bley-como-director-general","status":"publish","type":"post","link":"https:\/\/loginfo24.com\/es\/2022\/09\/15\/sievert-logistik-se-nombra-a-karsten-bley-como-director-general\/","title":{"rendered":"Sievert Logistik SE nombra a Karsten Bley como director general"},"content":{"rendered":"<h5><strong>La Sievert Logistik SE tiene un nuevo liderazgo: Desde el 1 de septiembre de 2022, Karsten Bley es responsable de los negocios del proveedor de log\u00edstica de Westfalia. Bajo el nuevo liderazgo, la filial de Sievert SE de Osnabr\u00fcck se posicionar\u00e1 para el futuro. Esto incluye tanto la expansi\u00f3n de la log\u00edstica de contratos y la gesti\u00f3n de residuos en el \u00e1rea de silo, como la digitalizaci\u00f3n de los procesos comerciales.<\/strong><\/h5>\n<p>(Lengerich) Desde marzo de este a\u00f1o, Bley compart\u00eda la direcci\u00f3n con Rui Macedo, quien dej\u00f3 la empresa a su propia solicitud el 31.08.2022.<\/p>\n<p>\u00abLa industria de la log\u00edstica enfrenta grandes desaf\u00edos tanto a nivel nacional como internacional. Para abordarlos de la mejor manera posible, nos estamos reestructurando con Karsten Bley\u00bb, dice Jens G\u00fcnther, CEO de Sievert SE. El objetivo es convertirse en el mejor en la log\u00edstica de materiales de construcci\u00f3n, con procesos completamente digitalizados. \u00abCon Karsten hemos incorporado a un experto experimentado para cumplir con nuestras propias expectativas y las necesidades de los clientes\u00bb, a\u00f1ade G\u00fcnther.<\/p>\n<p>\u00abSievert es una empresa incre\u00edblemente innovadora y muy r\u00e1pida en implementar requisitos espec\u00edficos de los clientes. Quiero aprovechar esto y desarrollar a\u00fan m\u00e1s Sievert Logistik junto con el equipo\u00bb, dice Karsten Bley, director general de Sievert Logistik. Bley tiene experiencia tanto del lado del cargador como del proveedor. A sus 50 a\u00f1os, aporta una larga trayectoria como l\u00edder en la cadena de suministro, log\u00edstica de transporte y log\u00edstica de contratos en la industria internacional. Tambi\u00e9n ha sido director general en empresas de log\u00edstica l\u00edderes en el mercado en el \u00e1mbito de mercanc\u00edas paletizadas y a granel, as\u00ed como en la industria de silos. \u00abEstoy emocionado por el desaf\u00edo de posicionar a Sievert Logistik para el futuro y establecer mis propios impulsos, especialmente en relaci\u00f3n con la digitalizaci\u00f3n y el desarrollo de nuevos modelos de negocio.\u00bb<\/p>\n<h5><strong>Enfoque en digitalizaci\u00f3n y escasez de mano de obra cualificada<\/strong><\/h5>\n<p>Bley presta especial atenci\u00f3n a los temas de digitalizaci\u00f3n y escasez de mano de obra cualificada: \u00abUna de mis primeras tareas es crear un entorno de trabajo digital y entusiasmar a los profesionales para Sievert Logistik.\u00bb Adem\u00e1s, se enfoca en una flota de veh\u00edculos moderna, presencia regional a trav\u00e9s de una variedad de ubicaciones, caminos de decisi\u00f3n cortos con responsabilidades directas y altos est\u00e1ndares de calidad, para seguir siendo un socio confiable y constante para los clientes. Bley informa directamente al presidente del consejo de administraci\u00f3n de Sievert SE, Jens G\u00fcnther.<\/p>\n<p>Foto: \u00a9 Sievert \/ <strong><em>Subt\u00edtulo de la imagen: <\/em><\/strong><em>Desde el 1 de septiembre de 2022, Karsten Bley es responsable de los negocios de Sievert Logistik SE<\/em><\/p>\n","protected":false},"excerpt":{"rendered":"<p>La Sievert Logistik SE tiene un nuevo liderazgo: Desde el 1 de septiembre de 2022, Karsten Bley es responsable de los negocios del proveedor de log\u00edstica<span class=\"excerpt-hellip\"> [\u2026]<\/span><\/p>\n","protected":false},"author":0,"featured_media":9380,"comment_status":"open","ping_status":"open","sticky":false,"template":"","format":"standard","meta":{"_acf_changed":false,"footnotes":""},"categories":[1665,1557,1561],"tags":[],"class_list":["post-58473","post","type-post","status-publish","format-standard","has-post-thumbnail","hentry","category-categories","category-forwarding-logistics","category-regions"],"acf":[],"yoast_head":"<!-- This site is optimized with the Yoast SEO plugin v27.3 - https:\/\/yoast.com\/product\/yoast-seo-wordpress\/ -->\n<title>Sievert Logistik SE nombra a Karsten Bley como director general - Loginfo24<\/title>\n<meta name=\"robots\" content=\"index, follow, max-snippet:-1, max-image-preview:large, max-video-preview:-1\" \/>\n<link rel=\"canonical\" href=\"https:\/\/loginfo24.com\/es\/2022\/09\/15\/sievert-logistik-se-nombra-a-karsten-bley-como-director-general\/\" \/>\n<meta property=\"og:locale\" content=\"es_ES\" \/>\n<meta property=\"og:type\" content=\"article\" \/>\n<meta property=\"og:title\" content=\"Sievert Logistik SE nombra a Karsten Bley como director general - Loginfo24\" \/>\n<meta property=\"og:description\" content=\"La Sievert Logistik SE tiene un nuevo liderazgo: Desde el 1 de septiembre de 2022, Karsten Bley es responsable de los negocios del proveedor de log\u00edstica [\u2026]\" \/>\n<meta property=\"og:url\" content=\"https:\/\/loginfo24.com\/es\/2022\/09\/15\/sievert-logistik-se-nombra-a-karsten-bley-como-director-general\/\" \/>\n<meta property=\"og:site_name\" content=\"Loginfo24\" \/>\n<meta property=\"article:publisher\" content=\"https:\/\/www.facebook.com\/people\/Loginfo24\/100057360583332\/\" \/>\n<meta property=\"article:published_time\" content=\"2022-09-15T13:18:19+00:00\" \/>\n<meta property=\"og:image\" content=\"https:\/\/loginfo24.com\/wp-content\/uploads\/sites\/7\/2025\/12\/Sievert_15.9.22.jpg\" \/>\n\t<meta property=\"og:image:width\" content=\"1207\" \/>\n\t<meta property=\"og:image:height\" content=\"724\" \/>\n\t<meta property=\"og:image:type\" content=\"image\/jpeg\" \/>\n<meta name=\"twitter:card\" content=\"summary_large_image\" \/>\n<meta name=\"twitter:label1\" content=\"Tiempo de lectura\" \/>\n\t<meta name=\"twitter:data1\" content=\"2 minuto\" \/>\n<script type=\"application\/ld+json\" class=\"yoast-schema-graph\">{\"@context\":\"https:\\\/\\\/schema.org\",\"@graph\":[{\"@type\":\"Article\",\"@id\":\"https:\\\/\\\/loginfo24.com\\\/es\\\/2022\\\/09\\\/15\\\/sievert-logistik-se-nombra-a-karsten-bley-como-director-general\\\/#article\",\"isPartOf\":{\"@id\":\"https:\\\/\\\/loginfo24.com\\\/es\\\/2022\\\/09\\\/15\\\/sievert-logistik-se-nombra-a-karsten-bley-como-director-general\\\/\"},\"author\":{\"name\":\"\",\"@id\":\"\"},\"headline\":\"Sievert Logistik SE nombra a Karsten Bley como director general\",\"datePublished\":\"2022-09-15T13:18:19+00:00\",\"mainEntityOfPage\":{\"@id\":\"https:\\\/\\\/loginfo24.com\\\/es\\\/2022\\\/09\\\/15\\\/sievert-logistik-se-nombra-a-karsten-bley-como-director-general\\\/\"},\"wordCount\":475,\"commentCount\":0,\"publisher\":{\"@id\":\"https:\\\/\\\/loginfo24.com\\\/es\\\/#organization\"},\"image\":{\"@id\":\"https:\\\/\\\/loginfo24.com\\\/es\\\/2022\\\/09\\\/15\\\/sievert-logistik-se-nombra-a-karsten-bley-como-director-general\\\/#primaryimage\"},\"thumbnailUrl\":\"https:\\\/\\\/loginfo24.com\\\/wp-content\\\/uploads\\\/sites\\\/7\\\/2025\\\/12\\\/Sievert_15.9.22.jpg\",\"articleSection\":[\"Categories\",\"Forwarding &amp; Logistics\",\"Regions\"],\"inLanguage\":\"es\",\"potentialAction\":[{\"@type\":\"CommentAction\",\"name\":\"Comment\",\"target\":[\"https:\\\/\\\/loginfo24.com\\\/es\\\/2022\\\/09\\\/15\\\/sievert-logistik-se-nombra-a-karsten-bley-como-director-general\\\/#respond\"]}]},{\"@type\":\"WebPage\",\"@id\":\"https:\\\/\\\/loginfo24.com\\\/es\\\/2022\\\/09\\\/15\\\/sievert-logistik-se-nombra-a-karsten-bley-como-director-general\\\/\",\"url\":\"https:\\\/\\\/loginfo24.com\\\/es\\\/2022\\\/09\\\/15\\\/sievert-logistik-se-nombra-a-karsten-bley-como-director-general\\\/\",\"name\":\"Sievert Logistik SE nombra a Karsten Bley como director general - Loginfo24\",\"isPartOf\":{\"@id\":\"https:\\\/\\\/loginfo24.com\\\/es\\\/#website\"},\"primaryImageOfPage\":{\"@id\":\"https:\\\/\\\/loginfo24.com\\\/es\\\/2022\\\/09\\\/15\\\/sievert-logistik-se-nombra-a-karsten-bley-como-director-general\\\/#primaryimage\"},\"image\":{\"@id\":\"https:\\\/\\\/loginfo24.com\\\/es\\\/2022\\\/09\\\/15\\\/sievert-logistik-se-nombra-a-karsten-bley-como-director-general\\\/#primaryimage\"},\"thumbnailUrl\":\"https:\\\/\\\/loginfo24.com\\\/wp-content\\\/uploads\\\/sites\\\/7\\\/2025\\\/12\\\/Sievert_15.9.22.jpg\",\"datePublished\":\"2022-09-15T13:18:19+00:00\",\"breadcrumb\":{\"@id\":\"https:\\\/\\\/loginfo24.com\\\/es\\\/2022\\\/09\\\/15\\\/sievert-logistik-se-nombra-a-karsten-bley-como-director-general\\\/#breadcrumb\"},\"inLanguage\":\"es\",\"potentialAction\":[{\"@type\":\"ReadAction\",\"target\":[\"https:\\\/\\\/loginfo24.com\\\/es\\\/2022\\\/09\\\/15\\\/sievert-logistik-se-nombra-a-karsten-bley-como-director-general\\\/\"]}]},{\"@type\":\"ImageObject\",\"inLanguage\":\"es\",\"@id\":\"https:\\\/\\\/loginfo24.com\\\/es\\\/2022\\\/09\\\/15\\\/sievert-logistik-se-nombra-a-karsten-bley-como-director-general\\\/#primaryimage\",\"url\":\"https:\\\/\\\/loginfo24.com\\\/wp-content\\\/uploads\\\/sites\\\/7\\\/2025\\\/12\\\/Sievert_15.9.22.jpg\",\"contentUrl\":\"https:\\\/\\\/loginfo24.com\\\/wp-content\\\/uploads\\\/sites\\\/7\\\/2025\\\/12\\\/Sievert_15.9.22.jpg\",\"width\":1207,\"height\":724},{\"@type\":\"BreadcrumbList\",\"@id\":\"https:\\\/\\\/loginfo24.com\\\/es\\\/2022\\\/09\\\/15\\\/sievert-logistik-se-nombra-a-karsten-bley-como-director-general\\\/#breadcrumb\",\"itemListElement\":[{\"@type\":\"ListItem\",\"position\":1,\"name\":\"Startseite\",\"item\":\"https:\\\/\\\/loginfo24.com\\\/es\\\/\"},{\"@type\":\"ListItem\",\"position\":2,\"name\":\"Sievert Logistik SE nombra a Karsten Bley como director general\"}]},{\"@type\":\"WebSite\",\"@id\":\"https:\\\/\\\/loginfo24.com\\\/es\\\/#website\",\"url\":\"https:\\\/\\\/loginfo24.com\\\/es\\\/\",\"name\":\"Loginfo24\",\"description\":\"Loginfo24 es la plataforma dedicada a la log\u00edstica y las cadenas de suministro con informaci\u00f3n las 24 horas del d\u00eda.\",\"publisher\":{\"@id\":\"https:\\\/\\\/loginfo24.com\\\/es\\\/#organization\"},\"potentialAction\":[{\"@type\":\"SearchAction\",\"target\":{\"@type\":\"EntryPoint\",\"urlTemplate\":\"https:\\\/\\\/loginfo24.com\\\/es\\\/?s={search_term_string}\"},\"query-input\":{\"@type\":\"PropertyValueSpecification\",\"valueRequired\":true,\"valueName\":\"search_term_string\"}}],\"inLanguage\":\"es\"},{\"@type\":\"Organization\",\"@id\":\"https:\\\/\\\/loginfo24.com\\\/es\\\/#organization\",\"name\":\"Grupo Logismedia AG\",\"url\":\"https:\\\/\\\/loginfo24.com\\\/es\\\/\",\"logo\":{\"@type\":\"ImageObject\",\"inLanguage\":\"es\",\"@id\":\"https:\\\/\\\/loginfo24.com\\\/es\\\/#\\\/schema\\\/logo\\\/image\\\/\",\"url\":\"https:\\\/\\\/loginfo24.com\\\/wp-content\\\/uploads\\\/sites\\\/7\\\/2026\\\/01\\\/Logo_LogInfo24.png\",\"contentUrl\":\"https:\\\/\\\/loginfo24.com\\\/wp-content\\\/uploads\\\/sites\\\/7\\\/2026\\\/01\\\/Logo_LogInfo24.png\",\"width\":938,\"height\":351,\"caption\":\"Grupo Logismedia AG\"},\"image\":{\"@id\":\"https:\\\/\\\/loginfo24.com\\\/es\\\/#\\\/schema\\\/logo\\\/image\\\/\"},\"sameAs\":[\"https:\\\/\\\/www.facebook.com\\\/people\\\/Loginfo24\\\/100057360583332\\\/\",\"https:\\\/\\\/www.linkedin.com\\\/company\\\/lofinfo24\\\/\"]}]}<\/script>\n<!-- \/ Yoast SEO plugin. -->","yoast_head_json":{"title":"Sievert Logistik SE nombra a Karsten Bley como director general - Loginfo24","robots":{"index":"index","follow":"follow","max-snippet":"max-snippet:-1","max-image-preview":"max-image-preview:large","max-video-preview":"max-video-preview:-1"},"canonical":"https:\/\/loginfo24.com\/es\/2022\/09\/15\/sievert-logistik-se-nombra-a-karsten-bley-como-director-general\/","og_locale":"es_ES","og_type":"article","og_title":"Sievert Logistik SE nombra a Karsten Bley como director general - Loginfo24","og_description":"La Sievert Logistik SE tiene un nuevo liderazgo: Desde el 1 de septiembre de 2022, Karsten Bley es responsable de los negocios del proveedor de log\u00edstica [\u2026]","og_url":"https:\/\/loginfo24.com\/es\/2022\/09\/15\/sievert-logistik-se-nombra-a-karsten-bley-como-director-general\/","og_site_name":"Loginfo24","article_publisher":"https:\/\/www.facebook.com\/people\/Loginfo24\/100057360583332\/","article_published_time":"2022-09-15T13:18:19+00:00","og_image":[{"width":1207,"height":724,"url":"https:\/\/loginfo24.com\/wp-content\/uploads\/sites\/7\/2025\/12\/Sievert_15.9.22.jpg","type":"image\/jpeg"}],"twitter_card":"summary_large_image","twitter_misc":{"Tiempo de lectura":"2 minuto"},"schema":{"@context":"https:\/\/schema.org","@graph":[{"@type":"Article","@id":"https:\/\/loginfo24.com\/es\/2022\/09\/15\/sievert-logistik-se-nombra-a-karsten-bley-como-director-general\/#article","isPartOf":{"@id":"https:\/\/loginfo24.com\/es\/2022\/09\/15\/sievert-logistik-se-nombra-a-karsten-bley-como-director-general\/"},"author":{"name":"","@id":""},"headline":"Sievert Logistik SE nombra a Karsten Bley como director general","datePublished":"2022-09-15T13:18:19+00:00","mainEntityOfPage":{"@id":"https:\/\/loginfo24.com\/es\/2022\/09\/15\/sievert-logistik-se-nombra-a-karsten-bley-como-director-general\/"},"wordCount":475,"commentCount":0,"publisher":{"@id":"https:\/\/loginfo24.com\/es\/#organization"},"image":{"@id":"https:\/\/loginfo24.com\/es\/2022\/09\/15\/sievert-logistik-se-nombra-a-karsten-bley-como-director-general\/#primaryimage"},"thumbnailUrl":"https:\/\/loginfo24.com\/wp-content\/uploads\/sites\/7\/2025\/12\/Sievert_15.9.22.jpg","articleSection":["Categories","Forwarding &amp; Logistics","Regions"],"inLanguage":"es","potentialAction":[{"@type":"CommentAction","name":"Comment","target":["https:\/\/loginfo24.com\/es\/2022\/09\/15\/sievert-logistik-se-nombra-a-karsten-bley-como-director-general\/#respond"]}]},{"@type":"WebPage","@id":"https:\/\/loginfo24.com\/es\/2022\/09\/15\/sievert-logistik-se-nombra-a-karsten-bley-como-director-general\/","url":"https:\/\/loginfo24.com\/es\/2022\/09\/15\/sievert-logistik-se-nombra-a-karsten-bley-como-director-general\/","name":"Sievert Logistik SE nombra a Karsten Bley como director general - Loginfo24","isPartOf":{"@id":"https:\/\/loginfo24.com\/es\/#website"},"primaryImageOfPage":{"@id":"https:\/\/loginfo24.com\/es\/2022\/09\/15\/sievert-logistik-se-nombra-a-karsten-bley-como-director-general\/#primaryimage"},"image":{"@id":"https:\/\/loginfo24.com\/es\/2022\/09\/15\/sievert-logistik-se-nombra-a-karsten-bley-como-director-general\/#primaryimage"},"thumbnailUrl":"https:\/\/loginfo24.com\/wp-content\/uploads\/sites\/7\/2025\/12\/Sievert_15.9.22.jpg","datePublished":"2022-09-15T13:18:19+00:00","breadcrumb":{"@id":"https:\/\/loginfo24.com\/es\/2022\/09\/15\/sievert-logistik-se-nombra-a-karsten-bley-como-director-general\/#breadcrumb"},"inLanguage":"es","potentialAction":[{"@type":"ReadAction","target":["https:\/\/loginfo24.com\/es\/2022\/09\/15\/sievert-logistik-se-nombra-a-karsten-bley-como-director-general\/"]}]},{"@type":"ImageObject","inLanguage":"es","@id":"https:\/\/loginfo24.com\/es\/2022\/09\/15\/sievert-logistik-se-nombra-a-karsten-bley-como-director-general\/#primaryimage","url":"https:\/\/loginfo24.com\/wp-content\/uploads\/sites\/7\/2025\/12\/Sievert_15.9.22.jpg","contentUrl":"https:\/\/loginfo24.com\/wp-content\/uploads\/sites\/7\/2025\/12\/Sievert_15.9.22.jpg","width":1207,"height":724},{"@type":"BreadcrumbList","@id":"https:\/\/loginfo24.com\/es\/2022\/09\/15\/sievert-logistik-se-nombra-a-karsten-bley-como-director-general\/#breadcrumb","itemListElement":[{"@type":"ListItem","position":1,"name":"Startseite","item":"https:\/\/loginfo24.com\/es\/"},{"@type":"ListItem","position":2,"name":"Sievert Logistik SE nombra a Karsten Bley como director general"}]},{"@type":"WebSite","@id":"https:\/\/loginfo24.com\/es\/#website","url":"https:\/\/loginfo24.com\/es\/","name":"Loginfo24","description":"Loginfo24 es la plataforma dedicada a la log\u00edstica y las cadenas de suministro con informaci\u00f3n las 24 horas del d\u00eda.","publisher":{"@id":"https:\/\/loginfo24.com\/es\/#organization"},"potentialAction":[{"@type":"SearchAction","target":{"@type":"EntryPoint","urlTemplate":"https:\/\/loginfo24.com\/es\/?s={search_term_string}"},"query-input":{"@type":"PropertyValueSpecification","valueRequired":true,"valueName":"search_term_string"}}],"inLanguage":"es"},{"@type":"Organization","@id":"https:\/\/loginfo24.com\/es\/#organization","name":"Grupo Logismedia AG","url":"https:\/\/loginfo24.com\/es\/","logo":{"@type":"ImageObject","inLanguage":"es","@id":"https:\/\/loginfo24.com\/es\/#\/schema\/logo\/image\/","url":"https:\/\/loginfo24.com\/wp-content\/uploads\/sites\/7\/2026\/01\/Logo_LogInfo24.png","contentUrl":"https:\/\/loginfo24.com\/wp-content\/uploads\/sites\/7\/2026\/01\/Logo_LogInfo24.png","width":938,"height":351,"caption":"Grupo Logismedia AG"},"image":{"@id":"https:\/\/loginfo24.com\/es\/#\/schema\/logo\/image\/"},"sameAs":["https:\/\/www.facebook.com\/people\/Loginfo24\/100057360583332\/","https:\/\/www.linkedin.com\/company\/lofinfo24\/"]}]}},"_links":{"self":[{"href":"https:\/\/loginfo24.com\/es\/wp-json\/wp\/v2\/posts\/58473","targetHints":{"allow":["GET"]}}],"collection":[{"href":"https:\/\/loginfo24.com\/es\/wp-json\/wp\/v2\/posts"}],"about":[{"href":"https:\/\/loginfo24.com\/es\/wp-json\/wp\/v2\/types\/post"}],"replies":[{"embeddable":true,"href":"https:\/\/loginfo24.com\/es\/wp-json\/wp\/v2\/comments?post=58473"}],"version-history":[{"count":0,"href":"https:\/\/loginfo24.com\/es\/wp-json\/wp\/v2\/posts\/58473\/revisions"}],"wp:featuredmedia":[{"embeddable":true,"href":"https:\/\/loginfo24.com\/es\/wp-json\/wp\/v2\/media\/9380"}],"wp:attachment":[{"href":"https:\/\/loginfo24.com\/es\/wp-json\/wp\/v2\/media?parent=58473"}],"wp:term":[{"taxonomy":"category","embeddable":true,"href":"https:\/\/loginfo24.com\/es\/wp-json\/wp\/v2\/categories?post=58473"},{"taxonomy":"post_tag","embeddable":true,"href":"https:\/\/loginfo24.com\/es\/wp-json\/wp\/v2\/tags?post=58473"}],"curies":[{"name":"wp","href":"https:\/\/api.w.org\/{rel}","templated":true}]}}