{"id":58259,"date":"2022-09-05T19:40:08","date_gmt":"2022-09-05T17:40:08","guid":{"rendered":"https:\/\/blog.brand-architecture.at\/2022\/09\/05\/el-transportista-roman-mayer-ha-estado-trabajando-para-trans-o-flex-durante-50-anos\/"},"modified":"2022-09-05T19:40:08","modified_gmt":"2022-09-05T17:40:08","slug":"el-transportista-roman-mayer-ha-estado-trabajando-para-trans-o-flex-durante-50-anos","status":"publish","type":"post","link":"https:\/\/loginfo24.com\/es\/2022\/09\/05\/el-transportista-roman-mayer-ha-estado-trabajando-para-trans-o-flex-durante-50-anos\/","title":{"rendered":"El transportista Roman Mayer ha estado trabajando para trans-o-flex durante 50 a\u00f1os"},"content":{"rendered":"<h5><strong>El 1 de septiembre, las dos empresas Roman Mayer y trans-o-flex celebraron un raro aniversario: Durante 50 a\u00f1os, la empresa de transporte de Gersthofen, cerca de Augsburgo, ha trabajado para el servicio expr\u00e9s especializado en medicamentos y otros bienes sensibles de Weinheim an der Bergstra\u00dfe. Y lo que es a\u00fan m\u00e1s raro: El empresario Roman Mayer, quien ha acompa\u00f1ado y dado forma a la colaboraci\u00f3n a lo largo de cinco d\u00e9cadas, pudo reflexionar personalmente sobre la asociaci\u00f3n en una ceremonia con motivo del aniversario.<\/strong><\/h5>\n<p>(Weinheim) \u00abRealizamos el primer viaje para trans-o-flex el 1 de septiembre de 1972\u00bb, recuerda Mayer, que hoy tiene 73 a\u00f1os. \u00abDesde entonces, la colaboraci\u00f3n ha crecido de manera continua. A finales de 1976, ya ten\u00edamos 12 veh\u00edculos en Baviera trabajando para trans-o-flex. En 1984 eran alrededor de 20.\u00bb Entre los momentos destacados de la colaboraci\u00f3n, menciona la \u00e9poca de la reunificaci\u00f3n alemana. \u00abEn ese momento, las cantidades aumentaron repentinamente y, a veces, en una tarde, pusimos en marcha 16 l\u00edneas adicionales.\u00bb<\/p>\n<p>El resumen de Mayer tras 50 a\u00f1os de colaboraci\u00f3n con trans-o-flex es: \u00abNo me gustar\u00eda perderme estas d\u00e9cadas emocionantes. Si hoy recibiera una llamada como en 1972, actuar\u00eda de la misma manera que entonces y seguir\u00eda el camino con trans-o-flex.\u00bb<\/p>\n<p>La empresa de transporte de Mayer es ahora parte del Grupo de Log\u00edstica Roman Mayer, que consta de 19 empresas, est\u00e1 presente en 29 ubicaciones en todo el mundo y emplea a m\u00e1s de 1.400 personas. El grupo cuenta con aproximadamente 130,000 m\u00b2 de espacio log\u00edstico con 100,000 espacios para palets en almacenes de estanter\u00edas altas y utiliza casi 400 camiones propios. Alrededor de 60 de ellos est\u00e1n regularmente en servicio para trans-o-flex en el tr\u00e1fico de l\u00edneas.<\/p>\n<p>\u00abUna colaboraci\u00f3n tan larga y fruct\u00edfera, que tambi\u00e9n ha demostrado ser fuerte y resistente en los vaivenes de la historia, no se encuentra a menudo\u00bb, dijo el CEO de trans-o-flex, Wolfgang P. Albeck, al entregar a Mayer un trofeo de cristal por el aniversario. \u00abAmbas empresas se han desarrollado muy positivamente en esta asociaci\u00f3n y pueden estar orgullosas de ello. Dada la exitosa colaboraci\u00f3n, estoy muy optimista de que la cooperaci\u00f3n continuar\u00e1 en las pr\u00f3ximas d\u00e9cadas.\u00bb<\/p>\n<p>Foto: \u00a9 trans-o-flex <em>\/ <strong>Descripci\u00f3n de la imagen:<\/strong> <\/em><em>\u00abEn agradecimiento por 50 a\u00f1os de exitosa relaci\u00f3n comercial\u00bb est\u00e1 grabado en la escultura de cristal que el CEO de trans-o-flex, Wolfgang P. Albeck, y el director de la divisi\u00f3n de tr\u00e1fico de l\u00edneas, Michael Zorell, entregan al transportista Roman Mayer por el aniversario.<\/em><\/p>\n","protected":false},"excerpt":{"rendered":"<p>El 1 de septiembre, las dos empresas Roman Mayer y trans-o-flex celebraron un raro aniversario: Durante 50 a\u00f1os, la empresa de transporte de Gersthofen, cerca de<span class=\"excerpt-hellip\"> [\u2026]<\/span><\/p>\n","protected":false},"author":0,"featured_media":9467,"comment_status":"open","ping_status":"open","sticky":false,"template":"","format":"standard","meta":{"_acf_changed":false,"footnotes":""},"categories":[1557,1561],"tags":[],"class_list":["post-58259","post","type-post","status-publish","format-standard","has-post-thumbnail","hentry","category-forwarding-logistics","category-regions"],"acf":[],"yoast_head":"<!-- This site is optimized with the Yoast SEO plugin v27.3 - https:\/\/yoast.com\/product\/yoast-seo-wordpress\/ -->\n<title>El transportista Roman Mayer ha estado trabajando para trans-o-flex durante 50 a\u00f1os - Loginfo24<\/title>\n<meta name=\"robots\" content=\"index, follow, max-snippet:-1, max-image-preview:large, max-video-preview:-1\" \/>\n<link rel=\"canonical\" href=\"https:\/\/loginfo24.com\/es\/2022\/09\/05\/el-transportista-roman-mayer-ha-estado-trabajando-para-trans-o-flex-durante-50-anos\/\" \/>\n<meta property=\"og:locale\" content=\"es_ES\" \/>\n<meta property=\"og:type\" content=\"article\" \/>\n<meta property=\"og:title\" content=\"El transportista Roman Mayer ha estado trabajando para trans-o-flex durante 50 a\u00f1os - Loginfo24\" \/>\n<meta property=\"og:description\" content=\"El 1 de septiembre, las dos empresas Roman Mayer y trans-o-flex celebraron un raro aniversario: Durante 50 a\u00f1os, la empresa de transporte de Gersthofen, cerca de [\u2026]\" \/>\n<meta property=\"og:url\" content=\"https:\/\/loginfo24.com\/es\/2022\/09\/05\/el-transportista-roman-mayer-ha-estado-trabajando-para-trans-o-flex-durante-50-anos\/\" \/>\n<meta property=\"og:site_name\" content=\"Loginfo24\" \/>\n<meta property=\"article:publisher\" content=\"https:\/\/www.facebook.com\/people\/Loginfo24\/100057360583332\/\" \/>\n<meta property=\"article:published_time\" content=\"2022-09-05T17:40:08+00:00\" \/>\n<meta property=\"og:image\" content=\"https:\/\/loginfo24.com\/wp-content\/uploads\/sites\/7\/2025\/12\/trans-o-flex_05.09.2022.jpg\" \/>\n\t<meta property=\"og:image:width\" content=\"1000\" \/>\n\t<meta property=\"og:image:height\" content=\"664\" \/>\n\t<meta property=\"og:image:type\" content=\"image\/jpeg\" \/>\n<meta name=\"twitter:card\" content=\"summary_large_image\" \/>\n<meta name=\"twitter:label1\" content=\"Tiempo de lectura\" \/>\n\t<meta name=\"twitter:data1\" content=\"2 minuto\" \/>\n<script type=\"application\/ld+json\" class=\"yoast-schema-graph\">{\"@context\":\"https:\\\/\\\/schema.org\",\"@graph\":[{\"@type\":\"Article\",\"@id\":\"https:\\\/\\\/loginfo24.com\\\/es\\\/2022\\\/09\\\/05\\\/el-transportista-roman-mayer-ha-estado-trabajando-para-trans-o-flex-durante-50-anos\\\/#article\",\"isPartOf\":{\"@id\":\"https:\\\/\\\/loginfo24.com\\\/es\\\/2022\\\/09\\\/05\\\/el-transportista-roman-mayer-ha-estado-trabajando-para-trans-o-flex-durante-50-anos\\\/\"},\"author\":{\"name\":\"\",\"@id\":\"\"},\"headline\":\"El transportista Roman Mayer ha estado trabajando para trans-o-flex durante 50 a\u00f1os\",\"datePublished\":\"2022-09-05T17:40:08+00:00\",\"mainEntityOfPage\":{\"@id\":\"https:\\\/\\\/loginfo24.com\\\/es\\\/2022\\\/09\\\/05\\\/el-transportista-roman-mayer-ha-estado-trabajando-para-trans-o-flex-durante-50-anos\\\/\"},\"wordCount\":444,\"commentCount\":0,\"publisher\":{\"@id\":\"https:\\\/\\\/loginfo24.com\\\/es\\\/#organization\"},\"image\":{\"@id\":\"https:\\\/\\\/loginfo24.com\\\/es\\\/2022\\\/09\\\/05\\\/el-transportista-roman-mayer-ha-estado-trabajando-para-trans-o-flex-durante-50-anos\\\/#primaryimage\"},\"thumbnailUrl\":\"https:\\\/\\\/loginfo24.com\\\/wp-content\\\/uploads\\\/sites\\\/7\\\/2025\\\/12\\\/trans-o-flex_05.09.2022.jpg\",\"articleSection\":[\"Forwarding &amp; Logistics\",\"Regions\"],\"inLanguage\":\"es\",\"potentialAction\":[{\"@type\":\"CommentAction\",\"name\":\"Comment\",\"target\":[\"https:\\\/\\\/loginfo24.com\\\/es\\\/2022\\\/09\\\/05\\\/el-transportista-roman-mayer-ha-estado-trabajando-para-trans-o-flex-durante-50-anos\\\/#respond\"]}]},{\"@type\":\"WebPage\",\"@id\":\"https:\\\/\\\/loginfo24.com\\\/es\\\/2022\\\/09\\\/05\\\/el-transportista-roman-mayer-ha-estado-trabajando-para-trans-o-flex-durante-50-anos\\\/\",\"url\":\"https:\\\/\\\/loginfo24.com\\\/es\\\/2022\\\/09\\\/05\\\/el-transportista-roman-mayer-ha-estado-trabajando-para-trans-o-flex-durante-50-anos\\\/\",\"name\":\"El transportista Roman Mayer ha estado trabajando para trans-o-flex durante 50 a\u00f1os - Loginfo24\",\"isPartOf\":{\"@id\":\"https:\\\/\\\/loginfo24.com\\\/es\\\/#website\"},\"primaryImageOfPage\":{\"@id\":\"https:\\\/\\\/loginfo24.com\\\/es\\\/2022\\\/09\\\/05\\\/el-transportista-roman-mayer-ha-estado-trabajando-para-trans-o-flex-durante-50-anos\\\/#primaryimage\"},\"image\":{\"@id\":\"https:\\\/\\\/loginfo24.com\\\/es\\\/2022\\\/09\\\/05\\\/el-transportista-roman-mayer-ha-estado-trabajando-para-trans-o-flex-durante-50-anos\\\/#primaryimage\"},\"thumbnailUrl\":\"https:\\\/\\\/loginfo24.com\\\/wp-content\\\/uploads\\\/sites\\\/7\\\/2025\\\/12\\\/trans-o-flex_05.09.2022.jpg\",\"datePublished\":\"2022-09-05T17:40:08+00:00\",\"breadcrumb\":{\"@id\":\"https:\\\/\\\/loginfo24.com\\\/es\\\/2022\\\/09\\\/05\\\/el-transportista-roman-mayer-ha-estado-trabajando-para-trans-o-flex-durante-50-anos\\\/#breadcrumb\"},\"inLanguage\":\"es\",\"potentialAction\":[{\"@type\":\"ReadAction\",\"target\":[\"https:\\\/\\\/loginfo24.com\\\/es\\\/2022\\\/09\\\/05\\\/el-transportista-roman-mayer-ha-estado-trabajando-para-trans-o-flex-durante-50-anos\\\/\"]}]},{\"@type\":\"ImageObject\",\"inLanguage\":\"es\",\"@id\":\"https:\\\/\\\/loginfo24.com\\\/es\\\/2022\\\/09\\\/05\\\/el-transportista-roman-mayer-ha-estado-trabajando-para-trans-o-flex-durante-50-anos\\\/#primaryimage\",\"url\":\"https:\\\/\\\/loginfo24.com\\\/wp-content\\\/uploads\\\/sites\\\/7\\\/2025\\\/12\\\/trans-o-flex_05.09.2022.jpg\",\"contentUrl\":\"https:\\\/\\\/loginfo24.com\\\/wp-content\\\/uploads\\\/sites\\\/7\\\/2025\\\/12\\\/trans-o-flex_05.09.2022.jpg\",\"width\":1000,\"height\":664},{\"@type\":\"BreadcrumbList\",\"@id\":\"https:\\\/\\\/loginfo24.com\\\/es\\\/2022\\\/09\\\/05\\\/el-transportista-roman-mayer-ha-estado-trabajando-para-trans-o-flex-durante-50-anos\\\/#breadcrumb\",\"itemListElement\":[{\"@type\":\"ListItem\",\"position\":1,\"name\":\"Startseite\",\"item\":\"https:\\\/\\\/loginfo24.com\\\/es\\\/\"},{\"@type\":\"ListItem\",\"position\":2,\"name\":\"El transportista Roman Mayer ha estado trabajando para trans-o-flex durante 50 a\u00f1os\"}]},{\"@type\":\"WebSite\",\"@id\":\"https:\\\/\\\/loginfo24.com\\\/es\\\/#website\",\"url\":\"https:\\\/\\\/loginfo24.com\\\/es\\\/\",\"name\":\"Loginfo24\",\"description\":\"Loginfo24 es la plataforma dedicada a la log\u00edstica y las cadenas de suministro con informaci\u00f3n las 24 horas del d\u00eda.\",\"publisher\":{\"@id\":\"https:\\\/\\\/loginfo24.com\\\/es\\\/#organization\"},\"potentialAction\":[{\"@type\":\"SearchAction\",\"target\":{\"@type\":\"EntryPoint\",\"urlTemplate\":\"https:\\\/\\\/loginfo24.com\\\/es\\\/?s={search_term_string}\"},\"query-input\":{\"@type\":\"PropertyValueSpecification\",\"valueRequired\":true,\"valueName\":\"search_term_string\"}}],\"inLanguage\":\"es\"},{\"@type\":\"Organization\",\"@id\":\"https:\\\/\\\/loginfo24.com\\\/es\\\/#organization\",\"name\":\"Grupo Logismedia AG\",\"url\":\"https:\\\/\\\/loginfo24.com\\\/es\\\/\",\"logo\":{\"@type\":\"ImageObject\",\"inLanguage\":\"es\",\"@id\":\"https:\\\/\\\/loginfo24.com\\\/es\\\/#\\\/schema\\\/logo\\\/image\\\/\",\"url\":\"https:\\\/\\\/loginfo24.com\\\/wp-content\\\/uploads\\\/sites\\\/7\\\/2026\\\/01\\\/Logo_LogInfo24.png\",\"contentUrl\":\"https:\\\/\\\/loginfo24.com\\\/wp-content\\\/uploads\\\/sites\\\/7\\\/2026\\\/01\\\/Logo_LogInfo24.png\",\"width\":938,\"height\":351,\"caption\":\"Grupo Logismedia AG\"},\"image\":{\"@id\":\"https:\\\/\\\/loginfo24.com\\\/es\\\/#\\\/schema\\\/logo\\\/image\\\/\"},\"sameAs\":[\"https:\\\/\\\/www.facebook.com\\\/people\\\/Loginfo24\\\/100057360583332\\\/\",\"https:\\\/\\\/www.linkedin.com\\\/company\\\/lofinfo24\\\/\"]}]}<\/script>\n<!-- \/ Yoast SEO plugin. -->","yoast_head_json":{"title":"El transportista Roman Mayer ha estado trabajando para trans-o-flex durante 50 a\u00f1os - Loginfo24","robots":{"index":"index","follow":"follow","max-snippet":"max-snippet:-1","max-image-preview":"max-image-preview:large","max-video-preview":"max-video-preview:-1"},"canonical":"https:\/\/loginfo24.com\/es\/2022\/09\/05\/el-transportista-roman-mayer-ha-estado-trabajando-para-trans-o-flex-durante-50-anos\/","og_locale":"es_ES","og_type":"article","og_title":"El transportista Roman Mayer ha estado trabajando para trans-o-flex durante 50 a\u00f1os - Loginfo24","og_description":"El 1 de septiembre, las dos empresas Roman Mayer y trans-o-flex celebraron un raro aniversario: Durante 50 a\u00f1os, la empresa de transporte de Gersthofen, cerca de [\u2026]","og_url":"https:\/\/loginfo24.com\/es\/2022\/09\/05\/el-transportista-roman-mayer-ha-estado-trabajando-para-trans-o-flex-durante-50-anos\/","og_site_name":"Loginfo24","article_publisher":"https:\/\/www.facebook.com\/people\/Loginfo24\/100057360583332\/","article_published_time":"2022-09-05T17:40:08+00:00","og_image":[{"width":1000,"height":664,"url":"https:\/\/loginfo24.com\/wp-content\/uploads\/sites\/7\/2025\/12\/trans-o-flex_05.09.2022.jpg","type":"image\/jpeg"}],"twitter_card":"summary_large_image","twitter_misc":{"Tiempo de lectura":"2 minuto"},"schema":{"@context":"https:\/\/schema.org","@graph":[{"@type":"Article","@id":"https:\/\/loginfo24.com\/es\/2022\/09\/05\/el-transportista-roman-mayer-ha-estado-trabajando-para-trans-o-flex-durante-50-anos\/#article","isPartOf":{"@id":"https:\/\/loginfo24.com\/es\/2022\/09\/05\/el-transportista-roman-mayer-ha-estado-trabajando-para-trans-o-flex-durante-50-anos\/"},"author":{"name":"","@id":""},"headline":"El transportista Roman Mayer ha estado trabajando para trans-o-flex durante 50 a\u00f1os","datePublished":"2022-09-05T17:40:08+00:00","mainEntityOfPage":{"@id":"https:\/\/loginfo24.com\/es\/2022\/09\/05\/el-transportista-roman-mayer-ha-estado-trabajando-para-trans-o-flex-durante-50-anos\/"},"wordCount":444,"commentCount":0,"publisher":{"@id":"https:\/\/loginfo24.com\/es\/#organization"},"image":{"@id":"https:\/\/loginfo24.com\/es\/2022\/09\/05\/el-transportista-roman-mayer-ha-estado-trabajando-para-trans-o-flex-durante-50-anos\/#primaryimage"},"thumbnailUrl":"https:\/\/loginfo24.com\/wp-content\/uploads\/sites\/7\/2025\/12\/trans-o-flex_05.09.2022.jpg","articleSection":["Forwarding &amp; Logistics","Regions"],"inLanguage":"es","potentialAction":[{"@type":"CommentAction","name":"Comment","target":["https:\/\/loginfo24.com\/es\/2022\/09\/05\/el-transportista-roman-mayer-ha-estado-trabajando-para-trans-o-flex-durante-50-anos\/#respond"]}]},{"@type":"WebPage","@id":"https:\/\/loginfo24.com\/es\/2022\/09\/05\/el-transportista-roman-mayer-ha-estado-trabajando-para-trans-o-flex-durante-50-anos\/","url":"https:\/\/loginfo24.com\/es\/2022\/09\/05\/el-transportista-roman-mayer-ha-estado-trabajando-para-trans-o-flex-durante-50-anos\/","name":"El transportista Roman Mayer ha estado trabajando para trans-o-flex durante 50 a\u00f1os - Loginfo24","isPartOf":{"@id":"https:\/\/loginfo24.com\/es\/#website"},"primaryImageOfPage":{"@id":"https:\/\/loginfo24.com\/es\/2022\/09\/05\/el-transportista-roman-mayer-ha-estado-trabajando-para-trans-o-flex-durante-50-anos\/#primaryimage"},"image":{"@id":"https:\/\/loginfo24.com\/es\/2022\/09\/05\/el-transportista-roman-mayer-ha-estado-trabajando-para-trans-o-flex-durante-50-anos\/#primaryimage"},"thumbnailUrl":"https:\/\/loginfo24.com\/wp-content\/uploads\/sites\/7\/2025\/12\/trans-o-flex_05.09.2022.jpg","datePublished":"2022-09-05T17:40:08+00:00","breadcrumb":{"@id":"https:\/\/loginfo24.com\/es\/2022\/09\/05\/el-transportista-roman-mayer-ha-estado-trabajando-para-trans-o-flex-durante-50-anos\/#breadcrumb"},"inLanguage":"es","potentialAction":[{"@type":"ReadAction","target":["https:\/\/loginfo24.com\/es\/2022\/09\/05\/el-transportista-roman-mayer-ha-estado-trabajando-para-trans-o-flex-durante-50-anos\/"]}]},{"@type":"ImageObject","inLanguage":"es","@id":"https:\/\/loginfo24.com\/es\/2022\/09\/05\/el-transportista-roman-mayer-ha-estado-trabajando-para-trans-o-flex-durante-50-anos\/#primaryimage","url":"https:\/\/loginfo24.com\/wp-content\/uploads\/sites\/7\/2025\/12\/trans-o-flex_05.09.2022.jpg","contentUrl":"https:\/\/loginfo24.com\/wp-content\/uploads\/sites\/7\/2025\/12\/trans-o-flex_05.09.2022.jpg","width":1000,"height":664},{"@type":"BreadcrumbList","@id":"https:\/\/loginfo24.com\/es\/2022\/09\/05\/el-transportista-roman-mayer-ha-estado-trabajando-para-trans-o-flex-durante-50-anos\/#breadcrumb","itemListElement":[{"@type":"ListItem","position":1,"name":"Startseite","item":"https:\/\/loginfo24.com\/es\/"},{"@type":"ListItem","position":2,"name":"El transportista Roman Mayer ha estado trabajando para trans-o-flex durante 50 a\u00f1os"}]},{"@type":"WebSite","@id":"https:\/\/loginfo24.com\/es\/#website","url":"https:\/\/loginfo24.com\/es\/","name":"Loginfo24","description":"Loginfo24 es la plataforma dedicada a la log\u00edstica y las cadenas de suministro con informaci\u00f3n las 24 horas del d\u00eda.","publisher":{"@id":"https:\/\/loginfo24.com\/es\/#organization"},"potentialAction":[{"@type":"SearchAction","target":{"@type":"EntryPoint","urlTemplate":"https:\/\/loginfo24.com\/es\/?s={search_term_string}"},"query-input":{"@type":"PropertyValueSpecification","valueRequired":true,"valueName":"search_term_string"}}],"inLanguage":"es"},{"@type":"Organization","@id":"https:\/\/loginfo24.com\/es\/#organization","name":"Grupo Logismedia AG","url":"https:\/\/loginfo24.com\/es\/","logo":{"@type":"ImageObject","inLanguage":"es","@id":"https:\/\/loginfo24.com\/es\/#\/schema\/logo\/image\/","url":"https:\/\/loginfo24.com\/wp-content\/uploads\/sites\/7\/2026\/01\/Logo_LogInfo24.png","contentUrl":"https:\/\/loginfo24.com\/wp-content\/uploads\/sites\/7\/2026\/01\/Logo_LogInfo24.png","width":938,"height":351,"caption":"Grupo Logismedia AG"},"image":{"@id":"https:\/\/loginfo24.com\/es\/#\/schema\/logo\/image\/"},"sameAs":["https:\/\/www.facebook.com\/people\/Loginfo24\/100057360583332\/","https:\/\/www.linkedin.com\/company\/lofinfo24\/"]}]}},"_links":{"self":[{"href":"https:\/\/loginfo24.com\/es\/wp-json\/wp\/v2\/posts\/58259","targetHints":{"allow":["GET"]}}],"collection":[{"href":"https:\/\/loginfo24.com\/es\/wp-json\/wp\/v2\/posts"}],"about":[{"href":"https:\/\/loginfo24.com\/es\/wp-json\/wp\/v2\/types\/post"}],"replies":[{"embeddable":true,"href":"https:\/\/loginfo24.com\/es\/wp-json\/wp\/v2\/comments?post=58259"}],"version-history":[{"count":0,"href":"https:\/\/loginfo24.com\/es\/wp-json\/wp\/v2\/posts\/58259\/revisions"}],"wp:featuredmedia":[{"embeddable":true,"href":"https:\/\/loginfo24.com\/es\/wp-json\/wp\/v2\/media\/9467"}],"wp:attachment":[{"href":"https:\/\/loginfo24.com\/es\/wp-json\/wp\/v2\/media?parent=58259"}],"wp:term":[{"taxonomy":"category","embeddable":true,"href":"https:\/\/loginfo24.com\/es\/wp-json\/wp\/v2\/categories?post=58259"},{"taxonomy":"post_tag","embeddable":true,"href":"https:\/\/loginfo24.com\/es\/wp-json\/wp\/v2\/tags?post=58259"}],"curies":[{"name":"wp","href":"https:\/\/api.w.org\/{rel}","templated":true}]}}