{"id":58247,"date":"2022-09-05T19:30:27","date_gmt":"2022-09-05T17:30:27","guid":{"rendered":"https:\/\/blog.brand-architecture.at\/2022\/09\/05\/vtg-fasttrack-ahora-disponible-en-la-terminal-duss-de-munich-riem\/"},"modified":"2022-09-05T19:30:27","modified_gmt":"2022-09-05T17:30:27","slug":"vtg-fasttrack-ahora-disponible-en-la-terminal-duss-de-munich-riem","status":"publish","type":"post","link":"https:\/\/loginfo24.com\/es\/2022\/09\/05\/vtg-fasttrack-ahora-disponible-en-la-terminal-duss-de-munich-riem\/","title":{"rendered":"VTG: FastTrack ahora disponible en la terminal DUSS de M\u00fanich-Riem"},"content":{"rendered":"<h5><strong>En puertos como R\u00f3terdam y Gotemburgo, la oferta ya est\u00e1 establecida, y ahora FastTrack se lanza en otro punto central de Europa: a partir de ahora, el servicio tambi\u00e9n est\u00e1 disponible en la terminal DUSS de M\u00fanich-Riem. FastTrack ofrece a los clientes m\u00e1xima flexibilidad. Gracias al servicio 24\/7, pueden reaccionar r\u00e1pidamente ante planificaciones de \u00faltima hora o cancelaciones y reservar capacidades adicionales de manera sencilla. De este modo, se garantiza la fiabilidad y una alta calidad en el transporte.<\/strong><\/h5>\n<p>(M\u00fanich-Riem) \u00abCon FastTrack hemos establecido una oferta premium a nivel europeo y estamos encantados de poder ampliarla con otro lugar atractivo\u00bb, dice Thomas Dittmann, jefe de Productos Digitales en VTG. \u00abA trav\u00e9s de la provisi\u00f3n r\u00e1pida y digitalmente apoyada de vagones en M\u00fanich, ofrecemos capacidades adicionales y, por lo tanto, una seguridad en el transporte que de otro modo se gestionar\u00eda principalmente por carretera. As\u00ed, no solo ofrecemos a nuestros clientes una oferta atractiva, sino que tambi\u00e9n contribuimos a alcanzar el objetivo de pol\u00edtica de transporte y medio ambiente de trasladar mercanc\u00edas de la carretera al ferrocarril.\u00bb<\/p>\n<h5><strong>Sustituci\u00f3n r\u00e1pida y flexible: Reservas en l\u00ednea a trav\u00e9s de traigo en M\u00fanich<\/strong><\/h5>\n<p>La terminal DUSS de M\u00fanich-Riem es el centro neur\u00e1lgico entre Europa Central y del Sur y concentra especialmente los tr\u00e1ficos de y hacia Italia. Por lo tanto, es un punto de transbordo central para numerosos operadores y ofrece una variedad de empresas de transporte ferroviario. A partir de ahora, los clientes pueden reservar en l\u00ednea vagones individuales (vagones portacontenedores de 90 pies) para el tr\u00e1fico mar\u00edtimo y continental las 24 horas del d\u00eda. En www.traigo.com, la oferta digital de VTG en torno al transporte de mercanc\u00edas por ferrocarril est\u00e1 agrupada y sirve a los clientes como interfaz central para una gesti\u00f3n digital de flotas.<\/p>\n<p>Foto: \u00a9 VTG AG<\/p>\n","protected":false},"excerpt":{"rendered":"<p>En puertos como R\u00f3terdam y Gotemburgo, la oferta ya est\u00e1 establecida, y ahora FastTrack se lanza en otro punto central de Europa: a partir de ahora,<span class=\"excerpt-hellip\"> [\u2026]<\/span><\/p>\n","protected":false},"author":0,"featured_media":9471,"comment_status":"open","ping_status":"open","sticky":false,"template":"","format":"standard","meta":{"_acf_changed":false,"footnotes":""},"categories":[1665,1557,1561],"tags":[],"class_list":["post-58247","post","type-post","status-publish","format-standard","has-post-thumbnail","hentry","category-categories","category-forwarding-logistics","category-regions"],"acf":[],"yoast_head":"<!-- This site is optimized with the Yoast SEO plugin v27.3 - https:\/\/yoast.com\/product\/yoast-seo-wordpress\/ -->\n<title>VTG: FastTrack ahora disponible en la terminal DUSS de M\u00fanich-Riem - Loginfo24<\/title>\n<meta name=\"robots\" content=\"index, follow, max-snippet:-1, max-image-preview:large, max-video-preview:-1\" \/>\n<link rel=\"canonical\" href=\"https:\/\/loginfo24.com\/es\/2022\/09\/05\/vtg-fasttrack-ahora-disponible-en-la-terminal-duss-de-munich-riem\/\" \/>\n<meta property=\"og:locale\" content=\"es_ES\" \/>\n<meta property=\"og:type\" content=\"article\" \/>\n<meta property=\"og:title\" content=\"VTG: FastTrack ahora disponible en la terminal DUSS de M\u00fanich-Riem - Loginfo24\" \/>\n<meta property=\"og:description\" content=\"En puertos como R\u00f3terdam y Gotemburgo, la oferta ya est\u00e1 establecida, y ahora FastTrack se lanza en otro punto central de Europa: a partir de ahora, [\u2026]\" \/>\n<meta property=\"og:url\" content=\"https:\/\/loginfo24.com\/es\/2022\/09\/05\/vtg-fasttrack-ahora-disponible-en-la-terminal-duss-de-munich-riem\/\" \/>\n<meta property=\"og:site_name\" content=\"Loginfo24\" \/>\n<meta property=\"article:publisher\" content=\"https:\/\/www.facebook.com\/people\/Loginfo24\/100057360583332\/\" \/>\n<meta property=\"article:published_time\" content=\"2022-09-05T17:30:27+00:00\" \/>\n<meta property=\"og:image\" content=\"https:\/\/loginfo24.com\/wp-content\/uploads\/sites\/7\/2025\/12\/VTG_05.09.2022.jpg\" \/>\n\t<meta property=\"og:image:width\" content=\"1179\" \/>\n\t<meta property=\"og:image:height\" content=\"595\" \/>\n\t<meta property=\"og:image:type\" content=\"image\/jpeg\" \/>\n<meta name=\"twitter:card\" content=\"summary_large_image\" \/>\n<meta name=\"twitter:label1\" content=\"Tiempo de lectura\" \/>\n\t<meta name=\"twitter:data1\" content=\"2 minuto\" \/>\n<script type=\"application\/ld+json\" class=\"yoast-schema-graph\">{\"@context\":\"https:\\\/\\\/schema.org\",\"@graph\":[{\"@type\":\"Article\",\"@id\":\"https:\\\/\\\/loginfo24.com\\\/es\\\/2022\\\/09\\\/05\\\/vtg-fasttrack-ahora-disponible-en-la-terminal-duss-de-munich-riem\\\/#article\",\"isPartOf\":{\"@id\":\"https:\\\/\\\/loginfo24.com\\\/es\\\/2022\\\/09\\\/05\\\/vtg-fasttrack-ahora-disponible-en-la-terminal-duss-de-munich-riem\\\/\"},\"author\":{\"name\":\"\",\"@id\":\"\"},\"headline\":\"VTG: FastTrack ahora disponible en la terminal DUSS de M\u00fanich-Riem\",\"datePublished\":\"2022-09-05T17:30:27+00:00\",\"mainEntityOfPage\":{\"@id\":\"https:\\\/\\\/loginfo24.com\\\/es\\\/2022\\\/09\\\/05\\\/vtg-fasttrack-ahora-disponible-en-la-terminal-duss-de-munich-riem\\\/\"},\"wordCount\":334,\"commentCount\":0,\"publisher\":{\"@id\":\"https:\\\/\\\/loginfo24.com\\\/es\\\/#organization\"},\"image\":{\"@id\":\"https:\\\/\\\/loginfo24.com\\\/es\\\/2022\\\/09\\\/05\\\/vtg-fasttrack-ahora-disponible-en-la-terminal-duss-de-munich-riem\\\/#primaryimage\"},\"thumbnailUrl\":\"https:\\\/\\\/loginfo24.com\\\/wp-content\\\/uploads\\\/sites\\\/7\\\/2025\\\/12\\\/VTG_05.09.2022.jpg\",\"articleSection\":[\"Categories\",\"Forwarding &amp; Logistics\",\"Regions\"],\"inLanguage\":\"es\",\"potentialAction\":[{\"@type\":\"CommentAction\",\"name\":\"Comment\",\"target\":[\"https:\\\/\\\/loginfo24.com\\\/es\\\/2022\\\/09\\\/05\\\/vtg-fasttrack-ahora-disponible-en-la-terminal-duss-de-munich-riem\\\/#respond\"]}]},{\"@type\":\"WebPage\",\"@id\":\"https:\\\/\\\/loginfo24.com\\\/es\\\/2022\\\/09\\\/05\\\/vtg-fasttrack-ahora-disponible-en-la-terminal-duss-de-munich-riem\\\/\",\"url\":\"https:\\\/\\\/loginfo24.com\\\/es\\\/2022\\\/09\\\/05\\\/vtg-fasttrack-ahora-disponible-en-la-terminal-duss-de-munich-riem\\\/\",\"name\":\"VTG: FastTrack ahora disponible en la terminal DUSS de M\u00fanich-Riem - Loginfo24\",\"isPartOf\":{\"@id\":\"https:\\\/\\\/loginfo24.com\\\/es\\\/#website\"},\"primaryImageOfPage\":{\"@id\":\"https:\\\/\\\/loginfo24.com\\\/es\\\/2022\\\/09\\\/05\\\/vtg-fasttrack-ahora-disponible-en-la-terminal-duss-de-munich-riem\\\/#primaryimage\"},\"image\":{\"@id\":\"https:\\\/\\\/loginfo24.com\\\/es\\\/2022\\\/09\\\/05\\\/vtg-fasttrack-ahora-disponible-en-la-terminal-duss-de-munich-riem\\\/#primaryimage\"},\"thumbnailUrl\":\"https:\\\/\\\/loginfo24.com\\\/wp-content\\\/uploads\\\/sites\\\/7\\\/2025\\\/12\\\/VTG_05.09.2022.jpg\",\"datePublished\":\"2022-09-05T17:30:27+00:00\",\"breadcrumb\":{\"@id\":\"https:\\\/\\\/loginfo24.com\\\/es\\\/2022\\\/09\\\/05\\\/vtg-fasttrack-ahora-disponible-en-la-terminal-duss-de-munich-riem\\\/#breadcrumb\"},\"inLanguage\":\"es\",\"potentialAction\":[{\"@type\":\"ReadAction\",\"target\":[\"https:\\\/\\\/loginfo24.com\\\/es\\\/2022\\\/09\\\/05\\\/vtg-fasttrack-ahora-disponible-en-la-terminal-duss-de-munich-riem\\\/\"]}]},{\"@type\":\"ImageObject\",\"inLanguage\":\"es\",\"@id\":\"https:\\\/\\\/loginfo24.com\\\/es\\\/2022\\\/09\\\/05\\\/vtg-fasttrack-ahora-disponible-en-la-terminal-duss-de-munich-riem\\\/#primaryimage\",\"url\":\"https:\\\/\\\/loginfo24.com\\\/wp-content\\\/uploads\\\/sites\\\/7\\\/2025\\\/12\\\/VTG_05.09.2022.jpg\",\"contentUrl\":\"https:\\\/\\\/loginfo24.com\\\/wp-content\\\/uploads\\\/sites\\\/7\\\/2025\\\/12\\\/VTG_05.09.2022.jpg\",\"width\":1179,\"height\":595},{\"@type\":\"BreadcrumbList\",\"@id\":\"https:\\\/\\\/loginfo24.com\\\/es\\\/2022\\\/09\\\/05\\\/vtg-fasttrack-ahora-disponible-en-la-terminal-duss-de-munich-riem\\\/#breadcrumb\",\"itemListElement\":[{\"@type\":\"ListItem\",\"position\":1,\"name\":\"Startseite\",\"item\":\"https:\\\/\\\/loginfo24.com\\\/es\\\/\"},{\"@type\":\"ListItem\",\"position\":2,\"name\":\"VTG: FastTrack ahora disponible en la terminal DUSS de M\u00fanich-Riem\"}]},{\"@type\":\"WebSite\",\"@id\":\"https:\\\/\\\/loginfo24.com\\\/es\\\/#website\",\"url\":\"https:\\\/\\\/loginfo24.com\\\/es\\\/\",\"name\":\"Loginfo24\",\"description\":\"Loginfo24 es la plataforma dedicada a la log\u00edstica y las cadenas de suministro con informaci\u00f3n las 24 horas del d\u00eda.\",\"publisher\":{\"@id\":\"https:\\\/\\\/loginfo24.com\\\/es\\\/#organization\"},\"potentialAction\":[{\"@type\":\"SearchAction\",\"target\":{\"@type\":\"EntryPoint\",\"urlTemplate\":\"https:\\\/\\\/loginfo24.com\\\/es\\\/?s={search_term_string}\"},\"query-input\":{\"@type\":\"PropertyValueSpecification\",\"valueRequired\":true,\"valueName\":\"search_term_string\"}}],\"inLanguage\":\"es\"},{\"@type\":\"Organization\",\"@id\":\"https:\\\/\\\/loginfo24.com\\\/es\\\/#organization\",\"name\":\"Grupo Logismedia AG\",\"url\":\"https:\\\/\\\/loginfo24.com\\\/es\\\/\",\"logo\":{\"@type\":\"ImageObject\",\"inLanguage\":\"es\",\"@id\":\"https:\\\/\\\/loginfo24.com\\\/es\\\/#\\\/schema\\\/logo\\\/image\\\/\",\"url\":\"https:\\\/\\\/loginfo24.com\\\/wp-content\\\/uploads\\\/sites\\\/7\\\/2026\\\/01\\\/Logo_LogInfo24.png\",\"contentUrl\":\"https:\\\/\\\/loginfo24.com\\\/wp-content\\\/uploads\\\/sites\\\/7\\\/2026\\\/01\\\/Logo_LogInfo24.png\",\"width\":938,\"height\":351,\"caption\":\"Grupo Logismedia AG\"},\"image\":{\"@id\":\"https:\\\/\\\/loginfo24.com\\\/es\\\/#\\\/schema\\\/logo\\\/image\\\/\"},\"sameAs\":[\"https:\\\/\\\/www.facebook.com\\\/people\\\/Loginfo24\\\/100057360583332\\\/\",\"https:\\\/\\\/www.linkedin.com\\\/company\\\/lofinfo24\\\/\"]}]}<\/script>\n<!-- \/ Yoast SEO plugin. -->","yoast_head_json":{"title":"VTG: FastTrack ahora disponible en la terminal DUSS de M\u00fanich-Riem - Loginfo24","robots":{"index":"index","follow":"follow","max-snippet":"max-snippet:-1","max-image-preview":"max-image-preview:large","max-video-preview":"max-video-preview:-1"},"canonical":"https:\/\/loginfo24.com\/es\/2022\/09\/05\/vtg-fasttrack-ahora-disponible-en-la-terminal-duss-de-munich-riem\/","og_locale":"es_ES","og_type":"article","og_title":"VTG: FastTrack ahora disponible en la terminal DUSS de M\u00fanich-Riem - Loginfo24","og_description":"En puertos como R\u00f3terdam y Gotemburgo, la oferta ya est\u00e1 establecida, y ahora FastTrack se lanza en otro punto central de Europa: a partir de ahora, [\u2026]","og_url":"https:\/\/loginfo24.com\/es\/2022\/09\/05\/vtg-fasttrack-ahora-disponible-en-la-terminal-duss-de-munich-riem\/","og_site_name":"Loginfo24","article_publisher":"https:\/\/www.facebook.com\/people\/Loginfo24\/100057360583332\/","article_published_time":"2022-09-05T17:30:27+00:00","og_image":[{"width":1179,"height":595,"url":"https:\/\/loginfo24.com\/wp-content\/uploads\/sites\/7\/2025\/12\/VTG_05.09.2022.jpg","type":"image\/jpeg"}],"twitter_card":"summary_large_image","twitter_misc":{"Tiempo de lectura":"2 minuto"},"schema":{"@context":"https:\/\/schema.org","@graph":[{"@type":"Article","@id":"https:\/\/loginfo24.com\/es\/2022\/09\/05\/vtg-fasttrack-ahora-disponible-en-la-terminal-duss-de-munich-riem\/#article","isPartOf":{"@id":"https:\/\/loginfo24.com\/es\/2022\/09\/05\/vtg-fasttrack-ahora-disponible-en-la-terminal-duss-de-munich-riem\/"},"author":{"name":"","@id":""},"headline":"VTG: FastTrack ahora disponible en la terminal DUSS de M\u00fanich-Riem","datePublished":"2022-09-05T17:30:27+00:00","mainEntityOfPage":{"@id":"https:\/\/loginfo24.com\/es\/2022\/09\/05\/vtg-fasttrack-ahora-disponible-en-la-terminal-duss-de-munich-riem\/"},"wordCount":334,"commentCount":0,"publisher":{"@id":"https:\/\/loginfo24.com\/es\/#organization"},"image":{"@id":"https:\/\/loginfo24.com\/es\/2022\/09\/05\/vtg-fasttrack-ahora-disponible-en-la-terminal-duss-de-munich-riem\/#primaryimage"},"thumbnailUrl":"https:\/\/loginfo24.com\/wp-content\/uploads\/sites\/7\/2025\/12\/VTG_05.09.2022.jpg","articleSection":["Categories","Forwarding &amp; Logistics","Regions"],"inLanguage":"es","potentialAction":[{"@type":"CommentAction","name":"Comment","target":["https:\/\/loginfo24.com\/es\/2022\/09\/05\/vtg-fasttrack-ahora-disponible-en-la-terminal-duss-de-munich-riem\/#respond"]}]},{"@type":"WebPage","@id":"https:\/\/loginfo24.com\/es\/2022\/09\/05\/vtg-fasttrack-ahora-disponible-en-la-terminal-duss-de-munich-riem\/","url":"https:\/\/loginfo24.com\/es\/2022\/09\/05\/vtg-fasttrack-ahora-disponible-en-la-terminal-duss-de-munich-riem\/","name":"VTG: FastTrack ahora disponible en la terminal DUSS de M\u00fanich-Riem - Loginfo24","isPartOf":{"@id":"https:\/\/loginfo24.com\/es\/#website"},"primaryImageOfPage":{"@id":"https:\/\/loginfo24.com\/es\/2022\/09\/05\/vtg-fasttrack-ahora-disponible-en-la-terminal-duss-de-munich-riem\/#primaryimage"},"image":{"@id":"https:\/\/loginfo24.com\/es\/2022\/09\/05\/vtg-fasttrack-ahora-disponible-en-la-terminal-duss-de-munich-riem\/#primaryimage"},"thumbnailUrl":"https:\/\/loginfo24.com\/wp-content\/uploads\/sites\/7\/2025\/12\/VTG_05.09.2022.jpg","datePublished":"2022-09-05T17:30:27+00:00","breadcrumb":{"@id":"https:\/\/loginfo24.com\/es\/2022\/09\/05\/vtg-fasttrack-ahora-disponible-en-la-terminal-duss-de-munich-riem\/#breadcrumb"},"inLanguage":"es","potentialAction":[{"@type":"ReadAction","target":["https:\/\/loginfo24.com\/es\/2022\/09\/05\/vtg-fasttrack-ahora-disponible-en-la-terminal-duss-de-munich-riem\/"]}]},{"@type":"ImageObject","inLanguage":"es","@id":"https:\/\/loginfo24.com\/es\/2022\/09\/05\/vtg-fasttrack-ahora-disponible-en-la-terminal-duss-de-munich-riem\/#primaryimage","url":"https:\/\/loginfo24.com\/wp-content\/uploads\/sites\/7\/2025\/12\/VTG_05.09.2022.jpg","contentUrl":"https:\/\/loginfo24.com\/wp-content\/uploads\/sites\/7\/2025\/12\/VTG_05.09.2022.jpg","width":1179,"height":595},{"@type":"BreadcrumbList","@id":"https:\/\/loginfo24.com\/es\/2022\/09\/05\/vtg-fasttrack-ahora-disponible-en-la-terminal-duss-de-munich-riem\/#breadcrumb","itemListElement":[{"@type":"ListItem","position":1,"name":"Startseite","item":"https:\/\/loginfo24.com\/es\/"},{"@type":"ListItem","position":2,"name":"VTG: FastTrack ahora disponible en la terminal DUSS de M\u00fanich-Riem"}]},{"@type":"WebSite","@id":"https:\/\/loginfo24.com\/es\/#website","url":"https:\/\/loginfo24.com\/es\/","name":"Loginfo24","description":"Loginfo24 es la plataforma dedicada a la log\u00edstica y las cadenas de suministro con informaci\u00f3n las 24 horas del d\u00eda.","publisher":{"@id":"https:\/\/loginfo24.com\/es\/#organization"},"potentialAction":[{"@type":"SearchAction","target":{"@type":"EntryPoint","urlTemplate":"https:\/\/loginfo24.com\/es\/?s={search_term_string}"},"query-input":{"@type":"PropertyValueSpecification","valueRequired":true,"valueName":"search_term_string"}}],"inLanguage":"es"},{"@type":"Organization","@id":"https:\/\/loginfo24.com\/es\/#organization","name":"Grupo Logismedia AG","url":"https:\/\/loginfo24.com\/es\/","logo":{"@type":"ImageObject","inLanguage":"es","@id":"https:\/\/loginfo24.com\/es\/#\/schema\/logo\/image\/","url":"https:\/\/loginfo24.com\/wp-content\/uploads\/sites\/7\/2026\/01\/Logo_LogInfo24.png","contentUrl":"https:\/\/loginfo24.com\/wp-content\/uploads\/sites\/7\/2026\/01\/Logo_LogInfo24.png","width":938,"height":351,"caption":"Grupo Logismedia AG"},"image":{"@id":"https:\/\/loginfo24.com\/es\/#\/schema\/logo\/image\/"},"sameAs":["https:\/\/www.facebook.com\/people\/Loginfo24\/100057360583332\/","https:\/\/www.linkedin.com\/company\/lofinfo24\/"]}]}},"_links":{"self":[{"href":"https:\/\/loginfo24.com\/es\/wp-json\/wp\/v2\/posts\/58247","targetHints":{"allow":["GET"]}}],"collection":[{"href":"https:\/\/loginfo24.com\/es\/wp-json\/wp\/v2\/posts"}],"about":[{"href":"https:\/\/loginfo24.com\/es\/wp-json\/wp\/v2\/types\/post"}],"replies":[{"embeddable":true,"href":"https:\/\/loginfo24.com\/es\/wp-json\/wp\/v2\/comments?post=58247"}],"version-history":[{"count":0,"href":"https:\/\/loginfo24.com\/es\/wp-json\/wp\/v2\/posts\/58247\/revisions"}],"wp:featuredmedia":[{"embeddable":true,"href":"https:\/\/loginfo24.com\/es\/wp-json\/wp\/v2\/media\/9471"}],"wp:attachment":[{"href":"https:\/\/loginfo24.com\/es\/wp-json\/wp\/v2\/media?parent=58247"}],"wp:term":[{"taxonomy":"category","embeddable":true,"href":"https:\/\/loginfo24.com\/es\/wp-json\/wp\/v2\/categories?post=58247"},{"taxonomy":"post_tag","embeddable":true,"href":"https:\/\/loginfo24.com\/es\/wp-json\/wp\/v2\/tags?post=58247"}],"curies":[{"name":"wp","href":"https:\/\/api.w.org\/{rel}","templated":true}]}}