{"id":58205,"date":"2022-09-01T18:12:33","date_gmt":"2022-09-01T16:12:33","guid":{"rendered":"https:\/\/blog.brand-architecture.at\/2022\/09\/01\/congreso-sobre-exportacion-importacion-2022-en-technorama-winterthur\/"},"modified":"2022-09-01T18:12:33","modified_gmt":"2022-09-01T16:12:33","slug":"congreso-sobre-exportacion-importacion-2022-en-technorama-winterthur","status":"publish","type":"post","link":"https:\/\/loginfo24.com\/es\/2022\/09\/01\/congreso-sobre-exportacion-importacion-2022-en-technorama-winterthur\/","title":{"rendered":"Congreso sobre Exportaci\u00f3n\/Importaci\u00f3n 2022 en Technorama Winterthur"},"content":{"rendered":"<p>Una vez al a\u00f1o, los mejores expertos de una comunidad de exportaci\u00f3n establecida se re\u00fanen para compartir conocimientos relevantes. Este a\u00f1o, el evento se llevar\u00e1 a cabo el 27 de octubre de 2022 en Technorama en Winterthur. La ocasi\u00f3n probada permite a profesionales y l\u00edderes informarse sobre los requisitos para una exitosa actividad comercial internacional y las tareas asociadas en un entorno experimentado y muy sencillo. Al mismo tiempo, se lleva a cabo un activo intercambio de conocimientos y networking entre los asistentes.<\/p>\n<p>(Z\u00farich\/Winterthur) El intercambio siempre muy activo, casi familiar, con representantes de autoridades, expertos y otras empresas es apreciado tanto por las pymes como por las grandes empresas. La moderaci\u00f3n amena y la buena selecci\u00f3n de temas de actualidad sobre Trade Compliance motiva cada a\u00f1o a numerosas personas a participar. Una gran mezcla de representantes de autoridades, renombrados ponentes y participantes de diversas \u00e1reas empresariales hacen que el evento sea \u00fanico. Miramos hacia atr\u00e1s en la historia de \u00e9xito a trav\u00e9s del ejemplo del evento del a\u00f1o pasado y echamos un vistazo a la agenda de octubre de 2022.<strong>Para este evento, se puede: <a href=\"https:\/\/www.zollschule.ch\/FachtagungImportExport\/\" target=\"_blank\" rel=\"noopener\">registrarse aqu\u00ed<\/a><\/strong><img loading=\"lazy\" decoding=\"async\" class=\"wp-image-20778 size-full\" src=\"https:\/\/loginfo24.com\/wp-content\/uploads\/sites\/7\/2025\/12\/Fachtagung_3.jpg\" alt=\"\" width=\"1337\" height=\"893\" \/> El congreso de Importaci\u00f3n\/Exportaci\u00f3n se llevar\u00e1 a cabo el 27 de octubre de 2022 en Technorama en Winterthur<\/caption>\n<h5><strong>Escenario 2021: Condiciones cambiantes <\/strong><\/h5>\n<p>Ya en 2021, fue un a\u00f1o de cambios r\u00e1pidos que impactaron a las empresas con una velocidad incre\u00edble. El congreso sobre Exportaci\u00f3n\/Importaci\u00f3n abord\u00f3 estos cambios y permiti\u00f3 una visi\u00f3n de escenarios futuros. En el marco de un viaje virtual alrededor del mundo, se compararon y contrastaron diferentes escenarios del comercio global durante la conferencia. Para ello, se realizaron conexiones en vivo con expertos de todo el mundo. En el centro de las discusiones estaban las tensiones geopol\u00edticas, el creciente proteccionismo, la escasez global de conductores, as\u00ed como los atascos en puertos clave a nivel mundial, que llevaron a la estancaci\u00f3n del comercio global. A trav\u00e9s del ejemplo de Masterpiece International y Swiss World Cargo, se ilustr\u00f3 de manera impactante c\u00f3mo una r\u00e1pida y flexible adaptaci\u00f3n a nuevas circunstancias trajo ventajas competitivas. La explosi\u00f3n fatal de los costos de flete, que lleg\u00f3 a multiplicarse por diez, fue un tema recurrente en las conversaciones, adem\u00e1s de numerosas innovaciones en exportaci\u00f3n, importaci\u00f3n y aduanas como resultado del Brexit, nuevos acuerdos de libre comercio y una nueva ley aduanera, as\u00ed como la reorientaci\u00f3n de la administraci\u00f3n aduanera. Expertos como Markus Schlagenhof (embajador y delegado del Consejo Federal para contratos comerciales) y representantes de la aduana transmitieron noticias especializadas de primera mano.<em>Opiniones de participantes anteriores<\/em><\/p>\n<h5><strong>2022 y 2023: Enfrentando nuevos desaf\u00edos de manera positiva <\/strong><\/h5>\n<p>Que la econom\u00eda suiza est\u00e1 estrechamente entrelazada con el extranjero, ya lo ha entendido probablemente cada persona. Mientras tanto, las condiciones en el entorno internacional contin\u00faan cambiando r\u00e1pidamente. Temas como la conformidad, la diversidad, la sostenibilidad y la digitalizaci\u00f3n no solo plantean exigencias, sino que tambi\u00e9n ofrecen oportunidades para el crecimiento y un futuro mejor. Para aprovechar al m\u00e1ximo su empresa, es necesario perfeccionar los procesos y procedimientos existentes. Por ello, el congreso de este a\u00f1o se lleva a cabo bajo el lema \u00abNuevas reglas, nuevas oportunidades\u00bb. Se abordar\u00e1n y analizar\u00e1n las actualidades en torno al comercio internacional de mercanc\u00edas. Vislumbres exclusivos en la organizaci\u00f3n del comercio exterior de empresas que operan a nivel internacional, as\u00ed como contribuciones de varios expertos, apoyan a los participantes para hacer frente a todos estos cambios. Las personas que ya desempe\u00f1an funciones en la gesti\u00f3n aduanera y de exportaci\u00f3n, tanto estrat\u00e9gicas como operativas, se benefician especialmente: a trav\u00e9s de la participaci\u00f3n anual, tienen la oportunidad \u00fanica de mantener su conocimiento actualizado o refrescarlo de manera espec\u00edfica. Technorama ofrece este a\u00f1o (2022) un marco excepcional y convierte el evento en una experiencia inolvidable. La entrada diaria para visitar la exposici\u00f3n est\u00e1 incluida en el precio de la conferencia.<\/p>\n<h5><strong>Programa detallado y registro aqu\u00ed: <\/strong><\/h5>\n<p><a href=\"https:\/\/www.zollschule.ch\/FachtagungImportExport\/\" target=\"_blank\" rel=\"noopener\">https:\/\/www.zollschule.ch\/FachtagungImportExport\/<\/a><\/p>\n<blockquote><p><strong><img loading=\"lazy\" decoding=\"async\" class=\" wp-image-20782 alignleft\" src=\"https:\/\/loginfo24.com\/wp-content\/uploads\/sites\/7\/2025\/12\/FAchtagung_1-229x300.jpg\" alt=\"\" width=\"174\" height=\"228\" \/>Claudia Feusi<\/strong> ha estado asesorando y apoyando durante muchos a\u00f1os a empresas suizas de manera orientada a soluciones en su camino hacia procesos de exportaci\u00f3n, importaci\u00f3n y aduanas inteligentes y conformes con la ley. Su forma sencilla, combinada con un conocimiento de muchos a\u00f1os en funciones de liderazgo en pr\u00e1cticamente todas las \u00e1reas de la cadena de suministro (autoridad, transporte, log\u00edstica, industria en las \u00e1reas de adquisici\u00f3n y venta) la convierte en una socia valorada para cuestiones operativas y estrat\u00e9gicas. Esto asegura procesos eficientes, orientados al riesgo y, sobre todo, altamente eficaces. Su enfoque se centra en soluciones espec\u00edficas para cada empresa. Como experta en aduanas con un diploma federal, directora de comercio exterior con diploma federal, formadora con diploma federal y coach certificada, cuenta con las herramientas necesarias para desarrollar soluciones individuales. <a href=\"https:\/\/zollschule.ch\" target=\"_blank\" rel=\"noopener\">www.zollschule.ch<\/a><\/p><\/blockquote>\n<p>Foto del t\u00edtulo: \u00a9 Loginfo24<\/p>\n","protected":false},"excerpt":{"rendered":"<p>Una vez al a\u00f1o, los mejores expertos de una comunidad de exportaci\u00f3n establecida se re\u00fanen para compartir conocimientos relevantes. Este a\u00f1o, el evento se llevar\u00e1 a<span class=\"excerpt-hellip\"> [\u2026]<\/span><\/p>\n","protected":false},"author":0,"featured_media":0,"comment_status":"open","ping_status":"open","sticky":false,"template":"","format":"standard","meta":{"_acf_changed":false,"footnotes":""},"categories":[1557,1561],"tags":[],"class_list":["post-58205","post","type-post","status-publish","format-standard","hentry","category-forwarding-logistics","category-regions"],"acf":[],"yoast_head":"<!-- This site is optimized with the Yoast SEO plugin v27.3 - https:\/\/yoast.com\/product\/yoast-seo-wordpress\/ -->\n<title>Congreso sobre Exportaci\u00f3n\/Importaci\u00f3n 2022 en Technorama Winterthur - Loginfo24<\/title>\n<meta name=\"robots\" content=\"index, follow, max-snippet:-1, max-image-preview:large, max-video-preview:-1\" \/>\n<link rel=\"canonical\" href=\"https:\/\/loginfo24.com\/es\/2022\/09\/01\/congreso-sobre-exportacion-importacion-2022-en-technorama-winterthur\/\" \/>\n<meta property=\"og:locale\" content=\"es_ES\" \/>\n<meta property=\"og:type\" content=\"article\" \/>\n<meta property=\"og:title\" content=\"Congreso sobre Exportaci\u00f3n\/Importaci\u00f3n 2022 en Technorama Winterthur - Loginfo24\" \/>\n<meta property=\"og:description\" content=\"Una vez al a\u00f1o, los mejores expertos de una comunidad de exportaci\u00f3n establecida se re\u00fanen para compartir conocimientos relevantes. Este a\u00f1o, el evento se llevar\u00e1 a [\u2026]\" \/>\n<meta property=\"og:url\" content=\"https:\/\/loginfo24.com\/es\/2022\/09\/01\/congreso-sobre-exportacion-importacion-2022-en-technorama-winterthur\/\" \/>\n<meta property=\"og:site_name\" content=\"Loginfo24\" \/>\n<meta property=\"article:publisher\" content=\"https:\/\/www.facebook.com\/people\/Loginfo24\/100057360583332\/\" \/>\n<meta property=\"article:published_time\" content=\"2022-09-01T16:12:33+00:00\" \/>\n<meta property=\"og:image\" content=\"https:\/\/loginfo24.com\/wp-content\/uploads\/sites\/7\/2025\/12\/Fachtagung_3.jpg\" \/>\n<meta name=\"twitter:card\" content=\"summary_large_image\" \/>\n<meta name=\"twitter:label1\" content=\"Tiempo de lectura\" \/>\n\t<meta name=\"twitter:data1\" content=\"4 minuto\" \/>\n<script type=\"application\/ld+json\" class=\"yoast-schema-graph\">{\"@context\":\"https:\\\/\\\/schema.org\",\"@graph\":[{\"@type\":\"Article\",\"@id\":\"https:\\\/\\\/loginfo24.com\\\/es\\\/2022\\\/09\\\/01\\\/congreso-sobre-exportacion-importacion-2022-en-technorama-winterthur\\\/#article\",\"isPartOf\":{\"@id\":\"https:\\\/\\\/loginfo24.com\\\/es\\\/2022\\\/09\\\/01\\\/congreso-sobre-exportacion-importacion-2022-en-technorama-winterthur\\\/\"},\"author\":{\"name\":\"\",\"@id\":\"\"},\"headline\":\"Congreso sobre Exportaci\u00f3n\\\/Importaci\u00f3n 2022 en Technorama Winterthur\",\"datePublished\":\"2022-09-01T16:12:33+00:00\",\"mainEntityOfPage\":{\"@id\":\"https:\\\/\\\/loginfo24.com\\\/es\\\/2022\\\/09\\\/01\\\/congreso-sobre-exportacion-importacion-2022-en-technorama-winterthur\\\/\"},\"wordCount\":855,\"commentCount\":0,\"publisher\":{\"@id\":\"https:\\\/\\\/loginfo24.com\\\/es\\\/#organization\"},\"image\":{\"@id\":\"https:\\\/\\\/loginfo24.com\\\/es\\\/2022\\\/09\\\/01\\\/congreso-sobre-exportacion-importacion-2022-en-technorama-winterthur\\\/#primaryimage\"},\"thumbnailUrl\":\"https:\\\/\\\/loginfo24.com\\\/wp-content\\\/uploads\\\/sites\\\/7\\\/2025\\\/12\\\/Fachtagung_3.jpg\",\"articleSection\":[\"Forwarding &amp; Logistics\",\"Regions\"],\"inLanguage\":\"es\",\"potentialAction\":[{\"@type\":\"CommentAction\",\"name\":\"Comment\",\"target\":[\"https:\\\/\\\/loginfo24.com\\\/es\\\/2022\\\/09\\\/01\\\/congreso-sobre-exportacion-importacion-2022-en-technorama-winterthur\\\/#respond\"]}]},{\"@type\":\"WebPage\",\"@id\":\"https:\\\/\\\/loginfo24.com\\\/es\\\/2022\\\/09\\\/01\\\/congreso-sobre-exportacion-importacion-2022-en-technorama-winterthur\\\/\",\"url\":\"https:\\\/\\\/loginfo24.com\\\/es\\\/2022\\\/09\\\/01\\\/congreso-sobre-exportacion-importacion-2022-en-technorama-winterthur\\\/\",\"name\":\"Congreso sobre Exportaci\u00f3n\\\/Importaci\u00f3n 2022 en Technorama Winterthur - Loginfo24\",\"isPartOf\":{\"@id\":\"https:\\\/\\\/loginfo24.com\\\/es\\\/#website\"},\"primaryImageOfPage\":{\"@id\":\"https:\\\/\\\/loginfo24.com\\\/es\\\/2022\\\/09\\\/01\\\/congreso-sobre-exportacion-importacion-2022-en-technorama-winterthur\\\/#primaryimage\"},\"image\":{\"@id\":\"https:\\\/\\\/loginfo24.com\\\/es\\\/2022\\\/09\\\/01\\\/congreso-sobre-exportacion-importacion-2022-en-technorama-winterthur\\\/#primaryimage\"},\"thumbnailUrl\":\"https:\\\/\\\/loginfo24.com\\\/wp-content\\\/uploads\\\/sites\\\/7\\\/2025\\\/12\\\/Fachtagung_3.jpg\",\"datePublished\":\"2022-09-01T16:12:33+00:00\",\"breadcrumb\":{\"@id\":\"https:\\\/\\\/loginfo24.com\\\/es\\\/2022\\\/09\\\/01\\\/congreso-sobre-exportacion-importacion-2022-en-technorama-winterthur\\\/#breadcrumb\"},\"inLanguage\":\"es\",\"potentialAction\":[{\"@type\":\"ReadAction\",\"target\":[\"https:\\\/\\\/loginfo24.com\\\/es\\\/2022\\\/09\\\/01\\\/congreso-sobre-exportacion-importacion-2022-en-technorama-winterthur\\\/\"]}]},{\"@type\":\"ImageObject\",\"inLanguage\":\"es\",\"@id\":\"https:\\\/\\\/loginfo24.com\\\/es\\\/2022\\\/09\\\/01\\\/congreso-sobre-exportacion-importacion-2022-en-technorama-winterthur\\\/#primaryimage\",\"url\":\"https:\\\/\\\/loginfo24.com\\\/wp-content\\\/uploads\\\/sites\\\/7\\\/2025\\\/12\\\/Fachtagung_3.jpg\",\"contentUrl\":\"https:\\\/\\\/loginfo24.com\\\/wp-content\\\/uploads\\\/sites\\\/7\\\/2025\\\/12\\\/Fachtagung_3.jpg\"},{\"@type\":\"BreadcrumbList\",\"@id\":\"https:\\\/\\\/loginfo24.com\\\/es\\\/2022\\\/09\\\/01\\\/congreso-sobre-exportacion-importacion-2022-en-technorama-winterthur\\\/#breadcrumb\",\"itemListElement\":[{\"@type\":\"ListItem\",\"position\":1,\"name\":\"Startseite\",\"item\":\"https:\\\/\\\/loginfo24.com\\\/es\\\/\"},{\"@type\":\"ListItem\",\"position\":2,\"name\":\"Congreso sobre Exportaci\u00f3n\\\/Importaci\u00f3n 2022 en Technorama Winterthur\"}]},{\"@type\":\"WebSite\",\"@id\":\"https:\\\/\\\/loginfo24.com\\\/es\\\/#website\",\"url\":\"https:\\\/\\\/loginfo24.com\\\/es\\\/\",\"name\":\"Loginfo24\",\"description\":\"Loginfo24 es la plataforma dedicada a la log\u00edstica y las cadenas de suministro con informaci\u00f3n las 24 horas del d\u00eda.\",\"publisher\":{\"@id\":\"https:\\\/\\\/loginfo24.com\\\/es\\\/#organization\"},\"potentialAction\":[{\"@type\":\"SearchAction\",\"target\":{\"@type\":\"EntryPoint\",\"urlTemplate\":\"https:\\\/\\\/loginfo24.com\\\/es\\\/?s={search_term_string}\"},\"query-input\":{\"@type\":\"PropertyValueSpecification\",\"valueRequired\":true,\"valueName\":\"search_term_string\"}}],\"inLanguage\":\"es\"},{\"@type\":\"Organization\",\"@id\":\"https:\\\/\\\/loginfo24.com\\\/es\\\/#organization\",\"name\":\"Grupo Logismedia AG\",\"url\":\"https:\\\/\\\/loginfo24.com\\\/es\\\/\",\"logo\":{\"@type\":\"ImageObject\",\"inLanguage\":\"es\",\"@id\":\"https:\\\/\\\/loginfo24.com\\\/es\\\/#\\\/schema\\\/logo\\\/image\\\/\",\"url\":\"https:\\\/\\\/loginfo24.com\\\/wp-content\\\/uploads\\\/sites\\\/7\\\/2026\\\/01\\\/Logo_LogInfo24.png\",\"contentUrl\":\"https:\\\/\\\/loginfo24.com\\\/wp-content\\\/uploads\\\/sites\\\/7\\\/2026\\\/01\\\/Logo_LogInfo24.png\",\"width\":938,\"height\":351,\"caption\":\"Grupo Logismedia AG\"},\"image\":{\"@id\":\"https:\\\/\\\/loginfo24.com\\\/es\\\/#\\\/schema\\\/logo\\\/image\\\/\"},\"sameAs\":[\"https:\\\/\\\/www.facebook.com\\\/people\\\/Loginfo24\\\/100057360583332\\\/\",\"https:\\\/\\\/www.linkedin.com\\\/company\\\/lofinfo24\\\/\"]}]}<\/script>\n<!-- \/ Yoast SEO plugin. -->","yoast_head_json":{"title":"Congreso sobre Exportaci\u00f3n\/Importaci\u00f3n 2022 en Technorama Winterthur - Loginfo24","robots":{"index":"index","follow":"follow","max-snippet":"max-snippet:-1","max-image-preview":"max-image-preview:large","max-video-preview":"max-video-preview:-1"},"canonical":"https:\/\/loginfo24.com\/es\/2022\/09\/01\/congreso-sobre-exportacion-importacion-2022-en-technorama-winterthur\/","og_locale":"es_ES","og_type":"article","og_title":"Congreso sobre Exportaci\u00f3n\/Importaci\u00f3n 2022 en Technorama Winterthur - Loginfo24","og_description":"Una vez al a\u00f1o, los mejores expertos de una comunidad de exportaci\u00f3n establecida se re\u00fanen para compartir conocimientos relevantes. Este a\u00f1o, el evento se llevar\u00e1 a [\u2026]","og_url":"https:\/\/loginfo24.com\/es\/2022\/09\/01\/congreso-sobre-exportacion-importacion-2022-en-technorama-winterthur\/","og_site_name":"Loginfo24","article_publisher":"https:\/\/www.facebook.com\/people\/Loginfo24\/100057360583332\/","article_published_time":"2022-09-01T16:12:33+00:00","og_image":[{"url":"https:\/\/loginfo24.com\/wp-content\/uploads\/sites\/7\/2025\/12\/Fachtagung_3.jpg","type":"","width":"","height":""}],"twitter_card":"summary_large_image","twitter_misc":{"Tiempo de lectura":"4 minuto"},"schema":{"@context":"https:\/\/schema.org","@graph":[{"@type":"Article","@id":"https:\/\/loginfo24.com\/es\/2022\/09\/01\/congreso-sobre-exportacion-importacion-2022-en-technorama-winterthur\/#article","isPartOf":{"@id":"https:\/\/loginfo24.com\/es\/2022\/09\/01\/congreso-sobre-exportacion-importacion-2022-en-technorama-winterthur\/"},"author":{"name":"","@id":""},"headline":"Congreso sobre Exportaci\u00f3n\/Importaci\u00f3n 2022 en Technorama Winterthur","datePublished":"2022-09-01T16:12:33+00:00","mainEntityOfPage":{"@id":"https:\/\/loginfo24.com\/es\/2022\/09\/01\/congreso-sobre-exportacion-importacion-2022-en-technorama-winterthur\/"},"wordCount":855,"commentCount":0,"publisher":{"@id":"https:\/\/loginfo24.com\/es\/#organization"},"image":{"@id":"https:\/\/loginfo24.com\/es\/2022\/09\/01\/congreso-sobre-exportacion-importacion-2022-en-technorama-winterthur\/#primaryimage"},"thumbnailUrl":"https:\/\/loginfo24.com\/wp-content\/uploads\/sites\/7\/2025\/12\/Fachtagung_3.jpg","articleSection":["Forwarding &amp; Logistics","Regions"],"inLanguage":"es","potentialAction":[{"@type":"CommentAction","name":"Comment","target":["https:\/\/loginfo24.com\/es\/2022\/09\/01\/congreso-sobre-exportacion-importacion-2022-en-technorama-winterthur\/#respond"]}]},{"@type":"WebPage","@id":"https:\/\/loginfo24.com\/es\/2022\/09\/01\/congreso-sobre-exportacion-importacion-2022-en-technorama-winterthur\/","url":"https:\/\/loginfo24.com\/es\/2022\/09\/01\/congreso-sobre-exportacion-importacion-2022-en-technorama-winterthur\/","name":"Congreso sobre Exportaci\u00f3n\/Importaci\u00f3n 2022 en Technorama Winterthur - Loginfo24","isPartOf":{"@id":"https:\/\/loginfo24.com\/es\/#website"},"primaryImageOfPage":{"@id":"https:\/\/loginfo24.com\/es\/2022\/09\/01\/congreso-sobre-exportacion-importacion-2022-en-technorama-winterthur\/#primaryimage"},"image":{"@id":"https:\/\/loginfo24.com\/es\/2022\/09\/01\/congreso-sobre-exportacion-importacion-2022-en-technorama-winterthur\/#primaryimage"},"thumbnailUrl":"https:\/\/loginfo24.com\/wp-content\/uploads\/sites\/7\/2025\/12\/Fachtagung_3.jpg","datePublished":"2022-09-01T16:12:33+00:00","breadcrumb":{"@id":"https:\/\/loginfo24.com\/es\/2022\/09\/01\/congreso-sobre-exportacion-importacion-2022-en-technorama-winterthur\/#breadcrumb"},"inLanguage":"es","potentialAction":[{"@type":"ReadAction","target":["https:\/\/loginfo24.com\/es\/2022\/09\/01\/congreso-sobre-exportacion-importacion-2022-en-technorama-winterthur\/"]}]},{"@type":"ImageObject","inLanguage":"es","@id":"https:\/\/loginfo24.com\/es\/2022\/09\/01\/congreso-sobre-exportacion-importacion-2022-en-technorama-winterthur\/#primaryimage","url":"https:\/\/loginfo24.com\/wp-content\/uploads\/sites\/7\/2025\/12\/Fachtagung_3.jpg","contentUrl":"https:\/\/loginfo24.com\/wp-content\/uploads\/sites\/7\/2025\/12\/Fachtagung_3.jpg"},{"@type":"BreadcrumbList","@id":"https:\/\/loginfo24.com\/es\/2022\/09\/01\/congreso-sobre-exportacion-importacion-2022-en-technorama-winterthur\/#breadcrumb","itemListElement":[{"@type":"ListItem","position":1,"name":"Startseite","item":"https:\/\/loginfo24.com\/es\/"},{"@type":"ListItem","position":2,"name":"Congreso sobre Exportaci\u00f3n\/Importaci\u00f3n 2022 en Technorama Winterthur"}]},{"@type":"WebSite","@id":"https:\/\/loginfo24.com\/es\/#website","url":"https:\/\/loginfo24.com\/es\/","name":"Loginfo24","description":"Loginfo24 es la plataforma dedicada a la log\u00edstica y las cadenas de suministro con informaci\u00f3n las 24 horas del d\u00eda.","publisher":{"@id":"https:\/\/loginfo24.com\/es\/#organization"},"potentialAction":[{"@type":"SearchAction","target":{"@type":"EntryPoint","urlTemplate":"https:\/\/loginfo24.com\/es\/?s={search_term_string}"},"query-input":{"@type":"PropertyValueSpecification","valueRequired":true,"valueName":"search_term_string"}}],"inLanguage":"es"},{"@type":"Organization","@id":"https:\/\/loginfo24.com\/es\/#organization","name":"Grupo Logismedia AG","url":"https:\/\/loginfo24.com\/es\/","logo":{"@type":"ImageObject","inLanguage":"es","@id":"https:\/\/loginfo24.com\/es\/#\/schema\/logo\/image\/","url":"https:\/\/loginfo24.com\/wp-content\/uploads\/sites\/7\/2026\/01\/Logo_LogInfo24.png","contentUrl":"https:\/\/loginfo24.com\/wp-content\/uploads\/sites\/7\/2026\/01\/Logo_LogInfo24.png","width":938,"height":351,"caption":"Grupo Logismedia AG"},"image":{"@id":"https:\/\/loginfo24.com\/es\/#\/schema\/logo\/image\/"},"sameAs":["https:\/\/www.facebook.com\/people\/Loginfo24\/100057360583332\/","https:\/\/www.linkedin.com\/company\/lofinfo24\/"]}]}},"_links":{"self":[{"href":"https:\/\/loginfo24.com\/es\/wp-json\/wp\/v2\/posts\/58205","targetHints":{"allow":["GET"]}}],"collection":[{"href":"https:\/\/loginfo24.com\/es\/wp-json\/wp\/v2\/posts"}],"about":[{"href":"https:\/\/loginfo24.com\/es\/wp-json\/wp\/v2\/types\/post"}],"replies":[{"embeddable":true,"href":"https:\/\/loginfo24.com\/es\/wp-json\/wp\/v2\/comments?post=58205"}],"version-history":[{"count":0,"href":"https:\/\/loginfo24.com\/es\/wp-json\/wp\/v2\/posts\/58205\/revisions"}],"wp:attachment":[{"href":"https:\/\/loginfo24.com\/es\/wp-json\/wp\/v2\/media?parent=58205"}],"wp:term":[{"taxonomy":"category","embeddable":true,"href":"https:\/\/loginfo24.com\/es\/wp-json\/wp\/v2\/categories?post=58205"},{"taxonomy":"post_tag","embeddable":true,"href":"https:\/\/loginfo24.com\/es\/wp-json\/wp\/v2\/tags?post=58205"}],"curies":[{"name":"wp","href":"https:\/\/api.w.org\/{rel}","templated":true}]}}