{"id":58175,"date":"2022-08-31T19:03:11","date_gmt":"2022-08-31T17:03:11","guid":{"rendered":"https:\/\/blog.brand-architecture.at\/2022\/08\/31\/formacion-cualificada-para-la-industria-logistica\/"},"modified":"2022-08-31T19:03:11","modified_gmt":"2022-08-31T17:03:11","slug":"formacion-cualificada-para-la-industria-logistica","status":"publish","type":"post","link":"https:\/\/loginfo24.com\/es\/2022\/08\/31\/formacion-cualificada-para-la-industria-logistica\/","title":{"rendered":"Formaci\u00f3n cualificada para la industria log\u00edstica"},"content":{"rendered":"<h5><strong>La econom\u00eda, las asociaciones profesionales y los empleadores se quejan de la falta de personal cualificado. La Escuela T\u00e9cnica ABB, con sede en Baden y Sursee, actualmente forma a alrededor de 600 profesionales y l\u00edderes (tambi\u00e9n del sector log\u00edstico) y se centra en una formaci\u00f3n pr\u00e1ctica y a tiempo parcial, fiel a su lema \u00abDe la pr\u00e1ctica, para la pr\u00e1ctica\u00bb.<\/strong><\/h5>\n<p>(Baden) La industria log\u00edstica est\u00e1 siendo sacudida fuertemente en este momento. La pandemia, los conflictos geopol\u00edticos, el cambio clim\u00e1tico, la inflaci\u00f3n, los cuellos de botella en la entrega y las cadenas de suministro interrumpidas, la inminente escasez de energ\u00eda - la sociedad, la industria y la econom\u00eda se enfrentan globalmente a problemas complejos y multifac\u00e9ticos que presentan desaf\u00edos extraordinarios para las cadenas de distribuci\u00f3n y todo el mercado log\u00edstico. Las deficiencias en el \u00e1mbito de la transformaci\u00f3n digital se han hecho evidentes, ya que los procesos de digitalizaci\u00f3n a\u00fan no se han implementado de manera satisfactoria en todas partes. La digitalizaci\u00f3n de las cadenas de valor tiene un impacto considerable en los procesos eficientes. El enfoque est\u00e1 en evitar tiempos de inactividad, pero tambi\u00e9n se debe prestar especial atenci\u00f3n a los procesos respetuosos con el medio ambiente y la sostenibilidad.<\/p>\n<p><strong>Formaci\u00f3n con enfoque en log\u00edstica internacional<\/strong><\/p>\n<p>La importancia de la digitalizaci\u00f3n de las cadenas de valor se aborda espec\u00edficamente en la formaci\u00f3n continua a tiempo parcial en la Escuela T\u00e9cnica ABB. La formaci\u00f3n <strong>con especializaci\u00f3n en log\u00edstica internacional<\/strong> para el t\u00edtulo de <strong>\u00abT\u00e9cnico\/a de Procesos Diplomado\/a HF\u00bb<\/strong> es la formaci\u00f3n log\u00edstica m\u00e1s alta en Suiza en el \u00e1mbito no universitario. Los graduados del programa de tres a\u00f1os a tiempo parcial est\u00e1n preparados para gestionar la planificaci\u00f3n, ejecuci\u00f3n y control de todo el flujo de mercanc\u00edas, informaci\u00f3n y valores en un entorno din\u00e1mico: gerentes de log\u00edstica que pueden desarrollar e implementar soluciones de vanguardia incluso en situaciones extraordinarias.<\/p>\n<p><img loading=\"lazy\" decoding=\"async\" class=\"wp-image-20754 size-full\" src=\"https:\/\/loginfo24.com\/wp-content\/uploads\/sites\/7\/2025\/12\/ABB_30.8.22_1.jpg\" alt=\"\" width=\"1469\" height=\"976\" \/> Los\/as T\u00e9cnicos\/as de Procesos Diplomados\/as HF con especializaci\u00f3n en log\u00edstica internacional tienen diversas oportunidades de desarrollo y excelentes perspectivas de carrera.&lt;\/caption]<\/p>\n<p>Los\/as log\u00edsticos\/as formados\/as a nivel de Escuela T\u00e9cnica Superior son arquitectos\/as del transporte de mercanc\u00edas a nivel nacional e internacional. En un entorno din\u00e1mico, gestionan la planificaci\u00f3n, ejecuci\u00f3n y control de todo el flujo de mercanc\u00edas, informaci\u00f3n y valores. Suiza, como pa\u00eds cl\u00e1sico exportador, cuenta con expertos que pueden construir y operar redes log\u00edsticas y cadenas de valor a nivel mundial, teniendo en cuenta las condiciones marco internacionales. Conocen los factores cr\u00edticos de influencia y \u00e9xito para la entrega correcta en t\u00e9rminos de tiempo, cantidad, calidad, costos, mercanc\u00eda y lugar, y son responsables del uso \u00f3ptimo de los recursos operativos.<\/p>\n<h5><strong>Pr\u00f3ximo curso<\/strong><\/h5>\n<p>El pr\u00f3ximo curso <strong>T\u00e9cnica de Procesos HF con especializaci\u00f3n en log\u00edstica internacional<\/strong> en la Escuela T\u00e9cnica ABB comenzar\u00e1 en octubre de 2022. Los interesados pueden obtener informaci\u00f3n sobre el estudio en la sesi\u00f3n informativa en l\u00ednea el mi\u00e9rcoles 14 de septiembre de 2022 a las 18:30 horas.<\/p>\n<p><strong>Para m\u00e1s informaci\u00f3n, visite:<\/strong> <a href=\"https:\/\/www.abbts.ch\" target=\"_blank\" rel=\"noopener\">www.abbts.ch<\/a><\/p>\n<h4><\/h4>\n<h4><strong>Sobre la Escuela T\u00e9cnica ABB<\/strong><\/h4>\n<p>La Escuela T\u00e9cnica ABB, con sede en Baden y Sursee, es una instituci\u00f3n educativa p\u00fablica orientada al mercado y al rendimiento en la educaci\u00f3n profesional superior y ofrece programas de formaci\u00f3n reconocidos a nivel federal en diversas \u00e1reas de especializaci\u00f3n, as\u00ed como estudios de posgrado HF y un curso preparatorio para el examen de alta especializaci\u00f3n HFP, tanto para profesionales t\u00e9cnicos como comerciales ambiciosos, de manera pr\u00e1ctica y a tiempo parcial. De la pr\u00e1ctica, para la pr\u00e1ctica: este es el lema de la Escuela T\u00e9cnica Superior.<\/p>\n<p>Durante el programa de tres a\u00f1os a tiempo parcial en la Escuela T\u00e9cnica ABB, los estudiantes contin\u00faan ejerciendo su profesi\u00f3n, lo que les permite aplicar inmediatamente lo aprendido en la pr\u00e1ctica. Los programas en las \u00e1reas de especializaci\u00f3n de tecnolog\u00eda de operaciones, el\u00e9ctrica, sistemas y construcci\u00f3n, energ\u00eda y medio ambiente, log\u00edstica internacional, inform\u00e1tica y automatizaci\u00f3n de edificios son una base prometedora para una exitosa carrera profesional y de liderazgo.<\/p>\n<h5><strong>Conexi\u00f3n entre teor\u00eda y pr\u00e1ctica<\/strong><\/h5>\n<p>Adem\u00e1s de la ense\u00f1anza presencial, los estudiantes se benefician del intercambio de experiencias con compa\u00f1eros de estudio, y se da gran importancia al aprendizaje aut\u00f3nomo. \u00abLa capacidad de abordar temas complejos se fomenta expl\u00edcitamente en la Escuela T\u00e9cnica ABB a trav\u00e9s de trabajos de proyecto, as\u00ed como mediante el aprendizaje guiado y aut\u00f3nomo. La conexi\u00f3n entre las materias de ense\u00f1anza y entre teor\u00eda y pr\u00e1ctica tiene un alto valor en la formaci\u00f3n en la Escuela T\u00e9cnica ABB\u00bb, explica Rino Anniballo, director del programa de procesos empresariales en la Escuela T\u00e9cnica ABB.<\/p>\n<p><img loading=\"lazy\" decoding=\"async\" class=\"wp-image-20755 size-full\" src=\"https:\/\/loginfo24.com\/wp-content\/uploads\/sites\/7\/2025\/12\/ABB_30.8.22_2.jpg\" alt=\"\" width=\"1467\" height=\"959\" \/> En la ense\u00f1anza pr\u00e1ctica de la Escuela T\u00e9cnica ABB, los procesos digitalizados se entrenan de manera orientada a la aplicaci\u00f3n en el laboratorio RFID.<\/caption>\n<h5><strong>Experimentar la educaci\u00f3n<\/strong><\/h5>\n<p>Los docentes cualificados, expertos de la industria y la econom\u00eda, transmiten conocimientos orientados al futuro a trav\u00e9s de casos de aplicaci\u00f3n actuales. Con m\u00e9todos de ense\u00f1anza avanzados como el aprendizaje combinado y el e-learning, se forma a los profesionales del ma\u00f1ana. La digitalizaci\u00f3n y la tecnolog\u00eda m\u00e1s moderna no solo se ense\u00f1an en el \u00fanico laboratorio RFID, sino que se experimentan. Con herramientas avanzadas, se crean las mejores condiciones para estar preparados para los desaf\u00edos de la pr\u00e1ctica industrial con la tecnolog\u00eda m\u00e1s actual.<\/p>\n<h5><strong>Detalles en: <\/strong><\/h5>\n<p><a href=\"https:\/\/www.abbts.ch\" target=\"_blank\" rel=\"noopener\">www.abbts.ch<\/a><\/p>\n<p>Fotos: \u00a9 Escuela T\u00e9cnica ABB \/ <strong><em>Descripci\u00f3n de la imagen de la foto principal:<\/em><\/strong><em> Sede en Baden de la Escuela T\u00e9cnica ABB, Escuela T\u00e9cnica Superior en Tecnolog\u00eda, Inform\u00e1tica, Econom\u00eda y Gesti\u00f3n<\/em><\/p>\n<p>&nbsp;<\/p>\n<p>&nbsp;<\/p>\n<p>&nbsp;<\/p>\n<p>&nbsp;<\/p>\n<p>&nbsp;<\/p>\n","protected":false},"excerpt":{"rendered":"<p>La econom\u00eda, las asociaciones profesionales y los empleadores se quejan de la falta de personal cualificado. La Escuela T\u00e9cnica ABB, con sede en Baden y Sursee,<span class=\"excerpt-hellip\"> [\u2026]<\/span><\/p>\n","protected":false},"author":0,"featured_media":9503,"comment_status":"open","ping_status":"open","sticky":false,"template":"","format":"standard","meta":{"_acf_changed":false,"footnotes":""},"categories":[1665,1557,1561],"tags":[],"class_list":["post-58175","post","type-post","status-publish","format-standard","has-post-thumbnail","hentry","category-categories","category-forwarding-logistics","category-regions"],"acf":[],"yoast_head":"<!-- This site is optimized with the Yoast SEO plugin v27.3 - https:\/\/yoast.com\/product\/yoast-seo-wordpress\/ -->\n<title>Formaci\u00f3n cualificada para la industria log\u00edstica - Loginfo24<\/title>\n<meta name=\"robots\" content=\"index, follow, max-snippet:-1, max-image-preview:large, max-video-preview:-1\" \/>\n<link rel=\"canonical\" href=\"https:\/\/loginfo24.com\/es\/2022\/08\/31\/formacion-cualificada-para-la-industria-logistica\/\" \/>\n<meta property=\"og:locale\" content=\"es_ES\" \/>\n<meta property=\"og:type\" content=\"article\" \/>\n<meta property=\"og:title\" content=\"Formaci\u00f3n cualificada para la industria log\u00edstica - Loginfo24\" \/>\n<meta property=\"og:description\" content=\"La econom\u00eda, las asociaciones profesionales y los empleadores se quejan de la falta de personal cualificado. La Escuela T\u00e9cnica ABB, con sede en Baden y Sursee, [\u2026]\" \/>\n<meta property=\"og:url\" content=\"https:\/\/loginfo24.com\/es\/2022\/08\/31\/formacion-cualificada-para-la-industria-logistica\/\" \/>\n<meta property=\"og:site_name\" content=\"Loginfo24\" \/>\n<meta property=\"article:publisher\" content=\"https:\/\/www.facebook.com\/people\/Loginfo24\/100057360583332\/\" \/>\n<meta property=\"article:published_time\" content=\"2022-08-31T17:03:11+00:00\" \/>\n<meta property=\"og:image\" content=\"https:\/\/loginfo24.com\/wp-content\/uploads\/sites\/7\/2025\/12\/ABB_30.8.22_Titel.jpg\" \/>\n\t<meta property=\"og:image:width\" content=\"1468\" \/>\n\t<meta property=\"og:image:height\" content=\"812\" \/>\n\t<meta property=\"og:image:type\" content=\"image\/jpeg\" \/>\n<meta name=\"twitter:card\" content=\"summary_large_image\" \/>\n<meta name=\"twitter:label1\" content=\"Tiempo de lectura\" \/>\n\t<meta name=\"twitter:data1\" content=\"5 minuto\" \/>\n<script type=\"application\/ld+json\" class=\"yoast-schema-graph\">{\"@context\":\"https:\\\/\\\/schema.org\",\"@graph\":[{\"@type\":\"Article\",\"@id\":\"https:\\\/\\\/loginfo24.com\\\/es\\\/2022\\\/08\\\/31\\\/formacion-cualificada-para-la-industria-logistica\\\/#article\",\"isPartOf\":{\"@id\":\"https:\\\/\\\/loginfo24.com\\\/es\\\/2022\\\/08\\\/31\\\/formacion-cualificada-para-la-industria-logistica\\\/\"},\"author\":{\"name\":\"\",\"@id\":\"\"},\"headline\":\"Formaci\u00f3n cualificada para la industria log\u00edstica\",\"datePublished\":\"2022-08-31T17:03:11+00:00\",\"mainEntityOfPage\":{\"@id\":\"https:\\\/\\\/loginfo24.com\\\/es\\\/2022\\\/08\\\/31\\\/formacion-cualificada-para-la-industria-logistica\\\/\"},\"wordCount\":1063,\"commentCount\":0,\"publisher\":{\"@id\":\"https:\\\/\\\/loginfo24.com\\\/es\\\/#organization\"},\"image\":{\"@id\":\"https:\\\/\\\/loginfo24.com\\\/es\\\/2022\\\/08\\\/31\\\/formacion-cualificada-para-la-industria-logistica\\\/#primaryimage\"},\"thumbnailUrl\":\"https:\\\/\\\/loginfo24.com\\\/wp-content\\\/uploads\\\/sites\\\/7\\\/2025\\\/12\\\/ABB_30.8.22_Titel.jpg\",\"articleSection\":[\"Categories\",\"Forwarding &amp; Logistics\",\"Regions\"],\"inLanguage\":\"es\",\"potentialAction\":[{\"@type\":\"CommentAction\",\"name\":\"Comment\",\"target\":[\"https:\\\/\\\/loginfo24.com\\\/es\\\/2022\\\/08\\\/31\\\/formacion-cualificada-para-la-industria-logistica\\\/#respond\"]}]},{\"@type\":\"WebPage\",\"@id\":\"https:\\\/\\\/loginfo24.com\\\/es\\\/2022\\\/08\\\/31\\\/formacion-cualificada-para-la-industria-logistica\\\/\",\"url\":\"https:\\\/\\\/loginfo24.com\\\/es\\\/2022\\\/08\\\/31\\\/formacion-cualificada-para-la-industria-logistica\\\/\",\"name\":\"Formaci\u00f3n cualificada para la industria log\u00edstica - Loginfo24\",\"isPartOf\":{\"@id\":\"https:\\\/\\\/loginfo24.com\\\/es\\\/#website\"},\"primaryImageOfPage\":{\"@id\":\"https:\\\/\\\/loginfo24.com\\\/es\\\/2022\\\/08\\\/31\\\/formacion-cualificada-para-la-industria-logistica\\\/#primaryimage\"},\"image\":{\"@id\":\"https:\\\/\\\/loginfo24.com\\\/es\\\/2022\\\/08\\\/31\\\/formacion-cualificada-para-la-industria-logistica\\\/#primaryimage\"},\"thumbnailUrl\":\"https:\\\/\\\/loginfo24.com\\\/wp-content\\\/uploads\\\/sites\\\/7\\\/2025\\\/12\\\/ABB_30.8.22_Titel.jpg\",\"datePublished\":\"2022-08-31T17:03:11+00:00\",\"breadcrumb\":{\"@id\":\"https:\\\/\\\/loginfo24.com\\\/es\\\/2022\\\/08\\\/31\\\/formacion-cualificada-para-la-industria-logistica\\\/#breadcrumb\"},\"inLanguage\":\"es\",\"potentialAction\":[{\"@type\":\"ReadAction\",\"target\":[\"https:\\\/\\\/loginfo24.com\\\/es\\\/2022\\\/08\\\/31\\\/formacion-cualificada-para-la-industria-logistica\\\/\"]}]},{\"@type\":\"ImageObject\",\"inLanguage\":\"es\",\"@id\":\"https:\\\/\\\/loginfo24.com\\\/es\\\/2022\\\/08\\\/31\\\/formacion-cualificada-para-la-industria-logistica\\\/#primaryimage\",\"url\":\"https:\\\/\\\/loginfo24.com\\\/wp-content\\\/uploads\\\/sites\\\/7\\\/2025\\\/12\\\/ABB_30.8.22_Titel.jpg\",\"contentUrl\":\"https:\\\/\\\/loginfo24.com\\\/wp-content\\\/uploads\\\/sites\\\/7\\\/2025\\\/12\\\/ABB_30.8.22_Titel.jpg\",\"width\":1468,\"height\":812},{\"@type\":\"BreadcrumbList\",\"@id\":\"https:\\\/\\\/loginfo24.com\\\/es\\\/2022\\\/08\\\/31\\\/formacion-cualificada-para-la-industria-logistica\\\/#breadcrumb\",\"itemListElement\":[{\"@type\":\"ListItem\",\"position\":1,\"name\":\"Startseite\",\"item\":\"https:\\\/\\\/loginfo24.com\\\/es\\\/\"},{\"@type\":\"ListItem\",\"position\":2,\"name\":\"Formaci\u00f3n cualificada para la industria log\u00edstica\"}]},{\"@type\":\"WebSite\",\"@id\":\"https:\\\/\\\/loginfo24.com\\\/es\\\/#website\",\"url\":\"https:\\\/\\\/loginfo24.com\\\/es\\\/\",\"name\":\"Loginfo24\",\"description\":\"Loginfo24 es la plataforma dedicada a la log\u00edstica y las cadenas de suministro con informaci\u00f3n las 24 horas del d\u00eda.\",\"publisher\":{\"@id\":\"https:\\\/\\\/loginfo24.com\\\/es\\\/#organization\"},\"potentialAction\":[{\"@type\":\"SearchAction\",\"target\":{\"@type\":\"EntryPoint\",\"urlTemplate\":\"https:\\\/\\\/loginfo24.com\\\/es\\\/?s={search_term_string}\"},\"query-input\":{\"@type\":\"PropertyValueSpecification\",\"valueRequired\":true,\"valueName\":\"search_term_string\"}}],\"inLanguage\":\"es\"},{\"@type\":\"Organization\",\"@id\":\"https:\\\/\\\/loginfo24.com\\\/es\\\/#organization\",\"name\":\"Grupo Logismedia AG\",\"url\":\"https:\\\/\\\/loginfo24.com\\\/es\\\/\",\"logo\":{\"@type\":\"ImageObject\",\"inLanguage\":\"es\",\"@id\":\"https:\\\/\\\/loginfo24.com\\\/es\\\/#\\\/schema\\\/logo\\\/image\\\/\",\"url\":\"https:\\\/\\\/loginfo24.com\\\/wp-content\\\/uploads\\\/sites\\\/7\\\/2026\\\/01\\\/Logo_LogInfo24.png\",\"contentUrl\":\"https:\\\/\\\/loginfo24.com\\\/wp-content\\\/uploads\\\/sites\\\/7\\\/2026\\\/01\\\/Logo_LogInfo24.png\",\"width\":938,\"height\":351,\"caption\":\"Grupo Logismedia AG\"},\"image\":{\"@id\":\"https:\\\/\\\/loginfo24.com\\\/es\\\/#\\\/schema\\\/logo\\\/image\\\/\"},\"sameAs\":[\"https:\\\/\\\/www.facebook.com\\\/people\\\/Loginfo24\\\/100057360583332\\\/\",\"https:\\\/\\\/www.linkedin.com\\\/company\\\/lofinfo24\\\/\"]}]}<\/script>\n<!-- \/ Yoast SEO plugin. -->","yoast_head_json":{"title":"Formaci\u00f3n cualificada para la industria log\u00edstica - Loginfo24","robots":{"index":"index","follow":"follow","max-snippet":"max-snippet:-1","max-image-preview":"max-image-preview:large","max-video-preview":"max-video-preview:-1"},"canonical":"https:\/\/loginfo24.com\/es\/2022\/08\/31\/formacion-cualificada-para-la-industria-logistica\/","og_locale":"es_ES","og_type":"article","og_title":"Formaci\u00f3n cualificada para la industria log\u00edstica - Loginfo24","og_description":"La econom\u00eda, las asociaciones profesionales y los empleadores se quejan de la falta de personal cualificado. La Escuela T\u00e9cnica ABB, con sede en Baden y Sursee, [\u2026]","og_url":"https:\/\/loginfo24.com\/es\/2022\/08\/31\/formacion-cualificada-para-la-industria-logistica\/","og_site_name":"Loginfo24","article_publisher":"https:\/\/www.facebook.com\/people\/Loginfo24\/100057360583332\/","article_published_time":"2022-08-31T17:03:11+00:00","og_image":[{"width":1468,"height":812,"url":"https:\/\/loginfo24.com\/wp-content\/uploads\/sites\/7\/2025\/12\/ABB_30.8.22_Titel.jpg","type":"image\/jpeg"}],"twitter_card":"summary_large_image","twitter_misc":{"Tiempo de lectura":"5 minuto"},"schema":{"@context":"https:\/\/schema.org","@graph":[{"@type":"Article","@id":"https:\/\/loginfo24.com\/es\/2022\/08\/31\/formacion-cualificada-para-la-industria-logistica\/#article","isPartOf":{"@id":"https:\/\/loginfo24.com\/es\/2022\/08\/31\/formacion-cualificada-para-la-industria-logistica\/"},"author":{"name":"","@id":""},"headline":"Formaci\u00f3n cualificada para la industria log\u00edstica","datePublished":"2022-08-31T17:03:11+00:00","mainEntityOfPage":{"@id":"https:\/\/loginfo24.com\/es\/2022\/08\/31\/formacion-cualificada-para-la-industria-logistica\/"},"wordCount":1063,"commentCount":0,"publisher":{"@id":"https:\/\/loginfo24.com\/es\/#organization"},"image":{"@id":"https:\/\/loginfo24.com\/es\/2022\/08\/31\/formacion-cualificada-para-la-industria-logistica\/#primaryimage"},"thumbnailUrl":"https:\/\/loginfo24.com\/wp-content\/uploads\/sites\/7\/2025\/12\/ABB_30.8.22_Titel.jpg","articleSection":["Categories","Forwarding &amp; Logistics","Regions"],"inLanguage":"es","potentialAction":[{"@type":"CommentAction","name":"Comment","target":["https:\/\/loginfo24.com\/es\/2022\/08\/31\/formacion-cualificada-para-la-industria-logistica\/#respond"]}]},{"@type":"WebPage","@id":"https:\/\/loginfo24.com\/es\/2022\/08\/31\/formacion-cualificada-para-la-industria-logistica\/","url":"https:\/\/loginfo24.com\/es\/2022\/08\/31\/formacion-cualificada-para-la-industria-logistica\/","name":"Formaci\u00f3n cualificada para la industria log\u00edstica - Loginfo24","isPartOf":{"@id":"https:\/\/loginfo24.com\/es\/#website"},"primaryImageOfPage":{"@id":"https:\/\/loginfo24.com\/es\/2022\/08\/31\/formacion-cualificada-para-la-industria-logistica\/#primaryimage"},"image":{"@id":"https:\/\/loginfo24.com\/es\/2022\/08\/31\/formacion-cualificada-para-la-industria-logistica\/#primaryimage"},"thumbnailUrl":"https:\/\/loginfo24.com\/wp-content\/uploads\/sites\/7\/2025\/12\/ABB_30.8.22_Titel.jpg","datePublished":"2022-08-31T17:03:11+00:00","breadcrumb":{"@id":"https:\/\/loginfo24.com\/es\/2022\/08\/31\/formacion-cualificada-para-la-industria-logistica\/#breadcrumb"},"inLanguage":"es","potentialAction":[{"@type":"ReadAction","target":["https:\/\/loginfo24.com\/es\/2022\/08\/31\/formacion-cualificada-para-la-industria-logistica\/"]}]},{"@type":"ImageObject","inLanguage":"es","@id":"https:\/\/loginfo24.com\/es\/2022\/08\/31\/formacion-cualificada-para-la-industria-logistica\/#primaryimage","url":"https:\/\/loginfo24.com\/wp-content\/uploads\/sites\/7\/2025\/12\/ABB_30.8.22_Titel.jpg","contentUrl":"https:\/\/loginfo24.com\/wp-content\/uploads\/sites\/7\/2025\/12\/ABB_30.8.22_Titel.jpg","width":1468,"height":812},{"@type":"BreadcrumbList","@id":"https:\/\/loginfo24.com\/es\/2022\/08\/31\/formacion-cualificada-para-la-industria-logistica\/#breadcrumb","itemListElement":[{"@type":"ListItem","position":1,"name":"Startseite","item":"https:\/\/loginfo24.com\/es\/"},{"@type":"ListItem","position":2,"name":"Formaci\u00f3n cualificada para la industria log\u00edstica"}]},{"@type":"WebSite","@id":"https:\/\/loginfo24.com\/es\/#website","url":"https:\/\/loginfo24.com\/es\/","name":"Loginfo24","description":"Loginfo24 es la plataforma dedicada a la log\u00edstica y las cadenas de suministro con informaci\u00f3n las 24 horas del d\u00eda.","publisher":{"@id":"https:\/\/loginfo24.com\/es\/#organization"},"potentialAction":[{"@type":"SearchAction","target":{"@type":"EntryPoint","urlTemplate":"https:\/\/loginfo24.com\/es\/?s={search_term_string}"},"query-input":{"@type":"PropertyValueSpecification","valueRequired":true,"valueName":"search_term_string"}}],"inLanguage":"es"},{"@type":"Organization","@id":"https:\/\/loginfo24.com\/es\/#organization","name":"Grupo Logismedia AG","url":"https:\/\/loginfo24.com\/es\/","logo":{"@type":"ImageObject","inLanguage":"es","@id":"https:\/\/loginfo24.com\/es\/#\/schema\/logo\/image\/","url":"https:\/\/loginfo24.com\/wp-content\/uploads\/sites\/7\/2026\/01\/Logo_LogInfo24.png","contentUrl":"https:\/\/loginfo24.com\/wp-content\/uploads\/sites\/7\/2026\/01\/Logo_LogInfo24.png","width":938,"height":351,"caption":"Grupo Logismedia AG"},"image":{"@id":"https:\/\/loginfo24.com\/es\/#\/schema\/logo\/image\/"},"sameAs":["https:\/\/www.facebook.com\/people\/Loginfo24\/100057360583332\/","https:\/\/www.linkedin.com\/company\/lofinfo24\/"]}]}},"_links":{"self":[{"href":"https:\/\/loginfo24.com\/es\/wp-json\/wp\/v2\/posts\/58175","targetHints":{"allow":["GET"]}}],"collection":[{"href":"https:\/\/loginfo24.com\/es\/wp-json\/wp\/v2\/posts"}],"about":[{"href":"https:\/\/loginfo24.com\/es\/wp-json\/wp\/v2\/types\/post"}],"replies":[{"embeddable":true,"href":"https:\/\/loginfo24.com\/es\/wp-json\/wp\/v2\/comments?post=58175"}],"version-history":[{"count":0,"href":"https:\/\/loginfo24.com\/es\/wp-json\/wp\/v2\/posts\/58175\/revisions"}],"wp:featuredmedia":[{"embeddable":true,"href":"https:\/\/loginfo24.com\/es\/wp-json\/wp\/v2\/media\/9503"}],"wp:attachment":[{"href":"https:\/\/loginfo24.com\/es\/wp-json\/wp\/v2\/media?parent=58175"}],"wp:term":[{"taxonomy":"category","embeddable":true,"href":"https:\/\/loginfo24.com\/es\/wp-json\/wp\/v2\/categories?post=58175"},{"taxonomy":"post_tag","embeddable":true,"href":"https:\/\/loginfo24.com\/es\/wp-json\/wp\/v2\/tags?post=58175"}],"curies":[{"name":"wp","href":"https:\/\/api.w.org\/{rel}","templated":true}]}}