{"id":58115,"date":"2022-08-30T17:46:10","date_gmt":"2022-08-30T15:46:10","guid":{"rendered":"https:\/\/blog.brand-architecture.at\/2022\/08\/30\/sarah-kreienbuhl-reemplaza-a-lothar-harings-en-kuhnenagel\/"},"modified":"2022-08-30T17:46:10","modified_gmt":"2022-08-30T15:46:10","slug":"sarah-kreienbuhl-reemplaza-a-lothar-harings-en-kuhnenagel","status":"publish","type":"post","link":"https:\/\/loginfo24.com\/es\/2022\/08\/30\/sarah-kreienbuhl-reemplaza-a-lothar-harings-en-kuhnenagel\/","title":{"rendered":"Sarah Kreienb\u00fchl reemplaza a Lothar Harings en K\u00fchne+Nagel"},"content":{"rendered":"<h5><strong>Sarah Kreienb\u00fchl ser\u00e1 a partir del 1 de abril de 2023 miembro de la direcci\u00f3n de K\u00fchne+Nagel International AG y jefa de personal, sucediendo a Lothar Harings, quien se jubilar\u00e1 en junio de 2023. Desde 2018, ha sido miembro de la direcci\u00f3n general del minorista Migros. Adem\u00e1s de recursos humanos, tambi\u00e9n liderar\u00e1 el importante \u00e1rea de sostenibilidad.<\/strong><\/h5>\n<p>(Schindellegi) Lothar Harings, miembro de la direcci\u00f3n y jefe de personal de K\u00fchne+Nagel International AG, finalizar\u00e1 su larga trayectoria en el grupo K\u00fchne+Nagel a su propia solicitud al cumplir 63 a\u00f1os el 30 de junio de 2023 y se retirar\u00e1.<\/p>\n<p>En el marco de una planificaci\u00f3n sucesoria anticipada, se ha logrado atraer a Sarah Kreienb\u00fchl (nacida en 1970, ciudadana suiza y francesa), una personalidad de liderazgo altamente cualificada para la sucesi\u00f3n. A partir del 1 de abril de 2023, ser\u00e1 miembro de la direcci\u00f3n y ser\u00e1 responsable de la gesti\u00f3n de personal a nivel mundial en K\u00fchne+Nagel, adem\u00e1s de asumir la cada vez m\u00e1s estrat\u00e9gica \u00e1rea de sostenibilidad a nivel corporativo.<\/p>\n<h5><strong>Amplia experiencia en liderazgo<\/strong><\/h5>\n<p>Sarah Kreienb\u00fchl cuenta con una amplia experiencia en liderazgo a nivel directivo en diversas industrias; desde 2018 ha sido miembro de la direcci\u00f3n general en Migros, el mayor empleador privado de Suiza con alrededor de 100,000 empleados.<\/p>\n<p>Dr. J\u00f6rg Wolle, presidente del consejo de administraci\u00f3n de K\u00fchne+Nagel International AG: \u201cEstamos muy contentos de poder nombrar a Sarah Kreienb\u00fchl, una personalidad excepcionalmente cualificada y carism\u00e1tica, en la direcci\u00f3n de K\u00fchne+Nagel. Agradecemos a Lothar Harings por su larga y excelente labor.\u201d<\/p>\n<p>Foto: \u00a9 K\u00fchne+Nagel \/ <em><strong>Subt\u00edtulo de la imagen: <\/strong>Lothar Harings (izquierda) ser\u00e1 reemplazado por Sarah Kreienb\u00fchl (derecha) a partir del 1 de abril de 2023<\/em><\/p>\n","protected":false},"excerpt":{"rendered":"<p>Sarah Kreienb\u00fchl ser\u00e1 a partir del 1 de abril de 2023 miembro de la direcci\u00f3n de K\u00fchne+Nagel International AG y jefa de personal, sucediendo a Lothar<span class=\"excerpt-hellip\"> [\u2026]<\/span><\/p>\n","protected":false},"author":0,"featured_media":9523,"comment_status":"open","ping_status":"open","sticky":false,"template":"","format":"standard","meta":{"_acf_changed":false,"footnotes":""},"categories":[1665,1557,1561],"tags":[],"class_list":["post-58115","post","type-post","status-publish","format-standard","has-post-thumbnail","hentry","category-categories","category-forwarding-logistics","category-regions"],"acf":[],"yoast_head":"<!-- This site is optimized with the Yoast SEO plugin v27.3 - https:\/\/yoast.com\/product\/yoast-seo-wordpress\/ -->\n<title>Sarah Kreienb\u00fchl reemplaza a Lothar Harings en K\u00fchne+Nagel - Loginfo24<\/title>\n<meta name=\"robots\" content=\"index, follow, max-snippet:-1, max-image-preview:large, max-video-preview:-1\" \/>\n<link rel=\"canonical\" href=\"https:\/\/loginfo24.com\/es\/2022\/08\/30\/sarah-kreienbuhl-reemplaza-a-lothar-harings-en-kuhnenagel\/\" \/>\n<meta property=\"og:locale\" content=\"es_ES\" \/>\n<meta property=\"og:type\" content=\"article\" \/>\n<meta property=\"og:title\" content=\"Sarah Kreienb\u00fchl reemplaza a Lothar Harings en K\u00fchne+Nagel - Loginfo24\" \/>\n<meta property=\"og:description\" content=\"Sarah Kreienb\u00fchl ser\u00e1 a partir del 1 de abril de 2023 miembro de la direcci\u00f3n de K\u00fchne+Nagel International AG y jefa de personal, sucediendo a Lothar [\u2026]\" \/>\n<meta property=\"og:url\" content=\"https:\/\/loginfo24.com\/es\/2022\/08\/30\/sarah-kreienbuhl-reemplaza-a-lothar-harings-en-kuhnenagel\/\" \/>\n<meta property=\"og:site_name\" content=\"Loginfo24\" \/>\n<meta property=\"article:publisher\" content=\"https:\/\/www.facebook.com\/people\/Loginfo24\/100057360583332\/\" \/>\n<meta property=\"article:published_time\" content=\"2022-08-30T15:46:10+00:00\" \/>\n<meta property=\"og:image\" content=\"https:\/\/loginfo24.com\/wp-content\/uploads\/sites\/7\/2025\/12\/KuehneNagel_30.8.22.jpg\" \/>\n\t<meta property=\"og:image:width\" content=\"1404\" \/>\n\t<meta property=\"og:image:height\" content=\"790\" \/>\n\t<meta property=\"og:image:type\" content=\"image\/jpeg\" \/>\n<meta name=\"twitter:card\" content=\"summary_large_image\" \/>\n<meta name=\"twitter:label1\" content=\"Tiempo de lectura\" \/>\n\t<meta name=\"twitter:data1\" content=\"1 minuto\" \/>\n<script type=\"application\/ld+json\" class=\"yoast-schema-graph\">{\"@context\":\"https:\\\/\\\/schema.org\",\"@graph\":[{\"@type\":\"Article\",\"@id\":\"https:\\\/\\\/loginfo24.com\\\/es\\\/2022\\\/08\\\/30\\\/sarah-kreienbuhl-reemplaza-a-lothar-harings-en-kuhnenagel\\\/#article\",\"isPartOf\":{\"@id\":\"https:\\\/\\\/loginfo24.com\\\/es\\\/2022\\\/08\\\/30\\\/sarah-kreienbuhl-reemplaza-a-lothar-harings-en-kuhnenagel\\\/\"},\"author\":{\"name\":\"\",\"@id\":\"\"},\"headline\":\"Sarah Kreienb\u00fchl reemplaza a Lothar Harings en K\u00fchne+Nagel\",\"datePublished\":\"2022-08-30T15:46:10+00:00\",\"mainEntityOfPage\":{\"@id\":\"https:\\\/\\\/loginfo24.com\\\/es\\\/2022\\\/08\\\/30\\\/sarah-kreienbuhl-reemplaza-a-lothar-harings-en-kuhnenagel\\\/\"},\"wordCount\":309,\"commentCount\":0,\"publisher\":{\"@id\":\"https:\\\/\\\/loginfo24.com\\\/es\\\/#organization\"},\"image\":{\"@id\":\"https:\\\/\\\/loginfo24.com\\\/es\\\/2022\\\/08\\\/30\\\/sarah-kreienbuhl-reemplaza-a-lothar-harings-en-kuhnenagel\\\/#primaryimage\"},\"thumbnailUrl\":\"https:\\\/\\\/loginfo24.com\\\/wp-content\\\/uploads\\\/sites\\\/7\\\/2025\\\/12\\\/KuehneNagel_30.8.22.jpg\",\"articleSection\":[\"Categories\",\"Forwarding &amp; Logistics\",\"Regions\"],\"inLanguage\":\"es\",\"potentialAction\":[{\"@type\":\"CommentAction\",\"name\":\"Comment\",\"target\":[\"https:\\\/\\\/loginfo24.com\\\/es\\\/2022\\\/08\\\/30\\\/sarah-kreienbuhl-reemplaza-a-lothar-harings-en-kuhnenagel\\\/#respond\"]}]},{\"@type\":\"WebPage\",\"@id\":\"https:\\\/\\\/loginfo24.com\\\/es\\\/2022\\\/08\\\/30\\\/sarah-kreienbuhl-reemplaza-a-lothar-harings-en-kuhnenagel\\\/\",\"url\":\"https:\\\/\\\/loginfo24.com\\\/es\\\/2022\\\/08\\\/30\\\/sarah-kreienbuhl-reemplaza-a-lothar-harings-en-kuhnenagel\\\/\",\"name\":\"Sarah Kreienb\u00fchl reemplaza a Lothar Harings en K\u00fchne+Nagel - Loginfo24\",\"isPartOf\":{\"@id\":\"https:\\\/\\\/loginfo24.com\\\/es\\\/#website\"},\"primaryImageOfPage\":{\"@id\":\"https:\\\/\\\/loginfo24.com\\\/es\\\/2022\\\/08\\\/30\\\/sarah-kreienbuhl-reemplaza-a-lothar-harings-en-kuhnenagel\\\/#primaryimage\"},\"image\":{\"@id\":\"https:\\\/\\\/loginfo24.com\\\/es\\\/2022\\\/08\\\/30\\\/sarah-kreienbuhl-reemplaza-a-lothar-harings-en-kuhnenagel\\\/#primaryimage\"},\"thumbnailUrl\":\"https:\\\/\\\/loginfo24.com\\\/wp-content\\\/uploads\\\/sites\\\/7\\\/2025\\\/12\\\/KuehneNagel_30.8.22.jpg\",\"datePublished\":\"2022-08-30T15:46:10+00:00\",\"breadcrumb\":{\"@id\":\"https:\\\/\\\/loginfo24.com\\\/es\\\/2022\\\/08\\\/30\\\/sarah-kreienbuhl-reemplaza-a-lothar-harings-en-kuhnenagel\\\/#breadcrumb\"},\"inLanguage\":\"es\",\"potentialAction\":[{\"@type\":\"ReadAction\",\"target\":[\"https:\\\/\\\/loginfo24.com\\\/es\\\/2022\\\/08\\\/30\\\/sarah-kreienbuhl-reemplaza-a-lothar-harings-en-kuhnenagel\\\/\"]}]},{\"@type\":\"ImageObject\",\"inLanguage\":\"es\",\"@id\":\"https:\\\/\\\/loginfo24.com\\\/es\\\/2022\\\/08\\\/30\\\/sarah-kreienbuhl-reemplaza-a-lothar-harings-en-kuhnenagel\\\/#primaryimage\",\"url\":\"https:\\\/\\\/loginfo24.com\\\/wp-content\\\/uploads\\\/sites\\\/7\\\/2025\\\/12\\\/KuehneNagel_30.8.22.jpg\",\"contentUrl\":\"https:\\\/\\\/loginfo24.com\\\/wp-content\\\/uploads\\\/sites\\\/7\\\/2025\\\/12\\\/KuehneNagel_30.8.22.jpg\",\"width\":1404,\"height\":790},{\"@type\":\"BreadcrumbList\",\"@id\":\"https:\\\/\\\/loginfo24.com\\\/es\\\/2022\\\/08\\\/30\\\/sarah-kreienbuhl-reemplaza-a-lothar-harings-en-kuhnenagel\\\/#breadcrumb\",\"itemListElement\":[{\"@type\":\"ListItem\",\"position\":1,\"name\":\"Startseite\",\"item\":\"https:\\\/\\\/loginfo24.com\\\/es\\\/\"},{\"@type\":\"ListItem\",\"position\":2,\"name\":\"Sarah Kreienb\u00fchl reemplaza a Lothar Harings en K\u00fchne+Nagel\"}]},{\"@type\":\"WebSite\",\"@id\":\"https:\\\/\\\/loginfo24.com\\\/es\\\/#website\",\"url\":\"https:\\\/\\\/loginfo24.com\\\/es\\\/\",\"name\":\"Loginfo24\",\"description\":\"Loginfo24 es la plataforma dedicada a la log\u00edstica y las cadenas de suministro con informaci\u00f3n las 24 horas del d\u00eda.\",\"publisher\":{\"@id\":\"https:\\\/\\\/loginfo24.com\\\/es\\\/#organization\"},\"potentialAction\":[{\"@type\":\"SearchAction\",\"target\":{\"@type\":\"EntryPoint\",\"urlTemplate\":\"https:\\\/\\\/loginfo24.com\\\/es\\\/?s={search_term_string}\"},\"query-input\":{\"@type\":\"PropertyValueSpecification\",\"valueRequired\":true,\"valueName\":\"search_term_string\"}}],\"inLanguage\":\"es\"},{\"@type\":\"Organization\",\"@id\":\"https:\\\/\\\/loginfo24.com\\\/es\\\/#organization\",\"name\":\"Grupo Logismedia AG\",\"url\":\"https:\\\/\\\/loginfo24.com\\\/es\\\/\",\"logo\":{\"@type\":\"ImageObject\",\"inLanguage\":\"es\",\"@id\":\"https:\\\/\\\/loginfo24.com\\\/es\\\/#\\\/schema\\\/logo\\\/image\\\/\",\"url\":\"https:\\\/\\\/loginfo24.com\\\/wp-content\\\/uploads\\\/sites\\\/7\\\/2026\\\/01\\\/Logo_LogInfo24.png\",\"contentUrl\":\"https:\\\/\\\/loginfo24.com\\\/wp-content\\\/uploads\\\/sites\\\/7\\\/2026\\\/01\\\/Logo_LogInfo24.png\",\"width\":938,\"height\":351,\"caption\":\"Grupo Logismedia AG\"},\"image\":{\"@id\":\"https:\\\/\\\/loginfo24.com\\\/es\\\/#\\\/schema\\\/logo\\\/image\\\/\"},\"sameAs\":[\"https:\\\/\\\/www.facebook.com\\\/people\\\/Loginfo24\\\/100057360583332\\\/\",\"https:\\\/\\\/www.linkedin.com\\\/company\\\/lofinfo24\\\/\"]}]}<\/script>\n<!-- \/ Yoast SEO plugin. -->","yoast_head_json":{"title":"Sarah Kreienb\u00fchl reemplaza a Lothar Harings en K\u00fchne+Nagel - Loginfo24","robots":{"index":"index","follow":"follow","max-snippet":"max-snippet:-1","max-image-preview":"max-image-preview:large","max-video-preview":"max-video-preview:-1"},"canonical":"https:\/\/loginfo24.com\/es\/2022\/08\/30\/sarah-kreienbuhl-reemplaza-a-lothar-harings-en-kuhnenagel\/","og_locale":"es_ES","og_type":"article","og_title":"Sarah Kreienb\u00fchl reemplaza a Lothar Harings en K\u00fchne+Nagel - Loginfo24","og_description":"Sarah Kreienb\u00fchl ser\u00e1 a partir del 1 de abril de 2023 miembro de la direcci\u00f3n de K\u00fchne+Nagel International AG y jefa de personal, sucediendo a Lothar [\u2026]","og_url":"https:\/\/loginfo24.com\/es\/2022\/08\/30\/sarah-kreienbuhl-reemplaza-a-lothar-harings-en-kuhnenagel\/","og_site_name":"Loginfo24","article_publisher":"https:\/\/www.facebook.com\/people\/Loginfo24\/100057360583332\/","article_published_time":"2022-08-30T15:46:10+00:00","og_image":[{"width":1404,"height":790,"url":"https:\/\/loginfo24.com\/wp-content\/uploads\/sites\/7\/2025\/12\/KuehneNagel_30.8.22.jpg","type":"image\/jpeg"}],"twitter_card":"summary_large_image","twitter_misc":{"Tiempo de lectura":"1 minuto"},"schema":{"@context":"https:\/\/schema.org","@graph":[{"@type":"Article","@id":"https:\/\/loginfo24.com\/es\/2022\/08\/30\/sarah-kreienbuhl-reemplaza-a-lothar-harings-en-kuhnenagel\/#article","isPartOf":{"@id":"https:\/\/loginfo24.com\/es\/2022\/08\/30\/sarah-kreienbuhl-reemplaza-a-lothar-harings-en-kuhnenagel\/"},"author":{"name":"","@id":""},"headline":"Sarah Kreienb\u00fchl reemplaza a Lothar Harings en K\u00fchne+Nagel","datePublished":"2022-08-30T15:46:10+00:00","mainEntityOfPage":{"@id":"https:\/\/loginfo24.com\/es\/2022\/08\/30\/sarah-kreienbuhl-reemplaza-a-lothar-harings-en-kuhnenagel\/"},"wordCount":309,"commentCount":0,"publisher":{"@id":"https:\/\/loginfo24.com\/es\/#organization"},"image":{"@id":"https:\/\/loginfo24.com\/es\/2022\/08\/30\/sarah-kreienbuhl-reemplaza-a-lothar-harings-en-kuhnenagel\/#primaryimage"},"thumbnailUrl":"https:\/\/loginfo24.com\/wp-content\/uploads\/sites\/7\/2025\/12\/KuehneNagel_30.8.22.jpg","articleSection":["Categories","Forwarding &amp; Logistics","Regions"],"inLanguage":"es","potentialAction":[{"@type":"CommentAction","name":"Comment","target":["https:\/\/loginfo24.com\/es\/2022\/08\/30\/sarah-kreienbuhl-reemplaza-a-lothar-harings-en-kuhnenagel\/#respond"]}]},{"@type":"WebPage","@id":"https:\/\/loginfo24.com\/es\/2022\/08\/30\/sarah-kreienbuhl-reemplaza-a-lothar-harings-en-kuhnenagel\/","url":"https:\/\/loginfo24.com\/es\/2022\/08\/30\/sarah-kreienbuhl-reemplaza-a-lothar-harings-en-kuhnenagel\/","name":"Sarah Kreienb\u00fchl reemplaza a Lothar Harings en K\u00fchne+Nagel - Loginfo24","isPartOf":{"@id":"https:\/\/loginfo24.com\/es\/#website"},"primaryImageOfPage":{"@id":"https:\/\/loginfo24.com\/es\/2022\/08\/30\/sarah-kreienbuhl-reemplaza-a-lothar-harings-en-kuhnenagel\/#primaryimage"},"image":{"@id":"https:\/\/loginfo24.com\/es\/2022\/08\/30\/sarah-kreienbuhl-reemplaza-a-lothar-harings-en-kuhnenagel\/#primaryimage"},"thumbnailUrl":"https:\/\/loginfo24.com\/wp-content\/uploads\/sites\/7\/2025\/12\/KuehneNagel_30.8.22.jpg","datePublished":"2022-08-30T15:46:10+00:00","breadcrumb":{"@id":"https:\/\/loginfo24.com\/es\/2022\/08\/30\/sarah-kreienbuhl-reemplaza-a-lothar-harings-en-kuhnenagel\/#breadcrumb"},"inLanguage":"es","potentialAction":[{"@type":"ReadAction","target":["https:\/\/loginfo24.com\/es\/2022\/08\/30\/sarah-kreienbuhl-reemplaza-a-lothar-harings-en-kuhnenagel\/"]}]},{"@type":"ImageObject","inLanguage":"es","@id":"https:\/\/loginfo24.com\/es\/2022\/08\/30\/sarah-kreienbuhl-reemplaza-a-lothar-harings-en-kuhnenagel\/#primaryimage","url":"https:\/\/loginfo24.com\/wp-content\/uploads\/sites\/7\/2025\/12\/KuehneNagel_30.8.22.jpg","contentUrl":"https:\/\/loginfo24.com\/wp-content\/uploads\/sites\/7\/2025\/12\/KuehneNagel_30.8.22.jpg","width":1404,"height":790},{"@type":"BreadcrumbList","@id":"https:\/\/loginfo24.com\/es\/2022\/08\/30\/sarah-kreienbuhl-reemplaza-a-lothar-harings-en-kuhnenagel\/#breadcrumb","itemListElement":[{"@type":"ListItem","position":1,"name":"Startseite","item":"https:\/\/loginfo24.com\/es\/"},{"@type":"ListItem","position":2,"name":"Sarah Kreienb\u00fchl reemplaza a Lothar Harings en K\u00fchne+Nagel"}]},{"@type":"WebSite","@id":"https:\/\/loginfo24.com\/es\/#website","url":"https:\/\/loginfo24.com\/es\/","name":"Loginfo24","description":"Loginfo24 es la plataforma dedicada a la log\u00edstica y las cadenas de suministro con informaci\u00f3n las 24 horas del d\u00eda.","publisher":{"@id":"https:\/\/loginfo24.com\/es\/#organization"},"potentialAction":[{"@type":"SearchAction","target":{"@type":"EntryPoint","urlTemplate":"https:\/\/loginfo24.com\/es\/?s={search_term_string}"},"query-input":{"@type":"PropertyValueSpecification","valueRequired":true,"valueName":"search_term_string"}}],"inLanguage":"es"},{"@type":"Organization","@id":"https:\/\/loginfo24.com\/es\/#organization","name":"Grupo Logismedia AG","url":"https:\/\/loginfo24.com\/es\/","logo":{"@type":"ImageObject","inLanguage":"es","@id":"https:\/\/loginfo24.com\/es\/#\/schema\/logo\/image\/","url":"https:\/\/loginfo24.com\/wp-content\/uploads\/sites\/7\/2026\/01\/Logo_LogInfo24.png","contentUrl":"https:\/\/loginfo24.com\/wp-content\/uploads\/sites\/7\/2026\/01\/Logo_LogInfo24.png","width":938,"height":351,"caption":"Grupo Logismedia AG"},"image":{"@id":"https:\/\/loginfo24.com\/es\/#\/schema\/logo\/image\/"},"sameAs":["https:\/\/www.facebook.com\/people\/Loginfo24\/100057360583332\/","https:\/\/www.linkedin.com\/company\/lofinfo24\/"]}]}},"_links":{"self":[{"href":"https:\/\/loginfo24.com\/es\/wp-json\/wp\/v2\/posts\/58115","targetHints":{"allow":["GET"]}}],"collection":[{"href":"https:\/\/loginfo24.com\/es\/wp-json\/wp\/v2\/posts"}],"about":[{"href":"https:\/\/loginfo24.com\/es\/wp-json\/wp\/v2\/types\/post"}],"replies":[{"embeddable":true,"href":"https:\/\/loginfo24.com\/es\/wp-json\/wp\/v2\/comments?post=58115"}],"version-history":[{"count":0,"href":"https:\/\/loginfo24.com\/es\/wp-json\/wp\/v2\/posts\/58115\/revisions"}],"wp:featuredmedia":[{"embeddable":true,"href":"https:\/\/loginfo24.com\/es\/wp-json\/wp\/v2\/media\/9523"}],"wp:attachment":[{"href":"https:\/\/loginfo24.com\/es\/wp-json\/wp\/v2\/media?parent=58115"}],"wp:term":[{"taxonomy":"category","embeddable":true,"href":"https:\/\/loginfo24.com\/es\/wp-json\/wp\/v2\/categories?post=58115"},{"taxonomy":"post_tag","embeddable":true,"href":"https:\/\/loginfo24.com\/es\/wp-json\/wp\/v2\/tags?post=58115"}],"curies":[{"name":"wp","href":"https:\/\/api.w.org\/{rel}","templated":true}]}}