{"id":57802,"date":"2022-08-13T18:48:17","date_gmt":"2022-08-13T16:48:17","guid":{"rendered":"https:\/\/blog.brand-architecture.at\/2022\/08\/13\/l-i-t-cargo-y-l-i-t-air-sea-amplian-sus-direcciones\/"},"modified":"2022-08-13T18:48:17","modified_gmt":"2022-08-13T16:48:17","slug":"l-i-t-cargo-y-l-i-t-air-sea-amplian-sus-direcciones","status":"publish","type":"post","link":"https:\/\/loginfo24.com\/es\/2022\/08\/13\/l-i-t-cargo-y-l-i-t-air-sea-amplian-sus-direcciones\/","title":{"rendered":"L.I.T. Cargo y L.I.T. Air &amp; Sea ampl\u00edan sus direcciones"},"content":{"rendered":"<h5><strong>El grupo L.I.T. ampl\u00eda la direcci\u00f3n de dos de sus filiales: Desde el 1 de julio de 2022, Robert Hennemann dirige junto con Ingo Schreiber L.I.T. Cargo GmbH, mientras que Michael Borowski ha sido nombrado junto a Simeon Breuer en el equipo directivo de L.I.T. Air &amp; Sea GmbH. Ambos ya han asumido tareas operativas como apoderados.<\/strong><\/h5>\n<p>(Brake) Con la ampliaci\u00f3n de la direcci\u00f3n, el grupo empresarial L.I.T. de Brake responde al fuerte crecimiento de ambas sociedades. \u00abCon el nombramiento de Michael Borowski y Robert Hennemann, enviamos una se\u00f1al clara sobre la direcci\u00f3n estrat\u00e9gica de nuestras dos empresas. Queremos continuar con los desarrollos extremadamente positivos. Ambos ya han ocupado funciones de liderazgo y han demostrado su val\u00eda\u00bb, dice Simeon Breuer, director general de L.I.T. Speditions GmbH y miembro del consejo de L.I.T. AG.<\/p>\n<h5><strong>Desarrollos futuros establecidos sobre una base s\u00f3lida<\/strong><\/h5>\n<p>A partir de ahora, Breuer ser\u00e1 apoyado por Michael Borowski como director general de L.I.T. Air &amp; Sea GmbH. Robert Hennemann dirige junto con Ingo Schreiber los destinos de L.I.T. Cargo GmbH. Con la ampliaci\u00f3n de la direcci\u00f3n, el grupo empresarial de Brake establece los desarrollos futuros sobre una base s\u00f3lida.<\/p>\n<h5><strong>Alta competencia profesional<\/strong><\/h5>\n<p>Mientras que Michael Borowski forma parte del grupo L.I.T. desde 2018 y ha trabajado, entre otras cosas, como gerente operativo de Air &amp; Sea, Robert Hennemann es un producto interno. Su formaci\u00f3n la realiz\u00f3 en la sede de Minden. En sus m\u00e1s de 20 a\u00f1os en L.I.T., el hoy de 42 a\u00f1os fue hasta 2014 director operativo de S.L. Systemlogistik GmbH, que forma parte del grupo empresarial. En los \u00faltimos a\u00f1os, ha sido responsable de los negocios operativos y, en particular, de la gesti\u00f3n del personal de conducci\u00f3n de L.I.T. Cargo. \u00abAmbos no solo poseen una competencia profesional enormemente alta, sino que son importantes puntos de contacto para los empleados. Por lo tanto, fue un paso l\u00f3gico para nosotros ampliar su \u00e1mbito de responsabilidad\u00bb, dice Breuer.<\/p>\n<p>Foto: \u00a9 L.I.T. \/ <strong><em>Pie de foto:<\/em><\/strong><em> Desde el 1 de julio de 2022, Michael Borowski (izq.) complementa la direcci\u00f3n de L.I.T. Air &amp; Sea GmbH junto a Simeon Breuer (2.dcha.). Robert Hennemann (2.izq.) dirige junto con Ingo Schreiber (der.) L.I.T. Cargo GmbH<\/em><\/p>\n","protected":false},"excerpt":{"rendered":"<p>El grupo L.I.T. ampl\u00eda la direcci\u00f3n de dos de sus filiales: Desde el 1 de julio de 2022, Robert Hennemann dirige junto con Ingo Schreiber L.I.T.<span class=\"excerpt-hellip\"> [\u2026]<\/span><\/p>\n","protected":false},"author":0,"featured_media":9676,"comment_status":"open","ping_status":"open","sticky":false,"template":"","format":"standard","meta":{"_acf_changed":false,"footnotes":""},"categories":[1558,1557,1556,1561,1559],"tags":[],"class_list":["post-57802","post","type-post","status-publish","format-standard","has-post-thumbnail","hentry","category-air-freight","category-forwarding-logistics","category-intermodal-road","category-regions","category-shipping-ports"],"acf":[],"yoast_head":"<!-- This site is optimized with the Yoast SEO plugin v27.3 - https:\/\/yoast.com\/product\/yoast-seo-wordpress\/ -->\n<title>L.I.T. Cargo y L.I.T. Air &amp; Sea ampl\u00edan sus direcciones - Loginfo24<\/title>\n<meta name=\"robots\" content=\"index, follow, max-snippet:-1, max-image-preview:large, max-video-preview:-1\" \/>\n<link rel=\"canonical\" href=\"https:\/\/loginfo24.com\/es\/2022\/08\/13\/l-i-t-cargo-y-l-i-t-air-sea-amplian-sus-direcciones\/\" \/>\n<meta property=\"og:locale\" content=\"es_ES\" \/>\n<meta property=\"og:type\" content=\"article\" \/>\n<meta property=\"og:title\" content=\"L.I.T. Cargo y L.I.T. Air &amp; Sea ampl\u00edan sus direcciones - Loginfo24\" \/>\n<meta property=\"og:description\" content=\"El grupo L.I.T. ampl\u00eda la direcci\u00f3n de dos de sus filiales: Desde el 1 de julio de 2022, Robert Hennemann dirige junto con Ingo Schreiber L.I.T. [\u2026]\" \/>\n<meta property=\"og:url\" content=\"https:\/\/loginfo24.com\/es\/2022\/08\/13\/l-i-t-cargo-y-l-i-t-air-sea-amplian-sus-direcciones\/\" \/>\n<meta property=\"og:site_name\" content=\"Loginfo24\" \/>\n<meta property=\"article:publisher\" content=\"https:\/\/www.facebook.com\/people\/Loginfo24\/100057360583332\/\" \/>\n<meta property=\"article:published_time\" content=\"2022-08-13T16:48:17+00:00\" \/>\n<meta property=\"og:image\" content=\"https:\/\/loginfo24.com\/wp-content\/uploads\/sites\/7\/2025\/12\/LIT_13.8.22.jpg\" \/>\n\t<meta property=\"og:image:width\" content=\"1739\" \/>\n\t<meta property=\"og:image:height\" content=\"756\" \/>\n\t<meta property=\"og:image:type\" content=\"image\/jpeg\" \/>\n<meta name=\"twitter:card\" content=\"summary_large_image\" \/>\n<meta name=\"twitter:label1\" content=\"Tiempo de lectura\" \/>\n\t<meta name=\"twitter:data1\" content=\"2 minuto\" \/>\n<script type=\"application\/ld+json\" class=\"yoast-schema-graph\">{\"@context\":\"https:\\\/\\\/schema.org\",\"@graph\":[{\"@type\":\"Article\",\"@id\":\"https:\\\/\\\/loginfo24.com\\\/es\\\/2022\\\/08\\\/13\\\/l-i-t-cargo-y-l-i-t-air-sea-amplian-sus-direcciones\\\/#article\",\"isPartOf\":{\"@id\":\"https:\\\/\\\/loginfo24.com\\\/es\\\/2022\\\/08\\\/13\\\/l-i-t-cargo-y-l-i-t-air-sea-amplian-sus-direcciones\\\/\"},\"author\":{\"name\":\"\",\"@id\":\"\"},\"headline\":\"L.I.T. Cargo y L.I.T. Air &amp; Sea ampl\u00edan sus direcciones\",\"datePublished\":\"2022-08-13T16:48:17+00:00\",\"mainEntityOfPage\":{\"@id\":\"https:\\\/\\\/loginfo24.com\\\/es\\\/2022\\\/08\\\/13\\\/l-i-t-cargo-y-l-i-t-air-sea-amplian-sus-direcciones\\\/\"},\"wordCount\":418,\"commentCount\":0,\"publisher\":{\"@id\":\"https:\\\/\\\/loginfo24.com\\\/es\\\/#organization\"},\"image\":{\"@id\":\"https:\\\/\\\/loginfo24.com\\\/es\\\/2022\\\/08\\\/13\\\/l-i-t-cargo-y-l-i-t-air-sea-amplian-sus-direcciones\\\/#primaryimage\"},\"thumbnailUrl\":\"https:\\\/\\\/loginfo24.com\\\/wp-content\\\/uploads\\\/sites\\\/7\\\/2025\\\/12\\\/LIT_13.8.22.jpg\",\"articleSection\":[\"Air Freight\",\"Forwarding &amp; Logistics\",\"Intermodal \\\/ Road\",\"Regions\",\"Shipping &amp; Ports\"],\"inLanguage\":\"es\",\"potentialAction\":[{\"@type\":\"CommentAction\",\"name\":\"Comment\",\"target\":[\"https:\\\/\\\/loginfo24.com\\\/es\\\/2022\\\/08\\\/13\\\/l-i-t-cargo-y-l-i-t-air-sea-amplian-sus-direcciones\\\/#respond\"]}]},{\"@type\":\"WebPage\",\"@id\":\"https:\\\/\\\/loginfo24.com\\\/es\\\/2022\\\/08\\\/13\\\/l-i-t-cargo-y-l-i-t-air-sea-amplian-sus-direcciones\\\/\",\"url\":\"https:\\\/\\\/loginfo24.com\\\/es\\\/2022\\\/08\\\/13\\\/l-i-t-cargo-y-l-i-t-air-sea-amplian-sus-direcciones\\\/\",\"name\":\"L.I.T. Cargo y L.I.T. Air &amp; Sea ampl\u00edan sus direcciones - Loginfo24\",\"isPartOf\":{\"@id\":\"https:\\\/\\\/loginfo24.com\\\/es\\\/#website\"},\"primaryImageOfPage\":{\"@id\":\"https:\\\/\\\/loginfo24.com\\\/es\\\/2022\\\/08\\\/13\\\/l-i-t-cargo-y-l-i-t-air-sea-amplian-sus-direcciones\\\/#primaryimage\"},\"image\":{\"@id\":\"https:\\\/\\\/loginfo24.com\\\/es\\\/2022\\\/08\\\/13\\\/l-i-t-cargo-y-l-i-t-air-sea-amplian-sus-direcciones\\\/#primaryimage\"},\"thumbnailUrl\":\"https:\\\/\\\/loginfo24.com\\\/wp-content\\\/uploads\\\/sites\\\/7\\\/2025\\\/12\\\/LIT_13.8.22.jpg\",\"datePublished\":\"2022-08-13T16:48:17+00:00\",\"breadcrumb\":{\"@id\":\"https:\\\/\\\/loginfo24.com\\\/es\\\/2022\\\/08\\\/13\\\/l-i-t-cargo-y-l-i-t-air-sea-amplian-sus-direcciones\\\/#breadcrumb\"},\"inLanguage\":\"es\",\"potentialAction\":[{\"@type\":\"ReadAction\",\"target\":[\"https:\\\/\\\/loginfo24.com\\\/es\\\/2022\\\/08\\\/13\\\/l-i-t-cargo-y-l-i-t-air-sea-amplian-sus-direcciones\\\/\"]}]},{\"@type\":\"ImageObject\",\"inLanguage\":\"es\",\"@id\":\"https:\\\/\\\/loginfo24.com\\\/es\\\/2022\\\/08\\\/13\\\/l-i-t-cargo-y-l-i-t-air-sea-amplian-sus-direcciones\\\/#primaryimage\",\"url\":\"https:\\\/\\\/loginfo24.com\\\/wp-content\\\/uploads\\\/sites\\\/7\\\/2025\\\/12\\\/LIT_13.8.22.jpg\",\"contentUrl\":\"https:\\\/\\\/loginfo24.com\\\/wp-content\\\/uploads\\\/sites\\\/7\\\/2025\\\/12\\\/LIT_13.8.22.jpg\",\"width\":1739,\"height\":756},{\"@type\":\"BreadcrumbList\",\"@id\":\"https:\\\/\\\/loginfo24.com\\\/es\\\/2022\\\/08\\\/13\\\/l-i-t-cargo-y-l-i-t-air-sea-amplian-sus-direcciones\\\/#breadcrumb\",\"itemListElement\":[{\"@type\":\"ListItem\",\"position\":1,\"name\":\"Startseite\",\"item\":\"https:\\\/\\\/loginfo24.com\\\/es\\\/\"},{\"@type\":\"ListItem\",\"position\":2,\"name\":\"L.I.T. Cargo y L.I.T. Air &amp; Sea ampl\u00edan sus direcciones\"}]},{\"@type\":\"WebSite\",\"@id\":\"https:\\\/\\\/loginfo24.com\\\/es\\\/#website\",\"url\":\"https:\\\/\\\/loginfo24.com\\\/es\\\/\",\"name\":\"Loginfo24\",\"description\":\"Loginfo24 es la plataforma dedicada a la log\u00edstica y las cadenas de suministro con informaci\u00f3n las 24 horas del d\u00eda.\",\"publisher\":{\"@id\":\"https:\\\/\\\/loginfo24.com\\\/es\\\/#organization\"},\"potentialAction\":[{\"@type\":\"SearchAction\",\"target\":{\"@type\":\"EntryPoint\",\"urlTemplate\":\"https:\\\/\\\/loginfo24.com\\\/es\\\/?s={search_term_string}\"},\"query-input\":{\"@type\":\"PropertyValueSpecification\",\"valueRequired\":true,\"valueName\":\"search_term_string\"}}],\"inLanguage\":\"es\"},{\"@type\":\"Organization\",\"@id\":\"https:\\\/\\\/loginfo24.com\\\/es\\\/#organization\",\"name\":\"Grupo Logismedia AG\",\"url\":\"https:\\\/\\\/loginfo24.com\\\/es\\\/\",\"logo\":{\"@type\":\"ImageObject\",\"inLanguage\":\"es\",\"@id\":\"https:\\\/\\\/loginfo24.com\\\/es\\\/#\\\/schema\\\/logo\\\/image\\\/\",\"url\":\"https:\\\/\\\/loginfo24.com\\\/wp-content\\\/uploads\\\/sites\\\/7\\\/2026\\\/01\\\/Logo_LogInfo24.png\",\"contentUrl\":\"https:\\\/\\\/loginfo24.com\\\/wp-content\\\/uploads\\\/sites\\\/7\\\/2026\\\/01\\\/Logo_LogInfo24.png\",\"width\":938,\"height\":351,\"caption\":\"Grupo Logismedia AG\"},\"image\":{\"@id\":\"https:\\\/\\\/loginfo24.com\\\/es\\\/#\\\/schema\\\/logo\\\/image\\\/\"},\"sameAs\":[\"https:\\\/\\\/www.facebook.com\\\/people\\\/Loginfo24\\\/100057360583332\\\/\",\"https:\\\/\\\/www.linkedin.com\\\/company\\\/lofinfo24\\\/\"]}]}<\/script>\n<!-- \/ Yoast SEO plugin. -->","yoast_head_json":{"title":"L.I.T. Cargo y L.I.T. Air &amp; Sea ampl\u00edan sus direcciones - Loginfo24","robots":{"index":"index","follow":"follow","max-snippet":"max-snippet:-1","max-image-preview":"max-image-preview:large","max-video-preview":"max-video-preview:-1"},"canonical":"https:\/\/loginfo24.com\/es\/2022\/08\/13\/l-i-t-cargo-y-l-i-t-air-sea-amplian-sus-direcciones\/","og_locale":"es_ES","og_type":"article","og_title":"L.I.T. Cargo y L.I.T. Air &amp; Sea ampl\u00edan sus direcciones - Loginfo24","og_description":"El grupo L.I.T. ampl\u00eda la direcci\u00f3n de dos de sus filiales: Desde el 1 de julio de 2022, Robert Hennemann dirige junto con Ingo Schreiber L.I.T. [\u2026]","og_url":"https:\/\/loginfo24.com\/es\/2022\/08\/13\/l-i-t-cargo-y-l-i-t-air-sea-amplian-sus-direcciones\/","og_site_name":"Loginfo24","article_publisher":"https:\/\/www.facebook.com\/people\/Loginfo24\/100057360583332\/","article_published_time":"2022-08-13T16:48:17+00:00","og_image":[{"width":1739,"height":756,"url":"https:\/\/loginfo24.com\/wp-content\/uploads\/sites\/7\/2025\/12\/LIT_13.8.22.jpg","type":"image\/jpeg"}],"twitter_card":"summary_large_image","twitter_misc":{"Tiempo de lectura":"2 minuto"},"schema":{"@context":"https:\/\/schema.org","@graph":[{"@type":"Article","@id":"https:\/\/loginfo24.com\/es\/2022\/08\/13\/l-i-t-cargo-y-l-i-t-air-sea-amplian-sus-direcciones\/#article","isPartOf":{"@id":"https:\/\/loginfo24.com\/es\/2022\/08\/13\/l-i-t-cargo-y-l-i-t-air-sea-amplian-sus-direcciones\/"},"author":{"name":"","@id":""},"headline":"L.I.T. Cargo y L.I.T. Air &amp; Sea ampl\u00edan sus direcciones","datePublished":"2022-08-13T16:48:17+00:00","mainEntityOfPage":{"@id":"https:\/\/loginfo24.com\/es\/2022\/08\/13\/l-i-t-cargo-y-l-i-t-air-sea-amplian-sus-direcciones\/"},"wordCount":418,"commentCount":0,"publisher":{"@id":"https:\/\/loginfo24.com\/es\/#organization"},"image":{"@id":"https:\/\/loginfo24.com\/es\/2022\/08\/13\/l-i-t-cargo-y-l-i-t-air-sea-amplian-sus-direcciones\/#primaryimage"},"thumbnailUrl":"https:\/\/loginfo24.com\/wp-content\/uploads\/sites\/7\/2025\/12\/LIT_13.8.22.jpg","articleSection":["Air Freight","Forwarding &amp; Logistics","Intermodal \/ Road","Regions","Shipping &amp; Ports"],"inLanguage":"es","potentialAction":[{"@type":"CommentAction","name":"Comment","target":["https:\/\/loginfo24.com\/es\/2022\/08\/13\/l-i-t-cargo-y-l-i-t-air-sea-amplian-sus-direcciones\/#respond"]}]},{"@type":"WebPage","@id":"https:\/\/loginfo24.com\/es\/2022\/08\/13\/l-i-t-cargo-y-l-i-t-air-sea-amplian-sus-direcciones\/","url":"https:\/\/loginfo24.com\/es\/2022\/08\/13\/l-i-t-cargo-y-l-i-t-air-sea-amplian-sus-direcciones\/","name":"L.I.T. Cargo y L.I.T. Air &amp; Sea ampl\u00edan sus direcciones - Loginfo24","isPartOf":{"@id":"https:\/\/loginfo24.com\/es\/#website"},"primaryImageOfPage":{"@id":"https:\/\/loginfo24.com\/es\/2022\/08\/13\/l-i-t-cargo-y-l-i-t-air-sea-amplian-sus-direcciones\/#primaryimage"},"image":{"@id":"https:\/\/loginfo24.com\/es\/2022\/08\/13\/l-i-t-cargo-y-l-i-t-air-sea-amplian-sus-direcciones\/#primaryimage"},"thumbnailUrl":"https:\/\/loginfo24.com\/wp-content\/uploads\/sites\/7\/2025\/12\/LIT_13.8.22.jpg","datePublished":"2022-08-13T16:48:17+00:00","breadcrumb":{"@id":"https:\/\/loginfo24.com\/es\/2022\/08\/13\/l-i-t-cargo-y-l-i-t-air-sea-amplian-sus-direcciones\/#breadcrumb"},"inLanguage":"es","potentialAction":[{"@type":"ReadAction","target":["https:\/\/loginfo24.com\/es\/2022\/08\/13\/l-i-t-cargo-y-l-i-t-air-sea-amplian-sus-direcciones\/"]}]},{"@type":"ImageObject","inLanguage":"es","@id":"https:\/\/loginfo24.com\/es\/2022\/08\/13\/l-i-t-cargo-y-l-i-t-air-sea-amplian-sus-direcciones\/#primaryimage","url":"https:\/\/loginfo24.com\/wp-content\/uploads\/sites\/7\/2025\/12\/LIT_13.8.22.jpg","contentUrl":"https:\/\/loginfo24.com\/wp-content\/uploads\/sites\/7\/2025\/12\/LIT_13.8.22.jpg","width":1739,"height":756},{"@type":"BreadcrumbList","@id":"https:\/\/loginfo24.com\/es\/2022\/08\/13\/l-i-t-cargo-y-l-i-t-air-sea-amplian-sus-direcciones\/#breadcrumb","itemListElement":[{"@type":"ListItem","position":1,"name":"Startseite","item":"https:\/\/loginfo24.com\/es\/"},{"@type":"ListItem","position":2,"name":"L.I.T. Cargo y L.I.T. Air &amp; Sea ampl\u00edan sus direcciones"}]},{"@type":"WebSite","@id":"https:\/\/loginfo24.com\/es\/#website","url":"https:\/\/loginfo24.com\/es\/","name":"Loginfo24","description":"Loginfo24 es la plataforma dedicada a la log\u00edstica y las cadenas de suministro con informaci\u00f3n las 24 horas del d\u00eda.","publisher":{"@id":"https:\/\/loginfo24.com\/es\/#organization"},"potentialAction":[{"@type":"SearchAction","target":{"@type":"EntryPoint","urlTemplate":"https:\/\/loginfo24.com\/es\/?s={search_term_string}"},"query-input":{"@type":"PropertyValueSpecification","valueRequired":true,"valueName":"search_term_string"}}],"inLanguage":"es"},{"@type":"Organization","@id":"https:\/\/loginfo24.com\/es\/#organization","name":"Grupo Logismedia AG","url":"https:\/\/loginfo24.com\/es\/","logo":{"@type":"ImageObject","inLanguage":"es","@id":"https:\/\/loginfo24.com\/es\/#\/schema\/logo\/image\/","url":"https:\/\/loginfo24.com\/wp-content\/uploads\/sites\/7\/2026\/01\/Logo_LogInfo24.png","contentUrl":"https:\/\/loginfo24.com\/wp-content\/uploads\/sites\/7\/2026\/01\/Logo_LogInfo24.png","width":938,"height":351,"caption":"Grupo Logismedia AG"},"image":{"@id":"https:\/\/loginfo24.com\/es\/#\/schema\/logo\/image\/"},"sameAs":["https:\/\/www.facebook.com\/people\/Loginfo24\/100057360583332\/","https:\/\/www.linkedin.com\/company\/lofinfo24\/"]}]}},"_links":{"self":[{"href":"https:\/\/loginfo24.com\/es\/wp-json\/wp\/v2\/posts\/57802","targetHints":{"allow":["GET"]}}],"collection":[{"href":"https:\/\/loginfo24.com\/es\/wp-json\/wp\/v2\/posts"}],"about":[{"href":"https:\/\/loginfo24.com\/es\/wp-json\/wp\/v2\/types\/post"}],"replies":[{"embeddable":true,"href":"https:\/\/loginfo24.com\/es\/wp-json\/wp\/v2\/comments?post=57802"}],"version-history":[{"count":0,"href":"https:\/\/loginfo24.com\/es\/wp-json\/wp\/v2\/posts\/57802\/revisions"}],"wp:featuredmedia":[{"embeddable":true,"href":"https:\/\/loginfo24.com\/es\/wp-json\/wp\/v2\/media\/9676"}],"wp:attachment":[{"href":"https:\/\/loginfo24.com\/es\/wp-json\/wp\/v2\/media?parent=57802"}],"wp:term":[{"taxonomy":"category","embeddable":true,"href":"https:\/\/loginfo24.com\/es\/wp-json\/wp\/v2\/categories?post=57802"},{"taxonomy":"post_tag","embeddable":true,"href":"https:\/\/loginfo24.com\/es\/wp-json\/wp\/v2\/tags?post=57802"}],"curies":[{"name":"wp","href":"https:\/\/api.w.org\/{rel}","templated":true}]}}