{"id":57198,"date":"2022-06-28T15:40:14","date_gmt":"2022-06-28T13:40:14","guid":{"rendered":"https:\/\/blog.brand-architecture.at\/2022\/06\/28\/duisport-y-el-puerto-de-amsterdam-unen-fuerzas\/"},"modified":"2022-06-28T15:40:14","modified_gmt":"2022-06-28T13:40:14","slug":"duisport-y-el-puerto-de-amsterdam-unen-fuerzas","status":"publish","type":"post","link":"https:\/\/loginfo24.com\/es\/2022\/06\/28\/duisport-y-el-puerto-de-amsterdam-unen-fuerzas\/","title":{"rendered":"Duisport y el puerto de \u00c1msterdam unen fuerzas"},"content":{"rendered":"<h5><strong>El puerto de \u00c1msterdam y duisport ampliar\u00e1n su colaboraci\u00f3n a largo plazo. Markus Bangen, CEO de duisport, y Koen Overtoom, CEO del puerto de \u00c1msterdam, han anunciado que los puertos desarrollar\u00e1n conjuntamente la cadena de valor del hidr\u00f3geno y su red de hinterland. Para subrayar el compromiso de sus organizaciones con estos objetivos comunes, ambos CEOs han firmado una carta de intenciones.<\/strong><\/h5>\n<p>(Duisburgo\/\u00c1msterdam) Los puertos de \u00c1msterdam y Duisburgo est\u00e1n directamente conectados a trav\u00e9s del Rin y varias rutas terrestres, y cumplen funciones importantes como nodos log\u00edsticos para el hinterland europeo. Ambos puertos tienen una importancia hist\u00f3rica en el establecimiento y desarrollo de importantes flujos comerciales entre Alemania y los Pa\u00edses Bajos. La asociaci\u00f3n existente, que se refleja en la sociedad conjunta Hafen Duisburg \/ Amsterdam Beteiligungsgesellschaft mbH, entrar\u00e1 ahora en una nueva fase.<\/p>\n<h5><strong>Desarrollo de la cadena de valor para portadores de hidr\u00f3geno verde<\/strong><\/h5>\n<p>Ambos puertos tienen grandes ambiciones en el sector energ\u00e9tico y quieren desempe\u00f1ar un papel de liderazgo en la transici\u00f3n hacia fuentes de energ\u00eda sostenibles y renovables. Por lo tanto, el puerto de \u00c1msterdam y duisport explorar\u00e1n conjuntamente el potencial de diversas tecnolog\u00edas de portadores de hidr\u00f3geno para establecer una cadena de suministro internacional de hidr\u00f3geno a escala comercial. La importaci\u00f3n, el almacenamiento y la distribuci\u00f3n de portadores de hidr\u00f3geno verde juegan un papel crucial en la transici\u00f3n energ\u00e9tica en la industria y en el sector mar\u00edtimo. El puerto de \u00c1msterdam es parte del consorcio H2A, que busca la importaci\u00f3n de un mill\u00f3n de toneladas de hidr\u00f3geno verde en el puerto de \u00c1msterdam e incluye a varios actores clave de la industria del hidr\u00f3geno. El proyecto H2A forma una plataforma \u00fanica que ahora puede conectarse con duisport para crear una cadena de valor continua para portadores de hidr\u00f3geno verde entre ambos puertos.<\/p>\n<p>Koen Overtoom, CEO del puerto de \u00c1msterdam: \u00abEstoy muy contento de anunciar la asociaci\u00f3n entre duisport y el puerto de \u00c1msterdam. Ambos puertos han reconocido lo importante que es desarrollar juntos nuevos corredores para portadores de energ\u00eda sostenibles, con el fin de descarbonizar las cadenas de suministro internacionales. Esta asociaci\u00f3n fortalece nuestras iniciativas estrat\u00e9gicas, que tienen como objetivo asumir un papel de liderazgo en la facilitaci\u00f3n de la transici\u00f3n energ\u00e9tica, y complementa nuestra s\u00f3lida colaboraci\u00f3n con nuestros socios de confianza.\u00bb<\/p>\n<p>Markus Bangen, CEO de duisport: \u00abCon la expansi\u00f3n de nuestra asociaci\u00f3n de confianza con el puerto de \u00c1msterdam, enviamos una se\u00f1al importante m\u00e1s all\u00e1 de las fronteras nacionales: solo juntos podemos enfrentar desaf\u00edos globales como la transici\u00f3n energ\u00e9tica. Por lo tanto, espero una colaboraci\u00f3n a\u00fan m\u00e1s estrecha para avanzar r\u00e1pidamente en el desarrollo de una red de hidr\u00f3geno a nivel europeo y fortalecer nuestra funci\u00f3n como un centro log\u00edstico central para Europa.\u00bb<\/p>\n<h5><strong>Red de hinterland conjunta<\/strong><\/h5>\n<p>Adem\u00e1s del desarrollo de la cadena de valor del hidr\u00f3geno verde, duisport y el puerto de \u00c1msterdam llevar\u00e1n a cabo proyectos comerciales conjuntos para seguir ampliando sus redes de hinterland. \u00c1msterdam y Duisburgo est\u00e1n bien conectados a trav\u00e9s de corredores de navegaci\u00f3n interior, terrestres y ferroviarios, y se encuentran en una ubicaci\u00f3n central dentro de la extensa red europea. Adem\u00e1s de las conexiones diarias de navegaci\u00f3n interior existentes, se estableci\u00f3 un servicio de tren \u00c1msterdam - Duisburgo en 2019. Este servicio forma un corredor importante que conecta directamente las redes de transporte mar\u00edtimo de corta distancia e intermodales de ambos puertos.<\/p>\n<p>A trav\u00e9s de la participaci\u00f3n activa en proyectos comerciales conjuntos y la conexi\u00f3n de sus redes comunitarias portuarias, duisport y el puerto de \u00c1msterdam quieren realizar su objetivo com\u00fan de expandir sus redes de hinterland, fomentar el cambio modal y promover conexiones de transporte multimodal sostenibles a trav\u00e9s del transporte ferroviario, la navegaci\u00f3n interior y conexiones de transporte mar\u00edtimo de corta distancia entre los puertos y otros destinos europeos.<\/p>\n<p>Foto: \u00a9 Max Dijksterhuis \/ <strong><em>Pie de foto<\/em><\/strong><em> (de izq. a der.): Markus Bangen, CEO de duisport, y Koen Overtoom, CEO del puerto de \u00c1msterdam. <\/em><\/p>\n","protected":false},"excerpt":{"rendered":"<p>El puerto de \u00c1msterdam y duisport ampliar\u00e1n su colaboraci\u00f3n a largo plazo. Markus Bangen, CEO de duisport, y Koen Overtoom, CEO del puerto de \u00c1msterdam, han<span class=\"excerpt-hellip\"> [\u2026]<\/span><\/p>\n","protected":false},"author":0,"featured_media":9928,"comment_status":"open","ping_status":"open","sticky":false,"template":"","format":"standard","meta":{"_acf_changed":false,"footnotes":""},"categories":[1557,1561,1559],"tags":[],"class_list":["post-57198","post","type-post","status-publish","format-standard","has-post-thumbnail","hentry","category-forwarding-logistics","category-regions","category-shipping-ports"],"acf":[],"yoast_head":"<!-- This site is optimized with the Yoast SEO plugin v27.3 - https:\/\/yoast.com\/product\/yoast-seo-wordpress\/ -->\n<title>Duisport y el puerto de \u00c1msterdam unen fuerzas - Loginfo24<\/title>\n<meta name=\"robots\" content=\"index, follow, max-snippet:-1, max-image-preview:large, max-video-preview:-1\" \/>\n<link rel=\"canonical\" href=\"https:\/\/loginfo24.com\/es\/2022\/06\/28\/duisport-y-el-puerto-de-amsterdam-unen-fuerzas\/\" \/>\n<meta property=\"og:locale\" content=\"es_ES\" \/>\n<meta property=\"og:type\" content=\"article\" \/>\n<meta property=\"og:title\" content=\"Duisport y el puerto de \u00c1msterdam unen fuerzas - Loginfo24\" \/>\n<meta property=\"og:description\" content=\"El puerto de \u00c1msterdam y duisport ampliar\u00e1n su colaboraci\u00f3n a largo plazo. Markus Bangen, CEO de duisport, y Koen Overtoom, CEO del puerto de \u00c1msterdam, han [\u2026]\" \/>\n<meta property=\"og:url\" content=\"https:\/\/loginfo24.com\/es\/2022\/06\/28\/duisport-y-el-puerto-de-amsterdam-unen-fuerzas\/\" \/>\n<meta property=\"og:site_name\" content=\"Loginfo24\" \/>\n<meta property=\"article:publisher\" content=\"https:\/\/www.facebook.com\/people\/Loginfo24\/100057360583332\/\" \/>\n<meta property=\"article:published_time\" content=\"2022-06-28T13:40:14+00:00\" \/>\n<meta property=\"og:image\" content=\"https:\/\/loginfo24.com\/wp-content\/uploads\/sites\/7\/2025\/12\/Duisport_Amsterdam_29.06.2022-scaled-1.jpg\" \/>\n\t<meta property=\"og:image:width\" content=\"2560\" \/>\n\t<meta property=\"og:image:height\" content=\"1722\" \/>\n\t<meta property=\"og:image:type\" content=\"image\/jpeg\" \/>\n<meta name=\"twitter:card\" content=\"summary_large_image\" \/>\n<meta name=\"twitter:label1\" content=\"Tiempo de lectura\" \/>\n\t<meta name=\"twitter:data1\" content=\"4 minuto\" \/>\n<script type=\"application\/ld+json\" class=\"yoast-schema-graph\">{\"@context\":\"https:\\\/\\\/schema.org\",\"@graph\":[{\"@type\":\"Article\",\"@id\":\"https:\\\/\\\/loginfo24.com\\\/es\\\/2022\\\/06\\\/28\\\/duisport-y-el-puerto-de-amsterdam-unen-fuerzas\\\/#article\",\"isPartOf\":{\"@id\":\"https:\\\/\\\/loginfo24.com\\\/es\\\/2022\\\/06\\\/28\\\/duisport-y-el-puerto-de-amsterdam-unen-fuerzas\\\/\"},\"author\":{\"name\":\"\",\"@id\":\"\"},\"headline\":\"Duisport y el puerto de \u00c1msterdam unen fuerzas\",\"datePublished\":\"2022-06-28T13:40:14+00:00\",\"mainEntityOfPage\":{\"@id\":\"https:\\\/\\\/loginfo24.com\\\/es\\\/2022\\\/06\\\/28\\\/duisport-y-el-puerto-de-amsterdam-unen-fuerzas\\\/\"},\"wordCount\":724,\"commentCount\":0,\"publisher\":{\"@id\":\"https:\\\/\\\/loginfo24.com\\\/es\\\/#organization\"},\"image\":{\"@id\":\"https:\\\/\\\/loginfo24.com\\\/es\\\/2022\\\/06\\\/28\\\/duisport-y-el-puerto-de-amsterdam-unen-fuerzas\\\/#primaryimage\"},\"thumbnailUrl\":\"https:\\\/\\\/loginfo24.com\\\/wp-content\\\/uploads\\\/sites\\\/7\\\/2025\\\/12\\\/Duisport_Amsterdam_29.06.2022-scaled-1.jpg\",\"articleSection\":[\"Forwarding &amp; Logistics\",\"Regions\",\"Shipping &amp; Ports\"],\"inLanguage\":\"es\",\"potentialAction\":[{\"@type\":\"CommentAction\",\"name\":\"Comment\",\"target\":[\"https:\\\/\\\/loginfo24.com\\\/es\\\/2022\\\/06\\\/28\\\/duisport-y-el-puerto-de-amsterdam-unen-fuerzas\\\/#respond\"]}]},{\"@type\":\"WebPage\",\"@id\":\"https:\\\/\\\/loginfo24.com\\\/es\\\/2022\\\/06\\\/28\\\/duisport-y-el-puerto-de-amsterdam-unen-fuerzas\\\/\",\"url\":\"https:\\\/\\\/loginfo24.com\\\/es\\\/2022\\\/06\\\/28\\\/duisport-y-el-puerto-de-amsterdam-unen-fuerzas\\\/\",\"name\":\"Duisport y el puerto de \u00c1msterdam unen fuerzas - Loginfo24\",\"isPartOf\":{\"@id\":\"https:\\\/\\\/loginfo24.com\\\/es\\\/#website\"},\"primaryImageOfPage\":{\"@id\":\"https:\\\/\\\/loginfo24.com\\\/es\\\/2022\\\/06\\\/28\\\/duisport-y-el-puerto-de-amsterdam-unen-fuerzas\\\/#primaryimage\"},\"image\":{\"@id\":\"https:\\\/\\\/loginfo24.com\\\/es\\\/2022\\\/06\\\/28\\\/duisport-y-el-puerto-de-amsterdam-unen-fuerzas\\\/#primaryimage\"},\"thumbnailUrl\":\"https:\\\/\\\/loginfo24.com\\\/wp-content\\\/uploads\\\/sites\\\/7\\\/2025\\\/12\\\/Duisport_Amsterdam_29.06.2022-scaled-1.jpg\",\"datePublished\":\"2022-06-28T13:40:14+00:00\",\"breadcrumb\":{\"@id\":\"https:\\\/\\\/loginfo24.com\\\/es\\\/2022\\\/06\\\/28\\\/duisport-y-el-puerto-de-amsterdam-unen-fuerzas\\\/#breadcrumb\"},\"inLanguage\":\"es\",\"potentialAction\":[{\"@type\":\"ReadAction\",\"target\":[\"https:\\\/\\\/loginfo24.com\\\/es\\\/2022\\\/06\\\/28\\\/duisport-y-el-puerto-de-amsterdam-unen-fuerzas\\\/\"]}]},{\"@type\":\"ImageObject\",\"inLanguage\":\"es\",\"@id\":\"https:\\\/\\\/loginfo24.com\\\/es\\\/2022\\\/06\\\/28\\\/duisport-y-el-puerto-de-amsterdam-unen-fuerzas\\\/#primaryimage\",\"url\":\"https:\\\/\\\/loginfo24.com\\\/wp-content\\\/uploads\\\/sites\\\/7\\\/2025\\\/12\\\/Duisport_Amsterdam_29.06.2022-scaled-1.jpg\",\"contentUrl\":\"https:\\\/\\\/loginfo24.com\\\/wp-content\\\/uploads\\\/sites\\\/7\\\/2025\\\/12\\\/Duisport_Amsterdam_29.06.2022-scaled-1.jpg\",\"width\":2560,\"height\":1722},{\"@type\":\"BreadcrumbList\",\"@id\":\"https:\\\/\\\/loginfo24.com\\\/es\\\/2022\\\/06\\\/28\\\/duisport-y-el-puerto-de-amsterdam-unen-fuerzas\\\/#breadcrumb\",\"itemListElement\":[{\"@type\":\"ListItem\",\"position\":1,\"name\":\"Startseite\",\"item\":\"https:\\\/\\\/loginfo24.com\\\/es\\\/\"},{\"@type\":\"ListItem\",\"position\":2,\"name\":\"Duisport y el puerto de \u00c1msterdam unen fuerzas\"}]},{\"@type\":\"WebSite\",\"@id\":\"https:\\\/\\\/loginfo24.com\\\/es\\\/#website\",\"url\":\"https:\\\/\\\/loginfo24.com\\\/es\\\/\",\"name\":\"Loginfo24\",\"description\":\"Loginfo24 es la plataforma dedicada a la log\u00edstica y las cadenas de suministro con informaci\u00f3n las 24 horas del d\u00eda.\",\"publisher\":{\"@id\":\"https:\\\/\\\/loginfo24.com\\\/es\\\/#organization\"},\"potentialAction\":[{\"@type\":\"SearchAction\",\"target\":{\"@type\":\"EntryPoint\",\"urlTemplate\":\"https:\\\/\\\/loginfo24.com\\\/es\\\/?s={search_term_string}\"},\"query-input\":{\"@type\":\"PropertyValueSpecification\",\"valueRequired\":true,\"valueName\":\"search_term_string\"}}],\"inLanguage\":\"es\"},{\"@type\":\"Organization\",\"@id\":\"https:\\\/\\\/loginfo24.com\\\/es\\\/#organization\",\"name\":\"Grupo Logismedia AG\",\"url\":\"https:\\\/\\\/loginfo24.com\\\/es\\\/\",\"logo\":{\"@type\":\"ImageObject\",\"inLanguage\":\"es\",\"@id\":\"https:\\\/\\\/loginfo24.com\\\/es\\\/#\\\/schema\\\/logo\\\/image\\\/\",\"url\":\"https:\\\/\\\/loginfo24.com\\\/wp-content\\\/uploads\\\/sites\\\/7\\\/2026\\\/01\\\/Logo_LogInfo24.png\",\"contentUrl\":\"https:\\\/\\\/loginfo24.com\\\/wp-content\\\/uploads\\\/sites\\\/7\\\/2026\\\/01\\\/Logo_LogInfo24.png\",\"width\":938,\"height\":351,\"caption\":\"Grupo Logismedia AG\"},\"image\":{\"@id\":\"https:\\\/\\\/loginfo24.com\\\/es\\\/#\\\/schema\\\/logo\\\/image\\\/\"},\"sameAs\":[\"https:\\\/\\\/www.facebook.com\\\/people\\\/Loginfo24\\\/100057360583332\\\/\",\"https:\\\/\\\/www.linkedin.com\\\/company\\\/lofinfo24\\\/\"]}]}<\/script>\n<!-- \/ Yoast SEO plugin. -->","yoast_head_json":{"title":"Duisport y el puerto de \u00c1msterdam unen fuerzas - Loginfo24","robots":{"index":"index","follow":"follow","max-snippet":"max-snippet:-1","max-image-preview":"max-image-preview:large","max-video-preview":"max-video-preview:-1"},"canonical":"https:\/\/loginfo24.com\/es\/2022\/06\/28\/duisport-y-el-puerto-de-amsterdam-unen-fuerzas\/","og_locale":"es_ES","og_type":"article","og_title":"Duisport y el puerto de \u00c1msterdam unen fuerzas - Loginfo24","og_description":"El puerto de \u00c1msterdam y duisport ampliar\u00e1n su colaboraci\u00f3n a largo plazo. Markus Bangen, CEO de duisport, y Koen Overtoom, CEO del puerto de \u00c1msterdam, han [\u2026]","og_url":"https:\/\/loginfo24.com\/es\/2022\/06\/28\/duisport-y-el-puerto-de-amsterdam-unen-fuerzas\/","og_site_name":"Loginfo24","article_publisher":"https:\/\/www.facebook.com\/people\/Loginfo24\/100057360583332\/","article_published_time":"2022-06-28T13:40:14+00:00","og_image":[{"width":2560,"height":1722,"url":"https:\/\/loginfo24.com\/wp-content\/uploads\/sites\/7\/2025\/12\/Duisport_Amsterdam_29.06.2022-scaled-1.jpg","type":"image\/jpeg"}],"twitter_card":"summary_large_image","twitter_misc":{"Tiempo de lectura":"4 minuto"},"schema":{"@context":"https:\/\/schema.org","@graph":[{"@type":"Article","@id":"https:\/\/loginfo24.com\/es\/2022\/06\/28\/duisport-y-el-puerto-de-amsterdam-unen-fuerzas\/#article","isPartOf":{"@id":"https:\/\/loginfo24.com\/es\/2022\/06\/28\/duisport-y-el-puerto-de-amsterdam-unen-fuerzas\/"},"author":{"name":"","@id":""},"headline":"Duisport y el puerto de \u00c1msterdam unen fuerzas","datePublished":"2022-06-28T13:40:14+00:00","mainEntityOfPage":{"@id":"https:\/\/loginfo24.com\/es\/2022\/06\/28\/duisport-y-el-puerto-de-amsterdam-unen-fuerzas\/"},"wordCount":724,"commentCount":0,"publisher":{"@id":"https:\/\/loginfo24.com\/es\/#organization"},"image":{"@id":"https:\/\/loginfo24.com\/es\/2022\/06\/28\/duisport-y-el-puerto-de-amsterdam-unen-fuerzas\/#primaryimage"},"thumbnailUrl":"https:\/\/loginfo24.com\/wp-content\/uploads\/sites\/7\/2025\/12\/Duisport_Amsterdam_29.06.2022-scaled-1.jpg","articleSection":["Forwarding &amp; Logistics","Regions","Shipping &amp; Ports"],"inLanguage":"es","potentialAction":[{"@type":"CommentAction","name":"Comment","target":["https:\/\/loginfo24.com\/es\/2022\/06\/28\/duisport-y-el-puerto-de-amsterdam-unen-fuerzas\/#respond"]}]},{"@type":"WebPage","@id":"https:\/\/loginfo24.com\/es\/2022\/06\/28\/duisport-y-el-puerto-de-amsterdam-unen-fuerzas\/","url":"https:\/\/loginfo24.com\/es\/2022\/06\/28\/duisport-y-el-puerto-de-amsterdam-unen-fuerzas\/","name":"Duisport y el puerto de \u00c1msterdam unen fuerzas - Loginfo24","isPartOf":{"@id":"https:\/\/loginfo24.com\/es\/#website"},"primaryImageOfPage":{"@id":"https:\/\/loginfo24.com\/es\/2022\/06\/28\/duisport-y-el-puerto-de-amsterdam-unen-fuerzas\/#primaryimage"},"image":{"@id":"https:\/\/loginfo24.com\/es\/2022\/06\/28\/duisport-y-el-puerto-de-amsterdam-unen-fuerzas\/#primaryimage"},"thumbnailUrl":"https:\/\/loginfo24.com\/wp-content\/uploads\/sites\/7\/2025\/12\/Duisport_Amsterdam_29.06.2022-scaled-1.jpg","datePublished":"2022-06-28T13:40:14+00:00","breadcrumb":{"@id":"https:\/\/loginfo24.com\/es\/2022\/06\/28\/duisport-y-el-puerto-de-amsterdam-unen-fuerzas\/#breadcrumb"},"inLanguage":"es","potentialAction":[{"@type":"ReadAction","target":["https:\/\/loginfo24.com\/es\/2022\/06\/28\/duisport-y-el-puerto-de-amsterdam-unen-fuerzas\/"]}]},{"@type":"ImageObject","inLanguage":"es","@id":"https:\/\/loginfo24.com\/es\/2022\/06\/28\/duisport-y-el-puerto-de-amsterdam-unen-fuerzas\/#primaryimage","url":"https:\/\/loginfo24.com\/wp-content\/uploads\/sites\/7\/2025\/12\/Duisport_Amsterdam_29.06.2022-scaled-1.jpg","contentUrl":"https:\/\/loginfo24.com\/wp-content\/uploads\/sites\/7\/2025\/12\/Duisport_Amsterdam_29.06.2022-scaled-1.jpg","width":2560,"height":1722},{"@type":"BreadcrumbList","@id":"https:\/\/loginfo24.com\/es\/2022\/06\/28\/duisport-y-el-puerto-de-amsterdam-unen-fuerzas\/#breadcrumb","itemListElement":[{"@type":"ListItem","position":1,"name":"Startseite","item":"https:\/\/loginfo24.com\/es\/"},{"@type":"ListItem","position":2,"name":"Duisport y el puerto de \u00c1msterdam unen fuerzas"}]},{"@type":"WebSite","@id":"https:\/\/loginfo24.com\/es\/#website","url":"https:\/\/loginfo24.com\/es\/","name":"Loginfo24","description":"Loginfo24 es la plataforma dedicada a la log\u00edstica y las cadenas de suministro con informaci\u00f3n las 24 horas del d\u00eda.","publisher":{"@id":"https:\/\/loginfo24.com\/es\/#organization"},"potentialAction":[{"@type":"SearchAction","target":{"@type":"EntryPoint","urlTemplate":"https:\/\/loginfo24.com\/es\/?s={search_term_string}"},"query-input":{"@type":"PropertyValueSpecification","valueRequired":true,"valueName":"search_term_string"}}],"inLanguage":"es"},{"@type":"Organization","@id":"https:\/\/loginfo24.com\/es\/#organization","name":"Grupo Logismedia AG","url":"https:\/\/loginfo24.com\/es\/","logo":{"@type":"ImageObject","inLanguage":"es","@id":"https:\/\/loginfo24.com\/es\/#\/schema\/logo\/image\/","url":"https:\/\/loginfo24.com\/wp-content\/uploads\/sites\/7\/2026\/01\/Logo_LogInfo24.png","contentUrl":"https:\/\/loginfo24.com\/wp-content\/uploads\/sites\/7\/2026\/01\/Logo_LogInfo24.png","width":938,"height":351,"caption":"Grupo Logismedia AG"},"image":{"@id":"https:\/\/loginfo24.com\/es\/#\/schema\/logo\/image\/"},"sameAs":["https:\/\/www.facebook.com\/people\/Loginfo24\/100057360583332\/","https:\/\/www.linkedin.com\/company\/lofinfo24\/"]}]}},"_links":{"self":[{"href":"https:\/\/loginfo24.com\/es\/wp-json\/wp\/v2\/posts\/57198","targetHints":{"allow":["GET"]}}],"collection":[{"href":"https:\/\/loginfo24.com\/es\/wp-json\/wp\/v2\/posts"}],"about":[{"href":"https:\/\/loginfo24.com\/es\/wp-json\/wp\/v2\/types\/post"}],"replies":[{"embeddable":true,"href":"https:\/\/loginfo24.com\/es\/wp-json\/wp\/v2\/comments?post=57198"}],"version-history":[{"count":0,"href":"https:\/\/loginfo24.com\/es\/wp-json\/wp\/v2\/posts\/57198\/revisions"}],"wp:featuredmedia":[{"embeddable":true,"href":"https:\/\/loginfo24.com\/es\/wp-json\/wp\/v2\/media\/9928"}],"wp:attachment":[{"href":"https:\/\/loginfo24.com\/es\/wp-json\/wp\/v2\/media?parent=57198"}],"wp:term":[{"taxonomy":"category","embeddable":true,"href":"https:\/\/loginfo24.com\/es\/wp-json\/wp\/v2\/categories?post=57198"},{"taxonomy":"post_tag","embeddable":true,"href":"https:\/\/loginfo24.com\/es\/wp-json\/wp\/v2\/tags?post=57198"}],"curies":[{"name":"wp","href":"https:\/\/api.w.org\/{rel}","templated":true}]}}