{"id":57074,"date":"2022-06-22T17:19:42","date_gmt":"2022-06-22T15:19:42","guid":{"rendered":"https:\/\/blog.brand-architecture.at\/2022\/06\/22\/first-mile-asesora-a-la-ciudad-de-lahr-en-el-concepto-de-logistica-urbana\/"},"modified":"2022-06-22T17:19:42","modified_gmt":"2022-06-22T15:19:42","slug":"first-mile-asesora-a-la-ciudad-de-lahr-en-el-concepto-de-logistica-urbana","status":"publish","type":"post","link":"https:\/\/loginfo24.com\/es\/2022\/06\/22\/first-mile-asesora-a-la-ciudad-de-lahr-en-el-concepto-de-logistica-urbana\/","title":{"rendered":"first mile asesora a la ciudad de Lahr en el concepto de log\u00edstica urbana"},"content":{"rendered":"<h5><strong>La ciudad de Lahr\/Schwarzwald ha encargado a la consultora de log\u00edstica de \u00faltima milla de Hamburgo, first mile, la elaboraci\u00f3n de un concepto de log\u00edstica urbana. Los desaf\u00edos cl\u00e1sicos de los tr\u00e1ficos de entrega en los centros urbanos, como las obstrucciones a otros usuarios de la v\u00eda y peatones, tambi\u00e9n se encuentran en Lahr. El proyecto est\u00e1 financiado por el Ministerio Federal de Transporte.<\/strong><\/h5>\n<p>(Hamburgo\/Lahr) A finales de 2021, el Ministerio Federal de Transporte anunci\u00f3 la financiaci\u00f3n de ocho proyectos a nivel nacional para la log\u00edstica urbana. Entre ellos se encuentra un concepto de log\u00edstica urbana para Lahr, que debe mostrar medidas que permitan cambios positivos en la log\u00edstica urbana en relaci\u00f3n con los procesos de entrega y los veh\u00edculos utilizados por los servicios de entrega. La ciudad, que cuenta con casi 50,000 habitantes y se encuentra en el borde occidental de la Selva Negra, est\u00e1 situada a unos 38 km al norte de Friburgo y alberga hoy en d\u00eda centros log\u00edsticos en el Aeropuerto de Lahr, entre otros, de Amazon, DHL, Fiege y Zalando.<\/p>\n<h5><strong>Desaf\u00edo t\u00edpico para el centro de la ciudad<\/strong><\/h5>\n<p>El proyecto de Lahr se ocupa de los tr\u00e1ficos de entrega en el \u00e1rea del centro de la ciudad y en el barrio residencial del n\u00facleo sur. El \u00e1rea del centro de Lahr muestra, sobre todo en las zonas peatonales, los t\u00edpicos desaf\u00edos de tr\u00e1fico de las cadenas de suministro actuales en la \u00faltima milla: falta de procedimientos de parada y estacionamiento conformes a la normativa, obstrucciones a otros usuarios de la v\u00eda y peatones, aumento de emisiones, entradas fuera de la ventana de entrega \u2013 en este caso de 6 a 11 horas. Todo esto conduce a molestias y a una disminuci\u00f3n de la calidad de estancia. El concepto de los expertos, que estar\u00e1 disponible a finales de a\u00f1o, debe proporcionar soluciones aqu\u00ed.<\/p>\n<h5><strong>Apoyo a los conceptos de log\u00edstica urbana<\/strong><\/h5>\n<p>El volumen total de financiaci\u00f3n a nivel nacional asciende a 1,1 millones de euros. A trav\u00e9s de la directriz de financiaci\u00f3n \u00abLog\u00edstica Urbana\u00bb, el ministerio ha estado apoyando desde julio de 2019 conceptos de log\u00edstica urbana y estudios de viabilidad, as\u00ed como la creaci\u00f3n de microdep\u00f3sitos log\u00edsticos, desde los cuales se puede realizar la distribuci\u00f3n fina en la \u00faltima milla mediante bicicletas de carga, entre otros.<\/p>\n<p>Foto: \u00a9 first mile \/ <strong><em>Descripci\u00f3n de la imagen:<\/em><\/strong><em> En el lugar en Lahr: Wolfgang Beecken (izquierda) y Jan Gimbel de first mile<\/em><\/p>\n","protected":false},"excerpt":{"rendered":"<p>La ciudad de Lahr\/Schwarzwald ha encargado a la consultora de log\u00edstica de \u00faltima milla de Hamburgo, first mile, la elaboraci\u00f3n de un concepto de log\u00edstica urbana.<span class=\"excerpt-hellip\"> [\u2026]<\/span><\/p>\n","protected":false},"author":0,"featured_media":9983,"comment_status":"open","ping_status":"open","sticky":false,"template":"","format":"standard","meta":{"_acf_changed":false,"footnotes":""},"categories":[1665,1557,1556,1561],"tags":[],"class_list":["post-57074","post","type-post","status-publish","format-standard","has-post-thumbnail","hentry","category-categories","category-forwarding-logistics","category-intermodal-road","category-regions"],"acf":[],"yoast_head":"<!-- This site is optimized with the Yoast SEO plugin v27.3 - https:\/\/yoast.com\/product\/yoast-seo-wordpress\/ -->\n<title>first mile asesora a la ciudad de Lahr en el concepto de log\u00edstica urbana - Loginfo24<\/title>\n<meta name=\"robots\" content=\"index, follow, max-snippet:-1, max-image-preview:large, max-video-preview:-1\" \/>\n<link rel=\"canonical\" href=\"https:\/\/loginfo24.com\/es\/2022\/06\/22\/first-mile-asesora-a-la-ciudad-de-lahr-en-el-concepto-de-logistica-urbana\/\" \/>\n<meta property=\"og:locale\" content=\"es_ES\" \/>\n<meta property=\"og:type\" content=\"article\" \/>\n<meta property=\"og:title\" content=\"first mile asesora a la ciudad de Lahr en el concepto de log\u00edstica urbana - Loginfo24\" \/>\n<meta property=\"og:description\" content=\"La ciudad de Lahr\/Schwarzwald ha encargado a la consultora de log\u00edstica de \u00faltima milla de Hamburgo, first mile, la elaboraci\u00f3n de un concepto de log\u00edstica urbana. [\u2026]\" \/>\n<meta property=\"og:url\" content=\"https:\/\/loginfo24.com\/es\/2022\/06\/22\/first-mile-asesora-a-la-ciudad-de-lahr-en-el-concepto-de-logistica-urbana\/\" \/>\n<meta property=\"og:site_name\" content=\"Loginfo24\" \/>\n<meta property=\"article:publisher\" content=\"https:\/\/www.facebook.com\/people\/Loginfo24\/100057360583332\/\" \/>\n<meta property=\"article:published_time\" content=\"2022-06-22T15:19:42+00:00\" \/>\n<meta property=\"og:image\" content=\"https:\/\/loginfo24.com\/wp-content\/uploads\/sites\/7\/2025\/12\/FirstMile_22.6.22.jpg\" \/>\n\t<meta property=\"og:image:width\" content=\"1225\" \/>\n\t<meta property=\"og:image:height\" content=\"762\" \/>\n\t<meta property=\"og:image:type\" content=\"image\/jpeg\" \/>\n<meta name=\"twitter:card\" content=\"summary_large_image\" \/>\n<meta name=\"twitter:label1\" content=\"Tiempo de lectura\" \/>\n\t<meta name=\"twitter:data1\" content=\"2 minuto\" \/>\n<script type=\"application\/ld+json\" class=\"yoast-schema-graph\">{\"@context\":\"https:\\\/\\\/schema.org\",\"@graph\":[{\"@type\":\"Article\",\"@id\":\"https:\\\/\\\/loginfo24.com\\\/es\\\/2022\\\/06\\\/22\\\/first-mile-asesora-a-la-ciudad-de-lahr-en-el-concepto-de-logistica-urbana\\\/#article\",\"isPartOf\":{\"@id\":\"https:\\\/\\\/loginfo24.com\\\/es\\\/2022\\\/06\\\/22\\\/first-mile-asesora-a-la-ciudad-de-lahr-en-el-concepto-de-logistica-urbana\\\/\"},\"author\":{\"name\":\"\",\"@id\":\"\"},\"headline\":\"first mile asesora a la ciudad de Lahr en el concepto de log\u00edstica urbana\",\"datePublished\":\"2022-06-22T15:19:42+00:00\",\"mainEntityOfPage\":{\"@id\":\"https:\\\/\\\/loginfo24.com\\\/es\\\/2022\\\/06\\\/22\\\/first-mile-asesora-a-la-ciudad-de-lahr-en-el-concepto-de-logistica-urbana\\\/\"},\"wordCount\":447,\"commentCount\":0,\"publisher\":{\"@id\":\"https:\\\/\\\/loginfo24.com\\\/es\\\/#organization\"},\"image\":{\"@id\":\"https:\\\/\\\/loginfo24.com\\\/es\\\/2022\\\/06\\\/22\\\/first-mile-asesora-a-la-ciudad-de-lahr-en-el-concepto-de-logistica-urbana\\\/#primaryimage\"},\"thumbnailUrl\":\"https:\\\/\\\/loginfo24.com\\\/wp-content\\\/uploads\\\/sites\\\/7\\\/2025\\\/12\\\/FirstMile_22.6.22.jpg\",\"articleSection\":[\"Categories\",\"Forwarding &amp; Logistics\",\"Intermodal \\\/ Road\",\"Regions\"],\"inLanguage\":\"es\",\"potentialAction\":[{\"@type\":\"CommentAction\",\"name\":\"Comment\",\"target\":[\"https:\\\/\\\/loginfo24.com\\\/es\\\/2022\\\/06\\\/22\\\/first-mile-asesora-a-la-ciudad-de-lahr-en-el-concepto-de-logistica-urbana\\\/#respond\"]}]},{\"@type\":\"WebPage\",\"@id\":\"https:\\\/\\\/loginfo24.com\\\/es\\\/2022\\\/06\\\/22\\\/first-mile-asesora-a-la-ciudad-de-lahr-en-el-concepto-de-logistica-urbana\\\/\",\"url\":\"https:\\\/\\\/loginfo24.com\\\/es\\\/2022\\\/06\\\/22\\\/first-mile-asesora-a-la-ciudad-de-lahr-en-el-concepto-de-logistica-urbana\\\/\",\"name\":\"first mile asesora a la ciudad de Lahr en el concepto de log\u00edstica urbana - Loginfo24\",\"isPartOf\":{\"@id\":\"https:\\\/\\\/loginfo24.com\\\/es\\\/#website\"},\"primaryImageOfPage\":{\"@id\":\"https:\\\/\\\/loginfo24.com\\\/es\\\/2022\\\/06\\\/22\\\/first-mile-asesora-a-la-ciudad-de-lahr-en-el-concepto-de-logistica-urbana\\\/#primaryimage\"},\"image\":{\"@id\":\"https:\\\/\\\/loginfo24.com\\\/es\\\/2022\\\/06\\\/22\\\/first-mile-asesora-a-la-ciudad-de-lahr-en-el-concepto-de-logistica-urbana\\\/#primaryimage\"},\"thumbnailUrl\":\"https:\\\/\\\/loginfo24.com\\\/wp-content\\\/uploads\\\/sites\\\/7\\\/2025\\\/12\\\/FirstMile_22.6.22.jpg\",\"datePublished\":\"2022-06-22T15:19:42+00:00\",\"breadcrumb\":{\"@id\":\"https:\\\/\\\/loginfo24.com\\\/es\\\/2022\\\/06\\\/22\\\/first-mile-asesora-a-la-ciudad-de-lahr-en-el-concepto-de-logistica-urbana\\\/#breadcrumb\"},\"inLanguage\":\"es\",\"potentialAction\":[{\"@type\":\"ReadAction\",\"target\":[\"https:\\\/\\\/loginfo24.com\\\/es\\\/2022\\\/06\\\/22\\\/first-mile-asesora-a-la-ciudad-de-lahr-en-el-concepto-de-logistica-urbana\\\/\"]}]},{\"@type\":\"ImageObject\",\"inLanguage\":\"es\",\"@id\":\"https:\\\/\\\/loginfo24.com\\\/es\\\/2022\\\/06\\\/22\\\/first-mile-asesora-a-la-ciudad-de-lahr-en-el-concepto-de-logistica-urbana\\\/#primaryimage\",\"url\":\"https:\\\/\\\/loginfo24.com\\\/wp-content\\\/uploads\\\/sites\\\/7\\\/2025\\\/12\\\/FirstMile_22.6.22.jpg\",\"contentUrl\":\"https:\\\/\\\/loginfo24.com\\\/wp-content\\\/uploads\\\/sites\\\/7\\\/2025\\\/12\\\/FirstMile_22.6.22.jpg\",\"width\":1225,\"height\":762},{\"@type\":\"BreadcrumbList\",\"@id\":\"https:\\\/\\\/loginfo24.com\\\/es\\\/2022\\\/06\\\/22\\\/first-mile-asesora-a-la-ciudad-de-lahr-en-el-concepto-de-logistica-urbana\\\/#breadcrumb\",\"itemListElement\":[{\"@type\":\"ListItem\",\"position\":1,\"name\":\"Startseite\",\"item\":\"https:\\\/\\\/loginfo24.com\\\/es\\\/\"},{\"@type\":\"ListItem\",\"position\":2,\"name\":\"first mile asesora a la ciudad de Lahr en el concepto de log\u00edstica urbana\"}]},{\"@type\":\"WebSite\",\"@id\":\"https:\\\/\\\/loginfo24.com\\\/es\\\/#website\",\"url\":\"https:\\\/\\\/loginfo24.com\\\/es\\\/\",\"name\":\"Loginfo24\",\"description\":\"Loginfo24 es la plataforma dedicada a la log\u00edstica y las cadenas de suministro con informaci\u00f3n las 24 horas del d\u00eda.\",\"publisher\":{\"@id\":\"https:\\\/\\\/loginfo24.com\\\/es\\\/#organization\"},\"potentialAction\":[{\"@type\":\"SearchAction\",\"target\":{\"@type\":\"EntryPoint\",\"urlTemplate\":\"https:\\\/\\\/loginfo24.com\\\/es\\\/?s={search_term_string}\"},\"query-input\":{\"@type\":\"PropertyValueSpecification\",\"valueRequired\":true,\"valueName\":\"search_term_string\"}}],\"inLanguage\":\"es\"},{\"@type\":\"Organization\",\"@id\":\"https:\\\/\\\/loginfo24.com\\\/es\\\/#organization\",\"name\":\"Grupo Logismedia AG\",\"url\":\"https:\\\/\\\/loginfo24.com\\\/es\\\/\",\"logo\":{\"@type\":\"ImageObject\",\"inLanguage\":\"es\",\"@id\":\"https:\\\/\\\/loginfo24.com\\\/es\\\/#\\\/schema\\\/logo\\\/image\\\/\",\"url\":\"https:\\\/\\\/loginfo24.com\\\/wp-content\\\/uploads\\\/sites\\\/7\\\/2026\\\/01\\\/Logo_LogInfo24.png\",\"contentUrl\":\"https:\\\/\\\/loginfo24.com\\\/wp-content\\\/uploads\\\/sites\\\/7\\\/2026\\\/01\\\/Logo_LogInfo24.png\",\"width\":938,\"height\":351,\"caption\":\"Grupo Logismedia AG\"},\"image\":{\"@id\":\"https:\\\/\\\/loginfo24.com\\\/es\\\/#\\\/schema\\\/logo\\\/image\\\/\"},\"sameAs\":[\"https:\\\/\\\/www.facebook.com\\\/people\\\/Loginfo24\\\/100057360583332\\\/\",\"https:\\\/\\\/www.linkedin.com\\\/company\\\/lofinfo24\\\/\"]}]}<\/script>\n<!-- \/ Yoast SEO plugin. -->","yoast_head_json":{"title":"first mile asesora a la ciudad de Lahr en el concepto de log\u00edstica urbana - Loginfo24","robots":{"index":"index","follow":"follow","max-snippet":"max-snippet:-1","max-image-preview":"max-image-preview:large","max-video-preview":"max-video-preview:-1"},"canonical":"https:\/\/loginfo24.com\/es\/2022\/06\/22\/first-mile-asesora-a-la-ciudad-de-lahr-en-el-concepto-de-logistica-urbana\/","og_locale":"es_ES","og_type":"article","og_title":"first mile asesora a la ciudad de Lahr en el concepto de log\u00edstica urbana - Loginfo24","og_description":"La ciudad de Lahr\/Schwarzwald ha encargado a la consultora de log\u00edstica de \u00faltima milla de Hamburgo, first mile, la elaboraci\u00f3n de un concepto de log\u00edstica urbana. [\u2026]","og_url":"https:\/\/loginfo24.com\/es\/2022\/06\/22\/first-mile-asesora-a-la-ciudad-de-lahr-en-el-concepto-de-logistica-urbana\/","og_site_name":"Loginfo24","article_publisher":"https:\/\/www.facebook.com\/people\/Loginfo24\/100057360583332\/","article_published_time":"2022-06-22T15:19:42+00:00","og_image":[{"width":1225,"height":762,"url":"https:\/\/loginfo24.com\/wp-content\/uploads\/sites\/7\/2025\/12\/FirstMile_22.6.22.jpg","type":"image\/jpeg"}],"twitter_card":"summary_large_image","twitter_misc":{"Tiempo de lectura":"2 minuto"},"schema":{"@context":"https:\/\/schema.org","@graph":[{"@type":"Article","@id":"https:\/\/loginfo24.com\/es\/2022\/06\/22\/first-mile-asesora-a-la-ciudad-de-lahr-en-el-concepto-de-logistica-urbana\/#article","isPartOf":{"@id":"https:\/\/loginfo24.com\/es\/2022\/06\/22\/first-mile-asesora-a-la-ciudad-de-lahr-en-el-concepto-de-logistica-urbana\/"},"author":{"name":"","@id":""},"headline":"first mile asesora a la ciudad de Lahr en el concepto de log\u00edstica urbana","datePublished":"2022-06-22T15:19:42+00:00","mainEntityOfPage":{"@id":"https:\/\/loginfo24.com\/es\/2022\/06\/22\/first-mile-asesora-a-la-ciudad-de-lahr-en-el-concepto-de-logistica-urbana\/"},"wordCount":447,"commentCount":0,"publisher":{"@id":"https:\/\/loginfo24.com\/es\/#organization"},"image":{"@id":"https:\/\/loginfo24.com\/es\/2022\/06\/22\/first-mile-asesora-a-la-ciudad-de-lahr-en-el-concepto-de-logistica-urbana\/#primaryimage"},"thumbnailUrl":"https:\/\/loginfo24.com\/wp-content\/uploads\/sites\/7\/2025\/12\/FirstMile_22.6.22.jpg","articleSection":["Categories","Forwarding &amp; Logistics","Intermodal \/ Road","Regions"],"inLanguage":"es","potentialAction":[{"@type":"CommentAction","name":"Comment","target":["https:\/\/loginfo24.com\/es\/2022\/06\/22\/first-mile-asesora-a-la-ciudad-de-lahr-en-el-concepto-de-logistica-urbana\/#respond"]}]},{"@type":"WebPage","@id":"https:\/\/loginfo24.com\/es\/2022\/06\/22\/first-mile-asesora-a-la-ciudad-de-lahr-en-el-concepto-de-logistica-urbana\/","url":"https:\/\/loginfo24.com\/es\/2022\/06\/22\/first-mile-asesora-a-la-ciudad-de-lahr-en-el-concepto-de-logistica-urbana\/","name":"first mile asesora a la ciudad de Lahr en el concepto de log\u00edstica urbana - Loginfo24","isPartOf":{"@id":"https:\/\/loginfo24.com\/es\/#website"},"primaryImageOfPage":{"@id":"https:\/\/loginfo24.com\/es\/2022\/06\/22\/first-mile-asesora-a-la-ciudad-de-lahr-en-el-concepto-de-logistica-urbana\/#primaryimage"},"image":{"@id":"https:\/\/loginfo24.com\/es\/2022\/06\/22\/first-mile-asesora-a-la-ciudad-de-lahr-en-el-concepto-de-logistica-urbana\/#primaryimage"},"thumbnailUrl":"https:\/\/loginfo24.com\/wp-content\/uploads\/sites\/7\/2025\/12\/FirstMile_22.6.22.jpg","datePublished":"2022-06-22T15:19:42+00:00","breadcrumb":{"@id":"https:\/\/loginfo24.com\/es\/2022\/06\/22\/first-mile-asesora-a-la-ciudad-de-lahr-en-el-concepto-de-logistica-urbana\/#breadcrumb"},"inLanguage":"es","potentialAction":[{"@type":"ReadAction","target":["https:\/\/loginfo24.com\/es\/2022\/06\/22\/first-mile-asesora-a-la-ciudad-de-lahr-en-el-concepto-de-logistica-urbana\/"]}]},{"@type":"ImageObject","inLanguage":"es","@id":"https:\/\/loginfo24.com\/es\/2022\/06\/22\/first-mile-asesora-a-la-ciudad-de-lahr-en-el-concepto-de-logistica-urbana\/#primaryimage","url":"https:\/\/loginfo24.com\/wp-content\/uploads\/sites\/7\/2025\/12\/FirstMile_22.6.22.jpg","contentUrl":"https:\/\/loginfo24.com\/wp-content\/uploads\/sites\/7\/2025\/12\/FirstMile_22.6.22.jpg","width":1225,"height":762},{"@type":"BreadcrumbList","@id":"https:\/\/loginfo24.com\/es\/2022\/06\/22\/first-mile-asesora-a-la-ciudad-de-lahr-en-el-concepto-de-logistica-urbana\/#breadcrumb","itemListElement":[{"@type":"ListItem","position":1,"name":"Startseite","item":"https:\/\/loginfo24.com\/es\/"},{"@type":"ListItem","position":2,"name":"first mile asesora a la ciudad de Lahr en el concepto de log\u00edstica urbana"}]},{"@type":"WebSite","@id":"https:\/\/loginfo24.com\/es\/#website","url":"https:\/\/loginfo24.com\/es\/","name":"Loginfo24","description":"Loginfo24 es la plataforma dedicada a la log\u00edstica y las cadenas de suministro con informaci\u00f3n las 24 horas del d\u00eda.","publisher":{"@id":"https:\/\/loginfo24.com\/es\/#organization"},"potentialAction":[{"@type":"SearchAction","target":{"@type":"EntryPoint","urlTemplate":"https:\/\/loginfo24.com\/es\/?s={search_term_string}"},"query-input":{"@type":"PropertyValueSpecification","valueRequired":true,"valueName":"search_term_string"}}],"inLanguage":"es"},{"@type":"Organization","@id":"https:\/\/loginfo24.com\/es\/#organization","name":"Grupo Logismedia AG","url":"https:\/\/loginfo24.com\/es\/","logo":{"@type":"ImageObject","inLanguage":"es","@id":"https:\/\/loginfo24.com\/es\/#\/schema\/logo\/image\/","url":"https:\/\/loginfo24.com\/wp-content\/uploads\/sites\/7\/2026\/01\/Logo_LogInfo24.png","contentUrl":"https:\/\/loginfo24.com\/wp-content\/uploads\/sites\/7\/2026\/01\/Logo_LogInfo24.png","width":938,"height":351,"caption":"Grupo Logismedia AG"},"image":{"@id":"https:\/\/loginfo24.com\/es\/#\/schema\/logo\/image\/"},"sameAs":["https:\/\/www.facebook.com\/people\/Loginfo24\/100057360583332\/","https:\/\/www.linkedin.com\/company\/lofinfo24\/"]}]}},"_links":{"self":[{"href":"https:\/\/loginfo24.com\/es\/wp-json\/wp\/v2\/posts\/57074","targetHints":{"allow":["GET"]}}],"collection":[{"href":"https:\/\/loginfo24.com\/es\/wp-json\/wp\/v2\/posts"}],"about":[{"href":"https:\/\/loginfo24.com\/es\/wp-json\/wp\/v2\/types\/post"}],"replies":[{"embeddable":true,"href":"https:\/\/loginfo24.com\/es\/wp-json\/wp\/v2\/comments?post=57074"}],"version-history":[{"count":0,"href":"https:\/\/loginfo24.com\/es\/wp-json\/wp\/v2\/posts\/57074\/revisions"}],"wp:featuredmedia":[{"embeddable":true,"href":"https:\/\/loginfo24.com\/es\/wp-json\/wp\/v2\/media\/9983"}],"wp:attachment":[{"href":"https:\/\/loginfo24.com\/es\/wp-json\/wp\/v2\/media?parent=57074"}],"wp:term":[{"taxonomy":"category","embeddable":true,"href":"https:\/\/loginfo24.com\/es\/wp-json\/wp\/v2\/categories?post=57074"},{"taxonomy":"post_tag","embeddable":true,"href":"https:\/\/loginfo24.com\/es\/wp-json\/wp\/v2\/tags?post=57074"}],"curies":[{"name":"wp","href":"https:\/\/api.w.org\/{rel}","templated":true}]}}