{"id":56866,"date":"2022-06-12T16:45:35","date_gmt":"2022-06-12T14:45:35","guid":{"rendered":"https:\/\/blog.brand-architecture.at\/2022\/06\/12\/ifat-aumento-de-la-demanda-de-vehiculos-comerciales-sin-emisiones\/"},"modified":"2022-06-12T16:45:35","modified_gmt":"2022-06-12T14:45:35","slug":"ifat-aumento-de-la-demanda-de-vehiculos-comerciales-sin-emisiones","status":"publish","type":"post","link":"https:\/\/loginfo24.com\/es\/2022\/06\/12\/ifat-aumento-de-la-demanda-de-vehiculos-comerciales-sin-emisiones\/","title":{"rendered":"IFAT - Aumento de la demanda de veh\u00edculos comerciales sin emisiones"},"content":{"rendered":"<h5><strong>La Quantron AG, especialista en veh\u00edculos comerciales impulsados por bater\u00edas y hidr\u00f3geno, fue expositor en la IFAT 2022 en M\u00fanich. La IFAT es la plataforma m\u00e1s grande para la gesti\u00f3n del agua, aguas residuales, residuos y materias primas, con alrededor de 120.000 visitantes y 3.000 expositores de 155 pa\u00edses. Durante los cuatro d\u00edas de la feria, la Quantron AG registr\u00f3 diversos pedidos de veh\u00edculos nuevos sin emisiones, as\u00ed como varias consultas sobre la conversi\u00f3n de veh\u00edculos comerciales di\u00e9sel existentes a propulsi\u00f3n el\u00e9ctrica, especialmente por parte de empresas municipales.<\/strong><\/h5>\n<p>(M\u00fanich) La demanda de las empresas se centr\u00f3 en veh\u00edculos totalmente el\u00e9ctricos del sector pesado, como los camiones de recogida de residuos, como el QUANTRON QHB 27-280, as\u00ed como furgonetas ligeras y medianas, tanto con tecnolog\u00eda de pilas de combustible de hidr\u00f3geno, realizada con el QUANTRON QLI FCEV expuesto, como el\u00e9ctricas de bater\u00eda, con el QUANTRON QARGO 4 EV.<\/p>\n<p>\u00abSe siente claramente que, sobre todo, las empresas municipales sienten presi\u00f3n para actuar y ahora quieren convertir sus flotas a emisiones cero\u00bb, dice Reiner Dellori, asesor principal de productos de la Quantron AG. \u00abEl problema para muchas empresas es la implementaci\u00f3n de la directiva de veh\u00edculos limpios de la UE por un lado, el aumento de los costos operativos de los veh\u00edculos di\u00e9sel y la falta de capacidad de entrega de los fabricantes establecidos por el otro. QUANTRON, en cambio, es capaz de entregar veh\u00edculos correspondientes en unos pocos meses.\u00bb<\/p>\n<h5><strong>Demanda en el \u00faltimo kil\u00f3metro y recolecci\u00f3n de basura<\/strong><\/h5>\n<p>As\u00ed, QUANTRON pudo vender en la feria m\u00e1s furgonetas ligeras el\u00e9ctricas del tipo QUANTRON QARGO 4 EV. El veh\u00edculo fue lanzado al mercado a finales de abril de 2022 y es ideal para operaciones de transporte sostenibles en \u00e1reas urbanas y en el \u00faltimo kil\u00f3metro. Los veh\u00edculos de recogida de basura totalmente el\u00e9ctricos son de gran inter\u00e9s para la econom\u00eda municipal. Con el QUANTRON QHB 27-280 basado en el Mercedes-Benz Econic, QUANTRON fabrica un veh\u00edculo que, gracias a su funcionamiento sin emisiones y silencioso, es especialmente agradable para los residentes y empleados del veh\u00edculo. Con su capacidad de bater\u00eda de 280 kWh, el cami\u00f3n de basura puede manejar f\u00e1cilmente un turno completo y se puede cargar f\u00e1cilmente durante la noche para su uso diario.<\/p>\n<h5><strong>Tecnolog\u00eda de pilas de combustible<\/strong><\/h5>\n<p>Adem\u00e1s, QUANTRON tambi\u00e9n pudo entusiasmar a clientes por veh\u00edculos impulsados por hidr\u00f3geno. La furgoneta ligera QUANTRON QLI FCEV, basada en el Iveco Daily, fue desarrollada en colaboraci\u00f3n con el socio de QUANTRON y experto en pilas de combustible AE Driven Solutions. El gran inter\u00e9s de los visitantes de la feria por el veh\u00edculo de pilas de combustible de hidr\u00f3geno muestra que las empresas municipales est\u00e1n abiertas a este innovador portador de energ\u00eda.<\/p>\n<p>Junto con su socio Ballard Power Systems, QUANTRON est\u00e1 trabajando en el desarrollo de veh\u00edculos de hidr\u00f3geno en el sector pesado. En la IAA Transportation en septiembre de 2022, se presentar\u00e1 el primer veh\u00edculo de la ofensiva de hidr\u00f3geno conjunta.<\/p>\n<p>Foto: \u00a9 Quantron<\/p>\n","protected":false},"excerpt":{"rendered":"<p>La Quantron AG, especialista en veh\u00edculos comerciales impulsados por bater\u00edas y hidr\u00f3geno, fue expositor en la IFAT 2022 en M\u00fanich. La IFAT es la plataforma m\u00e1s<span class=\"excerpt-hellip\"> [\u2026]<\/span><\/p>\n","protected":false},"author":0,"featured_media":10074,"comment_status":"open","ping_status":"open","sticky":false,"template":"","format":"standard","meta":{"_acf_changed":false,"footnotes":""},"categories":[1665,1557,1561],"tags":[],"class_list":["post-56866","post","type-post","status-publish","format-standard","has-post-thumbnail","hentry","category-categories","category-forwarding-logistics","category-regions"],"acf":[],"yoast_head":"<!-- This site is optimized with the Yoast SEO plugin v27.3 - https:\/\/yoast.com\/product\/yoast-seo-wordpress\/ -->\n<title>IFAT - Aumento de la demanda de veh\u00edculos comerciales sin emisiones - Loginfo24<\/title>\n<meta name=\"robots\" content=\"index, follow, max-snippet:-1, max-image-preview:large, max-video-preview:-1\" \/>\n<link rel=\"canonical\" href=\"https:\/\/loginfo24.com\/es\/2022\/06\/12\/ifat-aumento-de-la-demanda-de-vehiculos-comerciales-sin-emisiones\/\" \/>\n<meta property=\"og:locale\" content=\"es_ES\" \/>\n<meta property=\"og:type\" content=\"article\" \/>\n<meta property=\"og:title\" content=\"IFAT - Aumento de la demanda de veh\u00edculos comerciales sin emisiones - Loginfo24\" \/>\n<meta property=\"og:description\" content=\"La Quantron AG, especialista en veh\u00edculos comerciales impulsados por bater\u00edas y hidr\u00f3geno, fue expositor en la IFAT 2022 en M\u00fanich. La IFAT es la plataforma m\u00e1s [\u2026]\" \/>\n<meta property=\"og:url\" content=\"https:\/\/loginfo24.com\/es\/2022\/06\/12\/ifat-aumento-de-la-demanda-de-vehiculos-comerciales-sin-emisiones\/\" \/>\n<meta property=\"og:site_name\" content=\"Loginfo24\" \/>\n<meta property=\"article:publisher\" content=\"https:\/\/www.facebook.com\/people\/Loginfo24\/100057360583332\/\" \/>\n<meta property=\"article:published_time\" content=\"2022-06-12T14:45:35+00:00\" \/>\n<meta property=\"og:image\" content=\"https:\/\/loginfo24.com\/wp-content\/uploads\/sites\/7\/2025\/12\/Quantron_13.06.2022.jpg\" \/>\n\t<meta property=\"og:image:width\" content=\"816\" \/>\n\t<meta property=\"og:image:height\" content=\"606\" \/>\n\t<meta property=\"og:image:type\" content=\"image\/jpeg\" \/>\n<meta name=\"twitter:card\" content=\"summary_large_image\" \/>\n<meta name=\"twitter:label1\" content=\"Tiempo de lectura\" \/>\n\t<meta name=\"twitter:data1\" content=\"3 minuto\" \/>\n<script type=\"application\/ld+json\" class=\"yoast-schema-graph\">{\"@context\":\"https:\\\/\\\/schema.org\",\"@graph\":[{\"@type\":\"Article\",\"@id\":\"https:\\\/\\\/loginfo24.com\\\/es\\\/2022\\\/06\\\/12\\\/ifat-aumento-de-la-demanda-de-vehiculos-comerciales-sin-emisiones\\\/#article\",\"isPartOf\":{\"@id\":\"https:\\\/\\\/loginfo24.com\\\/es\\\/2022\\\/06\\\/12\\\/ifat-aumento-de-la-demanda-de-vehiculos-comerciales-sin-emisiones\\\/\"},\"author\":{\"name\":\"\",\"@id\":\"\"},\"headline\":\"IFAT - Aumento de la demanda de veh\u00edculos comerciales sin emisiones\",\"datePublished\":\"2022-06-12T14:45:35+00:00\",\"mainEntityOfPage\":{\"@id\":\"https:\\\/\\\/loginfo24.com\\\/es\\\/2022\\\/06\\\/12\\\/ifat-aumento-de-la-demanda-de-vehiculos-comerciales-sin-emisiones\\\/\"},\"wordCount\":550,\"commentCount\":0,\"publisher\":{\"@id\":\"https:\\\/\\\/loginfo24.com\\\/es\\\/#organization\"},\"image\":{\"@id\":\"https:\\\/\\\/loginfo24.com\\\/es\\\/2022\\\/06\\\/12\\\/ifat-aumento-de-la-demanda-de-vehiculos-comerciales-sin-emisiones\\\/#primaryimage\"},\"thumbnailUrl\":\"https:\\\/\\\/loginfo24.com\\\/wp-content\\\/uploads\\\/sites\\\/7\\\/2025\\\/12\\\/Quantron_13.06.2022.jpg\",\"articleSection\":[\"Categories\",\"Forwarding &amp; Logistics\",\"Regions\"],\"inLanguage\":\"es\",\"potentialAction\":[{\"@type\":\"CommentAction\",\"name\":\"Comment\",\"target\":[\"https:\\\/\\\/loginfo24.com\\\/es\\\/2022\\\/06\\\/12\\\/ifat-aumento-de-la-demanda-de-vehiculos-comerciales-sin-emisiones\\\/#respond\"]}]},{\"@type\":\"WebPage\",\"@id\":\"https:\\\/\\\/loginfo24.com\\\/es\\\/2022\\\/06\\\/12\\\/ifat-aumento-de-la-demanda-de-vehiculos-comerciales-sin-emisiones\\\/\",\"url\":\"https:\\\/\\\/loginfo24.com\\\/es\\\/2022\\\/06\\\/12\\\/ifat-aumento-de-la-demanda-de-vehiculos-comerciales-sin-emisiones\\\/\",\"name\":\"IFAT - Aumento de la demanda de veh\u00edculos comerciales sin emisiones - Loginfo24\",\"isPartOf\":{\"@id\":\"https:\\\/\\\/loginfo24.com\\\/es\\\/#website\"},\"primaryImageOfPage\":{\"@id\":\"https:\\\/\\\/loginfo24.com\\\/es\\\/2022\\\/06\\\/12\\\/ifat-aumento-de-la-demanda-de-vehiculos-comerciales-sin-emisiones\\\/#primaryimage\"},\"image\":{\"@id\":\"https:\\\/\\\/loginfo24.com\\\/es\\\/2022\\\/06\\\/12\\\/ifat-aumento-de-la-demanda-de-vehiculos-comerciales-sin-emisiones\\\/#primaryimage\"},\"thumbnailUrl\":\"https:\\\/\\\/loginfo24.com\\\/wp-content\\\/uploads\\\/sites\\\/7\\\/2025\\\/12\\\/Quantron_13.06.2022.jpg\",\"datePublished\":\"2022-06-12T14:45:35+00:00\",\"breadcrumb\":{\"@id\":\"https:\\\/\\\/loginfo24.com\\\/es\\\/2022\\\/06\\\/12\\\/ifat-aumento-de-la-demanda-de-vehiculos-comerciales-sin-emisiones\\\/#breadcrumb\"},\"inLanguage\":\"es\",\"potentialAction\":[{\"@type\":\"ReadAction\",\"target\":[\"https:\\\/\\\/loginfo24.com\\\/es\\\/2022\\\/06\\\/12\\\/ifat-aumento-de-la-demanda-de-vehiculos-comerciales-sin-emisiones\\\/\"]}]},{\"@type\":\"ImageObject\",\"inLanguage\":\"es\",\"@id\":\"https:\\\/\\\/loginfo24.com\\\/es\\\/2022\\\/06\\\/12\\\/ifat-aumento-de-la-demanda-de-vehiculos-comerciales-sin-emisiones\\\/#primaryimage\",\"url\":\"https:\\\/\\\/loginfo24.com\\\/wp-content\\\/uploads\\\/sites\\\/7\\\/2025\\\/12\\\/Quantron_13.06.2022.jpg\",\"contentUrl\":\"https:\\\/\\\/loginfo24.com\\\/wp-content\\\/uploads\\\/sites\\\/7\\\/2025\\\/12\\\/Quantron_13.06.2022.jpg\",\"width\":816,\"height\":606},{\"@type\":\"BreadcrumbList\",\"@id\":\"https:\\\/\\\/loginfo24.com\\\/es\\\/2022\\\/06\\\/12\\\/ifat-aumento-de-la-demanda-de-vehiculos-comerciales-sin-emisiones\\\/#breadcrumb\",\"itemListElement\":[{\"@type\":\"ListItem\",\"position\":1,\"name\":\"Startseite\",\"item\":\"https:\\\/\\\/loginfo24.com\\\/es\\\/\"},{\"@type\":\"ListItem\",\"position\":2,\"name\":\"IFAT - Aumento de la demanda de veh\u00edculos comerciales sin emisiones\"}]},{\"@type\":\"WebSite\",\"@id\":\"https:\\\/\\\/loginfo24.com\\\/es\\\/#website\",\"url\":\"https:\\\/\\\/loginfo24.com\\\/es\\\/\",\"name\":\"Loginfo24\",\"description\":\"Loginfo24 es la plataforma dedicada a la log\u00edstica y las cadenas de suministro con informaci\u00f3n las 24 horas del d\u00eda.\",\"publisher\":{\"@id\":\"https:\\\/\\\/loginfo24.com\\\/es\\\/#organization\"},\"potentialAction\":[{\"@type\":\"SearchAction\",\"target\":{\"@type\":\"EntryPoint\",\"urlTemplate\":\"https:\\\/\\\/loginfo24.com\\\/es\\\/?s={search_term_string}\"},\"query-input\":{\"@type\":\"PropertyValueSpecification\",\"valueRequired\":true,\"valueName\":\"search_term_string\"}}],\"inLanguage\":\"es\"},{\"@type\":\"Organization\",\"@id\":\"https:\\\/\\\/loginfo24.com\\\/es\\\/#organization\",\"name\":\"Grupo Logismedia AG\",\"url\":\"https:\\\/\\\/loginfo24.com\\\/es\\\/\",\"logo\":{\"@type\":\"ImageObject\",\"inLanguage\":\"es\",\"@id\":\"https:\\\/\\\/loginfo24.com\\\/es\\\/#\\\/schema\\\/logo\\\/image\\\/\",\"url\":\"https:\\\/\\\/loginfo24.com\\\/wp-content\\\/uploads\\\/sites\\\/7\\\/2026\\\/01\\\/Logo_LogInfo24.png\",\"contentUrl\":\"https:\\\/\\\/loginfo24.com\\\/wp-content\\\/uploads\\\/sites\\\/7\\\/2026\\\/01\\\/Logo_LogInfo24.png\",\"width\":938,\"height\":351,\"caption\":\"Grupo Logismedia AG\"},\"image\":{\"@id\":\"https:\\\/\\\/loginfo24.com\\\/es\\\/#\\\/schema\\\/logo\\\/image\\\/\"},\"sameAs\":[\"https:\\\/\\\/www.facebook.com\\\/people\\\/Loginfo24\\\/100057360583332\\\/\",\"https:\\\/\\\/www.linkedin.com\\\/company\\\/lofinfo24\\\/\"]}]}<\/script>\n<!-- \/ Yoast SEO plugin. -->","yoast_head_json":{"title":"IFAT - Aumento de la demanda de veh\u00edculos comerciales sin emisiones - Loginfo24","robots":{"index":"index","follow":"follow","max-snippet":"max-snippet:-1","max-image-preview":"max-image-preview:large","max-video-preview":"max-video-preview:-1"},"canonical":"https:\/\/loginfo24.com\/es\/2022\/06\/12\/ifat-aumento-de-la-demanda-de-vehiculos-comerciales-sin-emisiones\/","og_locale":"es_ES","og_type":"article","og_title":"IFAT - Aumento de la demanda de veh\u00edculos comerciales sin emisiones - Loginfo24","og_description":"La Quantron AG, especialista en veh\u00edculos comerciales impulsados por bater\u00edas y hidr\u00f3geno, fue expositor en la IFAT 2022 en M\u00fanich. La IFAT es la plataforma m\u00e1s [\u2026]","og_url":"https:\/\/loginfo24.com\/es\/2022\/06\/12\/ifat-aumento-de-la-demanda-de-vehiculos-comerciales-sin-emisiones\/","og_site_name":"Loginfo24","article_publisher":"https:\/\/www.facebook.com\/people\/Loginfo24\/100057360583332\/","article_published_time":"2022-06-12T14:45:35+00:00","og_image":[{"width":816,"height":606,"url":"https:\/\/loginfo24.com\/wp-content\/uploads\/sites\/7\/2025\/12\/Quantron_13.06.2022.jpg","type":"image\/jpeg"}],"twitter_card":"summary_large_image","twitter_misc":{"Tiempo de lectura":"3 minuto"},"schema":{"@context":"https:\/\/schema.org","@graph":[{"@type":"Article","@id":"https:\/\/loginfo24.com\/es\/2022\/06\/12\/ifat-aumento-de-la-demanda-de-vehiculos-comerciales-sin-emisiones\/#article","isPartOf":{"@id":"https:\/\/loginfo24.com\/es\/2022\/06\/12\/ifat-aumento-de-la-demanda-de-vehiculos-comerciales-sin-emisiones\/"},"author":{"name":"","@id":""},"headline":"IFAT - Aumento de la demanda de veh\u00edculos comerciales sin emisiones","datePublished":"2022-06-12T14:45:35+00:00","mainEntityOfPage":{"@id":"https:\/\/loginfo24.com\/es\/2022\/06\/12\/ifat-aumento-de-la-demanda-de-vehiculos-comerciales-sin-emisiones\/"},"wordCount":550,"commentCount":0,"publisher":{"@id":"https:\/\/loginfo24.com\/es\/#organization"},"image":{"@id":"https:\/\/loginfo24.com\/es\/2022\/06\/12\/ifat-aumento-de-la-demanda-de-vehiculos-comerciales-sin-emisiones\/#primaryimage"},"thumbnailUrl":"https:\/\/loginfo24.com\/wp-content\/uploads\/sites\/7\/2025\/12\/Quantron_13.06.2022.jpg","articleSection":["Categories","Forwarding &amp; Logistics","Regions"],"inLanguage":"es","potentialAction":[{"@type":"CommentAction","name":"Comment","target":["https:\/\/loginfo24.com\/es\/2022\/06\/12\/ifat-aumento-de-la-demanda-de-vehiculos-comerciales-sin-emisiones\/#respond"]}]},{"@type":"WebPage","@id":"https:\/\/loginfo24.com\/es\/2022\/06\/12\/ifat-aumento-de-la-demanda-de-vehiculos-comerciales-sin-emisiones\/","url":"https:\/\/loginfo24.com\/es\/2022\/06\/12\/ifat-aumento-de-la-demanda-de-vehiculos-comerciales-sin-emisiones\/","name":"IFAT - Aumento de la demanda de veh\u00edculos comerciales sin emisiones - Loginfo24","isPartOf":{"@id":"https:\/\/loginfo24.com\/es\/#website"},"primaryImageOfPage":{"@id":"https:\/\/loginfo24.com\/es\/2022\/06\/12\/ifat-aumento-de-la-demanda-de-vehiculos-comerciales-sin-emisiones\/#primaryimage"},"image":{"@id":"https:\/\/loginfo24.com\/es\/2022\/06\/12\/ifat-aumento-de-la-demanda-de-vehiculos-comerciales-sin-emisiones\/#primaryimage"},"thumbnailUrl":"https:\/\/loginfo24.com\/wp-content\/uploads\/sites\/7\/2025\/12\/Quantron_13.06.2022.jpg","datePublished":"2022-06-12T14:45:35+00:00","breadcrumb":{"@id":"https:\/\/loginfo24.com\/es\/2022\/06\/12\/ifat-aumento-de-la-demanda-de-vehiculos-comerciales-sin-emisiones\/#breadcrumb"},"inLanguage":"es","potentialAction":[{"@type":"ReadAction","target":["https:\/\/loginfo24.com\/es\/2022\/06\/12\/ifat-aumento-de-la-demanda-de-vehiculos-comerciales-sin-emisiones\/"]}]},{"@type":"ImageObject","inLanguage":"es","@id":"https:\/\/loginfo24.com\/es\/2022\/06\/12\/ifat-aumento-de-la-demanda-de-vehiculos-comerciales-sin-emisiones\/#primaryimage","url":"https:\/\/loginfo24.com\/wp-content\/uploads\/sites\/7\/2025\/12\/Quantron_13.06.2022.jpg","contentUrl":"https:\/\/loginfo24.com\/wp-content\/uploads\/sites\/7\/2025\/12\/Quantron_13.06.2022.jpg","width":816,"height":606},{"@type":"BreadcrumbList","@id":"https:\/\/loginfo24.com\/es\/2022\/06\/12\/ifat-aumento-de-la-demanda-de-vehiculos-comerciales-sin-emisiones\/#breadcrumb","itemListElement":[{"@type":"ListItem","position":1,"name":"Startseite","item":"https:\/\/loginfo24.com\/es\/"},{"@type":"ListItem","position":2,"name":"IFAT - Aumento de la demanda de veh\u00edculos comerciales sin emisiones"}]},{"@type":"WebSite","@id":"https:\/\/loginfo24.com\/es\/#website","url":"https:\/\/loginfo24.com\/es\/","name":"Loginfo24","description":"Loginfo24 es la plataforma dedicada a la log\u00edstica y las cadenas de suministro con informaci\u00f3n las 24 horas del d\u00eda.","publisher":{"@id":"https:\/\/loginfo24.com\/es\/#organization"},"potentialAction":[{"@type":"SearchAction","target":{"@type":"EntryPoint","urlTemplate":"https:\/\/loginfo24.com\/es\/?s={search_term_string}"},"query-input":{"@type":"PropertyValueSpecification","valueRequired":true,"valueName":"search_term_string"}}],"inLanguage":"es"},{"@type":"Organization","@id":"https:\/\/loginfo24.com\/es\/#organization","name":"Grupo Logismedia AG","url":"https:\/\/loginfo24.com\/es\/","logo":{"@type":"ImageObject","inLanguage":"es","@id":"https:\/\/loginfo24.com\/es\/#\/schema\/logo\/image\/","url":"https:\/\/loginfo24.com\/wp-content\/uploads\/sites\/7\/2026\/01\/Logo_LogInfo24.png","contentUrl":"https:\/\/loginfo24.com\/wp-content\/uploads\/sites\/7\/2026\/01\/Logo_LogInfo24.png","width":938,"height":351,"caption":"Grupo Logismedia AG"},"image":{"@id":"https:\/\/loginfo24.com\/es\/#\/schema\/logo\/image\/"},"sameAs":["https:\/\/www.facebook.com\/people\/Loginfo24\/100057360583332\/","https:\/\/www.linkedin.com\/company\/lofinfo24\/"]}]}},"_links":{"self":[{"href":"https:\/\/loginfo24.com\/es\/wp-json\/wp\/v2\/posts\/56866","targetHints":{"allow":["GET"]}}],"collection":[{"href":"https:\/\/loginfo24.com\/es\/wp-json\/wp\/v2\/posts"}],"about":[{"href":"https:\/\/loginfo24.com\/es\/wp-json\/wp\/v2\/types\/post"}],"replies":[{"embeddable":true,"href":"https:\/\/loginfo24.com\/es\/wp-json\/wp\/v2\/comments?post=56866"}],"version-history":[{"count":0,"href":"https:\/\/loginfo24.com\/es\/wp-json\/wp\/v2\/posts\/56866\/revisions"}],"wp:featuredmedia":[{"embeddable":true,"href":"https:\/\/loginfo24.com\/es\/wp-json\/wp\/v2\/media\/10074"}],"wp:attachment":[{"href":"https:\/\/loginfo24.com\/es\/wp-json\/wp\/v2\/media?parent=56866"}],"wp:term":[{"taxonomy":"category","embeddable":true,"href":"https:\/\/loginfo24.com\/es\/wp-json\/wp\/v2\/categories?post=56866"},{"taxonomy":"post_tag","embeddable":true,"href":"https:\/\/loginfo24.com\/es\/wp-json\/wp\/v2\/tags?post=56866"}],"curies":[{"name":"wp","href":"https:\/\/api.w.org\/{rel}","templated":true}]}}