{"id":55786,"date":"2022-04-19T19:15:20","date_gmt":"2022-04-19T17:15:20","guid":{"rendered":"https:\/\/blog.brand-architecture.at\/2022\/04\/19\/logistikum-suiza-con-la-oferta-rethink-para-la-logistica\/"},"modified":"2022-04-19T19:15:20","modified_gmt":"2022-04-19T17:15:20","slug":"logistikum-suiza-con-la-oferta-rethink-para-la-logistica","status":"publish","type":"post","link":"https:\/\/loginfo24.com\/es\/2022\/04\/19\/logistikum-suiza-con-la-oferta-rethink-para-la-logistica\/","title":{"rendered":"Logistikum Suiza con la oferta ReThink para la log\u00edstica"},"content":{"rendered":"<h5><strong>Para dar forma al futuro de la log\u00edstica, se necesita un cambio de mentalidad, competencias ampliadas y valent\u00eda. La oferta ReThink de Logistikum Suiza GmbH apoya a sus participantes en este sentido. Se ense\u00f1a a ver la compra, la log\u00edstica y el SCM bajo una nueva luz y a seguir caminos eficientes y sostenibles para el futuro.<\/strong><\/h5>\n<p>(Altdorf) Debido a los desarrollos ecol\u00f3gicos, econ\u00f3micos, pol\u00edtico-legales, sociales y tecnol\u00f3gicos, los productos, servicios y sistemas de creaci\u00f3n de valor deben ajustarse continuamente. En un mundo globalmente interconectado, donde las materias primas, las capacidades de producci\u00f3n y log\u00edstica se est\u00e1n reduciendo, donde los ciclos de vida de los productos se acortan, la demanda se vuelve m\u00e1s vol\u00e1til y las exigencias de descarbonizaci\u00f3n y sostenibilidad en la cadena de suministro aumentan, la compra, la log\u00edstica y el SCM se convierten en las disciplinas m\u00e1s importantes en la empresa para dise\u00f1ar sistemas de creaci\u00f3n de valor complejos de manera adecuada y orientada al futuro.<\/p>\n<h5><strong>Los m\u00e9todos anteriores llegan a sus l\u00edmites<\/strong><\/h5>\n<p>Los m\u00e9todos y procedimientos anteriores llegar\u00e1n a sus l\u00edmites, y nuevas tecnolog\u00edas ofrecer\u00e1n nuevas oportunidades. Los hallazgos recientes de la investigaci\u00f3n y el desarrollo van de la mano con las experiencias de la pr\u00e1ctica. Hacen que la oferta de Logistikum sea un lugar donde se pueden repensar y dise\u00f1ar los sistemas de creaci\u00f3n de valor del futuro.<\/p>\n<p>La oferta est\u00e1 dirigida a empresas que son conscientes de este desaf\u00edo y que desean o deben gestionar el cambio de manera proactiva, cooperativa e innovadora.<\/p>\n<h5>Sobre Logistikum Suiza GmbH<\/h5>\n<p>La oferta ReThink de Logistikum Suiza GmbH ofrece contenidos variados y transversales a diferentes sectores sobre temas actuales en la compra, la log\u00edstica y el SCM.<\/p>\n<p>Los participantes son, por lo tanto, tan diversos como nuestra oferta misma.<\/p>\n<p><strong>ReThink est\u00e1 dirigido a:<\/strong><\/p>\n<ul>\n<li>Ejecutivos, altos potenciales y expertos en la materia<\/li>\n<li>Personas con tareas en planificaci\u00f3n estrat\u00e9gica, desarrollo empresarial \/ excelencia y \/ o gesti\u00f3n de la innovaci\u00f3n<\/li>\n<li>Empleados de compras, producci\u00f3n, log\u00edstica, gesti\u00f3n de la cadena de suministro<\/li>\n<li>Empresas de la industria, comercio y servicios<\/li>\n<\/ul>\n<p>M\u00e1s <strong>informaci\u00f3n e inscripci\u00f3n<\/strong> para las respectivas ofertas ReThink:<\/p>\n<p><a href=\"https:\/\/logistikum.ch\/\" target=\"_blank\" rel=\"noopener\">https:\/\/logistikum.ch\/<\/a><\/p>\n<p>Foto: \u00a9 Loginfo24\/Adobe Stock \/ <strong><em>Descripci\u00f3n de la imagen:<\/em><\/strong><em> En Altdorf, donde se encuentra el monumento del h\u00e9roe nacional suizo Wilhelm Tell, tambi\u00e9n se encuentran las salas de seminarios de Logistikum Suiza GmbH<\/em><\/p>\n","protected":false},"excerpt":{"rendered":"<p>Para dar forma al futuro de la log\u00edstica, se necesita un cambio de mentalidad, competencias ampliadas y valent\u00eda. La oferta ReThink de Logistikum Suiza GmbH apoya<span class=\"excerpt-hellip\"> [\u2026]<\/span><\/p>\n","protected":false},"author":0,"featured_media":10509,"comment_status":"open","ping_status":"open","sticky":false,"template":"","format":"standard","meta":{"_acf_changed":false,"footnotes":""},"categories":[1557,1561],"tags":[],"class_list":["post-55786","post","type-post","status-publish","format-standard","has-post-thumbnail","hentry","category-forwarding-logistics","category-regions"],"acf":[],"yoast_head":"<!-- This site is optimized with the Yoast SEO plugin v27.3 - https:\/\/yoast.com\/product\/yoast-seo-wordpress\/ -->\n<title>Logistikum Suiza con la oferta ReThink para la log\u00edstica - Loginfo24<\/title>\n<meta name=\"robots\" content=\"index, follow, max-snippet:-1, max-image-preview:large, max-video-preview:-1\" \/>\n<link rel=\"canonical\" href=\"https:\/\/loginfo24.com\/es\/2022\/04\/19\/logistikum-suiza-con-la-oferta-rethink-para-la-logistica\/\" \/>\n<meta property=\"og:locale\" content=\"es_ES\" \/>\n<meta property=\"og:type\" content=\"article\" \/>\n<meta property=\"og:title\" content=\"Logistikum Suiza con la oferta ReThink para la log\u00edstica - Loginfo24\" \/>\n<meta property=\"og:description\" content=\"Para dar forma al futuro de la log\u00edstica, se necesita un cambio de mentalidad, competencias ampliadas y valent\u00eda. La oferta ReThink de Logistikum Suiza GmbH apoya [\u2026]\" \/>\n<meta property=\"og:url\" content=\"https:\/\/loginfo24.com\/es\/2022\/04\/19\/logistikum-suiza-con-la-oferta-rethink-para-la-logistica\/\" \/>\n<meta property=\"og:site_name\" content=\"Loginfo24\" \/>\n<meta property=\"article:publisher\" content=\"https:\/\/www.facebook.com\/people\/Loginfo24\/100057360583332\/\" \/>\n<meta property=\"article:published_time\" content=\"2022-04-19T17:15:20+00:00\" \/>\n<meta property=\"og:image\" content=\"https:\/\/loginfo24.com\/wp-content\/uploads\/sites\/7\/2025\/12\/Logistikum_19.4.22.jpg\" \/>\n\t<meta property=\"og:image:width\" content=\"1483\" \/>\n\t<meta property=\"og:image:height\" content=\"903\" \/>\n\t<meta property=\"og:image:type\" content=\"image\/jpeg\" \/>\n<meta name=\"twitter:card\" content=\"summary_large_image\" \/>\n<meta name=\"twitter:label1\" content=\"Tiempo de lectura\" \/>\n\t<meta name=\"twitter:data1\" content=\"2 minuto\" \/>\n<script type=\"application\/ld+json\" class=\"yoast-schema-graph\">{\"@context\":\"https:\\\/\\\/schema.org\",\"@graph\":[{\"@type\":\"Article\",\"@id\":\"https:\\\/\\\/loginfo24.com\\\/es\\\/2022\\\/04\\\/19\\\/logistikum-suiza-con-la-oferta-rethink-para-la-logistica\\\/#article\",\"isPartOf\":{\"@id\":\"https:\\\/\\\/loginfo24.com\\\/es\\\/2022\\\/04\\\/19\\\/logistikum-suiza-con-la-oferta-rethink-para-la-logistica\\\/\"},\"author\":{\"name\":\"\",\"@id\":\"\"},\"headline\":\"Logistikum Suiza con la oferta ReThink para la log\u00edstica\",\"datePublished\":\"2022-04-19T17:15:20+00:00\",\"mainEntityOfPage\":{\"@id\":\"https:\\\/\\\/loginfo24.com\\\/es\\\/2022\\\/04\\\/19\\\/logistikum-suiza-con-la-oferta-rethink-para-la-logistica\\\/\"},\"wordCount\":435,\"commentCount\":0,\"publisher\":{\"@id\":\"https:\\\/\\\/loginfo24.com\\\/es\\\/#organization\"},\"image\":{\"@id\":\"https:\\\/\\\/loginfo24.com\\\/es\\\/2022\\\/04\\\/19\\\/logistikum-suiza-con-la-oferta-rethink-para-la-logistica\\\/#primaryimage\"},\"thumbnailUrl\":\"https:\\\/\\\/loginfo24.com\\\/wp-content\\\/uploads\\\/sites\\\/7\\\/2025\\\/12\\\/Logistikum_19.4.22.jpg\",\"articleSection\":[\"Forwarding &amp; Logistics\",\"Regions\"],\"inLanguage\":\"es\",\"potentialAction\":[{\"@type\":\"CommentAction\",\"name\":\"Comment\",\"target\":[\"https:\\\/\\\/loginfo24.com\\\/es\\\/2022\\\/04\\\/19\\\/logistikum-suiza-con-la-oferta-rethink-para-la-logistica\\\/#respond\"]}]},{\"@type\":\"WebPage\",\"@id\":\"https:\\\/\\\/loginfo24.com\\\/es\\\/2022\\\/04\\\/19\\\/logistikum-suiza-con-la-oferta-rethink-para-la-logistica\\\/\",\"url\":\"https:\\\/\\\/loginfo24.com\\\/es\\\/2022\\\/04\\\/19\\\/logistikum-suiza-con-la-oferta-rethink-para-la-logistica\\\/\",\"name\":\"Logistikum Suiza con la oferta ReThink para la log\u00edstica - Loginfo24\",\"isPartOf\":{\"@id\":\"https:\\\/\\\/loginfo24.com\\\/es\\\/#website\"},\"primaryImageOfPage\":{\"@id\":\"https:\\\/\\\/loginfo24.com\\\/es\\\/2022\\\/04\\\/19\\\/logistikum-suiza-con-la-oferta-rethink-para-la-logistica\\\/#primaryimage\"},\"image\":{\"@id\":\"https:\\\/\\\/loginfo24.com\\\/es\\\/2022\\\/04\\\/19\\\/logistikum-suiza-con-la-oferta-rethink-para-la-logistica\\\/#primaryimage\"},\"thumbnailUrl\":\"https:\\\/\\\/loginfo24.com\\\/wp-content\\\/uploads\\\/sites\\\/7\\\/2025\\\/12\\\/Logistikum_19.4.22.jpg\",\"datePublished\":\"2022-04-19T17:15:20+00:00\",\"breadcrumb\":{\"@id\":\"https:\\\/\\\/loginfo24.com\\\/es\\\/2022\\\/04\\\/19\\\/logistikum-suiza-con-la-oferta-rethink-para-la-logistica\\\/#breadcrumb\"},\"inLanguage\":\"es\",\"potentialAction\":[{\"@type\":\"ReadAction\",\"target\":[\"https:\\\/\\\/loginfo24.com\\\/es\\\/2022\\\/04\\\/19\\\/logistikum-suiza-con-la-oferta-rethink-para-la-logistica\\\/\"]}]},{\"@type\":\"ImageObject\",\"inLanguage\":\"es\",\"@id\":\"https:\\\/\\\/loginfo24.com\\\/es\\\/2022\\\/04\\\/19\\\/logistikum-suiza-con-la-oferta-rethink-para-la-logistica\\\/#primaryimage\",\"url\":\"https:\\\/\\\/loginfo24.com\\\/wp-content\\\/uploads\\\/sites\\\/7\\\/2025\\\/12\\\/Logistikum_19.4.22.jpg\",\"contentUrl\":\"https:\\\/\\\/loginfo24.com\\\/wp-content\\\/uploads\\\/sites\\\/7\\\/2025\\\/12\\\/Logistikum_19.4.22.jpg\",\"width\":1483,\"height\":903},{\"@type\":\"BreadcrumbList\",\"@id\":\"https:\\\/\\\/loginfo24.com\\\/es\\\/2022\\\/04\\\/19\\\/logistikum-suiza-con-la-oferta-rethink-para-la-logistica\\\/#breadcrumb\",\"itemListElement\":[{\"@type\":\"ListItem\",\"position\":1,\"name\":\"Startseite\",\"item\":\"https:\\\/\\\/loginfo24.com\\\/es\\\/\"},{\"@type\":\"ListItem\",\"position\":2,\"name\":\"Logistikum Suiza con la oferta ReThink para la log\u00edstica\"}]},{\"@type\":\"WebSite\",\"@id\":\"https:\\\/\\\/loginfo24.com\\\/es\\\/#website\",\"url\":\"https:\\\/\\\/loginfo24.com\\\/es\\\/\",\"name\":\"Loginfo24\",\"description\":\"Loginfo24 es la plataforma dedicada a la log\u00edstica y las cadenas de suministro con informaci\u00f3n las 24 horas del d\u00eda.\",\"publisher\":{\"@id\":\"https:\\\/\\\/loginfo24.com\\\/es\\\/#organization\"},\"potentialAction\":[{\"@type\":\"SearchAction\",\"target\":{\"@type\":\"EntryPoint\",\"urlTemplate\":\"https:\\\/\\\/loginfo24.com\\\/es\\\/?s={search_term_string}\"},\"query-input\":{\"@type\":\"PropertyValueSpecification\",\"valueRequired\":true,\"valueName\":\"search_term_string\"}}],\"inLanguage\":\"es\"},{\"@type\":\"Organization\",\"@id\":\"https:\\\/\\\/loginfo24.com\\\/es\\\/#organization\",\"name\":\"Grupo Logismedia AG\",\"url\":\"https:\\\/\\\/loginfo24.com\\\/es\\\/\",\"logo\":{\"@type\":\"ImageObject\",\"inLanguage\":\"es\",\"@id\":\"https:\\\/\\\/loginfo24.com\\\/es\\\/#\\\/schema\\\/logo\\\/image\\\/\",\"url\":\"https:\\\/\\\/loginfo24.com\\\/wp-content\\\/uploads\\\/sites\\\/7\\\/2026\\\/01\\\/Logo_LogInfo24.png\",\"contentUrl\":\"https:\\\/\\\/loginfo24.com\\\/wp-content\\\/uploads\\\/sites\\\/7\\\/2026\\\/01\\\/Logo_LogInfo24.png\",\"width\":938,\"height\":351,\"caption\":\"Grupo Logismedia AG\"},\"image\":{\"@id\":\"https:\\\/\\\/loginfo24.com\\\/es\\\/#\\\/schema\\\/logo\\\/image\\\/\"},\"sameAs\":[\"https:\\\/\\\/www.facebook.com\\\/people\\\/Loginfo24\\\/100057360583332\\\/\",\"https:\\\/\\\/www.linkedin.com\\\/company\\\/lofinfo24\\\/\"]}]}<\/script>\n<!-- \/ Yoast SEO plugin. -->","yoast_head_json":{"title":"Logistikum Suiza con la oferta ReThink para la log\u00edstica - Loginfo24","robots":{"index":"index","follow":"follow","max-snippet":"max-snippet:-1","max-image-preview":"max-image-preview:large","max-video-preview":"max-video-preview:-1"},"canonical":"https:\/\/loginfo24.com\/es\/2022\/04\/19\/logistikum-suiza-con-la-oferta-rethink-para-la-logistica\/","og_locale":"es_ES","og_type":"article","og_title":"Logistikum Suiza con la oferta ReThink para la log\u00edstica - Loginfo24","og_description":"Para dar forma al futuro de la log\u00edstica, se necesita un cambio de mentalidad, competencias ampliadas y valent\u00eda. La oferta ReThink de Logistikum Suiza GmbH apoya [\u2026]","og_url":"https:\/\/loginfo24.com\/es\/2022\/04\/19\/logistikum-suiza-con-la-oferta-rethink-para-la-logistica\/","og_site_name":"Loginfo24","article_publisher":"https:\/\/www.facebook.com\/people\/Loginfo24\/100057360583332\/","article_published_time":"2022-04-19T17:15:20+00:00","og_image":[{"width":1483,"height":903,"url":"https:\/\/loginfo24.com\/wp-content\/uploads\/sites\/7\/2025\/12\/Logistikum_19.4.22.jpg","type":"image\/jpeg"}],"twitter_card":"summary_large_image","twitter_misc":{"Tiempo de lectura":"2 minuto"},"schema":{"@context":"https:\/\/schema.org","@graph":[{"@type":"Article","@id":"https:\/\/loginfo24.com\/es\/2022\/04\/19\/logistikum-suiza-con-la-oferta-rethink-para-la-logistica\/#article","isPartOf":{"@id":"https:\/\/loginfo24.com\/es\/2022\/04\/19\/logistikum-suiza-con-la-oferta-rethink-para-la-logistica\/"},"author":{"name":"","@id":""},"headline":"Logistikum Suiza con la oferta ReThink para la log\u00edstica","datePublished":"2022-04-19T17:15:20+00:00","mainEntityOfPage":{"@id":"https:\/\/loginfo24.com\/es\/2022\/04\/19\/logistikum-suiza-con-la-oferta-rethink-para-la-logistica\/"},"wordCount":435,"commentCount":0,"publisher":{"@id":"https:\/\/loginfo24.com\/es\/#organization"},"image":{"@id":"https:\/\/loginfo24.com\/es\/2022\/04\/19\/logistikum-suiza-con-la-oferta-rethink-para-la-logistica\/#primaryimage"},"thumbnailUrl":"https:\/\/loginfo24.com\/wp-content\/uploads\/sites\/7\/2025\/12\/Logistikum_19.4.22.jpg","articleSection":["Forwarding &amp; Logistics","Regions"],"inLanguage":"es","potentialAction":[{"@type":"CommentAction","name":"Comment","target":["https:\/\/loginfo24.com\/es\/2022\/04\/19\/logistikum-suiza-con-la-oferta-rethink-para-la-logistica\/#respond"]}]},{"@type":"WebPage","@id":"https:\/\/loginfo24.com\/es\/2022\/04\/19\/logistikum-suiza-con-la-oferta-rethink-para-la-logistica\/","url":"https:\/\/loginfo24.com\/es\/2022\/04\/19\/logistikum-suiza-con-la-oferta-rethink-para-la-logistica\/","name":"Logistikum Suiza con la oferta ReThink para la log\u00edstica - Loginfo24","isPartOf":{"@id":"https:\/\/loginfo24.com\/es\/#website"},"primaryImageOfPage":{"@id":"https:\/\/loginfo24.com\/es\/2022\/04\/19\/logistikum-suiza-con-la-oferta-rethink-para-la-logistica\/#primaryimage"},"image":{"@id":"https:\/\/loginfo24.com\/es\/2022\/04\/19\/logistikum-suiza-con-la-oferta-rethink-para-la-logistica\/#primaryimage"},"thumbnailUrl":"https:\/\/loginfo24.com\/wp-content\/uploads\/sites\/7\/2025\/12\/Logistikum_19.4.22.jpg","datePublished":"2022-04-19T17:15:20+00:00","breadcrumb":{"@id":"https:\/\/loginfo24.com\/es\/2022\/04\/19\/logistikum-suiza-con-la-oferta-rethink-para-la-logistica\/#breadcrumb"},"inLanguage":"es","potentialAction":[{"@type":"ReadAction","target":["https:\/\/loginfo24.com\/es\/2022\/04\/19\/logistikum-suiza-con-la-oferta-rethink-para-la-logistica\/"]}]},{"@type":"ImageObject","inLanguage":"es","@id":"https:\/\/loginfo24.com\/es\/2022\/04\/19\/logistikum-suiza-con-la-oferta-rethink-para-la-logistica\/#primaryimage","url":"https:\/\/loginfo24.com\/wp-content\/uploads\/sites\/7\/2025\/12\/Logistikum_19.4.22.jpg","contentUrl":"https:\/\/loginfo24.com\/wp-content\/uploads\/sites\/7\/2025\/12\/Logistikum_19.4.22.jpg","width":1483,"height":903},{"@type":"BreadcrumbList","@id":"https:\/\/loginfo24.com\/es\/2022\/04\/19\/logistikum-suiza-con-la-oferta-rethink-para-la-logistica\/#breadcrumb","itemListElement":[{"@type":"ListItem","position":1,"name":"Startseite","item":"https:\/\/loginfo24.com\/es\/"},{"@type":"ListItem","position":2,"name":"Logistikum Suiza con la oferta ReThink para la log\u00edstica"}]},{"@type":"WebSite","@id":"https:\/\/loginfo24.com\/es\/#website","url":"https:\/\/loginfo24.com\/es\/","name":"Loginfo24","description":"Loginfo24 es la plataforma dedicada a la log\u00edstica y las cadenas de suministro con informaci\u00f3n las 24 horas del d\u00eda.","publisher":{"@id":"https:\/\/loginfo24.com\/es\/#organization"},"potentialAction":[{"@type":"SearchAction","target":{"@type":"EntryPoint","urlTemplate":"https:\/\/loginfo24.com\/es\/?s={search_term_string}"},"query-input":{"@type":"PropertyValueSpecification","valueRequired":true,"valueName":"search_term_string"}}],"inLanguage":"es"},{"@type":"Organization","@id":"https:\/\/loginfo24.com\/es\/#organization","name":"Grupo Logismedia AG","url":"https:\/\/loginfo24.com\/es\/","logo":{"@type":"ImageObject","inLanguage":"es","@id":"https:\/\/loginfo24.com\/es\/#\/schema\/logo\/image\/","url":"https:\/\/loginfo24.com\/wp-content\/uploads\/sites\/7\/2026\/01\/Logo_LogInfo24.png","contentUrl":"https:\/\/loginfo24.com\/wp-content\/uploads\/sites\/7\/2026\/01\/Logo_LogInfo24.png","width":938,"height":351,"caption":"Grupo Logismedia AG"},"image":{"@id":"https:\/\/loginfo24.com\/es\/#\/schema\/logo\/image\/"},"sameAs":["https:\/\/www.facebook.com\/people\/Loginfo24\/100057360583332\/","https:\/\/www.linkedin.com\/company\/lofinfo24\/"]}]}},"_links":{"self":[{"href":"https:\/\/loginfo24.com\/es\/wp-json\/wp\/v2\/posts\/55786","targetHints":{"allow":["GET"]}}],"collection":[{"href":"https:\/\/loginfo24.com\/es\/wp-json\/wp\/v2\/posts"}],"about":[{"href":"https:\/\/loginfo24.com\/es\/wp-json\/wp\/v2\/types\/post"}],"replies":[{"embeddable":true,"href":"https:\/\/loginfo24.com\/es\/wp-json\/wp\/v2\/comments?post=55786"}],"version-history":[{"count":0,"href":"https:\/\/loginfo24.com\/es\/wp-json\/wp\/v2\/posts\/55786\/revisions"}],"wp:featuredmedia":[{"embeddable":true,"href":"https:\/\/loginfo24.com\/es\/wp-json\/wp\/v2\/media\/10509"}],"wp:attachment":[{"href":"https:\/\/loginfo24.com\/es\/wp-json\/wp\/v2\/media?parent=55786"}],"wp:term":[{"taxonomy":"category","embeddable":true,"href":"https:\/\/loginfo24.com\/es\/wp-json\/wp\/v2\/categories?post=55786"},{"taxonomy":"post_tag","embeddable":true,"href":"https:\/\/loginfo24.com\/es\/wp-json\/wp\/v2\/tags?post=55786"}],"curies":[{"name":"wp","href":"https:\/\/api.w.org\/{rel}","templated":true}]}}