{"id":55104,"date":"2022-03-14T14:46:02","date_gmt":"2022-03-14T13:46:02","guid":{"rendered":"https:\/\/blog.brand-architecture.at\/2022\/03\/14\/camion-transport-adquiere-partes-de-willi-scharer-transport\/"},"modified":"2022-03-14T14:46:02","modified_gmt":"2022-03-14T13:46:02","slug":"camion-transport-adquiere-partes-de-willi-scharer-transport","status":"publish","type":"post","link":"https:\/\/loginfo24.com\/es\/2022\/03\/14\/camion-transport-adquiere-partes-de-willi-scharer-transport\/","title":{"rendered":"Camion Transport adquiere partes de Willi Sch\u00e4rer Transport"},"content":{"rendered":"<h5><strong>La Camion Transport AG adquiere a partir del 1 de mayo de 2022 la operaci\u00f3n de transporte de Willi Sch\u00e4rer Transport AG en Pratteln. Esto incluye empleados, veh\u00edculos y relaciones con los clientes. Con esta adquisici\u00f3n, la empresa familiar de Suiza Oriental expande a\u00fan m\u00e1s su divisi\u00f3n de transporte de carga parcial y completa y fortalece su posici\u00f3n como proveedor de servicios de transporte y log\u00edstica.<\/strong><\/h5>\n<p>(Will\/Pratteln) La empresa de transporte Willi Sch\u00e4rer Transport AG, fundada en 1961, se retira completamente del \u00e1rea de \u00abTransporte de mercanc\u00edas nacionales\u00bb y transfiere la actividad comercial a Camion Transport AG, con sede principal en Wil. Ambas empresas comparten un alto est\u00e1ndar de calidad y una larga relaci\u00f3n personal entre los propietarios. Esto llev\u00f3 a la decisi\u00f3n de integrar la empresa de transporte de Basilea en las estructuras de Camion Transport AG.<\/p>\n<p>Ambas partes ven esto como la soluci\u00f3n m\u00e1s sostenible. La adquisici\u00f3n incluye la base de clientes del sector de carga parcial y completa, as\u00ed como los pedidos de gr\u00faas y nueve veh\u00edculos, que Camion Transport AG estacionar\u00e1 mayoritariamente en la sucursal de Basilea, justo al lado de la estaci\u00f3n de tren de Wolf. La empresa tambi\u00e9n ofrece a todos los empleados una continuaci\u00f3n de su empleo. Est\u00e1n destinados principalmente a trabajar en el transporte de carga parcial y completa, es decir, en su campo de actividad habitual.<\/p>\n<h5><strong>Integrar r\u00e1pidamente a los nuevos empleados<\/strong><\/h5>\n<p>\u00abEs nuestra aspiraci\u00f3n conjunta continuar las relaciones con los clientes existentes a un alto nivel de calidad\u00bb, subraya Josef J\u00e4ger, director de Camion Transport AG, y a\u00f1ade: \u00abTambi\u00e9n estamos muy contentos con el refuerzo del personal. Queremos integrar r\u00e1pidamente a los nuevos colegas en la familia de Camion Transport.\u00bb La empresa fortalece con esta adquisici\u00f3n la divisi\u00f3n de transporte nacional de carga parcial y completa. Esto beneficia tanto a los clientes existentes como a los nuevos. La Willi Sch\u00e4rer Transport AG seguir\u00e1 existiendo, pero en el futuro llevar\u00e1 a cabo otras actividades.<\/p>\n<p>Foto: \u00a9 Camion Transport \/ <strong><em>Pie de foto:<\/em><\/strong><em> Josef J\u00e4ger, director de Camion Transport y Willi Sch\u00e4rer, propietario de Willi Sch\u00e4rer Transport AG<\/em><\/p>\n","protected":false},"excerpt":{"rendered":"<p>La Camion Transport AG adquiere a partir del 1 de mayo de 2022 la operaci\u00f3n de transporte de Willi Sch\u00e4rer Transport AG en Pratteln. Esto incluye<span class=\"excerpt-hellip\"> [\u2026]<\/span><\/p>\n","protected":false},"author":0,"featured_media":10782,"comment_status":"open","ping_status":"open","sticky":false,"template":"","format":"standard","meta":{"_acf_changed":false,"footnotes":""},"categories":[1557,1556,1561],"tags":[],"class_list":["post-55104","post","type-post","status-publish","format-standard","has-post-thumbnail","hentry","category-forwarding-logistics","category-intermodal-road","category-regions"],"acf":[],"yoast_head":"<!-- This site is optimized with the Yoast SEO plugin v27.3 - https:\/\/yoast.com\/product\/yoast-seo-wordpress\/ -->\n<title>Camion Transport adquiere partes de Willi Sch\u00e4rer Transport - Loginfo24<\/title>\n<meta name=\"robots\" content=\"index, follow, max-snippet:-1, max-image-preview:large, max-video-preview:-1\" \/>\n<link rel=\"canonical\" href=\"https:\/\/loginfo24.com\/es\/2022\/03\/14\/camion-transport-adquiere-partes-de-willi-scharer-transport\/\" \/>\n<meta property=\"og:locale\" content=\"es_ES\" \/>\n<meta property=\"og:type\" content=\"article\" \/>\n<meta property=\"og:title\" content=\"Camion Transport adquiere partes de Willi Sch\u00e4rer Transport - Loginfo24\" \/>\n<meta property=\"og:description\" content=\"La Camion Transport AG adquiere a partir del 1 de mayo de 2022 la operaci\u00f3n de transporte de Willi Sch\u00e4rer Transport AG en Pratteln. Esto incluye [\u2026]\" \/>\n<meta property=\"og:url\" content=\"https:\/\/loginfo24.com\/es\/2022\/03\/14\/camion-transport-adquiere-partes-de-willi-scharer-transport\/\" \/>\n<meta property=\"og:site_name\" content=\"Loginfo24\" \/>\n<meta property=\"article:publisher\" content=\"https:\/\/www.facebook.com\/people\/Loginfo24\/100057360583332\/\" \/>\n<meta property=\"article:published_time\" content=\"2022-03-14T13:46:02+00:00\" \/>\n<meta property=\"og:image\" content=\"https:\/\/loginfo24.com\/wp-content\/uploads\/sites\/7\/2025\/12\/Camion_Transport_14.3.22.jpg\" \/>\n\t<meta property=\"og:image:width\" content=\"1216\" \/>\n\t<meta property=\"og:image:height\" content=\"715\" \/>\n\t<meta property=\"og:image:type\" content=\"image\/jpeg\" \/>\n<meta name=\"twitter:card\" content=\"summary_large_image\" \/>\n<meta name=\"twitter:label1\" content=\"Tiempo de lectura\" \/>\n\t<meta name=\"twitter:data1\" content=\"2 minuto\" \/>\n<script type=\"application\/ld+json\" class=\"yoast-schema-graph\">{\"@context\":\"https:\\\/\\\/schema.org\",\"@graph\":[{\"@type\":\"Article\",\"@id\":\"https:\\\/\\\/loginfo24.com\\\/es\\\/2022\\\/03\\\/14\\\/camion-transport-adquiere-partes-de-willi-scharer-transport\\\/#article\",\"isPartOf\":{\"@id\":\"https:\\\/\\\/loginfo24.com\\\/es\\\/2022\\\/03\\\/14\\\/camion-transport-adquiere-partes-de-willi-scharer-transport\\\/\"},\"author\":{\"name\":\"\",\"@id\":\"\"},\"headline\":\"Camion Transport adquiere partes de Willi Sch\u00e4rer Transport\",\"datePublished\":\"2022-03-14T13:46:02+00:00\",\"mainEntityOfPage\":{\"@id\":\"https:\\\/\\\/loginfo24.com\\\/es\\\/2022\\\/03\\\/14\\\/camion-transport-adquiere-partes-de-willi-scharer-transport\\\/\"},\"wordCount\":386,\"commentCount\":0,\"publisher\":{\"@id\":\"https:\\\/\\\/loginfo24.com\\\/es\\\/#organization\"},\"image\":{\"@id\":\"https:\\\/\\\/loginfo24.com\\\/es\\\/2022\\\/03\\\/14\\\/camion-transport-adquiere-partes-de-willi-scharer-transport\\\/#primaryimage\"},\"thumbnailUrl\":\"https:\\\/\\\/loginfo24.com\\\/wp-content\\\/uploads\\\/sites\\\/7\\\/2025\\\/12\\\/Camion_Transport_14.3.22.jpg\",\"articleSection\":[\"Forwarding &amp; Logistics\",\"Intermodal \\\/ Road\",\"Regions\"],\"inLanguage\":\"es\",\"potentialAction\":[{\"@type\":\"CommentAction\",\"name\":\"Comment\",\"target\":[\"https:\\\/\\\/loginfo24.com\\\/es\\\/2022\\\/03\\\/14\\\/camion-transport-adquiere-partes-de-willi-scharer-transport\\\/#respond\"]}]},{\"@type\":\"WebPage\",\"@id\":\"https:\\\/\\\/loginfo24.com\\\/es\\\/2022\\\/03\\\/14\\\/camion-transport-adquiere-partes-de-willi-scharer-transport\\\/\",\"url\":\"https:\\\/\\\/loginfo24.com\\\/es\\\/2022\\\/03\\\/14\\\/camion-transport-adquiere-partes-de-willi-scharer-transport\\\/\",\"name\":\"Camion Transport adquiere partes de Willi Sch\u00e4rer Transport - Loginfo24\",\"isPartOf\":{\"@id\":\"https:\\\/\\\/loginfo24.com\\\/es\\\/#website\"},\"primaryImageOfPage\":{\"@id\":\"https:\\\/\\\/loginfo24.com\\\/es\\\/2022\\\/03\\\/14\\\/camion-transport-adquiere-partes-de-willi-scharer-transport\\\/#primaryimage\"},\"image\":{\"@id\":\"https:\\\/\\\/loginfo24.com\\\/es\\\/2022\\\/03\\\/14\\\/camion-transport-adquiere-partes-de-willi-scharer-transport\\\/#primaryimage\"},\"thumbnailUrl\":\"https:\\\/\\\/loginfo24.com\\\/wp-content\\\/uploads\\\/sites\\\/7\\\/2025\\\/12\\\/Camion_Transport_14.3.22.jpg\",\"datePublished\":\"2022-03-14T13:46:02+00:00\",\"breadcrumb\":{\"@id\":\"https:\\\/\\\/loginfo24.com\\\/es\\\/2022\\\/03\\\/14\\\/camion-transport-adquiere-partes-de-willi-scharer-transport\\\/#breadcrumb\"},\"inLanguage\":\"es\",\"potentialAction\":[{\"@type\":\"ReadAction\",\"target\":[\"https:\\\/\\\/loginfo24.com\\\/es\\\/2022\\\/03\\\/14\\\/camion-transport-adquiere-partes-de-willi-scharer-transport\\\/\"]}]},{\"@type\":\"ImageObject\",\"inLanguage\":\"es\",\"@id\":\"https:\\\/\\\/loginfo24.com\\\/es\\\/2022\\\/03\\\/14\\\/camion-transport-adquiere-partes-de-willi-scharer-transport\\\/#primaryimage\",\"url\":\"https:\\\/\\\/loginfo24.com\\\/wp-content\\\/uploads\\\/sites\\\/7\\\/2025\\\/12\\\/Camion_Transport_14.3.22.jpg\",\"contentUrl\":\"https:\\\/\\\/loginfo24.com\\\/wp-content\\\/uploads\\\/sites\\\/7\\\/2025\\\/12\\\/Camion_Transport_14.3.22.jpg\",\"width\":1216,\"height\":715},{\"@type\":\"BreadcrumbList\",\"@id\":\"https:\\\/\\\/loginfo24.com\\\/es\\\/2022\\\/03\\\/14\\\/camion-transport-adquiere-partes-de-willi-scharer-transport\\\/#breadcrumb\",\"itemListElement\":[{\"@type\":\"ListItem\",\"position\":1,\"name\":\"Startseite\",\"item\":\"https:\\\/\\\/loginfo24.com\\\/es\\\/\"},{\"@type\":\"ListItem\",\"position\":2,\"name\":\"Camion Transport adquiere partes de Willi Sch\u00e4rer Transport\"}]},{\"@type\":\"WebSite\",\"@id\":\"https:\\\/\\\/loginfo24.com\\\/es\\\/#website\",\"url\":\"https:\\\/\\\/loginfo24.com\\\/es\\\/\",\"name\":\"Loginfo24\",\"description\":\"Loginfo24 es la plataforma dedicada a la log\u00edstica y las cadenas de suministro con informaci\u00f3n las 24 horas del d\u00eda.\",\"publisher\":{\"@id\":\"https:\\\/\\\/loginfo24.com\\\/es\\\/#organization\"},\"potentialAction\":[{\"@type\":\"SearchAction\",\"target\":{\"@type\":\"EntryPoint\",\"urlTemplate\":\"https:\\\/\\\/loginfo24.com\\\/es\\\/?s={search_term_string}\"},\"query-input\":{\"@type\":\"PropertyValueSpecification\",\"valueRequired\":true,\"valueName\":\"search_term_string\"}}],\"inLanguage\":\"es\"},{\"@type\":\"Organization\",\"@id\":\"https:\\\/\\\/loginfo24.com\\\/es\\\/#organization\",\"name\":\"Grupo Logismedia AG\",\"url\":\"https:\\\/\\\/loginfo24.com\\\/es\\\/\",\"logo\":{\"@type\":\"ImageObject\",\"inLanguage\":\"es\",\"@id\":\"https:\\\/\\\/loginfo24.com\\\/es\\\/#\\\/schema\\\/logo\\\/image\\\/\",\"url\":\"https:\\\/\\\/loginfo24.com\\\/wp-content\\\/uploads\\\/sites\\\/7\\\/2026\\\/01\\\/Logo_LogInfo24.png\",\"contentUrl\":\"https:\\\/\\\/loginfo24.com\\\/wp-content\\\/uploads\\\/sites\\\/7\\\/2026\\\/01\\\/Logo_LogInfo24.png\",\"width\":938,\"height\":351,\"caption\":\"Grupo Logismedia AG\"},\"image\":{\"@id\":\"https:\\\/\\\/loginfo24.com\\\/es\\\/#\\\/schema\\\/logo\\\/image\\\/\"},\"sameAs\":[\"https:\\\/\\\/www.facebook.com\\\/people\\\/Loginfo24\\\/100057360583332\\\/\",\"https:\\\/\\\/www.linkedin.com\\\/company\\\/lofinfo24\\\/\"]}]}<\/script>\n<!-- \/ Yoast SEO plugin. -->","yoast_head_json":{"title":"Camion Transport adquiere partes de Willi Sch\u00e4rer Transport - Loginfo24","robots":{"index":"index","follow":"follow","max-snippet":"max-snippet:-1","max-image-preview":"max-image-preview:large","max-video-preview":"max-video-preview:-1"},"canonical":"https:\/\/loginfo24.com\/es\/2022\/03\/14\/camion-transport-adquiere-partes-de-willi-scharer-transport\/","og_locale":"es_ES","og_type":"article","og_title":"Camion Transport adquiere partes de Willi Sch\u00e4rer Transport - Loginfo24","og_description":"La Camion Transport AG adquiere a partir del 1 de mayo de 2022 la operaci\u00f3n de transporte de Willi Sch\u00e4rer Transport AG en Pratteln. Esto incluye [\u2026]","og_url":"https:\/\/loginfo24.com\/es\/2022\/03\/14\/camion-transport-adquiere-partes-de-willi-scharer-transport\/","og_site_name":"Loginfo24","article_publisher":"https:\/\/www.facebook.com\/people\/Loginfo24\/100057360583332\/","article_published_time":"2022-03-14T13:46:02+00:00","og_image":[{"width":1216,"height":715,"url":"https:\/\/loginfo24.com\/wp-content\/uploads\/sites\/7\/2025\/12\/Camion_Transport_14.3.22.jpg","type":"image\/jpeg"}],"twitter_card":"summary_large_image","twitter_misc":{"Tiempo de lectura":"2 minuto"},"schema":{"@context":"https:\/\/schema.org","@graph":[{"@type":"Article","@id":"https:\/\/loginfo24.com\/es\/2022\/03\/14\/camion-transport-adquiere-partes-de-willi-scharer-transport\/#article","isPartOf":{"@id":"https:\/\/loginfo24.com\/es\/2022\/03\/14\/camion-transport-adquiere-partes-de-willi-scharer-transport\/"},"author":{"name":"","@id":""},"headline":"Camion Transport adquiere partes de Willi Sch\u00e4rer Transport","datePublished":"2022-03-14T13:46:02+00:00","mainEntityOfPage":{"@id":"https:\/\/loginfo24.com\/es\/2022\/03\/14\/camion-transport-adquiere-partes-de-willi-scharer-transport\/"},"wordCount":386,"commentCount":0,"publisher":{"@id":"https:\/\/loginfo24.com\/es\/#organization"},"image":{"@id":"https:\/\/loginfo24.com\/es\/2022\/03\/14\/camion-transport-adquiere-partes-de-willi-scharer-transport\/#primaryimage"},"thumbnailUrl":"https:\/\/loginfo24.com\/wp-content\/uploads\/sites\/7\/2025\/12\/Camion_Transport_14.3.22.jpg","articleSection":["Forwarding &amp; Logistics","Intermodal \/ Road","Regions"],"inLanguage":"es","potentialAction":[{"@type":"CommentAction","name":"Comment","target":["https:\/\/loginfo24.com\/es\/2022\/03\/14\/camion-transport-adquiere-partes-de-willi-scharer-transport\/#respond"]}]},{"@type":"WebPage","@id":"https:\/\/loginfo24.com\/es\/2022\/03\/14\/camion-transport-adquiere-partes-de-willi-scharer-transport\/","url":"https:\/\/loginfo24.com\/es\/2022\/03\/14\/camion-transport-adquiere-partes-de-willi-scharer-transport\/","name":"Camion Transport adquiere partes de Willi Sch\u00e4rer Transport - Loginfo24","isPartOf":{"@id":"https:\/\/loginfo24.com\/es\/#website"},"primaryImageOfPage":{"@id":"https:\/\/loginfo24.com\/es\/2022\/03\/14\/camion-transport-adquiere-partes-de-willi-scharer-transport\/#primaryimage"},"image":{"@id":"https:\/\/loginfo24.com\/es\/2022\/03\/14\/camion-transport-adquiere-partes-de-willi-scharer-transport\/#primaryimage"},"thumbnailUrl":"https:\/\/loginfo24.com\/wp-content\/uploads\/sites\/7\/2025\/12\/Camion_Transport_14.3.22.jpg","datePublished":"2022-03-14T13:46:02+00:00","breadcrumb":{"@id":"https:\/\/loginfo24.com\/es\/2022\/03\/14\/camion-transport-adquiere-partes-de-willi-scharer-transport\/#breadcrumb"},"inLanguage":"es","potentialAction":[{"@type":"ReadAction","target":["https:\/\/loginfo24.com\/es\/2022\/03\/14\/camion-transport-adquiere-partes-de-willi-scharer-transport\/"]}]},{"@type":"ImageObject","inLanguage":"es","@id":"https:\/\/loginfo24.com\/es\/2022\/03\/14\/camion-transport-adquiere-partes-de-willi-scharer-transport\/#primaryimage","url":"https:\/\/loginfo24.com\/wp-content\/uploads\/sites\/7\/2025\/12\/Camion_Transport_14.3.22.jpg","contentUrl":"https:\/\/loginfo24.com\/wp-content\/uploads\/sites\/7\/2025\/12\/Camion_Transport_14.3.22.jpg","width":1216,"height":715},{"@type":"BreadcrumbList","@id":"https:\/\/loginfo24.com\/es\/2022\/03\/14\/camion-transport-adquiere-partes-de-willi-scharer-transport\/#breadcrumb","itemListElement":[{"@type":"ListItem","position":1,"name":"Startseite","item":"https:\/\/loginfo24.com\/es\/"},{"@type":"ListItem","position":2,"name":"Camion Transport adquiere partes de Willi Sch\u00e4rer Transport"}]},{"@type":"WebSite","@id":"https:\/\/loginfo24.com\/es\/#website","url":"https:\/\/loginfo24.com\/es\/","name":"Loginfo24","description":"Loginfo24 es la plataforma dedicada a la log\u00edstica y las cadenas de suministro con informaci\u00f3n las 24 horas del d\u00eda.","publisher":{"@id":"https:\/\/loginfo24.com\/es\/#organization"},"potentialAction":[{"@type":"SearchAction","target":{"@type":"EntryPoint","urlTemplate":"https:\/\/loginfo24.com\/es\/?s={search_term_string}"},"query-input":{"@type":"PropertyValueSpecification","valueRequired":true,"valueName":"search_term_string"}}],"inLanguage":"es"},{"@type":"Organization","@id":"https:\/\/loginfo24.com\/es\/#organization","name":"Grupo Logismedia AG","url":"https:\/\/loginfo24.com\/es\/","logo":{"@type":"ImageObject","inLanguage":"es","@id":"https:\/\/loginfo24.com\/es\/#\/schema\/logo\/image\/","url":"https:\/\/loginfo24.com\/wp-content\/uploads\/sites\/7\/2026\/01\/Logo_LogInfo24.png","contentUrl":"https:\/\/loginfo24.com\/wp-content\/uploads\/sites\/7\/2026\/01\/Logo_LogInfo24.png","width":938,"height":351,"caption":"Grupo Logismedia AG"},"image":{"@id":"https:\/\/loginfo24.com\/es\/#\/schema\/logo\/image\/"},"sameAs":["https:\/\/www.facebook.com\/people\/Loginfo24\/100057360583332\/","https:\/\/www.linkedin.com\/company\/lofinfo24\/"]}]}},"_links":{"self":[{"href":"https:\/\/loginfo24.com\/es\/wp-json\/wp\/v2\/posts\/55104","targetHints":{"allow":["GET"]}}],"collection":[{"href":"https:\/\/loginfo24.com\/es\/wp-json\/wp\/v2\/posts"}],"about":[{"href":"https:\/\/loginfo24.com\/es\/wp-json\/wp\/v2\/types\/post"}],"replies":[{"embeddable":true,"href":"https:\/\/loginfo24.com\/es\/wp-json\/wp\/v2\/comments?post=55104"}],"version-history":[{"count":0,"href":"https:\/\/loginfo24.com\/es\/wp-json\/wp\/v2\/posts\/55104\/revisions"}],"wp:featuredmedia":[{"embeddable":true,"href":"https:\/\/loginfo24.com\/es\/wp-json\/wp\/v2\/media\/10782"}],"wp:attachment":[{"href":"https:\/\/loginfo24.com\/es\/wp-json\/wp\/v2\/media?parent=55104"}],"wp:term":[{"taxonomy":"category","embeddable":true,"href":"https:\/\/loginfo24.com\/es\/wp-json\/wp\/v2\/categories?post=55104"},{"taxonomy":"post_tag","embeddable":true,"href":"https:\/\/loginfo24.com\/es\/wp-json\/wp\/v2\/tags?post=55104"}],"curies":[{"name":"wp","href":"https:\/\/api.w.org\/{rel}","templated":true}]}}