{"id":53924,"date":"2021-12-02T15:26:52","date_gmt":"2021-12-02T14:26:52","guid":{"rendered":"https:\/\/blog.brand-architecture.at\/2021\/12\/02\/daimler-truck-inicia-la-produccion-del-fuso-canter-en-europa\/"},"modified":"2021-12-02T15:26:52","modified_gmt":"2021-12-02T14:26:52","slug":"daimler-truck-inicia-la-produccion-del-fuso-canter-en-europa","status":"publish","type":"post","link":"https:\/\/loginfo24.com\/es\/2021\/12\/02\/daimler-truck-inicia-la-produccion-del-fuso-canter-en-europa\/","title":{"rendered":"Daimler Truck inicia la producci\u00f3n del FUSO Canter en Europa"},"content":{"rendered":"<div class=\"uiTruncateProperties uiTruncatedLinesWrap\">\n<div class=\"topicText property-value DAIMLER_NMS_PRESS_TEXT_PRESS_ARTICLE\">\n<h5>FUSO, la filial japonesa de Daimler Truck y uno de los principales fabricantes de veh\u00edculos comerciales de Asia, anuncia el inicio de ventas del nuevo FUSO Canter en Europa. A partir de diciembre de 2021, el cami\u00f3n ligero saldr\u00e1 de la l\u00ednea de producci\u00f3n en la f\u00e1brica de FUSO en Tramagal, Portugal. El inicio de producci\u00f3n de la \u00faltima generaci\u00f3n marca un nuevo hito en la historia de \u00e9xito del FUSO Canter.<\/h5>\n<p>(Stuttgart\/Tramagal) El nuevo modelo impresiona con una cabina moderna y redise\u00f1ada, mayor seguridad y mejor confort. Con un sistema de escape compacto completamente nuevo, el nuevo FUSO Canter tambi\u00e9n cumple con la norma de emisiones EURO VI \u2013 STEP E. Desde agosto de 2021, el nuevo FUSO Canter est\u00e1 disponible para pedidos a trav\u00e9s de la red de concesionarios FUSO en toda Europa.<\/p>\n<p>Philipp Panter, Jefe de Ventas, Marketing y Servicio al Cliente de FUSO Europa: \u201cEl FUSO Canter ha sido un \u00e9xito de ventas internacional entre los camiones ligeros durante d\u00e9cadas, gracias a su radio de giro m\u00e1s peque\u00f1o de su clase, su alta capacidad de carga y su versatilidad. Desde su lanzamiento al mercado en 1963, se han producido m\u00e1s de 4,5 millones de FUSO Canter en todo el mundo. Con el inicio de producci\u00f3n de hoy, nos complace ofrecer a nuestros clientes europeos una mejora significativa en t\u00e9rminos de seguridad, confort y un nuevo dise\u00f1o de cabina moderna.\u201d<\/p>\n<h5>Desarrollado en Jap\u00f3n<\/h5>\n<p>El FUSO Canter de Tramagal fue desarrollado en Jap\u00f3n y se fabrica en Europa. La mayor\u00eda de sus piezas provienen de m\u00e1s de 90 proveedores europeos, incluidos motor, componentes de ejes, resortes, frenos, neum\u00e1ticos, faros delanteros y luces, as\u00ed como asientos y la mayor parte del revestimiento interior. FUSO proporciona principalmente piezas de alta complejidad para la cabina y el chasis del veh\u00edculo, componentes de ejes, volante, calefacci\u00f3n y aire acondicionado, as\u00ed como la innovadora transmisi\u00f3n de doble embrague Duonic de Jap\u00f3n.<\/p>\n<p>\u201cHoy, el inicio de producci\u00f3n es un momento de orgullo para todos nosotros aqu\u00ed en la f\u00e1brica europea de FUSO en Tramagal. Desde 1980 hemos producido casi 240,000 camiones FUSO. Ahora, este legado contin\u00faa con el nuevo FUSO Canter, que comienza a salir de la l\u00ednea de producci\u00f3n hoy y, como siempre, cumple con los exigentes est\u00e1ndares de calidad de FUSO y Daimler Truck\u201d, dice Jorge Rosa, Presidente y CEO de Mitsubishi Fuso Truck Europe.<\/p>\n<h5>CO2 neutral ya en 2022<\/h5>\n<p>La planta, ubicada a unos 150 kil\u00f3metros al noreste de Lisboa, produce el FUSO Canter y su modelo hermano totalmente el\u00e9ctrico, el FUSO eCanter. En l\u00ednea con los objetivos de sostenibilidad de Daimler Truck para las plantas de producci\u00f3n europeas, la planta busca lograr una producci\u00f3n neutra en CO2 para 2022.<\/p>\n<p>Foto: \u00a9 Daimler Truck<\/p>\n<\/div>\n<\/div>\n","protected":false},"excerpt":{"rendered":"<p>FUSO, la filial japonesa de Daimler Truck y uno de los principales fabricantes de veh\u00edculos comerciales de Asia, anuncia el inicio de ventas del nuevo FUSO<span class=\"excerpt-hellip\"> [\u2026]<\/span><\/p>\n","protected":false},"author":0,"featured_media":11588,"comment_status":"open","ping_status":"open","sticky":false,"template":"","format":"standard","meta":{"_acf_changed":false,"footnotes":""},"categories":[1557,1556,1561],"tags":[],"class_list":["post-53924","post","type-post","status-publish","format-standard","has-post-thumbnail","hentry","category-forwarding-logistics","category-intermodal-road","category-regions"],"acf":[],"yoast_head":"<!-- This site is optimized with the Yoast SEO plugin v27.3 - https:\/\/yoast.com\/product\/yoast-seo-wordpress\/ -->\n<title>Daimler Truck inicia la producci\u00f3n del FUSO Canter en Europa - Loginfo24<\/title>\n<meta name=\"robots\" content=\"index, follow, max-snippet:-1, max-image-preview:large, max-video-preview:-1\" \/>\n<link rel=\"canonical\" href=\"https:\/\/loginfo24.com\/es\/2021\/12\/02\/daimler-truck-inicia-la-produccion-del-fuso-canter-en-europa\/\" \/>\n<meta property=\"og:locale\" content=\"es_ES\" \/>\n<meta property=\"og:type\" content=\"article\" \/>\n<meta property=\"og:title\" content=\"Daimler Truck inicia la producci\u00f3n del FUSO Canter en Europa - Loginfo24\" \/>\n<meta property=\"og:description\" content=\"FUSO, la filial japonesa de Daimler Truck y uno de los principales fabricantes de veh\u00edculos comerciales de Asia, anuncia el inicio de ventas del nuevo FUSO [\u2026]\" \/>\n<meta property=\"og:url\" content=\"https:\/\/loginfo24.com\/es\/2021\/12\/02\/daimler-truck-inicia-la-produccion-del-fuso-canter-en-europa\/\" \/>\n<meta property=\"og:site_name\" content=\"Loginfo24\" \/>\n<meta property=\"article:publisher\" content=\"https:\/\/www.facebook.com\/people\/Loginfo24\/100057360583332\/\" \/>\n<meta property=\"article:published_time\" content=\"2021-12-02T14:26:52+00:00\" \/>\n<meta property=\"og:image\" content=\"https:\/\/loginfo24.com\/wp-content\/uploads\/sites\/7\/2025\/12\/Daimler_Truck_2.12.21.jpg\" \/>\n\t<meta property=\"og:image:width\" content=\"1256\" \/>\n\t<meta property=\"og:image:height\" content=\"865\" \/>\n\t<meta property=\"og:image:type\" content=\"image\/jpeg\" \/>\n<meta name=\"twitter:card\" content=\"summary_large_image\" \/>\n<meta name=\"twitter:label1\" content=\"Tiempo de lectura\" \/>\n\t<meta name=\"twitter:data1\" content=\"2 minuto\" \/>\n<script type=\"application\/ld+json\" class=\"yoast-schema-graph\">{\"@context\":\"https:\\\/\\\/schema.org\",\"@graph\":[{\"@type\":\"Article\",\"@id\":\"https:\\\/\\\/loginfo24.com\\\/es\\\/2021\\\/12\\\/02\\\/daimler-truck-inicia-la-produccion-del-fuso-canter-en-europa\\\/#article\",\"isPartOf\":{\"@id\":\"https:\\\/\\\/loginfo24.com\\\/es\\\/2021\\\/12\\\/02\\\/daimler-truck-inicia-la-produccion-del-fuso-canter-en-europa\\\/\"},\"author\":{\"name\":\"\",\"@id\":\"\"},\"headline\":\"Daimler Truck inicia la producci\u00f3n del FUSO Canter en Europa\",\"datePublished\":\"2021-12-02T14:26:52+00:00\",\"mainEntityOfPage\":{\"@id\":\"https:\\\/\\\/loginfo24.com\\\/es\\\/2021\\\/12\\\/02\\\/daimler-truck-inicia-la-produccion-del-fuso-canter-en-europa\\\/\"},\"wordCount\":490,\"commentCount\":0,\"publisher\":{\"@id\":\"https:\\\/\\\/loginfo24.com\\\/es\\\/#organization\"},\"image\":{\"@id\":\"https:\\\/\\\/loginfo24.com\\\/es\\\/2021\\\/12\\\/02\\\/daimler-truck-inicia-la-produccion-del-fuso-canter-en-europa\\\/#primaryimage\"},\"thumbnailUrl\":\"https:\\\/\\\/loginfo24.com\\\/wp-content\\\/uploads\\\/sites\\\/7\\\/2025\\\/12\\\/Daimler_Truck_2.12.21.jpg\",\"articleSection\":[\"Forwarding &amp; Logistics\",\"Intermodal \\\/ Road\",\"Regions\"],\"inLanguage\":\"es\",\"potentialAction\":[{\"@type\":\"CommentAction\",\"name\":\"Comment\",\"target\":[\"https:\\\/\\\/loginfo24.com\\\/es\\\/2021\\\/12\\\/02\\\/daimler-truck-inicia-la-produccion-del-fuso-canter-en-europa\\\/#respond\"]}]},{\"@type\":\"WebPage\",\"@id\":\"https:\\\/\\\/loginfo24.com\\\/es\\\/2021\\\/12\\\/02\\\/daimler-truck-inicia-la-produccion-del-fuso-canter-en-europa\\\/\",\"url\":\"https:\\\/\\\/loginfo24.com\\\/es\\\/2021\\\/12\\\/02\\\/daimler-truck-inicia-la-produccion-del-fuso-canter-en-europa\\\/\",\"name\":\"Daimler Truck inicia la producci\u00f3n del FUSO Canter en Europa - Loginfo24\",\"isPartOf\":{\"@id\":\"https:\\\/\\\/loginfo24.com\\\/es\\\/#website\"},\"primaryImageOfPage\":{\"@id\":\"https:\\\/\\\/loginfo24.com\\\/es\\\/2021\\\/12\\\/02\\\/daimler-truck-inicia-la-produccion-del-fuso-canter-en-europa\\\/#primaryimage\"},\"image\":{\"@id\":\"https:\\\/\\\/loginfo24.com\\\/es\\\/2021\\\/12\\\/02\\\/daimler-truck-inicia-la-produccion-del-fuso-canter-en-europa\\\/#primaryimage\"},\"thumbnailUrl\":\"https:\\\/\\\/loginfo24.com\\\/wp-content\\\/uploads\\\/sites\\\/7\\\/2025\\\/12\\\/Daimler_Truck_2.12.21.jpg\",\"datePublished\":\"2021-12-02T14:26:52+00:00\",\"breadcrumb\":{\"@id\":\"https:\\\/\\\/loginfo24.com\\\/es\\\/2021\\\/12\\\/02\\\/daimler-truck-inicia-la-produccion-del-fuso-canter-en-europa\\\/#breadcrumb\"},\"inLanguage\":\"es\",\"potentialAction\":[{\"@type\":\"ReadAction\",\"target\":[\"https:\\\/\\\/loginfo24.com\\\/es\\\/2021\\\/12\\\/02\\\/daimler-truck-inicia-la-produccion-del-fuso-canter-en-europa\\\/\"]}]},{\"@type\":\"ImageObject\",\"inLanguage\":\"es\",\"@id\":\"https:\\\/\\\/loginfo24.com\\\/es\\\/2021\\\/12\\\/02\\\/daimler-truck-inicia-la-produccion-del-fuso-canter-en-europa\\\/#primaryimage\",\"url\":\"https:\\\/\\\/loginfo24.com\\\/wp-content\\\/uploads\\\/sites\\\/7\\\/2025\\\/12\\\/Daimler_Truck_2.12.21.jpg\",\"contentUrl\":\"https:\\\/\\\/loginfo24.com\\\/wp-content\\\/uploads\\\/sites\\\/7\\\/2025\\\/12\\\/Daimler_Truck_2.12.21.jpg\",\"width\":1256,\"height\":865},{\"@type\":\"BreadcrumbList\",\"@id\":\"https:\\\/\\\/loginfo24.com\\\/es\\\/2021\\\/12\\\/02\\\/daimler-truck-inicia-la-produccion-del-fuso-canter-en-europa\\\/#breadcrumb\",\"itemListElement\":[{\"@type\":\"ListItem\",\"position\":1,\"name\":\"Startseite\",\"item\":\"https:\\\/\\\/loginfo24.com\\\/es\\\/\"},{\"@type\":\"ListItem\",\"position\":2,\"name\":\"Daimler Truck inicia la producci\u00f3n del FUSO Canter en Europa\"}]},{\"@type\":\"WebSite\",\"@id\":\"https:\\\/\\\/loginfo24.com\\\/es\\\/#website\",\"url\":\"https:\\\/\\\/loginfo24.com\\\/es\\\/\",\"name\":\"Loginfo24\",\"description\":\"Loginfo24 es la plataforma dedicada a la log\u00edstica y las cadenas de suministro con informaci\u00f3n las 24 horas del d\u00eda.\",\"publisher\":{\"@id\":\"https:\\\/\\\/loginfo24.com\\\/es\\\/#organization\"},\"potentialAction\":[{\"@type\":\"SearchAction\",\"target\":{\"@type\":\"EntryPoint\",\"urlTemplate\":\"https:\\\/\\\/loginfo24.com\\\/es\\\/?s={search_term_string}\"},\"query-input\":{\"@type\":\"PropertyValueSpecification\",\"valueRequired\":true,\"valueName\":\"search_term_string\"}}],\"inLanguage\":\"es\"},{\"@type\":\"Organization\",\"@id\":\"https:\\\/\\\/loginfo24.com\\\/es\\\/#organization\",\"name\":\"Grupo Logismedia AG\",\"url\":\"https:\\\/\\\/loginfo24.com\\\/es\\\/\",\"logo\":{\"@type\":\"ImageObject\",\"inLanguage\":\"es\",\"@id\":\"https:\\\/\\\/loginfo24.com\\\/es\\\/#\\\/schema\\\/logo\\\/image\\\/\",\"url\":\"https:\\\/\\\/loginfo24.com\\\/wp-content\\\/uploads\\\/sites\\\/7\\\/2026\\\/01\\\/Logo_LogInfo24.png\",\"contentUrl\":\"https:\\\/\\\/loginfo24.com\\\/wp-content\\\/uploads\\\/sites\\\/7\\\/2026\\\/01\\\/Logo_LogInfo24.png\",\"width\":938,\"height\":351,\"caption\":\"Grupo Logismedia AG\"},\"image\":{\"@id\":\"https:\\\/\\\/loginfo24.com\\\/es\\\/#\\\/schema\\\/logo\\\/image\\\/\"},\"sameAs\":[\"https:\\\/\\\/www.facebook.com\\\/people\\\/Loginfo24\\\/100057360583332\\\/\",\"https:\\\/\\\/www.linkedin.com\\\/company\\\/lofinfo24\\\/\"]}]}<\/script>\n<!-- \/ Yoast SEO plugin. -->","yoast_head_json":{"title":"Daimler Truck inicia la producci\u00f3n del FUSO Canter en Europa - Loginfo24","robots":{"index":"index","follow":"follow","max-snippet":"max-snippet:-1","max-image-preview":"max-image-preview:large","max-video-preview":"max-video-preview:-1"},"canonical":"https:\/\/loginfo24.com\/es\/2021\/12\/02\/daimler-truck-inicia-la-produccion-del-fuso-canter-en-europa\/","og_locale":"es_ES","og_type":"article","og_title":"Daimler Truck inicia la producci\u00f3n del FUSO Canter en Europa - Loginfo24","og_description":"FUSO, la filial japonesa de Daimler Truck y uno de los principales fabricantes de veh\u00edculos comerciales de Asia, anuncia el inicio de ventas del nuevo FUSO [\u2026]","og_url":"https:\/\/loginfo24.com\/es\/2021\/12\/02\/daimler-truck-inicia-la-produccion-del-fuso-canter-en-europa\/","og_site_name":"Loginfo24","article_publisher":"https:\/\/www.facebook.com\/people\/Loginfo24\/100057360583332\/","article_published_time":"2021-12-02T14:26:52+00:00","og_image":[{"width":1256,"height":865,"url":"https:\/\/loginfo24.com\/wp-content\/uploads\/sites\/7\/2025\/12\/Daimler_Truck_2.12.21.jpg","type":"image\/jpeg"}],"twitter_card":"summary_large_image","twitter_misc":{"Tiempo de lectura":"2 minuto"},"schema":{"@context":"https:\/\/schema.org","@graph":[{"@type":"Article","@id":"https:\/\/loginfo24.com\/es\/2021\/12\/02\/daimler-truck-inicia-la-produccion-del-fuso-canter-en-europa\/#article","isPartOf":{"@id":"https:\/\/loginfo24.com\/es\/2021\/12\/02\/daimler-truck-inicia-la-produccion-del-fuso-canter-en-europa\/"},"author":{"name":"","@id":""},"headline":"Daimler Truck inicia la producci\u00f3n del FUSO Canter en Europa","datePublished":"2021-12-02T14:26:52+00:00","mainEntityOfPage":{"@id":"https:\/\/loginfo24.com\/es\/2021\/12\/02\/daimler-truck-inicia-la-produccion-del-fuso-canter-en-europa\/"},"wordCount":490,"commentCount":0,"publisher":{"@id":"https:\/\/loginfo24.com\/es\/#organization"},"image":{"@id":"https:\/\/loginfo24.com\/es\/2021\/12\/02\/daimler-truck-inicia-la-produccion-del-fuso-canter-en-europa\/#primaryimage"},"thumbnailUrl":"https:\/\/loginfo24.com\/wp-content\/uploads\/sites\/7\/2025\/12\/Daimler_Truck_2.12.21.jpg","articleSection":["Forwarding &amp; Logistics","Intermodal \/ Road","Regions"],"inLanguage":"es","potentialAction":[{"@type":"CommentAction","name":"Comment","target":["https:\/\/loginfo24.com\/es\/2021\/12\/02\/daimler-truck-inicia-la-produccion-del-fuso-canter-en-europa\/#respond"]}]},{"@type":"WebPage","@id":"https:\/\/loginfo24.com\/es\/2021\/12\/02\/daimler-truck-inicia-la-produccion-del-fuso-canter-en-europa\/","url":"https:\/\/loginfo24.com\/es\/2021\/12\/02\/daimler-truck-inicia-la-produccion-del-fuso-canter-en-europa\/","name":"Daimler Truck inicia la producci\u00f3n del FUSO Canter en Europa - Loginfo24","isPartOf":{"@id":"https:\/\/loginfo24.com\/es\/#website"},"primaryImageOfPage":{"@id":"https:\/\/loginfo24.com\/es\/2021\/12\/02\/daimler-truck-inicia-la-produccion-del-fuso-canter-en-europa\/#primaryimage"},"image":{"@id":"https:\/\/loginfo24.com\/es\/2021\/12\/02\/daimler-truck-inicia-la-produccion-del-fuso-canter-en-europa\/#primaryimage"},"thumbnailUrl":"https:\/\/loginfo24.com\/wp-content\/uploads\/sites\/7\/2025\/12\/Daimler_Truck_2.12.21.jpg","datePublished":"2021-12-02T14:26:52+00:00","breadcrumb":{"@id":"https:\/\/loginfo24.com\/es\/2021\/12\/02\/daimler-truck-inicia-la-produccion-del-fuso-canter-en-europa\/#breadcrumb"},"inLanguage":"es","potentialAction":[{"@type":"ReadAction","target":["https:\/\/loginfo24.com\/es\/2021\/12\/02\/daimler-truck-inicia-la-produccion-del-fuso-canter-en-europa\/"]}]},{"@type":"ImageObject","inLanguage":"es","@id":"https:\/\/loginfo24.com\/es\/2021\/12\/02\/daimler-truck-inicia-la-produccion-del-fuso-canter-en-europa\/#primaryimage","url":"https:\/\/loginfo24.com\/wp-content\/uploads\/sites\/7\/2025\/12\/Daimler_Truck_2.12.21.jpg","contentUrl":"https:\/\/loginfo24.com\/wp-content\/uploads\/sites\/7\/2025\/12\/Daimler_Truck_2.12.21.jpg","width":1256,"height":865},{"@type":"BreadcrumbList","@id":"https:\/\/loginfo24.com\/es\/2021\/12\/02\/daimler-truck-inicia-la-produccion-del-fuso-canter-en-europa\/#breadcrumb","itemListElement":[{"@type":"ListItem","position":1,"name":"Startseite","item":"https:\/\/loginfo24.com\/es\/"},{"@type":"ListItem","position":2,"name":"Daimler Truck inicia la producci\u00f3n del FUSO Canter en Europa"}]},{"@type":"WebSite","@id":"https:\/\/loginfo24.com\/es\/#website","url":"https:\/\/loginfo24.com\/es\/","name":"Loginfo24","description":"Loginfo24 es la plataforma dedicada a la log\u00edstica y las cadenas de suministro con informaci\u00f3n las 24 horas del d\u00eda.","publisher":{"@id":"https:\/\/loginfo24.com\/es\/#organization"},"potentialAction":[{"@type":"SearchAction","target":{"@type":"EntryPoint","urlTemplate":"https:\/\/loginfo24.com\/es\/?s={search_term_string}"},"query-input":{"@type":"PropertyValueSpecification","valueRequired":true,"valueName":"search_term_string"}}],"inLanguage":"es"},{"@type":"Organization","@id":"https:\/\/loginfo24.com\/es\/#organization","name":"Grupo Logismedia AG","url":"https:\/\/loginfo24.com\/es\/","logo":{"@type":"ImageObject","inLanguage":"es","@id":"https:\/\/loginfo24.com\/es\/#\/schema\/logo\/image\/","url":"https:\/\/loginfo24.com\/wp-content\/uploads\/sites\/7\/2026\/01\/Logo_LogInfo24.png","contentUrl":"https:\/\/loginfo24.com\/wp-content\/uploads\/sites\/7\/2026\/01\/Logo_LogInfo24.png","width":938,"height":351,"caption":"Grupo Logismedia AG"},"image":{"@id":"https:\/\/loginfo24.com\/es\/#\/schema\/logo\/image\/"},"sameAs":["https:\/\/www.facebook.com\/people\/Loginfo24\/100057360583332\/","https:\/\/www.linkedin.com\/company\/lofinfo24\/"]}]}},"_links":{"self":[{"href":"https:\/\/loginfo24.com\/es\/wp-json\/wp\/v2\/posts\/53924","targetHints":{"allow":["GET"]}}],"collection":[{"href":"https:\/\/loginfo24.com\/es\/wp-json\/wp\/v2\/posts"}],"about":[{"href":"https:\/\/loginfo24.com\/es\/wp-json\/wp\/v2\/types\/post"}],"replies":[{"embeddable":true,"href":"https:\/\/loginfo24.com\/es\/wp-json\/wp\/v2\/comments?post=53924"}],"version-history":[{"count":0,"href":"https:\/\/loginfo24.com\/es\/wp-json\/wp\/v2\/posts\/53924\/revisions"}],"wp:featuredmedia":[{"embeddable":true,"href":"https:\/\/loginfo24.com\/es\/wp-json\/wp\/v2\/media\/11588"}],"wp:attachment":[{"href":"https:\/\/loginfo24.com\/es\/wp-json\/wp\/v2\/media?parent=53924"}],"wp:term":[{"taxonomy":"category","embeddable":true,"href":"https:\/\/loginfo24.com\/es\/wp-json\/wp\/v2\/categories?post=53924"},{"taxonomy":"post_tag","embeddable":true,"href":"https:\/\/loginfo24.com\/es\/wp-json\/wp\/v2\/tags?post=53924"}],"curies":[{"name":"wp","href":"https:\/\/api.w.org\/{rel}","templated":true}]}}