{"id":53846,"date":"2021-11-30T13:43:17","date_gmt":"2021-11-30T12:43:17","guid":{"rendered":"https:\/\/blog.brand-architecture.at\/2021\/11\/30\/christian-levrat-asume-la-presidencia-de-la-posta-suiza\/"},"modified":"2021-11-30T13:43:17","modified_gmt":"2021-11-30T12:43:17","slug":"christian-levrat-asume-la-presidencia-de-la-posta-suiza","status":"publish","type":"post","link":"https:\/\/loginfo24.com\/es\/2021\/11\/30\/christian-levrat-asume-la-presidencia-de-la-posta-suiza\/","title":{"rendered":"Christian Levrat asume la presidencia de la Posta Suiza"},"content":{"rendered":"<h5><strong>Traspaso de mando en la Posta Suiza: Urs Schwaller entrega su cargo hoy a Christian Levrat. Urs Schwaller presidi\u00f3 el consejo de administraci\u00f3n de la Posta desde abril de 2016 y ha preparado a la empresa para el futuro en un per\u00edodo turbulento. A partir del 1 de diciembre de 2021, el friburgu\u00e9s Christian Levrat asumir\u00e1 el cargo de presidente del consejo de administraci\u00f3n de la Posta.<\/strong><\/h5>\n<p>(Berna) Christian Levrat asumir\u00e1 el 1 de diciembre de 2021 el cargo de presidente del consejo de administraci\u00f3n de la Posta del saliente Urs Schwaller. Christian Levrat naci\u00f3 el 7 de julio de 1970 en La-Tour-de-Tr\u00eame, en Friburgo, y vive en Vuadens. El jurista y polit\u00f3logo siempre ha defendido un fuerte servicio p\u00fablico a lo largo de su carrera. Fue miembro del Consejo Nacional y del Consejo de Estados del cant\u00f3n de Friburgo y presidi\u00f3 la SP Suiza de 2008 a 2020. Levrat tambi\u00e9n form\u00f3 parte de la comisi\u00f3n parlamentaria de transporte y telecomunicaciones (KVF). Adem\u00e1s, dirigi\u00f3 la comisi\u00f3n de econom\u00eda y impuestos (WAK) del Consejo de Estados y es un profundo conocedor de la pol\u00edtica suiza. Christian Levrat est\u00e1 casado y es padre de tres hijos. Adem\u00e1s de su lengua materna, el franc\u00e9s, tambi\u00e9n habla alem\u00e1n e ingl\u00e9s.<\/p>\n<p>Con la asunci\u00f3n de la presidencia de la Posta, que ocupa el 50 por ciento de su tiempo laboral, Christian Levrat ha renunciado a su mandato parlamentario. Christian Levrat comenta sobre su asunci\u00f3n: \u00abLa Posta ha establecido con mi predecesor las estrategias correctas. Me siento en la obligaci\u00f3n de continuar la discusi\u00f3n sobre las condiciones legales en este sentido. No solo en inter\u00e9s de los empleados y de los clientes de la Posta. Sobre todo, para mantener a la Posta como pieza clave de la superior infraestructura suiza como ventaja competitiva para la econom\u00eda y la gente de nuestro pa\u00eds.\u00bb<\/p>\n<h5><strong>Importantes hitos alcanzados<\/strong><\/h5>\n<p>\u00abDejo una Posta estable, que ha trazado el rumbo correcto para el futuro. Con Roberto Cirillo y la direcci\u00f3n del grupo, la empresa cuenta con un buen equipo de liderazgo que cuidar\u00e1 de los empleados, ya que ellos son el coraz\u00f3n y el alma de la Posta\u00bb, dice Urs Schwaller.<\/p>\n<p>El saliente presidente del consejo de administraci\u00f3n, Urs Schwaller, ha dirigido la Posta desde abril de 2016 y ha alcanzado importantes hitos durante su mandato de cinco a\u00f1os. Durante su tiempo, se inici\u00f3 un amplio y transparente debate sobre el futuro de la red de oficinas postales y se instal\u00f3 una red moderna y accesible de puntos de acceso. Para Urs Schwaller, el servicio p\u00fablico siempre estuvo en el centro. Durante su presidencia, tambi\u00e9n prepar\u00f3 a la empresa para el futuro. Urs Schwaller, junto con la direcci\u00f3n del grupo, estableci\u00f3 importantes directrices con la nueva estrategia \u00abPosta del ma\u00f1ana\u00bb, para que Suiza pueda seguir benefici\u00e1ndose de un servicio p\u00fablico de alta calidad en el futuro. El mandato de Urs Schwaller tambi\u00e9n abarc\u00f3 tiempos turbulentos. Como presidente del consejo de administraci\u00f3n, fue responsable de la r\u00e1pida y consistente resoluci\u00f3n del esc\u00e1ndalo de PostAuto.<\/p>\n<h5><strong>Agradecimiento por parte de la direcci\u00f3n del grupo<\/strong><\/h5>\n<p>Roberto Cirillo agradece en nombre de la direcci\u00f3n del grupo al presidente saliente por su trabajo y apoyo: \u00abNosotros en la direcci\u00f3n del grupo hemos valorado el liderazgo justo y orientado al futuro de Urs Schwaller y agradecemos la colaboraci\u00f3n, que siempre estuvo marcada por los s\u00f3lidos valores del presidente.\u00bb<\/p>\n<p>Foto: \u00a9 Levrat.ch<\/p>\n","protected":false},"excerpt":{"rendered":"<p>Traspaso de mando en la Posta Suiza: Urs Schwaller entrega su cargo hoy a Christian Levrat. Urs Schwaller presidi\u00f3 el consejo de administraci\u00f3n de la Posta<span class=\"excerpt-hellip\"> [\u2026]<\/span><\/p>\n","protected":false},"author":0,"featured_media":11614,"comment_status":"open","ping_status":"open","sticky":false,"template":"","format":"standard","meta":{"_acf_changed":false,"footnotes":""},"categories":[1557,1561],"tags":[],"class_list":["post-53846","post","type-post","status-publish","format-standard","has-post-thumbnail","hentry","category-forwarding-logistics","category-regions"],"acf":[],"yoast_head":"<!-- This site is optimized with the Yoast SEO plugin v27.3 - https:\/\/yoast.com\/product\/yoast-seo-wordpress\/ -->\n<title>Christian Levrat asume la presidencia de la Posta Suiza - Loginfo24<\/title>\n<meta name=\"robots\" content=\"index, follow, max-snippet:-1, max-image-preview:large, max-video-preview:-1\" \/>\n<link rel=\"canonical\" href=\"https:\/\/loginfo24.com\/es\/2021\/11\/30\/christian-levrat-asume-la-presidencia-de-la-posta-suiza\/\" \/>\n<meta property=\"og:locale\" content=\"es_ES\" \/>\n<meta property=\"og:type\" content=\"article\" \/>\n<meta property=\"og:title\" content=\"Christian Levrat asume la presidencia de la Posta Suiza - Loginfo24\" \/>\n<meta property=\"og:description\" content=\"Traspaso de mando en la Posta Suiza: Urs Schwaller entrega su cargo hoy a Christian Levrat. Urs Schwaller presidi\u00f3 el consejo de administraci\u00f3n de la Posta [\u2026]\" \/>\n<meta property=\"og:url\" content=\"https:\/\/loginfo24.com\/es\/2021\/11\/30\/christian-levrat-asume-la-presidencia-de-la-posta-suiza\/\" \/>\n<meta property=\"og:site_name\" content=\"Loginfo24\" \/>\n<meta property=\"article:publisher\" content=\"https:\/\/www.facebook.com\/people\/Loginfo24\/100057360583332\/\" \/>\n<meta property=\"article:published_time\" content=\"2021-11-30T12:43:17+00:00\" \/>\n<meta property=\"og:image\" content=\"https:\/\/loginfo24.com\/wp-content\/uploads\/sites\/7\/2025\/12\/Post_CH_30.11.21.jpg\" \/>\n\t<meta property=\"og:image:width\" content=\"1217\" \/>\n\t<meta property=\"og:image:height\" content=\"916\" \/>\n\t<meta property=\"og:image:type\" content=\"image\/jpeg\" \/>\n<meta name=\"twitter:card\" content=\"summary_large_image\" \/>\n<meta name=\"twitter:label1\" content=\"Tiempo de lectura\" \/>\n\t<meta name=\"twitter:data1\" content=\"3 minuto\" \/>\n<script type=\"application\/ld+json\" class=\"yoast-schema-graph\">{\"@context\":\"https:\\\/\\\/schema.org\",\"@graph\":[{\"@type\":\"Article\",\"@id\":\"https:\\\/\\\/loginfo24.com\\\/es\\\/2021\\\/11\\\/30\\\/christian-levrat-asume-la-presidencia-de-la-posta-suiza\\\/#article\",\"isPartOf\":{\"@id\":\"https:\\\/\\\/loginfo24.com\\\/es\\\/2021\\\/11\\\/30\\\/christian-levrat-asume-la-presidencia-de-la-posta-suiza\\\/\"},\"author\":{\"name\":\"\",\"@id\":\"\"},\"headline\":\"Christian Levrat asume la presidencia de la Posta Suiza\",\"datePublished\":\"2021-11-30T12:43:17+00:00\",\"mainEntityOfPage\":{\"@id\":\"https:\\\/\\\/loginfo24.com\\\/es\\\/2021\\\/11\\\/30\\\/christian-levrat-asume-la-presidencia-de-la-posta-suiza\\\/\"},\"wordCount\":607,\"commentCount\":0,\"publisher\":{\"@id\":\"https:\\\/\\\/loginfo24.com\\\/es\\\/#organization\"},\"image\":{\"@id\":\"https:\\\/\\\/loginfo24.com\\\/es\\\/2021\\\/11\\\/30\\\/christian-levrat-asume-la-presidencia-de-la-posta-suiza\\\/#primaryimage\"},\"thumbnailUrl\":\"https:\\\/\\\/loginfo24.com\\\/wp-content\\\/uploads\\\/sites\\\/7\\\/2025\\\/12\\\/Post_CH_30.11.21.jpg\",\"articleSection\":[\"Forwarding &amp; Logistics\",\"Regions\"],\"inLanguage\":\"es\",\"potentialAction\":[{\"@type\":\"CommentAction\",\"name\":\"Comment\",\"target\":[\"https:\\\/\\\/loginfo24.com\\\/es\\\/2021\\\/11\\\/30\\\/christian-levrat-asume-la-presidencia-de-la-posta-suiza\\\/#respond\"]}]},{\"@type\":\"WebPage\",\"@id\":\"https:\\\/\\\/loginfo24.com\\\/es\\\/2021\\\/11\\\/30\\\/christian-levrat-asume-la-presidencia-de-la-posta-suiza\\\/\",\"url\":\"https:\\\/\\\/loginfo24.com\\\/es\\\/2021\\\/11\\\/30\\\/christian-levrat-asume-la-presidencia-de-la-posta-suiza\\\/\",\"name\":\"Christian Levrat asume la presidencia de la Posta Suiza - Loginfo24\",\"isPartOf\":{\"@id\":\"https:\\\/\\\/loginfo24.com\\\/es\\\/#website\"},\"primaryImageOfPage\":{\"@id\":\"https:\\\/\\\/loginfo24.com\\\/es\\\/2021\\\/11\\\/30\\\/christian-levrat-asume-la-presidencia-de-la-posta-suiza\\\/#primaryimage\"},\"image\":{\"@id\":\"https:\\\/\\\/loginfo24.com\\\/es\\\/2021\\\/11\\\/30\\\/christian-levrat-asume-la-presidencia-de-la-posta-suiza\\\/#primaryimage\"},\"thumbnailUrl\":\"https:\\\/\\\/loginfo24.com\\\/wp-content\\\/uploads\\\/sites\\\/7\\\/2025\\\/12\\\/Post_CH_30.11.21.jpg\",\"datePublished\":\"2021-11-30T12:43:17+00:00\",\"breadcrumb\":{\"@id\":\"https:\\\/\\\/loginfo24.com\\\/es\\\/2021\\\/11\\\/30\\\/christian-levrat-asume-la-presidencia-de-la-posta-suiza\\\/#breadcrumb\"},\"inLanguage\":\"es\",\"potentialAction\":[{\"@type\":\"ReadAction\",\"target\":[\"https:\\\/\\\/loginfo24.com\\\/es\\\/2021\\\/11\\\/30\\\/christian-levrat-asume-la-presidencia-de-la-posta-suiza\\\/\"]}]},{\"@type\":\"ImageObject\",\"inLanguage\":\"es\",\"@id\":\"https:\\\/\\\/loginfo24.com\\\/es\\\/2021\\\/11\\\/30\\\/christian-levrat-asume-la-presidencia-de-la-posta-suiza\\\/#primaryimage\",\"url\":\"https:\\\/\\\/loginfo24.com\\\/wp-content\\\/uploads\\\/sites\\\/7\\\/2025\\\/12\\\/Post_CH_30.11.21.jpg\",\"contentUrl\":\"https:\\\/\\\/loginfo24.com\\\/wp-content\\\/uploads\\\/sites\\\/7\\\/2025\\\/12\\\/Post_CH_30.11.21.jpg\",\"width\":1217,\"height\":916},{\"@type\":\"BreadcrumbList\",\"@id\":\"https:\\\/\\\/loginfo24.com\\\/es\\\/2021\\\/11\\\/30\\\/christian-levrat-asume-la-presidencia-de-la-posta-suiza\\\/#breadcrumb\",\"itemListElement\":[{\"@type\":\"ListItem\",\"position\":1,\"name\":\"Startseite\",\"item\":\"https:\\\/\\\/loginfo24.com\\\/es\\\/\"},{\"@type\":\"ListItem\",\"position\":2,\"name\":\"Christian Levrat asume la presidencia de la Posta Suiza\"}]},{\"@type\":\"WebSite\",\"@id\":\"https:\\\/\\\/loginfo24.com\\\/es\\\/#website\",\"url\":\"https:\\\/\\\/loginfo24.com\\\/es\\\/\",\"name\":\"Loginfo24\",\"description\":\"Loginfo24 es la plataforma dedicada a la log\u00edstica y las cadenas de suministro con informaci\u00f3n las 24 horas del d\u00eda.\",\"publisher\":{\"@id\":\"https:\\\/\\\/loginfo24.com\\\/es\\\/#organization\"},\"potentialAction\":[{\"@type\":\"SearchAction\",\"target\":{\"@type\":\"EntryPoint\",\"urlTemplate\":\"https:\\\/\\\/loginfo24.com\\\/es\\\/?s={search_term_string}\"},\"query-input\":{\"@type\":\"PropertyValueSpecification\",\"valueRequired\":true,\"valueName\":\"search_term_string\"}}],\"inLanguage\":\"es\"},{\"@type\":\"Organization\",\"@id\":\"https:\\\/\\\/loginfo24.com\\\/es\\\/#organization\",\"name\":\"Grupo Logismedia AG\",\"url\":\"https:\\\/\\\/loginfo24.com\\\/es\\\/\",\"logo\":{\"@type\":\"ImageObject\",\"inLanguage\":\"es\",\"@id\":\"https:\\\/\\\/loginfo24.com\\\/es\\\/#\\\/schema\\\/logo\\\/image\\\/\",\"url\":\"https:\\\/\\\/loginfo24.com\\\/wp-content\\\/uploads\\\/sites\\\/7\\\/2026\\\/01\\\/Logo_LogInfo24.png\",\"contentUrl\":\"https:\\\/\\\/loginfo24.com\\\/wp-content\\\/uploads\\\/sites\\\/7\\\/2026\\\/01\\\/Logo_LogInfo24.png\",\"width\":938,\"height\":351,\"caption\":\"Grupo Logismedia AG\"},\"image\":{\"@id\":\"https:\\\/\\\/loginfo24.com\\\/es\\\/#\\\/schema\\\/logo\\\/image\\\/\"},\"sameAs\":[\"https:\\\/\\\/www.facebook.com\\\/people\\\/Loginfo24\\\/100057360583332\\\/\",\"https:\\\/\\\/www.linkedin.com\\\/company\\\/lofinfo24\\\/\"]}]}<\/script>\n<!-- \/ Yoast SEO plugin. -->","yoast_head_json":{"title":"Christian Levrat asume la presidencia de la Posta Suiza - Loginfo24","robots":{"index":"index","follow":"follow","max-snippet":"max-snippet:-1","max-image-preview":"max-image-preview:large","max-video-preview":"max-video-preview:-1"},"canonical":"https:\/\/loginfo24.com\/es\/2021\/11\/30\/christian-levrat-asume-la-presidencia-de-la-posta-suiza\/","og_locale":"es_ES","og_type":"article","og_title":"Christian Levrat asume la presidencia de la Posta Suiza - Loginfo24","og_description":"Traspaso de mando en la Posta Suiza: Urs Schwaller entrega su cargo hoy a Christian Levrat. Urs Schwaller presidi\u00f3 el consejo de administraci\u00f3n de la Posta [\u2026]","og_url":"https:\/\/loginfo24.com\/es\/2021\/11\/30\/christian-levrat-asume-la-presidencia-de-la-posta-suiza\/","og_site_name":"Loginfo24","article_publisher":"https:\/\/www.facebook.com\/people\/Loginfo24\/100057360583332\/","article_published_time":"2021-11-30T12:43:17+00:00","og_image":[{"width":1217,"height":916,"url":"https:\/\/loginfo24.com\/wp-content\/uploads\/sites\/7\/2025\/12\/Post_CH_30.11.21.jpg","type":"image\/jpeg"}],"twitter_card":"summary_large_image","twitter_misc":{"Tiempo de lectura":"3 minuto"},"schema":{"@context":"https:\/\/schema.org","@graph":[{"@type":"Article","@id":"https:\/\/loginfo24.com\/es\/2021\/11\/30\/christian-levrat-asume-la-presidencia-de-la-posta-suiza\/#article","isPartOf":{"@id":"https:\/\/loginfo24.com\/es\/2021\/11\/30\/christian-levrat-asume-la-presidencia-de-la-posta-suiza\/"},"author":{"name":"","@id":""},"headline":"Christian Levrat asume la presidencia de la Posta Suiza","datePublished":"2021-11-30T12:43:17+00:00","mainEntityOfPage":{"@id":"https:\/\/loginfo24.com\/es\/2021\/11\/30\/christian-levrat-asume-la-presidencia-de-la-posta-suiza\/"},"wordCount":607,"commentCount":0,"publisher":{"@id":"https:\/\/loginfo24.com\/es\/#organization"},"image":{"@id":"https:\/\/loginfo24.com\/es\/2021\/11\/30\/christian-levrat-asume-la-presidencia-de-la-posta-suiza\/#primaryimage"},"thumbnailUrl":"https:\/\/loginfo24.com\/wp-content\/uploads\/sites\/7\/2025\/12\/Post_CH_30.11.21.jpg","articleSection":["Forwarding &amp; Logistics","Regions"],"inLanguage":"es","potentialAction":[{"@type":"CommentAction","name":"Comment","target":["https:\/\/loginfo24.com\/es\/2021\/11\/30\/christian-levrat-asume-la-presidencia-de-la-posta-suiza\/#respond"]}]},{"@type":"WebPage","@id":"https:\/\/loginfo24.com\/es\/2021\/11\/30\/christian-levrat-asume-la-presidencia-de-la-posta-suiza\/","url":"https:\/\/loginfo24.com\/es\/2021\/11\/30\/christian-levrat-asume-la-presidencia-de-la-posta-suiza\/","name":"Christian Levrat asume la presidencia de la Posta Suiza - Loginfo24","isPartOf":{"@id":"https:\/\/loginfo24.com\/es\/#website"},"primaryImageOfPage":{"@id":"https:\/\/loginfo24.com\/es\/2021\/11\/30\/christian-levrat-asume-la-presidencia-de-la-posta-suiza\/#primaryimage"},"image":{"@id":"https:\/\/loginfo24.com\/es\/2021\/11\/30\/christian-levrat-asume-la-presidencia-de-la-posta-suiza\/#primaryimage"},"thumbnailUrl":"https:\/\/loginfo24.com\/wp-content\/uploads\/sites\/7\/2025\/12\/Post_CH_30.11.21.jpg","datePublished":"2021-11-30T12:43:17+00:00","breadcrumb":{"@id":"https:\/\/loginfo24.com\/es\/2021\/11\/30\/christian-levrat-asume-la-presidencia-de-la-posta-suiza\/#breadcrumb"},"inLanguage":"es","potentialAction":[{"@type":"ReadAction","target":["https:\/\/loginfo24.com\/es\/2021\/11\/30\/christian-levrat-asume-la-presidencia-de-la-posta-suiza\/"]}]},{"@type":"ImageObject","inLanguage":"es","@id":"https:\/\/loginfo24.com\/es\/2021\/11\/30\/christian-levrat-asume-la-presidencia-de-la-posta-suiza\/#primaryimage","url":"https:\/\/loginfo24.com\/wp-content\/uploads\/sites\/7\/2025\/12\/Post_CH_30.11.21.jpg","contentUrl":"https:\/\/loginfo24.com\/wp-content\/uploads\/sites\/7\/2025\/12\/Post_CH_30.11.21.jpg","width":1217,"height":916},{"@type":"BreadcrumbList","@id":"https:\/\/loginfo24.com\/es\/2021\/11\/30\/christian-levrat-asume-la-presidencia-de-la-posta-suiza\/#breadcrumb","itemListElement":[{"@type":"ListItem","position":1,"name":"Startseite","item":"https:\/\/loginfo24.com\/es\/"},{"@type":"ListItem","position":2,"name":"Christian Levrat asume la presidencia de la Posta Suiza"}]},{"@type":"WebSite","@id":"https:\/\/loginfo24.com\/es\/#website","url":"https:\/\/loginfo24.com\/es\/","name":"Loginfo24","description":"Loginfo24 es la plataforma dedicada a la log\u00edstica y las cadenas de suministro con informaci\u00f3n las 24 horas del d\u00eda.","publisher":{"@id":"https:\/\/loginfo24.com\/es\/#organization"},"potentialAction":[{"@type":"SearchAction","target":{"@type":"EntryPoint","urlTemplate":"https:\/\/loginfo24.com\/es\/?s={search_term_string}"},"query-input":{"@type":"PropertyValueSpecification","valueRequired":true,"valueName":"search_term_string"}}],"inLanguage":"es"},{"@type":"Organization","@id":"https:\/\/loginfo24.com\/es\/#organization","name":"Grupo Logismedia AG","url":"https:\/\/loginfo24.com\/es\/","logo":{"@type":"ImageObject","inLanguage":"es","@id":"https:\/\/loginfo24.com\/es\/#\/schema\/logo\/image\/","url":"https:\/\/loginfo24.com\/wp-content\/uploads\/sites\/7\/2026\/01\/Logo_LogInfo24.png","contentUrl":"https:\/\/loginfo24.com\/wp-content\/uploads\/sites\/7\/2026\/01\/Logo_LogInfo24.png","width":938,"height":351,"caption":"Grupo Logismedia AG"},"image":{"@id":"https:\/\/loginfo24.com\/es\/#\/schema\/logo\/image\/"},"sameAs":["https:\/\/www.facebook.com\/people\/Loginfo24\/100057360583332\/","https:\/\/www.linkedin.com\/company\/lofinfo24\/"]}]}},"_links":{"self":[{"href":"https:\/\/loginfo24.com\/es\/wp-json\/wp\/v2\/posts\/53846","targetHints":{"allow":["GET"]}}],"collection":[{"href":"https:\/\/loginfo24.com\/es\/wp-json\/wp\/v2\/posts"}],"about":[{"href":"https:\/\/loginfo24.com\/es\/wp-json\/wp\/v2\/types\/post"}],"replies":[{"embeddable":true,"href":"https:\/\/loginfo24.com\/es\/wp-json\/wp\/v2\/comments?post=53846"}],"version-history":[{"count":0,"href":"https:\/\/loginfo24.com\/es\/wp-json\/wp\/v2\/posts\/53846\/revisions"}],"wp:featuredmedia":[{"embeddable":true,"href":"https:\/\/loginfo24.com\/es\/wp-json\/wp\/v2\/media\/11614"}],"wp:attachment":[{"href":"https:\/\/loginfo24.com\/es\/wp-json\/wp\/v2\/media?parent=53846"}],"wp:term":[{"taxonomy":"category","embeddable":true,"href":"https:\/\/loginfo24.com\/es\/wp-json\/wp\/v2\/categories?post=53846"},{"taxonomy":"post_tag","embeddable":true,"href":"https:\/\/loginfo24.com\/es\/wp-json\/wp\/v2\/tags?post=53846"}],"curies":[{"name":"wp","href":"https:\/\/api.w.org\/{rel}","templated":true}]}}