{"id":53570,"date":"2021-11-18T16:02:54","date_gmt":"2021-11-18T15:02:54","guid":{"rendered":"https:\/\/blog.brand-architecture.at\/2021\/11\/18\/dhl-nombra-a-tobias-schmidt-ceo-de-global-forwarding-europa\/"},"modified":"2021-11-18T16:02:54","modified_gmt":"2021-11-18T15:02:54","slug":"dhl-nombra-a-tobias-schmidt-ceo-de-global-forwarding-europa","status":"publish","type":"post","link":"https:\/\/loginfo24.com\/es\/2021\/11\/18\/dhl-nombra-a-tobias-schmidt-ceo-de-global-forwarding-europa\/","title":{"rendered":"DHL nombra a Tobias Schmidt CEO de Global Forwarding Europa"},"content":{"rendered":"<h5><strong>A partir del 1 de noviembre, Tobias Schmidt ha sido nombrado CEO de DHL Global Forwarding Europa. Sucede a Thomas George, quien ha liderado con \u00e9xito la organizaci\u00f3n europea desde 2016 en el especialista en transporte a\u00e9reo y mar\u00edtimo de Deutsche Post DHL Group. En su nuevo rol, Schmidt reporta directamente a Tim Scharwath, CEO de DHL Global Forwarding, Freight, y contin\u00faa dirigiendo la organizaci\u00f3n alemana y suiza en una doble funci\u00f3n.<\/strong><\/h5>\n<p>(Bonn) Thomas George se centrar\u00e1 en su papel global como Chief Commercial Officer, que ocupa desde 2020, y seguir\u00e1 reportando a Tim Scharwath.<\/p>\n<p>\u00abEstamos convencidos de que el esp\u00edritu empresarial de Tobias Schmidt y su probada trayectoria de \u00e9xito en el mercado de la log\u00edstica contribuir\u00e1n a aumentar a\u00fan m\u00e1s la cuota de mercado de DHL Global Forwarding en Europa y a fortalecer la organizaci\u00f3n europea para el futuro\u00bb, dice Tim Scharwath, CEO de DHL Global Forwarding, Freight. \u00abThomas George ha hecho un excelente trabajo como CEO de DHL Global Forwarding Europa, pero ahora se concentrar\u00e1 plenamente en su papel global como Chief Commercial Officer. Con su experiencia y compromiso, ha contribuido significativamente al \u00e9xito de DHL Global Forwarding Europa y le deja a su sucesor una organizaci\u00f3n extremadamente potente.\u00bb<\/p>\n<p>Tobias Schmidt cuenta con m\u00e1s de 25 a\u00f1os de experiencia en la industria de la log\u00edstica, as\u00ed como una s\u00f3lida experiencia en integraci\u00f3n y transformaci\u00f3n. Se uni\u00f3 al grupo en abril de 2019 como CEO de DHL Global Forwarding Alemania, centr\u00e1ndose en la mejora del rendimiento y el crecimiento empresarial. Adem\u00e1s, Schmidt aument\u00f3 la efectividad a trav\u00e9s de procesos automatizados y digitalizados. En su \u00faltimo cargo como CEO de DHL Global Forwarding Alemania y Suiza, mejor\u00f3 la posici\u00f3n de mercado en ambos pa\u00edses al impulsar la colaboraci\u00f3n y el uso de sinergias entre ambos pa\u00edses.<\/p>\n<h5><strong>Europa, un pilar importante<\/strong><\/h5>\n<p>\u00abEuropa es un pilar importante en nuestra red global y con nuestra destacada cultura de log\u00edstica tenemos la base adecuada para seguir creciendo con \u00e9xito en la regi\u00f3n. Los constantes aumentos anuales en la satisfacci\u00f3n del cliente, la eficiencia de la gesti\u00f3n de procesos y el crecimiento del EBIT que la regi\u00f3n ha logrado en los \u00faltimos a\u00f1os bajo mi predecesor son los ingredientes de nuestro \u00e9xito y nos seguir\u00e1n impulsando en el futuro\u00bb, dice Tobias Schmidt, CEO de DHL Global Forwarding Europa.<\/p>\n<p>Foto: \u00a9 DHL<\/p>\n","protected":false},"excerpt":{"rendered":"<p>A partir del 1 de noviembre, Tobias Schmidt ha sido nombrado CEO de DHL Global Forwarding Europa. Sucede a Thomas George, quien ha liderado con \u00e9xito<span class=\"excerpt-hellip\"> [\u2026]<\/span><\/p>\n","protected":false},"author":0,"featured_media":11729,"comment_status":"open","ping_status":"open","sticky":false,"template":"","format":"standard","meta":{"_acf_changed":false,"footnotes":""},"categories":[1558,1557,1561,1559],"tags":[],"class_list":["post-53570","post","type-post","status-publish","format-standard","has-post-thumbnail","hentry","category-air-freight","category-forwarding-logistics","category-regions","category-shipping-ports"],"acf":[],"yoast_head":"<!-- This site is optimized with the Yoast SEO plugin v27.3 - https:\/\/yoast.com\/product\/yoast-seo-wordpress\/ -->\n<title>DHL nombra a Tobias Schmidt CEO de Global Forwarding Europa - Loginfo24<\/title>\n<meta name=\"robots\" content=\"index, follow, max-snippet:-1, max-image-preview:large, max-video-preview:-1\" \/>\n<link rel=\"canonical\" href=\"https:\/\/loginfo24.com\/es\/2021\/11\/18\/dhl-nombra-a-tobias-schmidt-ceo-de-global-forwarding-europa\/\" \/>\n<meta property=\"og:locale\" content=\"es_ES\" \/>\n<meta property=\"og:type\" content=\"article\" \/>\n<meta property=\"og:title\" content=\"DHL nombra a Tobias Schmidt CEO de Global Forwarding Europa - Loginfo24\" \/>\n<meta property=\"og:description\" content=\"A partir del 1 de noviembre, Tobias Schmidt ha sido nombrado CEO de DHL Global Forwarding Europa. Sucede a Thomas George, quien ha liderado con \u00e9xito [\u2026]\" \/>\n<meta property=\"og:url\" content=\"https:\/\/loginfo24.com\/es\/2021\/11\/18\/dhl-nombra-a-tobias-schmidt-ceo-de-global-forwarding-europa\/\" \/>\n<meta property=\"og:site_name\" content=\"Loginfo24\" \/>\n<meta property=\"article:publisher\" content=\"https:\/\/www.facebook.com\/people\/Loginfo24\/100057360583332\/\" \/>\n<meta property=\"article:published_time\" content=\"2021-11-18T15:02:54+00:00\" \/>\n<meta property=\"og:image\" content=\"https:\/\/loginfo24.com\/wp-content\/uploads\/sites\/7\/2025\/12\/DHL_18.11.21.jpg\" \/>\n\t<meta property=\"og:image:width\" content=\"1241\" \/>\n\t<meta property=\"og:image:height\" content=\"733\" \/>\n\t<meta property=\"og:image:type\" content=\"image\/jpeg\" \/>\n<meta name=\"twitter:card\" content=\"summary_large_image\" \/>\n<meta name=\"twitter:label1\" content=\"Tiempo de lectura\" \/>\n\t<meta name=\"twitter:data1\" content=\"2 minuto\" \/>\n<script type=\"application\/ld+json\" class=\"yoast-schema-graph\">{\"@context\":\"https:\\\/\\\/schema.org\",\"@graph\":[{\"@type\":\"Article\",\"@id\":\"https:\\\/\\\/loginfo24.com\\\/es\\\/2021\\\/11\\\/18\\\/dhl-nombra-a-tobias-schmidt-ceo-de-global-forwarding-europa\\\/#article\",\"isPartOf\":{\"@id\":\"https:\\\/\\\/loginfo24.com\\\/es\\\/2021\\\/11\\\/18\\\/dhl-nombra-a-tobias-schmidt-ceo-de-global-forwarding-europa\\\/\"},\"author\":{\"name\":\"\",\"@id\":\"\"},\"headline\":\"DHL nombra a Tobias Schmidt CEO de Global Forwarding Europa\",\"datePublished\":\"2021-11-18T15:02:54+00:00\",\"mainEntityOfPage\":{\"@id\":\"https:\\\/\\\/loginfo24.com\\\/es\\\/2021\\\/11\\\/18\\\/dhl-nombra-a-tobias-schmidt-ceo-de-global-forwarding-europa\\\/\"},\"wordCount\":424,\"commentCount\":0,\"publisher\":{\"@id\":\"https:\\\/\\\/loginfo24.com\\\/es\\\/#organization\"},\"image\":{\"@id\":\"https:\\\/\\\/loginfo24.com\\\/es\\\/2021\\\/11\\\/18\\\/dhl-nombra-a-tobias-schmidt-ceo-de-global-forwarding-europa\\\/#primaryimage\"},\"thumbnailUrl\":\"https:\\\/\\\/loginfo24.com\\\/wp-content\\\/uploads\\\/sites\\\/7\\\/2025\\\/12\\\/DHL_18.11.21.jpg\",\"articleSection\":[\"Air Freight\",\"Forwarding &amp; Logistics\",\"Regions\",\"Shipping &amp; Ports\"],\"inLanguage\":\"es\",\"potentialAction\":[{\"@type\":\"CommentAction\",\"name\":\"Comment\",\"target\":[\"https:\\\/\\\/loginfo24.com\\\/es\\\/2021\\\/11\\\/18\\\/dhl-nombra-a-tobias-schmidt-ceo-de-global-forwarding-europa\\\/#respond\"]}]},{\"@type\":\"WebPage\",\"@id\":\"https:\\\/\\\/loginfo24.com\\\/es\\\/2021\\\/11\\\/18\\\/dhl-nombra-a-tobias-schmidt-ceo-de-global-forwarding-europa\\\/\",\"url\":\"https:\\\/\\\/loginfo24.com\\\/es\\\/2021\\\/11\\\/18\\\/dhl-nombra-a-tobias-schmidt-ceo-de-global-forwarding-europa\\\/\",\"name\":\"DHL nombra a Tobias Schmidt CEO de Global Forwarding Europa - Loginfo24\",\"isPartOf\":{\"@id\":\"https:\\\/\\\/loginfo24.com\\\/es\\\/#website\"},\"primaryImageOfPage\":{\"@id\":\"https:\\\/\\\/loginfo24.com\\\/es\\\/2021\\\/11\\\/18\\\/dhl-nombra-a-tobias-schmidt-ceo-de-global-forwarding-europa\\\/#primaryimage\"},\"image\":{\"@id\":\"https:\\\/\\\/loginfo24.com\\\/es\\\/2021\\\/11\\\/18\\\/dhl-nombra-a-tobias-schmidt-ceo-de-global-forwarding-europa\\\/#primaryimage\"},\"thumbnailUrl\":\"https:\\\/\\\/loginfo24.com\\\/wp-content\\\/uploads\\\/sites\\\/7\\\/2025\\\/12\\\/DHL_18.11.21.jpg\",\"datePublished\":\"2021-11-18T15:02:54+00:00\",\"breadcrumb\":{\"@id\":\"https:\\\/\\\/loginfo24.com\\\/es\\\/2021\\\/11\\\/18\\\/dhl-nombra-a-tobias-schmidt-ceo-de-global-forwarding-europa\\\/#breadcrumb\"},\"inLanguage\":\"es\",\"potentialAction\":[{\"@type\":\"ReadAction\",\"target\":[\"https:\\\/\\\/loginfo24.com\\\/es\\\/2021\\\/11\\\/18\\\/dhl-nombra-a-tobias-schmidt-ceo-de-global-forwarding-europa\\\/\"]}]},{\"@type\":\"ImageObject\",\"inLanguage\":\"es\",\"@id\":\"https:\\\/\\\/loginfo24.com\\\/es\\\/2021\\\/11\\\/18\\\/dhl-nombra-a-tobias-schmidt-ceo-de-global-forwarding-europa\\\/#primaryimage\",\"url\":\"https:\\\/\\\/loginfo24.com\\\/wp-content\\\/uploads\\\/sites\\\/7\\\/2025\\\/12\\\/DHL_18.11.21.jpg\",\"contentUrl\":\"https:\\\/\\\/loginfo24.com\\\/wp-content\\\/uploads\\\/sites\\\/7\\\/2025\\\/12\\\/DHL_18.11.21.jpg\",\"width\":1241,\"height\":733},{\"@type\":\"BreadcrumbList\",\"@id\":\"https:\\\/\\\/loginfo24.com\\\/es\\\/2021\\\/11\\\/18\\\/dhl-nombra-a-tobias-schmidt-ceo-de-global-forwarding-europa\\\/#breadcrumb\",\"itemListElement\":[{\"@type\":\"ListItem\",\"position\":1,\"name\":\"Startseite\",\"item\":\"https:\\\/\\\/loginfo24.com\\\/es\\\/\"},{\"@type\":\"ListItem\",\"position\":2,\"name\":\"DHL nombra a Tobias Schmidt CEO de Global Forwarding Europa\"}]},{\"@type\":\"WebSite\",\"@id\":\"https:\\\/\\\/loginfo24.com\\\/es\\\/#website\",\"url\":\"https:\\\/\\\/loginfo24.com\\\/es\\\/\",\"name\":\"Loginfo24\",\"description\":\"Loginfo24 es la plataforma dedicada a la log\u00edstica y las cadenas de suministro con informaci\u00f3n las 24 horas del d\u00eda.\",\"publisher\":{\"@id\":\"https:\\\/\\\/loginfo24.com\\\/es\\\/#organization\"},\"potentialAction\":[{\"@type\":\"SearchAction\",\"target\":{\"@type\":\"EntryPoint\",\"urlTemplate\":\"https:\\\/\\\/loginfo24.com\\\/es\\\/?s={search_term_string}\"},\"query-input\":{\"@type\":\"PropertyValueSpecification\",\"valueRequired\":true,\"valueName\":\"search_term_string\"}}],\"inLanguage\":\"es\"},{\"@type\":\"Organization\",\"@id\":\"https:\\\/\\\/loginfo24.com\\\/es\\\/#organization\",\"name\":\"Grupo Logismedia AG\",\"url\":\"https:\\\/\\\/loginfo24.com\\\/es\\\/\",\"logo\":{\"@type\":\"ImageObject\",\"inLanguage\":\"es\",\"@id\":\"https:\\\/\\\/loginfo24.com\\\/es\\\/#\\\/schema\\\/logo\\\/image\\\/\",\"url\":\"https:\\\/\\\/loginfo24.com\\\/wp-content\\\/uploads\\\/sites\\\/7\\\/2026\\\/01\\\/Logo_LogInfo24.png\",\"contentUrl\":\"https:\\\/\\\/loginfo24.com\\\/wp-content\\\/uploads\\\/sites\\\/7\\\/2026\\\/01\\\/Logo_LogInfo24.png\",\"width\":938,\"height\":351,\"caption\":\"Grupo Logismedia AG\"},\"image\":{\"@id\":\"https:\\\/\\\/loginfo24.com\\\/es\\\/#\\\/schema\\\/logo\\\/image\\\/\"},\"sameAs\":[\"https:\\\/\\\/www.facebook.com\\\/people\\\/Loginfo24\\\/100057360583332\\\/\",\"https:\\\/\\\/www.linkedin.com\\\/company\\\/lofinfo24\\\/\"]}]}<\/script>\n<!-- \/ Yoast SEO plugin. -->","yoast_head_json":{"title":"DHL nombra a Tobias Schmidt CEO de Global Forwarding Europa - Loginfo24","robots":{"index":"index","follow":"follow","max-snippet":"max-snippet:-1","max-image-preview":"max-image-preview:large","max-video-preview":"max-video-preview:-1"},"canonical":"https:\/\/loginfo24.com\/es\/2021\/11\/18\/dhl-nombra-a-tobias-schmidt-ceo-de-global-forwarding-europa\/","og_locale":"es_ES","og_type":"article","og_title":"DHL nombra a Tobias Schmidt CEO de Global Forwarding Europa - Loginfo24","og_description":"A partir del 1 de noviembre, Tobias Schmidt ha sido nombrado CEO de DHL Global Forwarding Europa. Sucede a Thomas George, quien ha liderado con \u00e9xito [\u2026]","og_url":"https:\/\/loginfo24.com\/es\/2021\/11\/18\/dhl-nombra-a-tobias-schmidt-ceo-de-global-forwarding-europa\/","og_site_name":"Loginfo24","article_publisher":"https:\/\/www.facebook.com\/people\/Loginfo24\/100057360583332\/","article_published_time":"2021-11-18T15:02:54+00:00","og_image":[{"width":1241,"height":733,"url":"https:\/\/loginfo24.com\/wp-content\/uploads\/sites\/7\/2025\/12\/DHL_18.11.21.jpg","type":"image\/jpeg"}],"twitter_card":"summary_large_image","twitter_misc":{"Tiempo de lectura":"2 minuto"},"schema":{"@context":"https:\/\/schema.org","@graph":[{"@type":"Article","@id":"https:\/\/loginfo24.com\/es\/2021\/11\/18\/dhl-nombra-a-tobias-schmidt-ceo-de-global-forwarding-europa\/#article","isPartOf":{"@id":"https:\/\/loginfo24.com\/es\/2021\/11\/18\/dhl-nombra-a-tobias-schmidt-ceo-de-global-forwarding-europa\/"},"author":{"name":"","@id":""},"headline":"DHL nombra a Tobias Schmidt CEO de Global Forwarding Europa","datePublished":"2021-11-18T15:02:54+00:00","mainEntityOfPage":{"@id":"https:\/\/loginfo24.com\/es\/2021\/11\/18\/dhl-nombra-a-tobias-schmidt-ceo-de-global-forwarding-europa\/"},"wordCount":424,"commentCount":0,"publisher":{"@id":"https:\/\/loginfo24.com\/es\/#organization"},"image":{"@id":"https:\/\/loginfo24.com\/es\/2021\/11\/18\/dhl-nombra-a-tobias-schmidt-ceo-de-global-forwarding-europa\/#primaryimage"},"thumbnailUrl":"https:\/\/loginfo24.com\/wp-content\/uploads\/sites\/7\/2025\/12\/DHL_18.11.21.jpg","articleSection":["Air Freight","Forwarding &amp; Logistics","Regions","Shipping &amp; Ports"],"inLanguage":"es","potentialAction":[{"@type":"CommentAction","name":"Comment","target":["https:\/\/loginfo24.com\/es\/2021\/11\/18\/dhl-nombra-a-tobias-schmidt-ceo-de-global-forwarding-europa\/#respond"]}]},{"@type":"WebPage","@id":"https:\/\/loginfo24.com\/es\/2021\/11\/18\/dhl-nombra-a-tobias-schmidt-ceo-de-global-forwarding-europa\/","url":"https:\/\/loginfo24.com\/es\/2021\/11\/18\/dhl-nombra-a-tobias-schmidt-ceo-de-global-forwarding-europa\/","name":"DHL nombra a Tobias Schmidt CEO de Global Forwarding Europa - Loginfo24","isPartOf":{"@id":"https:\/\/loginfo24.com\/es\/#website"},"primaryImageOfPage":{"@id":"https:\/\/loginfo24.com\/es\/2021\/11\/18\/dhl-nombra-a-tobias-schmidt-ceo-de-global-forwarding-europa\/#primaryimage"},"image":{"@id":"https:\/\/loginfo24.com\/es\/2021\/11\/18\/dhl-nombra-a-tobias-schmidt-ceo-de-global-forwarding-europa\/#primaryimage"},"thumbnailUrl":"https:\/\/loginfo24.com\/wp-content\/uploads\/sites\/7\/2025\/12\/DHL_18.11.21.jpg","datePublished":"2021-11-18T15:02:54+00:00","breadcrumb":{"@id":"https:\/\/loginfo24.com\/es\/2021\/11\/18\/dhl-nombra-a-tobias-schmidt-ceo-de-global-forwarding-europa\/#breadcrumb"},"inLanguage":"es","potentialAction":[{"@type":"ReadAction","target":["https:\/\/loginfo24.com\/es\/2021\/11\/18\/dhl-nombra-a-tobias-schmidt-ceo-de-global-forwarding-europa\/"]}]},{"@type":"ImageObject","inLanguage":"es","@id":"https:\/\/loginfo24.com\/es\/2021\/11\/18\/dhl-nombra-a-tobias-schmidt-ceo-de-global-forwarding-europa\/#primaryimage","url":"https:\/\/loginfo24.com\/wp-content\/uploads\/sites\/7\/2025\/12\/DHL_18.11.21.jpg","contentUrl":"https:\/\/loginfo24.com\/wp-content\/uploads\/sites\/7\/2025\/12\/DHL_18.11.21.jpg","width":1241,"height":733},{"@type":"BreadcrumbList","@id":"https:\/\/loginfo24.com\/es\/2021\/11\/18\/dhl-nombra-a-tobias-schmidt-ceo-de-global-forwarding-europa\/#breadcrumb","itemListElement":[{"@type":"ListItem","position":1,"name":"Startseite","item":"https:\/\/loginfo24.com\/es\/"},{"@type":"ListItem","position":2,"name":"DHL nombra a Tobias Schmidt CEO de Global Forwarding Europa"}]},{"@type":"WebSite","@id":"https:\/\/loginfo24.com\/es\/#website","url":"https:\/\/loginfo24.com\/es\/","name":"Loginfo24","description":"Loginfo24 es la plataforma dedicada a la log\u00edstica y las cadenas de suministro con informaci\u00f3n las 24 horas del d\u00eda.","publisher":{"@id":"https:\/\/loginfo24.com\/es\/#organization"},"potentialAction":[{"@type":"SearchAction","target":{"@type":"EntryPoint","urlTemplate":"https:\/\/loginfo24.com\/es\/?s={search_term_string}"},"query-input":{"@type":"PropertyValueSpecification","valueRequired":true,"valueName":"search_term_string"}}],"inLanguage":"es"},{"@type":"Organization","@id":"https:\/\/loginfo24.com\/es\/#organization","name":"Grupo Logismedia AG","url":"https:\/\/loginfo24.com\/es\/","logo":{"@type":"ImageObject","inLanguage":"es","@id":"https:\/\/loginfo24.com\/es\/#\/schema\/logo\/image\/","url":"https:\/\/loginfo24.com\/wp-content\/uploads\/sites\/7\/2026\/01\/Logo_LogInfo24.png","contentUrl":"https:\/\/loginfo24.com\/wp-content\/uploads\/sites\/7\/2026\/01\/Logo_LogInfo24.png","width":938,"height":351,"caption":"Grupo Logismedia AG"},"image":{"@id":"https:\/\/loginfo24.com\/es\/#\/schema\/logo\/image\/"},"sameAs":["https:\/\/www.facebook.com\/people\/Loginfo24\/100057360583332\/","https:\/\/www.linkedin.com\/company\/lofinfo24\/"]}]}},"_links":{"self":[{"href":"https:\/\/loginfo24.com\/es\/wp-json\/wp\/v2\/posts\/53570","targetHints":{"allow":["GET"]}}],"collection":[{"href":"https:\/\/loginfo24.com\/es\/wp-json\/wp\/v2\/posts"}],"about":[{"href":"https:\/\/loginfo24.com\/es\/wp-json\/wp\/v2\/types\/post"}],"replies":[{"embeddable":true,"href":"https:\/\/loginfo24.com\/es\/wp-json\/wp\/v2\/comments?post=53570"}],"version-history":[{"count":0,"href":"https:\/\/loginfo24.com\/es\/wp-json\/wp\/v2\/posts\/53570\/revisions"}],"wp:featuredmedia":[{"embeddable":true,"href":"https:\/\/loginfo24.com\/es\/wp-json\/wp\/v2\/media\/11729"}],"wp:attachment":[{"href":"https:\/\/loginfo24.com\/es\/wp-json\/wp\/v2\/media?parent=53570"}],"wp:term":[{"taxonomy":"category","embeddable":true,"href":"https:\/\/loginfo24.com\/es\/wp-json\/wp\/v2\/categories?post=53570"},{"taxonomy":"post_tag","embeddable":true,"href":"https:\/\/loginfo24.com\/es\/wp-json\/wp\/v2\/tags?post=53570"}],"curies":[{"name":"wp","href":"https:\/\/api.w.org\/{rel}","templated":true}]}}