{"id":53466,"date":"2021-11-15T17:58:51","date_gmt":"2021-11-15T16:58:51","guid":{"rendered":"https:\/\/blog.brand-architecture.at\/2021\/11\/15\/gebr-weiss-con-el-primer-aterrizaje-de-un-antonov-an-225-en-rzeszow-polonia\/"},"modified":"2021-11-15T17:58:51","modified_gmt":"2021-11-15T16:58:51","slug":"gebr-weiss-con-el-primer-aterrizaje-de-un-antonov-an-225-en-rzeszow-polonia","status":"publish","type":"post","link":"https:\/\/loginfo24.com\/es\/2021\/11\/15\/gebr-weiss-con-el-primer-aterrizaje-de-un-antonov-an-225-en-rzeszow-polonia\/","title":{"rendered":"Gebr. Weiss con el primer aterrizaje de un Antonov An-225 en Rzesz\u00f3w, Polonia"},"content":{"rendered":"<h5><strong>Con un transporte a\u00e9reo de China a Polonia, Gebr\u00fcder Weiss logr\u00f3 un espectacular primer aterrizaje del avi\u00f3n de carga m\u00e1s grande del mundo en el aeropuerto de Rzesz\u00f3w. El Antonov An-225 aterriz\u00f3 el 13 de noviembre alrededor de las 23 horas en el aeropuerto ubicado a 170 kil\u00f3metros al este de Cracovia.<\/strong><\/h5>\n<p>(Rzesz\u00f3w\/Cracovia\/Lauterach) A bordo, el carguero llevaba carga de proyecto para la industria polaca. El Antonov despeg\u00f3 un d\u00eda antes del aeropuerto chino de Tianjin.<\/p>\n<p>Stanislaw Rosciszewski, director nacional de Polonia en Gebr\u00fcder Weiss: \u00abAunque los vuelos ch\u00e1rter son una parte integral de nuestros servicios a\u00e9reos, el transporte con un avi\u00f3n de carga de esta dimensi\u00f3n tambi\u00e9n fue algo especial para nosotros. En un plazo de tiempo ajustado y bajo las dif\u00edciles condiciones de la pandemia, nuestros gerentes de carga a\u00e9rea en Polonia y China organizaron de manera \u00f3ptima toda la cadena de suministro entre el fabricante y el destinatario.\u00bb<\/p>\n<h5><strong>Transporte r\u00e1pido de mercanc\u00edas de gran volumen<\/strong><\/h5>\n<p>El carguero sobredimensionado es ideal para transportes pesados. \u00abLa situaci\u00f3n en el transporte a\u00e9reo y mar\u00edtimo sigue siendo muy tensa, ya que todav\u00eda no hay suficiente espacio de carga. Con el Antonov podemos transportar r\u00e1pidamente y, sobre todo, mercanc\u00edas de gran volumen para nuestros clientes\u00bb, explica Lothar Thoma, director de Air &amp; Sea en Gebr\u00fcder Weiss. La empresa de log\u00edstica ya hab\u00eda utilizado el gigante carguero en octubre para un transporte a Austria. Adem\u00e1s, este a\u00f1o se ha fletado varias veces el Antonov An-124, un poco m\u00e1s peque\u00f1o, para vuelos a Europa.<\/p>\n<p><img loading=\"lazy\" decoding=\"async\" class=\"wp-image-15604 size-large\" src=\"https:\/\/loginfo24.com\/wp-content\/uploads\/sites\/7\/2025\/12\/Gebr_Weiss_15.11.21_2.jpg\" alt=\"\" width=\"1024\" height=\"501\" \/> El equipo de Gebr\u00fcder Weiss en Polonia con el director nacional Stanislaw Rosciszewski (derecha) frente al Antonov An-225<\/caption>\n<h5><strong>Desde 2020 en Polonia<\/strong><\/h5>\n<p>En Polonia, Gebr\u00fcder Weiss est\u00e1 presente desde 2020 con siete ubicaciones propias (sede: Cracovia). 85 empleados ofrecen soluciones en las \u00e1reas de transporte terrestre, Air &amp; Sea, expedici\u00f3n de proyectos y log\u00edstica.<\/p>\n<p>Fotos: \u00a9 Gebr\u00fcder Weiss \/ Damian Szymula<\/p>\n","protected":false},"excerpt":{"rendered":"<p>Con un transporte a\u00e9reo de China a Polonia, Gebr\u00fcder Weiss logr\u00f3 un espectacular primer aterrizaje del avi\u00f3n de carga m\u00e1s grande del mundo en el aeropuerto<span class=\"excerpt-hellip\"> [\u2026]<\/span><\/p>\n","protected":false},"author":0,"featured_media":11777,"comment_status":"open","ping_status":"open","sticky":false,"template":"","format":"standard","meta":{"_acf_changed":false,"footnotes":""},"categories":[1558,1557,1561],"tags":[],"class_list":["post-53466","post","type-post","status-publish","format-standard","has-post-thumbnail","hentry","category-air-freight","category-forwarding-logistics","category-regions"],"acf":[],"yoast_head":"<!-- This site is optimized with the Yoast SEO plugin v27.3 - https:\/\/yoast.com\/product\/yoast-seo-wordpress\/ -->\n<title>Gebr. Weiss con el primer aterrizaje de un Antonov An-225 en Rzesz\u00f3w, Polonia - Loginfo24<\/title>\n<meta name=\"robots\" content=\"index, follow, max-snippet:-1, max-image-preview:large, max-video-preview:-1\" \/>\n<link rel=\"canonical\" href=\"https:\/\/loginfo24.com\/es\/2021\/11\/15\/gebr-weiss-con-el-primer-aterrizaje-de-un-antonov-an-225-en-rzeszow-polonia\/\" \/>\n<meta property=\"og:locale\" content=\"es_ES\" \/>\n<meta property=\"og:type\" content=\"article\" \/>\n<meta property=\"og:title\" content=\"Gebr. Weiss con el primer aterrizaje de un Antonov An-225 en Rzesz\u00f3w, Polonia - Loginfo24\" \/>\n<meta property=\"og:description\" content=\"Con un transporte a\u00e9reo de China a Polonia, Gebr\u00fcder Weiss logr\u00f3 un espectacular primer aterrizaje del avi\u00f3n de carga m\u00e1s grande del mundo en el aeropuerto [\u2026]\" \/>\n<meta property=\"og:url\" content=\"https:\/\/loginfo24.com\/es\/2021\/11\/15\/gebr-weiss-con-el-primer-aterrizaje-de-un-antonov-an-225-en-rzeszow-polonia\/\" \/>\n<meta property=\"og:site_name\" content=\"Loginfo24\" \/>\n<meta property=\"article:publisher\" content=\"https:\/\/www.facebook.com\/people\/Loginfo24\/100057360583332\/\" \/>\n<meta property=\"article:published_time\" content=\"2021-11-15T16:58:51+00:00\" \/>\n<meta property=\"og:image\" content=\"https:\/\/loginfo24.com\/wp-content\/uploads\/sites\/7\/2025\/12\/Gebr_Weiss_15.11.21.jpg\" \/>\n\t<meta property=\"og:image:width\" content=\"1384\" \/>\n\t<meta property=\"og:image:height\" content=\"728\" \/>\n\t<meta property=\"og:image:type\" content=\"image\/jpeg\" \/>\n<meta name=\"twitter:card\" content=\"summary_large_image\" \/>\n<meta name=\"twitter:label1\" content=\"Tiempo de lectura\" \/>\n\t<meta name=\"twitter:data1\" content=\"2 minuto\" \/>\n<script type=\"application\/ld+json\" class=\"yoast-schema-graph\">{\"@context\":\"https:\\\/\\\/schema.org\",\"@graph\":[{\"@type\":\"Article\",\"@id\":\"https:\\\/\\\/loginfo24.com\\\/es\\\/2021\\\/11\\\/15\\\/gebr-weiss-con-el-primer-aterrizaje-de-un-antonov-an-225-en-rzeszow-polonia\\\/#article\",\"isPartOf\":{\"@id\":\"https:\\\/\\\/loginfo24.com\\\/es\\\/2021\\\/11\\\/15\\\/gebr-weiss-con-el-primer-aterrizaje-de-un-antonov-an-225-en-rzeszow-polonia\\\/\"},\"author\":{\"name\":\"\",\"@id\":\"\"},\"headline\":\"Gebr. Weiss con el primer aterrizaje de un Antonov An-225 en Rzesz\u00f3w, Polonia\",\"datePublished\":\"2021-11-15T16:58:51+00:00\",\"mainEntityOfPage\":{\"@id\":\"https:\\\/\\\/loginfo24.com\\\/es\\\/2021\\\/11\\\/15\\\/gebr-weiss-con-el-primer-aterrizaje-de-un-antonov-an-225-en-rzeszow-polonia\\\/\"},\"wordCount\":361,\"commentCount\":0,\"publisher\":{\"@id\":\"https:\\\/\\\/loginfo24.com\\\/es\\\/#organization\"},\"image\":{\"@id\":\"https:\\\/\\\/loginfo24.com\\\/es\\\/2021\\\/11\\\/15\\\/gebr-weiss-con-el-primer-aterrizaje-de-un-antonov-an-225-en-rzeszow-polonia\\\/#primaryimage\"},\"thumbnailUrl\":\"https:\\\/\\\/loginfo24.com\\\/wp-content\\\/uploads\\\/sites\\\/7\\\/2025\\\/12\\\/Gebr_Weiss_15.11.21.jpg\",\"articleSection\":[\"Air Freight\",\"Forwarding &amp; Logistics\",\"Regions\"],\"inLanguage\":\"es\",\"potentialAction\":[{\"@type\":\"CommentAction\",\"name\":\"Comment\",\"target\":[\"https:\\\/\\\/loginfo24.com\\\/es\\\/2021\\\/11\\\/15\\\/gebr-weiss-con-el-primer-aterrizaje-de-un-antonov-an-225-en-rzeszow-polonia\\\/#respond\"]}]},{\"@type\":\"WebPage\",\"@id\":\"https:\\\/\\\/loginfo24.com\\\/es\\\/2021\\\/11\\\/15\\\/gebr-weiss-con-el-primer-aterrizaje-de-un-antonov-an-225-en-rzeszow-polonia\\\/\",\"url\":\"https:\\\/\\\/loginfo24.com\\\/es\\\/2021\\\/11\\\/15\\\/gebr-weiss-con-el-primer-aterrizaje-de-un-antonov-an-225-en-rzeszow-polonia\\\/\",\"name\":\"Gebr. Weiss con el primer aterrizaje de un Antonov An-225 en Rzesz\u00f3w, Polonia - Loginfo24\",\"isPartOf\":{\"@id\":\"https:\\\/\\\/loginfo24.com\\\/es\\\/#website\"},\"primaryImageOfPage\":{\"@id\":\"https:\\\/\\\/loginfo24.com\\\/es\\\/2021\\\/11\\\/15\\\/gebr-weiss-con-el-primer-aterrizaje-de-un-antonov-an-225-en-rzeszow-polonia\\\/#primaryimage\"},\"image\":{\"@id\":\"https:\\\/\\\/loginfo24.com\\\/es\\\/2021\\\/11\\\/15\\\/gebr-weiss-con-el-primer-aterrizaje-de-un-antonov-an-225-en-rzeszow-polonia\\\/#primaryimage\"},\"thumbnailUrl\":\"https:\\\/\\\/loginfo24.com\\\/wp-content\\\/uploads\\\/sites\\\/7\\\/2025\\\/12\\\/Gebr_Weiss_15.11.21.jpg\",\"datePublished\":\"2021-11-15T16:58:51+00:00\",\"breadcrumb\":{\"@id\":\"https:\\\/\\\/loginfo24.com\\\/es\\\/2021\\\/11\\\/15\\\/gebr-weiss-con-el-primer-aterrizaje-de-un-antonov-an-225-en-rzeszow-polonia\\\/#breadcrumb\"},\"inLanguage\":\"es\",\"potentialAction\":[{\"@type\":\"ReadAction\",\"target\":[\"https:\\\/\\\/loginfo24.com\\\/es\\\/2021\\\/11\\\/15\\\/gebr-weiss-con-el-primer-aterrizaje-de-un-antonov-an-225-en-rzeszow-polonia\\\/\"]}]},{\"@type\":\"ImageObject\",\"inLanguage\":\"es\",\"@id\":\"https:\\\/\\\/loginfo24.com\\\/es\\\/2021\\\/11\\\/15\\\/gebr-weiss-con-el-primer-aterrizaje-de-un-antonov-an-225-en-rzeszow-polonia\\\/#primaryimage\",\"url\":\"https:\\\/\\\/loginfo24.com\\\/wp-content\\\/uploads\\\/sites\\\/7\\\/2025\\\/12\\\/Gebr_Weiss_15.11.21.jpg\",\"contentUrl\":\"https:\\\/\\\/loginfo24.com\\\/wp-content\\\/uploads\\\/sites\\\/7\\\/2025\\\/12\\\/Gebr_Weiss_15.11.21.jpg\",\"width\":1384,\"height\":728},{\"@type\":\"BreadcrumbList\",\"@id\":\"https:\\\/\\\/loginfo24.com\\\/es\\\/2021\\\/11\\\/15\\\/gebr-weiss-con-el-primer-aterrizaje-de-un-antonov-an-225-en-rzeszow-polonia\\\/#breadcrumb\",\"itemListElement\":[{\"@type\":\"ListItem\",\"position\":1,\"name\":\"Startseite\",\"item\":\"https:\\\/\\\/loginfo24.com\\\/es\\\/\"},{\"@type\":\"ListItem\",\"position\":2,\"name\":\"Gebr. Weiss con el primer aterrizaje de un Antonov An-225 en Rzesz\u00f3w, Polonia\"}]},{\"@type\":\"WebSite\",\"@id\":\"https:\\\/\\\/loginfo24.com\\\/es\\\/#website\",\"url\":\"https:\\\/\\\/loginfo24.com\\\/es\\\/\",\"name\":\"Loginfo24\",\"description\":\"Loginfo24 es la plataforma dedicada a la log\u00edstica y las cadenas de suministro con informaci\u00f3n las 24 horas del d\u00eda.\",\"publisher\":{\"@id\":\"https:\\\/\\\/loginfo24.com\\\/es\\\/#organization\"},\"potentialAction\":[{\"@type\":\"SearchAction\",\"target\":{\"@type\":\"EntryPoint\",\"urlTemplate\":\"https:\\\/\\\/loginfo24.com\\\/es\\\/?s={search_term_string}\"},\"query-input\":{\"@type\":\"PropertyValueSpecification\",\"valueRequired\":true,\"valueName\":\"search_term_string\"}}],\"inLanguage\":\"es\"},{\"@type\":\"Organization\",\"@id\":\"https:\\\/\\\/loginfo24.com\\\/es\\\/#organization\",\"name\":\"Grupo Logismedia AG\",\"url\":\"https:\\\/\\\/loginfo24.com\\\/es\\\/\",\"logo\":{\"@type\":\"ImageObject\",\"inLanguage\":\"es\",\"@id\":\"https:\\\/\\\/loginfo24.com\\\/es\\\/#\\\/schema\\\/logo\\\/image\\\/\",\"url\":\"https:\\\/\\\/loginfo24.com\\\/wp-content\\\/uploads\\\/sites\\\/7\\\/2026\\\/01\\\/Logo_LogInfo24.png\",\"contentUrl\":\"https:\\\/\\\/loginfo24.com\\\/wp-content\\\/uploads\\\/sites\\\/7\\\/2026\\\/01\\\/Logo_LogInfo24.png\",\"width\":938,\"height\":351,\"caption\":\"Grupo Logismedia AG\"},\"image\":{\"@id\":\"https:\\\/\\\/loginfo24.com\\\/es\\\/#\\\/schema\\\/logo\\\/image\\\/\"},\"sameAs\":[\"https:\\\/\\\/www.facebook.com\\\/people\\\/Loginfo24\\\/100057360583332\\\/\",\"https:\\\/\\\/www.linkedin.com\\\/company\\\/lofinfo24\\\/\"]}]}<\/script>\n<!-- \/ Yoast SEO plugin. -->","yoast_head_json":{"title":"Gebr. Weiss con el primer aterrizaje de un Antonov An-225 en Rzesz\u00f3w, Polonia - Loginfo24","robots":{"index":"index","follow":"follow","max-snippet":"max-snippet:-1","max-image-preview":"max-image-preview:large","max-video-preview":"max-video-preview:-1"},"canonical":"https:\/\/loginfo24.com\/es\/2021\/11\/15\/gebr-weiss-con-el-primer-aterrizaje-de-un-antonov-an-225-en-rzeszow-polonia\/","og_locale":"es_ES","og_type":"article","og_title":"Gebr. Weiss con el primer aterrizaje de un Antonov An-225 en Rzesz\u00f3w, Polonia - Loginfo24","og_description":"Con un transporte a\u00e9reo de China a Polonia, Gebr\u00fcder Weiss logr\u00f3 un espectacular primer aterrizaje del avi\u00f3n de carga m\u00e1s grande del mundo en el aeropuerto [\u2026]","og_url":"https:\/\/loginfo24.com\/es\/2021\/11\/15\/gebr-weiss-con-el-primer-aterrizaje-de-un-antonov-an-225-en-rzeszow-polonia\/","og_site_name":"Loginfo24","article_publisher":"https:\/\/www.facebook.com\/people\/Loginfo24\/100057360583332\/","article_published_time":"2021-11-15T16:58:51+00:00","og_image":[{"width":1384,"height":728,"url":"https:\/\/loginfo24.com\/wp-content\/uploads\/sites\/7\/2025\/12\/Gebr_Weiss_15.11.21.jpg","type":"image\/jpeg"}],"twitter_card":"summary_large_image","twitter_misc":{"Tiempo de lectura":"2 minuto"},"schema":{"@context":"https:\/\/schema.org","@graph":[{"@type":"Article","@id":"https:\/\/loginfo24.com\/es\/2021\/11\/15\/gebr-weiss-con-el-primer-aterrizaje-de-un-antonov-an-225-en-rzeszow-polonia\/#article","isPartOf":{"@id":"https:\/\/loginfo24.com\/es\/2021\/11\/15\/gebr-weiss-con-el-primer-aterrizaje-de-un-antonov-an-225-en-rzeszow-polonia\/"},"author":{"name":"","@id":""},"headline":"Gebr. Weiss con el primer aterrizaje de un Antonov An-225 en Rzesz\u00f3w, Polonia","datePublished":"2021-11-15T16:58:51+00:00","mainEntityOfPage":{"@id":"https:\/\/loginfo24.com\/es\/2021\/11\/15\/gebr-weiss-con-el-primer-aterrizaje-de-un-antonov-an-225-en-rzeszow-polonia\/"},"wordCount":361,"commentCount":0,"publisher":{"@id":"https:\/\/loginfo24.com\/es\/#organization"},"image":{"@id":"https:\/\/loginfo24.com\/es\/2021\/11\/15\/gebr-weiss-con-el-primer-aterrizaje-de-un-antonov-an-225-en-rzeszow-polonia\/#primaryimage"},"thumbnailUrl":"https:\/\/loginfo24.com\/wp-content\/uploads\/sites\/7\/2025\/12\/Gebr_Weiss_15.11.21.jpg","articleSection":["Air Freight","Forwarding &amp; Logistics","Regions"],"inLanguage":"es","potentialAction":[{"@type":"CommentAction","name":"Comment","target":["https:\/\/loginfo24.com\/es\/2021\/11\/15\/gebr-weiss-con-el-primer-aterrizaje-de-un-antonov-an-225-en-rzeszow-polonia\/#respond"]}]},{"@type":"WebPage","@id":"https:\/\/loginfo24.com\/es\/2021\/11\/15\/gebr-weiss-con-el-primer-aterrizaje-de-un-antonov-an-225-en-rzeszow-polonia\/","url":"https:\/\/loginfo24.com\/es\/2021\/11\/15\/gebr-weiss-con-el-primer-aterrizaje-de-un-antonov-an-225-en-rzeszow-polonia\/","name":"Gebr. Weiss con el primer aterrizaje de un Antonov An-225 en Rzesz\u00f3w, Polonia - Loginfo24","isPartOf":{"@id":"https:\/\/loginfo24.com\/es\/#website"},"primaryImageOfPage":{"@id":"https:\/\/loginfo24.com\/es\/2021\/11\/15\/gebr-weiss-con-el-primer-aterrizaje-de-un-antonov-an-225-en-rzeszow-polonia\/#primaryimage"},"image":{"@id":"https:\/\/loginfo24.com\/es\/2021\/11\/15\/gebr-weiss-con-el-primer-aterrizaje-de-un-antonov-an-225-en-rzeszow-polonia\/#primaryimage"},"thumbnailUrl":"https:\/\/loginfo24.com\/wp-content\/uploads\/sites\/7\/2025\/12\/Gebr_Weiss_15.11.21.jpg","datePublished":"2021-11-15T16:58:51+00:00","breadcrumb":{"@id":"https:\/\/loginfo24.com\/es\/2021\/11\/15\/gebr-weiss-con-el-primer-aterrizaje-de-un-antonov-an-225-en-rzeszow-polonia\/#breadcrumb"},"inLanguage":"es","potentialAction":[{"@type":"ReadAction","target":["https:\/\/loginfo24.com\/es\/2021\/11\/15\/gebr-weiss-con-el-primer-aterrizaje-de-un-antonov-an-225-en-rzeszow-polonia\/"]}]},{"@type":"ImageObject","inLanguage":"es","@id":"https:\/\/loginfo24.com\/es\/2021\/11\/15\/gebr-weiss-con-el-primer-aterrizaje-de-un-antonov-an-225-en-rzeszow-polonia\/#primaryimage","url":"https:\/\/loginfo24.com\/wp-content\/uploads\/sites\/7\/2025\/12\/Gebr_Weiss_15.11.21.jpg","contentUrl":"https:\/\/loginfo24.com\/wp-content\/uploads\/sites\/7\/2025\/12\/Gebr_Weiss_15.11.21.jpg","width":1384,"height":728},{"@type":"BreadcrumbList","@id":"https:\/\/loginfo24.com\/es\/2021\/11\/15\/gebr-weiss-con-el-primer-aterrizaje-de-un-antonov-an-225-en-rzeszow-polonia\/#breadcrumb","itemListElement":[{"@type":"ListItem","position":1,"name":"Startseite","item":"https:\/\/loginfo24.com\/es\/"},{"@type":"ListItem","position":2,"name":"Gebr. Weiss con el primer aterrizaje de un Antonov An-225 en Rzesz\u00f3w, Polonia"}]},{"@type":"WebSite","@id":"https:\/\/loginfo24.com\/es\/#website","url":"https:\/\/loginfo24.com\/es\/","name":"Loginfo24","description":"Loginfo24 es la plataforma dedicada a la log\u00edstica y las cadenas de suministro con informaci\u00f3n las 24 horas del d\u00eda.","publisher":{"@id":"https:\/\/loginfo24.com\/es\/#organization"},"potentialAction":[{"@type":"SearchAction","target":{"@type":"EntryPoint","urlTemplate":"https:\/\/loginfo24.com\/es\/?s={search_term_string}"},"query-input":{"@type":"PropertyValueSpecification","valueRequired":true,"valueName":"search_term_string"}}],"inLanguage":"es"},{"@type":"Organization","@id":"https:\/\/loginfo24.com\/es\/#organization","name":"Grupo Logismedia AG","url":"https:\/\/loginfo24.com\/es\/","logo":{"@type":"ImageObject","inLanguage":"es","@id":"https:\/\/loginfo24.com\/es\/#\/schema\/logo\/image\/","url":"https:\/\/loginfo24.com\/wp-content\/uploads\/sites\/7\/2026\/01\/Logo_LogInfo24.png","contentUrl":"https:\/\/loginfo24.com\/wp-content\/uploads\/sites\/7\/2026\/01\/Logo_LogInfo24.png","width":938,"height":351,"caption":"Grupo Logismedia AG"},"image":{"@id":"https:\/\/loginfo24.com\/es\/#\/schema\/logo\/image\/"},"sameAs":["https:\/\/www.facebook.com\/people\/Loginfo24\/100057360583332\/","https:\/\/www.linkedin.com\/company\/lofinfo24\/"]}]}},"_links":{"self":[{"href":"https:\/\/loginfo24.com\/es\/wp-json\/wp\/v2\/posts\/53466","targetHints":{"allow":["GET"]}}],"collection":[{"href":"https:\/\/loginfo24.com\/es\/wp-json\/wp\/v2\/posts"}],"about":[{"href":"https:\/\/loginfo24.com\/es\/wp-json\/wp\/v2\/types\/post"}],"replies":[{"embeddable":true,"href":"https:\/\/loginfo24.com\/es\/wp-json\/wp\/v2\/comments?post=53466"}],"version-history":[{"count":0,"href":"https:\/\/loginfo24.com\/es\/wp-json\/wp\/v2\/posts\/53466\/revisions"}],"wp:featuredmedia":[{"embeddable":true,"href":"https:\/\/loginfo24.com\/es\/wp-json\/wp\/v2\/media\/11777"}],"wp:attachment":[{"href":"https:\/\/loginfo24.com\/es\/wp-json\/wp\/v2\/media?parent=53466"}],"wp:term":[{"taxonomy":"category","embeddable":true,"href":"https:\/\/loginfo24.com\/es\/wp-json\/wp\/v2\/categories?post=53466"},{"taxonomy":"post_tag","embeddable":true,"href":"https:\/\/loginfo24.com\/es\/wp-json\/wp\/v2\/tags?post=53466"}],"curies":[{"name":"wp","href":"https:\/\/api.w.org\/{rel}","templated":true}]}}