{"id":53442,"date":"2021-11-13T18:34:46","date_gmt":"2021-11-13T17:34:46","guid":{"rendered":"https:\/\/blog.brand-architecture.at\/2021\/11\/13\/los-creadores-de-economia-tambien-en-2022-a-toda-velocidad-por-la-logistica\/"},"modified":"2021-11-13T18:34:46","modified_gmt":"2021-11-13T17:34:46","slug":"los-creadores-de-economia-tambien-en-2022-a-toda-velocidad-por-la-logistica","status":"publish","type":"post","link":"https:\/\/loginfo24.com\/es\/2021\/11\/13\/los-creadores-de-economia-tambien-en-2022-a-toda-velocidad-por-la-logistica\/","title":{"rendered":"Los creadores de econom\u00eda tambi\u00e9n en 2022 a toda velocidad por la log\u00edstica"},"content":{"rendered":"<h5><strong>Los creadores de econom\u00eda miran con optimismo hacia el a\u00f1o 2022: Con un buen impulso gracias a excelentes cifras y exitosas campa\u00f1as muy destacadas, la iniciativa quiere seguir trabajando de manera sostenible junto a unas 100 personas involucradas en una mejor imagen de la log\u00edstica. \u00a1No se quejar\u00e1n en el futuro, sino que actuar\u00e1n!<\/strong><\/h5>\n<p>(Bremen) \u00abA mediados de septiembre superamos la marca de 10 millones de impresiones\u00bb, se alegra la portavoz de los creadores de econom\u00eda, Frauke Heistermann, sobre el desarrollo positivo de la iniciativa, que se puso en marcha en el marco de la \u00abtransport logistic\u00bb en 2019. \u00abDesde entonces, han sucedido muchas cosas positivas\u00bb, informa la apasionada embajadora de la marca. \u00bfEjemplos? En Facebook, la comunidad de seguidores ha crecido a m\u00e1s de 10,000 personas, y en la red profesional LinkedIn se ha superado recientemente la marca de 1,000.<\/p>\n<p>El n\u00famero de suscriptores del bolet\u00edn ha aumentado a m\u00e1s de 1,600, y el alcance de la prensa en los primeros tres trimestres del a\u00f1o en curso ha crecido casi un 130 por ciento en comparaci\u00f3n con el a\u00f1o anterior. Sobre todo, el n\u00famero de leads est\u00e1 aumentando r\u00e1pidamente: hasta mediados de a\u00f1o, ya se hab\u00edan generado m\u00e1s de 1,500 contactos, tanto como en todo el a\u00f1o 2020. \u00abEstamos actuando de manera muy eficiente y decidida y creamos una alta visibilidad entre nuestros grupos objetivo con contenido relevante. Y eso es exactamente lo que continuaremos en 2022\u00bb, explica Frauke Heistermann.<\/p>\n<h5><strong>Contenido premium para m\u00e1s alcance<\/strong><\/h5>\n<p>Tambi\u00e9n el pr\u00f3ximo a\u00f1o, los creadores de econom\u00eda se basar\u00e1n en patrones de campa\u00f1a probados, que se sustentan principalmente en contenidos de alta calidad y relevantes. Frauke Heistermann: \u00abPor supuesto, planeamos nuevamente varios n\u00fameros tem\u00e1ticos y gu\u00edas que nos traer\u00e1n muchos leads. Adem\u00e1s, complementamos nuestros exitosos temas focales de relevancia sist\u00e9mica, sostenibilidad, digitalizaci\u00f3n y eficiencia con internacionalizaci\u00f3n.\u00bb \u00abAqu\u00ed percibimos una relevancia aumentada debido a la actual situaci\u00f3n de las cadenas de suministro\u00bb, informa la portavoz de los creadores de econom\u00eda. En campa\u00f1as individuales, que se difundir\u00e1n a trav\u00e9s del sitio web y los canales de redes sociales de la iniciativa, los contenidos se preparan de manera entretenida y \u00fatil para el p\u00fablico objetivo. \u00abQueremos hacer visibles las muchas facetas de la log\u00edstica y, al mismo tiempo, entretener un poco.\u00bb<\/p>\n<h5><strong>Paquetes para colaboradores<\/strong><\/h5>\n<p>Tambi\u00e9n el pr\u00f3ximo a\u00f1o, los colaboradores podr\u00e1n participar de acuerdo con su capacidad econ\u00f3mica. A partir de 5,000 euros, empresas de la industria, el comercio y los servicios log\u00edsticos, as\u00ed como asociaciones, editoriales y universidades, ser\u00e1n parte de la comunidad publicitaria de gran alcance. \u00abCreamos una alta visibilidad para nuestros colaboradores y los involucramos repetidamente en nuestras campa\u00f1as y en la producci\u00f3n de contenido\u00bb, explica Frauke Heistermann y a\u00f1ade: \u00abAl final, cada uno se beneficia del poder de nuestra comunidad.\u00bb Ella aconseja: \u00abQuien quiera participar, deber\u00eda planificar ya su presupuesto. En las pr\u00f3ximas semanas nos pondremos en contacto con todos los colaboradores para concretar el compromiso para 2022 y m\u00e1s all\u00e1.\u00bb Ya no se trata de la pregunta de si vale la pena un compromiso con la principal iniciativa de imagen del sector log\u00edstico en Alemania. \u00abHemos superado el &#8216;si&#8217;, solo se trata del &#8216;c\u00f3mo&#8217; y del &#8216;cu\u00e1nto&#8217;.\u00bb<\/p>\n<p>Foto: \u00a9 \u00abLos creadores de econom\u00eda\u00bb<\/p>\n","protected":false},"excerpt":{"rendered":"<p>Los creadores de econom\u00eda miran con optimismo hacia el a\u00f1o 2022: Con un buen impulso gracias a excelentes cifras y exitosas campa\u00f1as muy destacadas, la iniciativa<span class=\"excerpt-hellip\"> [\u2026]<\/span><\/p>\n","protected":false},"author":0,"featured_media":11788,"comment_status":"open","ping_status":"open","sticky":false,"template":"","format":"standard","meta":{"_acf_changed":false,"footnotes":""},"categories":[1557,1561],"tags":[],"class_list":["post-53442","post","type-post","status-publish","format-standard","has-post-thumbnail","hentry","category-forwarding-logistics","category-regions"],"acf":[],"yoast_head":"<!-- This site is optimized with the Yoast SEO plugin v27.3 - https:\/\/yoast.com\/product\/yoast-seo-wordpress\/ -->\n<title>Los creadores de econom\u00eda tambi\u00e9n en 2022 a toda velocidad por la log\u00edstica - Loginfo24<\/title>\n<meta name=\"robots\" content=\"index, follow, max-snippet:-1, max-image-preview:large, max-video-preview:-1\" \/>\n<link rel=\"canonical\" href=\"https:\/\/loginfo24.com\/es\/2021\/11\/13\/los-creadores-de-economia-tambien-en-2022-a-toda-velocidad-por-la-logistica\/\" \/>\n<meta property=\"og:locale\" content=\"es_ES\" \/>\n<meta property=\"og:type\" content=\"article\" \/>\n<meta property=\"og:title\" content=\"Los creadores de econom\u00eda tambi\u00e9n en 2022 a toda velocidad por la log\u00edstica - Loginfo24\" \/>\n<meta property=\"og:description\" content=\"Los creadores de econom\u00eda miran con optimismo hacia el a\u00f1o 2022: Con un buen impulso gracias a excelentes cifras y exitosas campa\u00f1as muy destacadas, la iniciativa [\u2026]\" \/>\n<meta property=\"og:url\" content=\"https:\/\/loginfo24.com\/es\/2021\/11\/13\/los-creadores-de-economia-tambien-en-2022-a-toda-velocidad-por-la-logistica\/\" \/>\n<meta property=\"og:site_name\" content=\"Loginfo24\" \/>\n<meta property=\"article:publisher\" content=\"https:\/\/www.facebook.com\/people\/Loginfo24\/100057360583332\/\" \/>\n<meta property=\"article:published_time\" content=\"2021-11-13T17:34:46+00:00\" \/>\n<meta property=\"og:image\" content=\"https:\/\/loginfo24.com\/wp-content\/uploads\/sites\/7\/2025\/12\/Wirtschaftsmacher_13.11.21.jpg\" \/>\n\t<meta property=\"og:image:width\" content=\"1529\" \/>\n\t<meta property=\"og:image:height\" content=\"918\" \/>\n\t<meta property=\"og:image:type\" content=\"image\/jpeg\" \/>\n<meta name=\"twitter:card\" content=\"summary_large_image\" \/>\n<meta name=\"twitter:label1\" content=\"Tiempo de lectura\" \/>\n\t<meta name=\"twitter:data1\" content=\"3 minuto\" \/>\n<script type=\"application\/ld+json\" class=\"yoast-schema-graph\">{\"@context\":\"https:\\\/\\\/schema.org\",\"@graph\":[{\"@type\":\"Article\",\"@id\":\"https:\\\/\\\/loginfo24.com\\\/es\\\/2021\\\/11\\\/13\\\/los-creadores-de-economia-tambien-en-2022-a-toda-velocidad-por-la-logistica\\\/#article\",\"isPartOf\":{\"@id\":\"https:\\\/\\\/loginfo24.com\\\/es\\\/2021\\\/11\\\/13\\\/los-creadores-de-economia-tambien-en-2022-a-toda-velocidad-por-la-logistica\\\/\"},\"author\":{\"name\":\"\",\"@id\":\"\"},\"headline\":\"Los creadores de econom\u00eda tambi\u00e9n en 2022 a toda velocidad por la log\u00edstica\",\"datePublished\":\"2021-11-13T17:34:46+00:00\",\"mainEntityOfPage\":{\"@id\":\"https:\\\/\\\/loginfo24.com\\\/es\\\/2021\\\/11\\\/13\\\/los-creadores-de-economia-tambien-en-2022-a-toda-velocidad-por-la-logistica\\\/\"},\"wordCount\":592,\"commentCount\":0,\"publisher\":{\"@id\":\"https:\\\/\\\/loginfo24.com\\\/es\\\/#organization\"},\"image\":{\"@id\":\"https:\\\/\\\/loginfo24.com\\\/es\\\/2021\\\/11\\\/13\\\/los-creadores-de-economia-tambien-en-2022-a-toda-velocidad-por-la-logistica\\\/#primaryimage\"},\"thumbnailUrl\":\"https:\\\/\\\/loginfo24.com\\\/wp-content\\\/uploads\\\/sites\\\/7\\\/2025\\\/12\\\/Wirtschaftsmacher_13.11.21.jpg\",\"articleSection\":[\"Forwarding &amp; Logistics\",\"Regions\"],\"inLanguage\":\"es\",\"potentialAction\":[{\"@type\":\"CommentAction\",\"name\":\"Comment\",\"target\":[\"https:\\\/\\\/loginfo24.com\\\/es\\\/2021\\\/11\\\/13\\\/los-creadores-de-economia-tambien-en-2022-a-toda-velocidad-por-la-logistica\\\/#respond\"]}]},{\"@type\":\"WebPage\",\"@id\":\"https:\\\/\\\/loginfo24.com\\\/es\\\/2021\\\/11\\\/13\\\/los-creadores-de-economia-tambien-en-2022-a-toda-velocidad-por-la-logistica\\\/\",\"url\":\"https:\\\/\\\/loginfo24.com\\\/es\\\/2021\\\/11\\\/13\\\/los-creadores-de-economia-tambien-en-2022-a-toda-velocidad-por-la-logistica\\\/\",\"name\":\"Los creadores de econom\u00eda tambi\u00e9n en 2022 a toda velocidad por la log\u00edstica - Loginfo24\",\"isPartOf\":{\"@id\":\"https:\\\/\\\/loginfo24.com\\\/es\\\/#website\"},\"primaryImageOfPage\":{\"@id\":\"https:\\\/\\\/loginfo24.com\\\/es\\\/2021\\\/11\\\/13\\\/los-creadores-de-economia-tambien-en-2022-a-toda-velocidad-por-la-logistica\\\/#primaryimage\"},\"image\":{\"@id\":\"https:\\\/\\\/loginfo24.com\\\/es\\\/2021\\\/11\\\/13\\\/los-creadores-de-economia-tambien-en-2022-a-toda-velocidad-por-la-logistica\\\/#primaryimage\"},\"thumbnailUrl\":\"https:\\\/\\\/loginfo24.com\\\/wp-content\\\/uploads\\\/sites\\\/7\\\/2025\\\/12\\\/Wirtschaftsmacher_13.11.21.jpg\",\"datePublished\":\"2021-11-13T17:34:46+00:00\",\"breadcrumb\":{\"@id\":\"https:\\\/\\\/loginfo24.com\\\/es\\\/2021\\\/11\\\/13\\\/los-creadores-de-economia-tambien-en-2022-a-toda-velocidad-por-la-logistica\\\/#breadcrumb\"},\"inLanguage\":\"es\",\"potentialAction\":[{\"@type\":\"ReadAction\",\"target\":[\"https:\\\/\\\/loginfo24.com\\\/es\\\/2021\\\/11\\\/13\\\/los-creadores-de-economia-tambien-en-2022-a-toda-velocidad-por-la-logistica\\\/\"]}]},{\"@type\":\"ImageObject\",\"inLanguage\":\"es\",\"@id\":\"https:\\\/\\\/loginfo24.com\\\/es\\\/2021\\\/11\\\/13\\\/los-creadores-de-economia-tambien-en-2022-a-toda-velocidad-por-la-logistica\\\/#primaryimage\",\"url\":\"https:\\\/\\\/loginfo24.com\\\/wp-content\\\/uploads\\\/sites\\\/7\\\/2025\\\/12\\\/Wirtschaftsmacher_13.11.21.jpg\",\"contentUrl\":\"https:\\\/\\\/loginfo24.com\\\/wp-content\\\/uploads\\\/sites\\\/7\\\/2025\\\/12\\\/Wirtschaftsmacher_13.11.21.jpg\",\"width\":1529,\"height\":918},{\"@type\":\"BreadcrumbList\",\"@id\":\"https:\\\/\\\/loginfo24.com\\\/es\\\/2021\\\/11\\\/13\\\/los-creadores-de-economia-tambien-en-2022-a-toda-velocidad-por-la-logistica\\\/#breadcrumb\",\"itemListElement\":[{\"@type\":\"ListItem\",\"position\":1,\"name\":\"Startseite\",\"item\":\"https:\\\/\\\/loginfo24.com\\\/es\\\/\"},{\"@type\":\"ListItem\",\"position\":2,\"name\":\"Los creadores de econom\u00eda tambi\u00e9n en 2022 a toda velocidad por la log\u00edstica\"}]},{\"@type\":\"WebSite\",\"@id\":\"https:\\\/\\\/loginfo24.com\\\/es\\\/#website\",\"url\":\"https:\\\/\\\/loginfo24.com\\\/es\\\/\",\"name\":\"Loginfo24\",\"description\":\"Loginfo24 es la plataforma dedicada a la log\u00edstica y las cadenas de suministro con informaci\u00f3n las 24 horas del d\u00eda.\",\"publisher\":{\"@id\":\"https:\\\/\\\/loginfo24.com\\\/es\\\/#organization\"},\"potentialAction\":[{\"@type\":\"SearchAction\",\"target\":{\"@type\":\"EntryPoint\",\"urlTemplate\":\"https:\\\/\\\/loginfo24.com\\\/es\\\/?s={search_term_string}\"},\"query-input\":{\"@type\":\"PropertyValueSpecification\",\"valueRequired\":true,\"valueName\":\"search_term_string\"}}],\"inLanguage\":\"es\"},{\"@type\":\"Organization\",\"@id\":\"https:\\\/\\\/loginfo24.com\\\/es\\\/#organization\",\"name\":\"Grupo Logismedia AG\",\"url\":\"https:\\\/\\\/loginfo24.com\\\/es\\\/\",\"logo\":{\"@type\":\"ImageObject\",\"inLanguage\":\"es\",\"@id\":\"https:\\\/\\\/loginfo24.com\\\/es\\\/#\\\/schema\\\/logo\\\/image\\\/\",\"url\":\"https:\\\/\\\/loginfo24.com\\\/wp-content\\\/uploads\\\/sites\\\/7\\\/2026\\\/01\\\/Logo_LogInfo24.png\",\"contentUrl\":\"https:\\\/\\\/loginfo24.com\\\/wp-content\\\/uploads\\\/sites\\\/7\\\/2026\\\/01\\\/Logo_LogInfo24.png\",\"width\":938,\"height\":351,\"caption\":\"Grupo Logismedia AG\"},\"image\":{\"@id\":\"https:\\\/\\\/loginfo24.com\\\/es\\\/#\\\/schema\\\/logo\\\/image\\\/\"},\"sameAs\":[\"https:\\\/\\\/www.facebook.com\\\/people\\\/Loginfo24\\\/100057360583332\\\/\",\"https:\\\/\\\/www.linkedin.com\\\/company\\\/lofinfo24\\\/\"]}]}<\/script>\n<!-- \/ Yoast SEO plugin. -->","yoast_head_json":{"title":"Los creadores de econom\u00eda tambi\u00e9n en 2022 a toda velocidad por la log\u00edstica - Loginfo24","robots":{"index":"index","follow":"follow","max-snippet":"max-snippet:-1","max-image-preview":"max-image-preview:large","max-video-preview":"max-video-preview:-1"},"canonical":"https:\/\/loginfo24.com\/es\/2021\/11\/13\/los-creadores-de-economia-tambien-en-2022-a-toda-velocidad-por-la-logistica\/","og_locale":"es_ES","og_type":"article","og_title":"Los creadores de econom\u00eda tambi\u00e9n en 2022 a toda velocidad por la log\u00edstica - Loginfo24","og_description":"Los creadores de econom\u00eda miran con optimismo hacia el a\u00f1o 2022: Con un buen impulso gracias a excelentes cifras y exitosas campa\u00f1as muy destacadas, la iniciativa [\u2026]","og_url":"https:\/\/loginfo24.com\/es\/2021\/11\/13\/los-creadores-de-economia-tambien-en-2022-a-toda-velocidad-por-la-logistica\/","og_site_name":"Loginfo24","article_publisher":"https:\/\/www.facebook.com\/people\/Loginfo24\/100057360583332\/","article_published_time":"2021-11-13T17:34:46+00:00","og_image":[{"width":1529,"height":918,"url":"https:\/\/loginfo24.com\/wp-content\/uploads\/sites\/7\/2025\/12\/Wirtschaftsmacher_13.11.21.jpg","type":"image\/jpeg"}],"twitter_card":"summary_large_image","twitter_misc":{"Tiempo de lectura":"3 minuto"},"schema":{"@context":"https:\/\/schema.org","@graph":[{"@type":"Article","@id":"https:\/\/loginfo24.com\/es\/2021\/11\/13\/los-creadores-de-economia-tambien-en-2022-a-toda-velocidad-por-la-logistica\/#article","isPartOf":{"@id":"https:\/\/loginfo24.com\/es\/2021\/11\/13\/los-creadores-de-economia-tambien-en-2022-a-toda-velocidad-por-la-logistica\/"},"author":{"name":"","@id":""},"headline":"Los creadores de econom\u00eda tambi\u00e9n en 2022 a toda velocidad por la log\u00edstica","datePublished":"2021-11-13T17:34:46+00:00","mainEntityOfPage":{"@id":"https:\/\/loginfo24.com\/es\/2021\/11\/13\/los-creadores-de-economia-tambien-en-2022-a-toda-velocidad-por-la-logistica\/"},"wordCount":592,"commentCount":0,"publisher":{"@id":"https:\/\/loginfo24.com\/es\/#organization"},"image":{"@id":"https:\/\/loginfo24.com\/es\/2021\/11\/13\/los-creadores-de-economia-tambien-en-2022-a-toda-velocidad-por-la-logistica\/#primaryimage"},"thumbnailUrl":"https:\/\/loginfo24.com\/wp-content\/uploads\/sites\/7\/2025\/12\/Wirtschaftsmacher_13.11.21.jpg","articleSection":["Forwarding &amp; Logistics","Regions"],"inLanguage":"es","potentialAction":[{"@type":"CommentAction","name":"Comment","target":["https:\/\/loginfo24.com\/es\/2021\/11\/13\/los-creadores-de-economia-tambien-en-2022-a-toda-velocidad-por-la-logistica\/#respond"]}]},{"@type":"WebPage","@id":"https:\/\/loginfo24.com\/es\/2021\/11\/13\/los-creadores-de-economia-tambien-en-2022-a-toda-velocidad-por-la-logistica\/","url":"https:\/\/loginfo24.com\/es\/2021\/11\/13\/los-creadores-de-economia-tambien-en-2022-a-toda-velocidad-por-la-logistica\/","name":"Los creadores de econom\u00eda tambi\u00e9n en 2022 a toda velocidad por la log\u00edstica - Loginfo24","isPartOf":{"@id":"https:\/\/loginfo24.com\/es\/#website"},"primaryImageOfPage":{"@id":"https:\/\/loginfo24.com\/es\/2021\/11\/13\/los-creadores-de-economia-tambien-en-2022-a-toda-velocidad-por-la-logistica\/#primaryimage"},"image":{"@id":"https:\/\/loginfo24.com\/es\/2021\/11\/13\/los-creadores-de-economia-tambien-en-2022-a-toda-velocidad-por-la-logistica\/#primaryimage"},"thumbnailUrl":"https:\/\/loginfo24.com\/wp-content\/uploads\/sites\/7\/2025\/12\/Wirtschaftsmacher_13.11.21.jpg","datePublished":"2021-11-13T17:34:46+00:00","breadcrumb":{"@id":"https:\/\/loginfo24.com\/es\/2021\/11\/13\/los-creadores-de-economia-tambien-en-2022-a-toda-velocidad-por-la-logistica\/#breadcrumb"},"inLanguage":"es","potentialAction":[{"@type":"ReadAction","target":["https:\/\/loginfo24.com\/es\/2021\/11\/13\/los-creadores-de-economia-tambien-en-2022-a-toda-velocidad-por-la-logistica\/"]}]},{"@type":"ImageObject","inLanguage":"es","@id":"https:\/\/loginfo24.com\/es\/2021\/11\/13\/los-creadores-de-economia-tambien-en-2022-a-toda-velocidad-por-la-logistica\/#primaryimage","url":"https:\/\/loginfo24.com\/wp-content\/uploads\/sites\/7\/2025\/12\/Wirtschaftsmacher_13.11.21.jpg","contentUrl":"https:\/\/loginfo24.com\/wp-content\/uploads\/sites\/7\/2025\/12\/Wirtschaftsmacher_13.11.21.jpg","width":1529,"height":918},{"@type":"BreadcrumbList","@id":"https:\/\/loginfo24.com\/es\/2021\/11\/13\/los-creadores-de-economia-tambien-en-2022-a-toda-velocidad-por-la-logistica\/#breadcrumb","itemListElement":[{"@type":"ListItem","position":1,"name":"Startseite","item":"https:\/\/loginfo24.com\/es\/"},{"@type":"ListItem","position":2,"name":"Los creadores de econom\u00eda tambi\u00e9n en 2022 a toda velocidad por la log\u00edstica"}]},{"@type":"WebSite","@id":"https:\/\/loginfo24.com\/es\/#website","url":"https:\/\/loginfo24.com\/es\/","name":"Loginfo24","description":"Loginfo24 es la plataforma dedicada a la log\u00edstica y las cadenas de suministro con informaci\u00f3n las 24 horas del d\u00eda.","publisher":{"@id":"https:\/\/loginfo24.com\/es\/#organization"},"potentialAction":[{"@type":"SearchAction","target":{"@type":"EntryPoint","urlTemplate":"https:\/\/loginfo24.com\/es\/?s={search_term_string}"},"query-input":{"@type":"PropertyValueSpecification","valueRequired":true,"valueName":"search_term_string"}}],"inLanguage":"es"},{"@type":"Organization","@id":"https:\/\/loginfo24.com\/es\/#organization","name":"Grupo Logismedia AG","url":"https:\/\/loginfo24.com\/es\/","logo":{"@type":"ImageObject","inLanguage":"es","@id":"https:\/\/loginfo24.com\/es\/#\/schema\/logo\/image\/","url":"https:\/\/loginfo24.com\/wp-content\/uploads\/sites\/7\/2026\/01\/Logo_LogInfo24.png","contentUrl":"https:\/\/loginfo24.com\/wp-content\/uploads\/sites\/7\/2026\/01\/Logo_LogInfo24.png","width":938,"height":351,"caption":"Grupo Logismedia AG"},"image":{"@id":"https:\/\/loginfo24.com\/es\/#\/schema\/logo\/image\/"},"sameAs":["https:\/\/www.facebook.com\/people\/Loginfo24\/100057360583332\/","https:\/\/www.linkedin.com\/company\/lofinfo24\/"]}]}},"_links":{"self":[{"href":"https:\/\/loginfo24.com\/es\/wp-json\/wp\/v2\/posts\/53442","targetHints":{"allow":["GET"]}}],"collection":[{"href":"https:\/\/loginfo24.com\/es\/wp-json\/wp\/v2\/posts"}],"about":[{"href":"https:\/\/loginfo24.com\/es\/wp-json\/wp\/v2\/types\/post"}],"replies":[{"embeddable":true,"href":"https:\/\/loginfo24.com\/es\/wp-json\/wp\/v2\/comments?post=53442"}],"version-history":[{"count":0,"href":"https:\/\/loginfo24.com\/es\/wp-json\/wp\/v2\/posts\/53442\/revisions"}],"wp:featuredmedia":[{"embeddable":true,"href":"https:\/\/loginfo24.com\/es\/wp-json\/wp\/v2\/media\/11788"}],"wp:attachment":[{"href":"https:\/\/loginfo24.com\/es\/wp-json\/wp\/v2\/media?parent=53442"}],"wp:term":[{"taxonomy":"category","embeddable":true,"href":"https:\/\/loginfo24.com\/es\/wp-json\/wp\/v2\/categories?post=53442"},{"taxonomy":"post_tag","embeddable":true,"href":"https:\/\/loginfo24.com\/es\/wp-json\/wp\/v2\/tags?post=53442"}],"curies":[{"name":"wp","href":"https:\/\/api.w.org\/{rel}","templated":true}]}}