{"id":53259,"date":"2021-11-05T17:18:31","date_gmt":"2021-11-05T16:18:31","guid":{"rendered":"https:\/\/blog.brand-architecture.at\/2021\/11\/05\/mision-a-marte-de-gebruder-weiss-completada-en-israel\/"},"modified":"2021-11-05T17:18:31","modified_gmt":"2021-11-05T16:18:31","slug":"mision-a-marte-de-gebruder-weiss-completada-en-israel","status":"publish","type":"post","link":"https:\/\/loginfo24.com\/es\/2021\/11\/05\/mision-a-marte-de-gebruder-weiss-completada-en-israel\/","title":{"rendered":"Misi\u00f3n a Marte de Gebr\u00fcder Weiss completada en Israel"},"content":{"rendered":"<h5><strong>La 13\u00aa misi\u00f3n internacional an\u00e1loga a Marte Amadee-20, apoyada por Gebr\u00fcder Weiss como socio log\u00edstico oficial, se complet\u00f3 con \u00e9xito a finales de octubre en Israel. Un equipo de aprendices del proveedor internacional de transporte y log\u00edstica organiz\u00f3 el transporte del equipo de la misi\u00f3n desde Innsbruck hasta el sitio de prueba en el desierto de Negev.<\/strong><\/h5>\n<p>(Negev\/Innsbruck\/Lauterach) All\u00ed, el Foro Espacial Austr\u00edaco (\u00d6WF) simul\u00f3 una expedici\u00f3n astronauta en un paisaje similar al de Marte con un equipo de campo de seis personas bajo condiciones de aislamiento.<\/p>\n<p>Frank Haas, Jefe de Estrategia de Marca Corporativa y Comunicaciones en Gebr\u00fcder Weiss: \u00abAcompa\u00f1ar esta misi\u00f3n a Marte es como tener un peque\u00f1o vistazo al futuro de la log\u00edstica. Nos alegra e inspira mucho. Aprendemos mucho a trav\u00e9s de esta asociaci\u00f3n y agradecemos al \u00d6WF por la colaboraci\u00f3n profesional. Continuaremos apoyando proyectos de movilidad innovadores.\u00bb<\/p>\n<p>Robert Rubatscher, aprendiz de log\u00edstica de expediciones en su tercer a\u00f1o en Gebr\u00fcder Weiss en Hall, Austria: \u00abLog\u00edsticamente, la misi\u00f3n a Marte fue una gran experiencia para nosotros, porque pudimos aplicar pr\u00e1cticamente los conocimientos que hemos aprendido hasta ahora.\u00bb<\/p>\n<div id=\"attachment_15414\" style=\"width: 1034px\" class=\"wp-caption alignnone\"><img loading=\"lazy\" decoding=\"async\" aria-describedby=\"caption-attachment-15414\" class=\"size-large wp-image-15414\" src=\"https:\/\/loginfo24.com\/wp-content\/uploads\/sites\/7\/2025\/12\/Gebr_Weiss_5.11.21_2.jpg\" alt=\"\" width=\"1024\" height=\"715\" \/><p id=\"caption-attachment-15414\" class=\"wp-caption-text\">Robert Rubatscher, aprendiz de log\u00edstica de expediciones en su tercer a\u00f1o en Gebr\u00fcder Weiss en Hall (\u00a9 Gebr. Weiss\/Sams)<\/p><\/div>\n<p>&nbsp;<\/p>\n<h5><strong>La investigaci\u00f3n en Marte es importante para la vida en la Tierra<\/strong><\/h5>\n<p>Gernot Gr\u00f6mer, cofundador y director del \u00d6WF: \u00abLos resultados de los proyectos de investigaci\u00f3n en Marte son de gran utilidad cient\u00edfica para la vida en la Tierra.\u00bb En una extensa entrevista en la actual revista corporativa de Gebr\u00fcder Weiss \u00abAtlas\u00bb, Gr\u00f6mer resume: \u00abLa primera persona que pise Marte ya ha nacido.\u00bb<\/p>\n<p>La revista se publicar\u00e1 a principios de diciembre de 2021 y tambi\u00e9n estar\u00e1 disponible digitalmente en:<\/p>\n<p><a href=\"https:\/\/gw-atlas.com\/\" target=\"_blank\" rel=\"noopener noreferrer\">https:\/\/gw-atlas.com\/<\/a><\/p>\n<h5><strong>Sobre el Foro Espacial Austr\u00edaco<\/strong><\/h5>\n<p>El Foro Espacial Austr\u00edaco (\u00d6WF) es una de las organizaciones l\u00edderes en el mundo en el campo de la investigaci\u00f3n an\u00e1loga, que trabaja en la preparaci\u00f3n de la exploraci\u00f3n astronauta de otros planetas. Expertos de diversas disciplinas forman la base de este trabajo dentro del \u00d6WF. Junto con instituciones de investigaci\u00f3n nacionales e internacionales, la industria y empresas de diferentes sectores, se lleva a cabo aqu\u00ed investigaci\u00f3n de alto nivel. El \u00d6WF utiliza sus excelentes contactos con formadores de opini\u00f3n, pol\u00edticos y medios de comunicaci\u00f3n para promover y dar a conocer la investigaci\u00f3n y tecnolog\u00eda de vanguardia de Austria a nivel internacional. Adem\u00e1s, el Foro Espacial Austr\u00edaco es uno de los principales proveedores de educaci\u00f3n en Austria en lo que respecta a la exploraci\u00f3n espacial y en inspirar a los j\u00f3venes en ciencia y tecnolog\u00eda, as\u00ed como en facilitarles el acceso a esta industria. Adem\u00e1s de supervisar trabajos universitarios, el \u00d6WF tambi\u00e9n ofrece repetidamente a estudiantes y escolares la oportunidad de ampliar sus conocimientos a trav\u00e9s de pr\u00e1cticas.<\/p>\n<p><a href=\"https:\/\/www.oewf.org\" target=\"_blank\" rel=\"noopener noreferrer\">www.oewf.org<\/a><\/p>\n<p>Foto de t\u00edtulo: \u00a9 Gebr. Weiss\/Florian Voggeneder<\/p>\n<p>&nbsp;<\/p>\n","protected":false},"excerpt":{"rendered":"<p>La 13\u00aa misi\u00f3n internacional an\u00e1loga a Marte Amadee-20, apoyada por Gebr\u00fcder Weiss como socio log\u00edstico oficial, se complet\u00f3 con \u00e9xito a finales de octubre en Israel.<span class=\"excerpt-hellip\"> [\u2026]<\/span><\/p>\n","protected":false},"author":0,"featured_media":11868,"comment_status":"open","ping_status":"open","sticky":false,"template":"","format":"standard","meta":{"_acf_changed":false,"footnotes":""},"categories":[1557,1561,1559],"tags":[],"class_list":["post-53259","post","type-post","status-publish","format-standard","has-post-thumbnail","hentry","category-forwarding-logistics","category-regions","category-shipping-ports"],"acf":[],"yoast_head":"<!-- This site is optimized with the Yoast SEO plugin v27.3 - https:\/\/yoast.com\/product\/yoast-seo-wordpress\/ -->\n<title>Misi\u00f3n a Marte de Gebr\u00fcder Weiss completada en Israel - Loginfo24<\/title>\n<meta name=\"robots\" content=\"index, follow, max-snippet:-1, max-image-preview:large, max-video-preview:-1\" \/>\n<link rel=\"canonical\" href=\"https:\/\/loginfo24.com\/es\/2021\/11\/05\/mision-a-marte-de-gebruder-weiss-completada-en-israel\/\" \/>\n<meta property=\"og:locale\" content=\"es_ES\" \/>\n<meta property=\"og:type\" content=\"article\" \/>\n<meta property=\"og:title\" content=\"Misi\u00f3n a Marte de Gebr\u00fcder Weiss completada en Israel - Loginfo24\" \/>\n<meta property=\"og:description\" content=\"La 13\u00aa misi\u00f3n internacional an\u00e1loga a Marte Amadee-20, apoyada por Gebr\u00fcder Weiss como socio log\u00edstico oficial, se complet\u00f3 con \u00e9xito a finales de octubre en Israel. [\u2026]\" \/>\n<meta property=\"og:url\" content=\"https:\/\/loginfo24.com\/es\/2021\/11\/05\/mision-a-marte-de-gebruder-weiss-completada-en-israel\/\" \/>\n<meta property=\"og:site_name\" content=\"Loginfo24\" \/>\n<meta property=\"article:publisher\" content=\"https:\/\/www.facebook.com\/people\/Loginfo24\/100057360583332\/\" \/>\n<meta property=\"article:published_time\" content=\"2021-11-05T16:18:31+00:00\" \/>\n<meta property=\"og:image\" content=\"https:\/\/loginfo24.com\/wp-content\/uploads\/sites\/7\/2025\/12\/Gebr_Weiss_5.11.21_1.jpg\" \/>\n\t<meta property=\"og:image:width\" content=\"1213\" \/>\n\t<meta property=\"og:image:height\" content=\"680\" \/>\n\t<meta property=\"og:image:type\" content=\"image\/jpeg\" \/>\n<meta name=\"twitter:card\" content=\"summary_large_image\" \/>\n<meta name=\"twitter:label1\" content=\"Tiempo de lectura\" \/>\n\t<meta name=\"twitter:data1\" content=\"3 minuto\" \/>\n<script type=\"application\/ld+json\" class=\"yoast-schema-graph\">{\"@context\":\"https:\\\/\\\/schema.org\",\"@graph\":[{\"@type\":\"Article\",\"@id\":\"https:\\\/\\\/loginfo24.com\\\/es\\\/2021\\\/11\\\/05\\\/mision-a-marte-de-gebruder-weiss-completada-en-israel\\\/#article\",\"isPartOf\":{\"@id\":\"https:\\\/\\\/loginfo24.com\\\/es\\\/2021\\\/11\\\/05\\\/mision-a-marte-de-gebruder-weiss-completada-en-israel\\\/\"},\"author\":{\"name\":\"\",\"@id\":\"\"},\"headline\":\"Misi\u00f3n a Marte de Gebr\u00fcder Weiss completada en Israel\",\"datePublished\":\"2021-11-05T16:18:31+00:00\",\"mainEntityOfPage\":{\"@id\":\"https:\\\/\\\/loginfo24.com\\\/es\\\/2021\\\/11\\\/05\\\/mision-a-marte-de-gebruder-weiss-completada-en-israel\\\/\"},\"wordCount\":542,\"commentCount\":0,\"publisher\":{\"@id\":\"https:\\\/\\\/loginfo24.com\\\/es\\\/#organization\"},\"image\":{\"@id\":\"https:\\\/\\\/loginfo24.com\\\/es\\\/2021\\\/11\\\/05\\\/mision-a-marte-de-gebruder-weiss-completada-en-israel\\\/#primaryimage\"},\"thumbnailUrl\":\"https:\\\/\\\/loginfo24.com\\\/wp-content\\\/uploads\\\/sites\\\/7\\\/2025\\\/12\\\/Gebr_Weiss_5.11.21_1.jpg\",\"articleSection\":[\"Forwarding &amp; Logistics\",\"Regions\",\"Shipping &amp; Ports\"],\"inLanguage\":\"es\",\"potentialAction\":[{\"@type\":\"CommentAction\",\"name\":\"Comment\",\"target\":[\"https:\\\/\\\/loginfo24.com\\\/es\\\/2021\\\/11\\\/05\\\/mision-a-marte-de-gebruder-weiss-completada-en-israel\\\/#respond\"]}]},{\"@type\":\"WebPage\",\"@id\":\"https:\\\/\\\/loginfo24.com\\\/es\\\/2021\\\/11\\\/05\\\/mision-a-marte-de-gebruder-weiss-completada-en-israel\\\/\",\"url\":\"https:\\\/\\\/loginfo24.com\\\/es\\\/2021\\\/11\\\/05\\\/mision-a-marte-de-gebruder-weiss-completada-en-israel\\\/\",\"name\":\"Misi\u00f3n a Marte de Gebr\u00fcder Weiss completada en Israel - Loginfo24\",\"isPartOf\":{\"@id\":\"https:\\\/\\\/loginfo24.com\\\/es\\\/#website\"},\"primaryImageOfPage\":{\"@id\":\"https:\\\/\\\/loginfo24.com\\\/es\\\/2021\\\/11\\\/05\\\/mision-a-marte-de-gebruder-weiss-completada-en-israel\\\/#primaryimage\"},\"image\":{\"@id\":\"https:\\\/\\\/loginfo24.com\\\/es\\\/2021\\\/11\\\/05\\\/mision-a-marte-de-gebruder-weiss-completada-en-israel\\\/#primaryimage\"},\"thumbnailUrl\":\"https:\\\/\\\/loginfo24.com\\\/wp-content\\\/uploads\\\/sites\\\/7\\\/2025\\\/12\\\/Gebr_Weiss_5.11.21_1.jpg\",\"datePublished\":\"2021-11-05T16:18:31+00:00\",\"breadcrumb\":{\"@id\":\"https:\\\/\\\/loginfo24.com\\\/es\\\/2021\\\/11\\\/05\\\/mision-a-marte-de-gebruder-weiss-completada-en-israel\\\/#breadcrumb\"},\"inLanguage\":\"es\",\"potentialAction\":[{\"@type\":\"ReadAction\",\"target\":[\"https:\\\/\\\/loginfo24.com\\\/es\\\/2021\\\/11\\\/05\\\/mision-a-marte-de-gebruder-weiss-completada-en-israel\\\/\"]}]},{\"@type\":\"ImageObject\",\"inLanguage\":\"es\",\"@id\":\"https:\\\/\\\/loginfo24.com\\\/es\\\/2021\\\/11\\\/05\\\/mision-a-marte-de-gebruder-weiss-completada-en-israel\\\/#primaryimage\",\"url\":\"https:\\\/\\\/loginfo24.com\\\/wp-content\\\/uploads\\\/sites\\\/7\\\/2025\\\/12\\\/Gebr_Weiss_5.11.21_1.jpg\",\"contentUrl\":\"https:\\\/\\\/loginfo24.com\\\/wp-content\\\/uploads\\\/sites\\\/7\\\/2025\\\/12\\\/Gebr_Weiss_5.11.21_1.jpg\",\"width\":1213,\"height\":680},{\"@type\":\"BreadcrumbList\",\"@id\":\"https:\\\/\\\/loginfo24.com\\\/es\\\/2021\\\/11\\\/05\\\/mision-a-marte-de-gebruder-weiss-completada-en-israel\\\/#breadcrumb\",\"itemListElement\":[{\"@type\":\"ListItem\",\"position\":1,\"name\":\"Startseite\",\"item\":\"https:\\\/\\\/loginfo24.com\\\/es\\\/\"},{\"@type\":\"ListItem\",\"position\":2,\"name\":\"Misi\u00f3n a Marte de Gebr\u00fcder Weiss completada en Israel\"}]},{\"@type\":\"WebSite\",\"@id\":\"https:\\\/\\\/loginfo24.com\\\/es\\\/#website\",\"url\":\"https:\\\/\\\/loginfo24.com\\\/es\\\/\",\"name\":\"Loginfo24\",\"description\":\"Loginfo24 es la plataforma dedicada a la log\u00edstica y las cadenas de suministro con informaci\u00f3n las 24 horas del d\u00eda.\",\"publisher\":{\"@id\":\"https:\\\/\\\/loginfo24.com\\\/es\\\/#organization\"},\"potentialAction\":[{\"@type\":\"SearchAction\",\"target\":{\"@type\":\"EntryPoint\",\"urlTemplate\":\"https:\\\/\\\/loginfo24.com\\\/es\\\/?s={search_term_string}\"},\"query-input\":{\"@type\":\"PropertyValueSpecification\",\"valueRequired\":true,\"valueName\":\"search_term_string\"}}],\"inLanguage\":\"es\"},{\"@type\":\"Organization\",\"@id\":\"https:\\\/\\\/loginfo24.com\\\/es\\\/#organization\",\"name\":\"Grupo Logismedia AG\",\"url\":\"https:\\\/\\\/loginfo24.com\\\/es\\\/\",\"logo\":{\"@type\":\"ImageObject\",\"inLanguage\":\"es\",\"@id\":\"https:\\\/\\\/loginfo24.com\\\/es\\\/#\\\/schema\\\/logo\\\/image\\\/\",\"url\":\"https:\\\/\\\/loginfo24.com\\\/wp-content\\\/uploads\\\/sites\\\/7\\\/2026\\\/01\\\/Logo_LogInfo24.png\",\"contentUrl\":\"https:\\\/\\\/loginfo24.com\\\/wp-content\\\/uploads\\\/sites\\\/7\\\/2026\\\/01\\\/Logo_LogInfo24.png\",\"width\":938,\"height\":351,\"caption\":\"Grupo Logismedia AG\"},\"image\":{\"@id\":\"https:\\\/\\\/loginfo24.com\\\/es\\\/#\\\/schema\\\/logo\\\/image\\\/\"},\"sameAs\":[\"https:\\\/\\\/www.facebook.com\\\/people\\\/Loginfo24\\\/100057360583332\\\/\",\"https:\\\/\\\/www.linkedin.com\\\/company\\\/lofinfo24\\\/\"]}]}<\/script>\n<!-- \/ Yoast SEO plugin. -->","yoast_head_json":{"title":"Misi\u00f3n a Marte de Gebr\u00fcder Weiss completada en Israel - Loginfo24","robots":{"index":"index","follow":"follow","max-snippet":"max-snippet:-1","max-image-preview":"max-image-preview:large","max-video-preview":"max-video-preview:-1"},"canonical":"https:\/\/loginfo24.com\/es\/2021\/11\/05\/mision-a-marte-de-gebruder-weiss-completada-en-israel\/","og_locale":"es_ES","og_type":"article","og_title":"Misi\u00f3n a Marte de Gebr\u00fcder Weiss completada en Israel - Loginfo24","og_description":"La 13\u00aa misi\u00f3n internacional an\u00e1loga a Marte Amadee-20, apoyada por Gebr\u00fcder Weiss como socio log\u00edstico oficial, se complet\u00f3 con \u00e9xito a finales de octubre en Israel. [\u2026]","og_url":"https:\/\/loginfo24.com\/es\/2021\/11\/05\/mision-a-marte-de-gebruder-weiss-completada-en-israel\/","og_site_name":"Loginfo24","article_publisher":"https:\/\/www.facebook.com\/people\/Loginfo24\/100057360583332\/","article_published_time":"2021-11-05T16:18:31+00:00","og_image":[{"width":1213,"height":680,"url":"https:\/\/loginfo24.com\/wp-content\/uploads\/sites\/7\/2025\/12\/Gebr_Weiss_5.11.21_1.jpg","type":"image\/jpeg"}],"twitter_card":"summary_large_image","twitter_misc":{"Tiempo de lectura":"3 minuto"},"schema":{"@context":"https:\/\/schema.org","@graph":[{"@type":"Article","@id":"https:\/\/loginfo24.com\/es\/2021\/11\/05\/mision-a-marte-de-gebruder-weiss-completada-en-israel\/#article","isPartOf":{"@id":"https:\/\/loginfo24.com\/es\/2021\/11\/05\/mision-a-marte-de-gebruder-weiss-completada-en-israel\/"},"author":{"name":"","@id":""},"headline":"Misi\u00f3n a Marte de Gebr\u00fcder Weiss completada en Israel","datePublished":"2021-11-05T16:18:31+00:00","mainEntityOfPage":{"@id":"https:\/\/loginfo24.com\/es\/2021\/11\/05\/mision-a-marte-de-gebruder-weiss-completada-en-israel\/"},"wordCount":542,"commentCount":0,"publisher":{"@id":"https:\/\/loginfo24.com\/es\/#organization"},"image":{"@id":"https:\/\/loginfo24.com\/es\/2021\/11\/05\/mision-a-marte-de-gebruder-weiss-completada-en-israel\/#primaryimage"},"thumbnailUrl":"https:\/\/loginfo24.com\/wp-content\/uploads\/sites\/7\/2025\/12\/Gebr_Weiss_5.11.21_1.jpg","articleSection":["Forwarding &amp; Logistics","Regions","Shipping &amp; Ports"],"inLanguage":"es","potentialAction":[{"@type":"CommentAction","name":"Comment","target":["https:\/\/loginfo24.com\/es\/2021\/11\/05\/mision-a-marte-de-gebruder-weiss-completada-en-israel\/#respond"]}]},{"@type":"WebPage","@id":"https:\/\/loginfo24.com\/es\/2021\/11\/05\/mision-a-marte-de-gebruder-weiss-completada-en-israel\/","url":"https:\/\/loginfo24.com\/es\/2021\/11\/05\/mision-a-marte-de-gebruder-weiss-completada-en-israel\/","name":"Misi\u00f3n a Marte de Gebr\u00fcder Weiss completada en Israel - Loginfo24","isPartOf":{"@id":"https:\/\/loginfo24.com\/es\/#website"},"primaryImageOfPage":{"@id":"https:\/\/loginfo24.com\/es\/2021\/11\/05\/mision-a-marte-de-gebruder-weiss-completada-en-israel\/#primaryimage"},"image":{"@id":"https:\/\/loginfo24.com\/es\/2021\/11\/05\/mision-a-marte-de-gebruder-weiss-completada-en-israel\/#primaryimage"},"thumbnailUrl":"https:\/\/loginfo24.com\/wp-content\/uploads\/sites\/7\/2025\/12\/Gebr_Weiss_5.11.21_1.jpg","datePublished":"2021-11-05T16:18:31+00:00","breadcrumb":{"@id":"https:\/\/loginfo24.com\/es\/2021\/11\/05\/mision-a-marte-de-gebruder-weiss-completada-en-israel\/#breadcrumb"},"inLanguage":"es","potentialAction":[{"@type":"ReadAction","target":["https:\/\/loginfo24.com\/es\/2021\/11\/05\/mision-a-marte-de-gebruder-weiss-completada-en-israel\/"]}]},{"@type":"ImageObject","inLanguage":"es","@id":"https:\/\/loginfo24.com\/es\/2021\/11\/05\/mision-a-marte-de-gebruder-weiss-completada-en-israel\/#primaryimage","url":"https:\/\/loginfo24.com\/wp-content\/uploads\/sites\/7\/2025\/12\/Gebr_Weiss_5.11.21_1.jpg","contentUrl":"https:\/\/loginfo24.com\/wp-content\/uploads\/sites\/7\/2025\/12\/Gebr_Weiss_5.11.21_1.jpg","width":1213,"height":680},{"@type":"BreadcrumbList","@id":"https:\/\/loginfo24.com\/es\/2021\/11\/05\/mision-a-marte-de-gebruder-weiss-completada-en-israel\/#breadcrumb","itemListElement":[{"@type":"ListItem","position":1,"name":"Startseite","item":"https:\/\/loginfo24.com\/es\/"},{"@type":"ListItem","position":2,"name":"Misi\u00f3n a Marte de Gebr\u00fcder Weiss completada en Israel"}]},{"@type":"WebSite","@id":"https:\/\/loginfo24.com\/es\/#website","url":"https:\/\/loginfo24.com\/es\/","name":"Loginfo24","description":"Loginfo24 es la plataforma dedicada a la log\u00edstica y las cadenas de suministro con informaci\u00f3n las 24 horas del d\u00eda.","publisher":{"@id":"https:\/\/loginfo24.com\/es\/#organization"},"potentialAction":[{"@type":"SearchAction","target":{"@type":"EntryPoint","urlTemplate":"https:\/\/loginfo24.com\/es\/?s={search_term_string}"},"query-input":{"@type":"PropertyValueSpecification","valueRequired":true,"valueName":"search_term_string"}}],"inLanguage":"es"},{"@type":"Organization","@id":"https:\/\/loginfo24.com\/es\/#organization","name":"Grupo Logismedia AG","url":"https:\/\/loginfo24.com\/es\/","logo":{"@type":"ImageObject","inLanguage":"es","@id":"https:\/\/loginfo24.com\/es\/#\/schema\/logo\/image\/","url":"https:\/\/loginfo24.com\/wp-content\/uploads\/sites\/7\/2026\/01\/Logo_LogInfo24.png","contentUrl":"https:\/\/loginfo24.com\/wp-content\/uploads\/sites\/7\/2026\/01\/Logo_LogInfo24.png","width":938,"height":351,"caption":"Grupo Logismedia AG"},"image":{"@id":"https:\/\/loginfo24.com\/es\/#\/schema\/logo\/image\/"},"sameAs":["https:\/\/www.facebook.com\/people\/Loginfo24\/100057360583332\/","https:\/\/www.linkedin.com\/company\/lofinfo24\/"]}]}},"_links":{"self":[{"href":"https:\/\/loginfo24.com\/es\/wp-json\/wp\/v2\/posts\/53259","targetHints":{"allow":["GET"]}}],"collection":[{"href":"https:\/\/loginfo24.com\/es\/wp-json\/wp\/v2\/posts"}],"about":[{"href":"https:\/\/loginfo24.com\/es\/wp-json\/wp\/v2\/types\/post"}],"replies":[{"embeddable":true,"href":"https:\/\/loginfo24.com\/es\/wp-json\/wp\/v2\/comments?post=53259"}],"version-history":[{"count":0,"href":"https:\/\/loginfo24.com\/es\/wp-json\/wp\/v2\/posts\/53259\/revisions"}],"wp:featuredmedia":[{"embeddable":true,"href":"https:\/\/loginfo24.com\/es\/wp-json\/wp\/v2\/media\/11868"}],"wp:attachment":[{"href":"https:\/\/loginfo24.com\/es\/wp-json\/wp\/v2\/media?parent=53259"}],"wp:term":[{"taxonomy":"category","embeddable":true,"href":"https:\/\/loginfo24.com\/es\/wp-json\/wp\/v2\/categories?post=53259"},{"taxonomy":"post_tag","embeddable":true,"href":"https:\/\/loginfo24.com\/es\/wp-json\/wp\/v2\/tags?post=53259"}],"curies":[{"name":"wp","href":"https:\/\/api.w.org\/{rel}","templated":true}]}}