{"id":52375,"date":"2021-10-01T15:02:33","date_gmt":"2021-10-01T13:02:33","guid":{"rendered":"https:\/\/blog.brand-architecture.at\/2021\/10\/01\/harald-jony-se-convierte-en-el-nuevo-ceo-de-cargoe-en-austria\/"},"modified":"2021-10-01T15:02:33","modified_gmt":"2021-10-01T13:02:33","slug":"harald-jony-se-convierte-en-el-nuevo-ceo-de-cargoe-en-austria","status":"publish","type":"post","link":"https:\/\/loginfo24.com\/es\/2021\/10\/01\/harald-jony-se-convierte-en-el-nuevo-ceo-de-cargoe-en-austria\/","title":{"rendered":"Harald Jony se convierte en el nuevo CEO de cargoe en Austria"},"content":{"rendered":"<h5><strong>Harald Jony (39) asume a partir del 1 de octubre la direcci\u00f3n \u00fanica de la cargoe GmbH &amp; Co. KG, especializada en log\u00edstica de valor a\u00f1adido y grossolog\u00eda, con sede en Austria. Sucede a Jan Grubert y Reiner Holzmann, quienes asumir\u00e1n otras funciones. El nuevo nombramiento se realiza en el marco de una reorganizaci\u00f3n con el objetivo de nombrar un director general propio para Austria.<\/strong><\/h5>\n<p>(Salzburgo) Mientras que la anterior direcci\u00f3n compartida de cargoe era responsable tanto del mercado austriaco como del alem\u00e1n, Jony se centrar\u00e1 en Austria y, en particular, en la expansi\u00f3n de la log\u00edstica de valor a\u00f1adido. Con la misma orientaci\u00f3n, Grubert asumir\u00e1 las actividades en Alemania, mientras que Holzmann apoyar\u00e1 la direcci\u00f3n como asesor.<\/p>\n<p>La cargoe es una filial del grupo empresarial Melo, que con la reestructuraci\u00f3n subraya la creciente importancia de la log\u00edstica de valor a\u00f1adido como motor de crecimiento en Austria y Alemania. En ambos mercados, la oferta se est\u00e1 ampliando continuamente para atraer a m\u00e1s grupos de clientes.<\/p>\n<h5><strong>Actividades en<\/strong> <strong>Austria<\/strong><\/h5>\n<p>La carrera de Harald Jony hasta ahora ha pasado desde 2003 por \u00d6BB-Infrastruktur AG y Rail Cargo Logistics \u2013 Austria GmbH hasta WienCont Container Terminal GmbH. M\u00e1s recientemente, como director general, fue responsable de las \u00e1reas de operaciones, ventas, personal y TI de WienCont. All\u00ed logr\u00f3, en solo dos a\u00f1os, un cambio hacia un resultado positivo sostenible. \u00abSiempre quiero mover algo en las empresas, por lo que el nuevo desaf\u00edo en cargoe con sus ambiciosos objetivos de crecimiento me resulta muy atractivo\u00bb, explica Jony.<\/p>\n<p>\u00abEstamos muy contentos de haber podido contar con Harald Jony como director general \u00fanico de cargoe y estamos convencidos de que, con un enfoque claro y responsabilidades, ampliar\u00e1 a\u00fan m\u00e1s nuestras actividades en Austria\u00bb, enfatiza Frank Haiges, director general de Melo Group GmbH &amp; Co. KG, la sociedad holding del grupo empresarial Melo.<\/p>\n<h5><strong>Sobre cargoe GmbH &amp; Co. KG<\/strong><\/h5>\n<p>La cargoe es una filial del grupo empresarial Melo de M\u00fanich. Cargoe ofrece soluciones de transporte y log\u00edstica innovadoras y de alta calidad los siete d\u00edas de la semana y cuenta con una red log\u00edstica completa en Austria y Hungr\u00eda, con dos hubs y dep\u00f3sitos en toda la regi\u00f3n. Cada d\u00eda se realizan 450 rutas con 18,000 entregas. La empresa, con sede en Puch, Austria, emplea a unas 400 personas.<\/p>\n<p>Foto: \u00a9 cargoe<\/p>\n","protected":false},"excerpt":{"rendered":"<p>Harald Jony (39) asume a partir del 1 de octubre la direcci\u00f3n \u00fanica de la cargoe GmbH &amp; Co. KG, especializada en log\u00edstica de valor a\u00f1adido<span class=\"excerpt-hellip\"> [\u2026]<\/span><\/p>\n","protected":false},"author":0,"featured_media":12219,"comment_status":"open","ping_status":"open","sticky":false,"template":"","format":"standard","meta":{"_acf_changed":false,"footnotes":""},"categories":[1557,1556,1560,1561],"tags":[],"class_list":["post-52375","post","type-post","status-publish","format-standard","has-post-thumbnail","hentry","category-forwarding-logistics","category-intermodal-road","category-intralogistics","category-regions"],"acf":[],"yoast_head":"<!-- This site is optimized with the Yoast SEO plugin v27.3 - https:\/\/yoast.com\/product\/yoast-seo-wordpress\/ -->\n<title>Harald Jony se convierte en el nuevo CEO de cargoe en Austria - Loginfo24<\/title>\n<meta name=\"robots\" content=\"index, follow, max-snippet:-1, max-image-preview:large, max-video-preview:-1\" \/>\n<link rel=\"canonical\" href=\"https:\/\/loginfo24.com\/es\/2021\/10\/01\/harald-jony-se-convierte-en-el-nuevo-ceo-de-cargoe-en-austria\/\" \/>\n<meta property=\"og:locale\" content=\"es_ES\" \/>\n<meta property=\"og:type\" content=\"article\" \/>\n<meta property=\"og:title\" content=\"Harald Jony se convierte en el nuevo CEO de cargoe en Austria - Loginfo24\" \/>\n<meta property=\"og:description\" content=\"Harald Jony (39) asume a partir del 1 de octubre la direcci\u00f3n \u00fanica de la cargoe GmbH &amp; Co. KG, especializada en log\u00edstica de valor a\u00f1adido [\u2026]\" \/>\n<meta property=\"og:url\" content=\"https:\/\/loginfo24.com\/es\/2021\/10\/01\/harald-jony-se-convierte-en-el-nuevo-ceo-de-cargoe-en-austria\/\" \/>\n<meta property=\"og:site_name\" content=\"Loginfo24\" \/>\n<meta property=\"article:publisher\" content=\"https:\/\/www.facebook.com\/people\/Loginfo24\/100057360583332\/\" \/>\n<meta property=\"article:published_time\" content=\"2021-10-01T13:02:33+00:00\" \/>\n<meta property=\"og:image\" content=\"https:\/\/loginfo24.com\/wp-content\/uploads\/sites\/7\/2025\/12\/cargoe_1.10.21.jpg\" \/>\n\t<meta property=\"og:image:width\" content=\"1301\" \/>\n\t<meta property=\"og:image:height\" content=\"730\" \/>\n\t<meta property=\"og:image:type\" content=\"image\/jpeg\" \/>\n<meta name=\"twitter:card\" content=\"summary_large_image\" \/>\n<meta name=\"twitter:label1\" content=\"Tiempo de lectura\" \/>\n\t<meta name=\"twitter:data1\" content=\"2 minuto\" \/>\n<script type=\"application\/ld+json\" class=\"yoast-schema-graph\">{\"@context\":\"https:\\\/\\\/schema.org\",\"@graph\":[{\"@type\":\"Article\",\"@id\":\"https:\\\/\\\/loginfo24.com\\\/es\\\/2021\\\/10\\\/01\\\/harald-jony-se-convierte-en-el-nuevo-ceo-de-cargoe-en-austria\\\/#article\",\"isPartOf\":{\"@id\":\"https:\\\/\\\/loginfo24.com\\\/es\\\/2021\\\/10\\\/01\\\/harald-jony-se-convierte-en-el-nuevo-ceo-de-cargoe-en-austria\\\/\"},\"author\":{\"name\":\"\",\"@id\":\"\"},\"headline\":\"Harald Jony se convierte en el nuevo CEO de cargoe en Austria\",\"datePublished\":\"2021-10-01T13:02:33+00:00\",\"mainEntityOfPage\":{\"@id\":\"https:\\\/\\\/loginfo24.com\\\/es\\\/2021\\\/10\\\/01\\\/harald-jony-se-convierte-en-el-nuevo-ceo-de-cargoe-en-austria\\\/\"},\"wordCount\":418,\"commentCount\":0,\"publisher\":{\"@id\":\"https:\\\/\\\/loginfo24.com\\\/es\\\/#organization\"},\"image\":{\"@id\":\"https:\\\/\\\/loginfo24.com\\\/es\\\/2021\\\/10\\\/01\\\/harald-jony-se-convierte-en-el-nuevo-ceo-de-cargoe-en-austria\\\/#primaryimage\"},\"thumbnailUrl\":\"https:\\\/\\\/loginfo24.com\\\/wp-content\\\/uploads\\\/sites\\\/7\\\/2025\\\/12\\\/cargoe_1.10.21.jpg\",\"articleSection\":[\"Forwarding &amp; Logistics\",\"Intermodal \\\/ Road\",\"Intralogistics\",\"Regions\"],\"inLanguage\":\"es\",\"potentialAction\":[{\"@type\":\"CommentAction\",\"name\":\"Comment\",\"target\":[\"https:\\\/\\\/loginfo24.com\\\/es\\\/2021\\\/10\\\/01\\\/harald-jony-se-convierte-en-el-nuevo-ceo-de-cargoe-en-austria\\\/#respond\"]}]},{\"@type\":\"WebPage\",\"@id\":\"https:\\\/\\\/loginfo24.com\\\/es\\\/2021\\\/10\\\/01\\\/harald-jony-se-convierte-en-el-nuevo-ceo-de-cargoe-en-austria\\\/\",\"url\":\"https:\\\/\\\/loginfo24.com\\\/es\\\/2021\\\/10\\\/01\\\/harald-jony-se-convierte-en-el-nuevo-ceo-de-cargoe-en-austria\\\/\",\"name\":\"Harald Jony se convierte en el nuevo CEO de cargoe en Austria - Loginfo24\",\"isPartOf\":{\"@id\":\"https:\\\/\\\/loginfo24.com\\\/es\\\/#website\"},\"primaryImageOfPage\":{\"@id\":\"https:\\\/\\\/loginfo24.com\\\/es\\\/2021\\\/10\\\/01\\\/harald-jony-se-convierte-en-el-nuevo-ceo-de-cargoe-en-austria\\\/#primaryimage\"},\"image\":{\"@id\":\"https:\\\/\\\/loginfo24.com\\\/es\\\/2021\\\/10\\\/01\\\/harald-jony-se-convierte-en-el-nuevo-ceo-de-cargoe-en-austria\\\/#primaryimage\"},\"thumbnailUrl\":\"https:\\\/\\\/loginfo24.com\\\/wp-content\\\/uploads\\\/sites\\\/7\\\/2025\\\/12\\\/cargoe_1.10.21.jpg\",\"datePublished\":\"2021-10-01T13:02:33+00:00\",\"breadcrumb\":{\"@id\":\"https:\\\/\\\/loginfo24.com\\\/es\\\/2021\\\/10\\\/01\\\/harald-jony-se-convierte-en-el-nuevo-ceo-de-cargoe-en-austria\\\/#breadcrumb\"},\"inLanguage\":\"es\",\"potentialAction\":[{\"@type\":\"ReadAction\",\"target\":[\"https:\\\/\\\/loginfo24.com\\\/es\\\/2021\\\/10\\\/01\\\/harald-jony-se-convierte-en-el-nuevo-ceo-de-cargoe-en-austria\\\/\"]}]},{\"@type\":\"ImageObject\",\"inLanguage\":\"es\",\"@id\":\"https:\\\/\\\/loginfo24.com\\\/es\\\/2021\\\/10\\\/01\\\/harald-jony-se-convierte-en-el-nuevo-ceo-de-cargoe-en-austria\\\/#primaryimage\",\"url\":\"https:\\\/\\\/loginfo24.com\\\/wp-content\\\/uploads\\\/sites\\\/7\\\/2025\\\/12\\\/cargoe_1.10.21.jpg\",\"contentUrl\":\"https:\\\/\\\/loginfo24.com\\\/wp-content\\\/uploads\\\/sites\\\/7\\\/2025\\\/12\\\/cargoe_1.10.21.jpg\",\"width\":1301,\"height\":730},{\"@type\":\"BreadcrumbList\",\"@id\":\"https:\\\/\\\/loginfo24.com\\\/es\\\/2021\\\/10\\\/01\\\/harald-jony-se-convierte-en-el-nuevo-ceo-de-cargoe-en-austria\\\/#breadcrumb\",\"itemListElement\":[{\"@type\":\"ListItem\",\"position\":1,\"name\":\"Startseite\",\"item\":\"https:\\\/\\\/loginfo24.com\\\/es\\\/\"},{\"@type\":\"ListItem\",\"position\":2,\"name\":\"Harald Jony se convierte en el nuevo CEO de cargoe en Austria\"}]},{\"@type\":\"WebSite\",\"@id\":\"https:\\\/\\\/loginfo24.com\\\/es\\\/#website\",\"url\":\"https:\\\/\\\/loginfo24.com\\\/es\\\/\",\"name\":\"Loginfo24\",\"description\":\"Loginfo24 es la plataforma dedicada a la log\u00edstica y las cadenas de suministro con informaci\u00f3n las 24 horas del d\u00eda.\",\"publisher\":{\"@id\":\"https:\\\/\\\/loginfo24.com\\\/es\\\/#organization\"},\"potentialAction\":[{\"@type\":\"SearchAction\",\"target\":{\"@type\":\"EntryPoint\",\"urlTemplate\":\"https:\\\/\\\/loginfo24.com\\\/es\\\/?s={search_term_string}\"},\"query-input\":{\"@type\":\"PropertyValueSpecification\",\"valueRequired\":true,\"valueName\":\"search_term_string\"}}],\"inLanguage\":\"es\"},{\"@type\":\"Organization\",\"@id\":\"https:\\\/\\\/loginfo24.com\\\/es\\\/#organization\",\"name\":\"Grupo Logismedia AG\",\"url\":\"https:\\\/\\\/loginfo24.com\\\/es\\\/\",\"logo\":{\"@type\":\"ImageObject\",\"inLanguage\":\"es\",\"@id\":\"https:\\\/\\\/loginfo24.com\\\/es\\\/#\\\/schema\\\/logo\\\/image\\\/\",\"url\":\"https:\\\/\\\/loginfo24.com\\\/wp-content\\\/uploads\\\/sites\\\/7\\\/2026\\\/01\\\/Logo_LogInfo24.png\",\"contentUrl\":\"https:\\\/\\\/loginfo24.com\\\/wp-content\\\/uploads\\\/sites\\\/7\\\/2026\\\/01\\\/Logo_LogInfo24.png\",\"width\":938,\"height\":351,\"caption\":\"Grupo Logismedia AG\"},\"image\":{\"@id\":\"https:\\\/\\\/loginfo24.com\\\/es\\\/#\\\/schema\\\/logo\\\/image\\\/\"},\"sameAs\":[\"https:\\\/\\\/www.facebook.com\\\/people\\\/Loginfo24\\\/100057360583332\\\/\",\"https:\\\/\\\/www.linkedin.com\\\/company\\\/lofinfo24\\\/\"]}]}<\/script>\n<!-- \/ Yoast SEO plugin. -->","yoast_head_json":{"title":"Harald Jony se convierte en el nuevo CEO de cargoe en Austria - Loginfo24","robots":{"index":"index","follow":"follow","max-snippet":"max-snippet:-1","max-image-preview":"max-image-preview:large","max-video-preview":"max-video-preview:-1"},"canonical":"https:\/\/loginfo24.com\/es\/2021\/10\/01\/harald-jony-se-convierte-en-el-nuevo-ceo-de-cargoe-en-austria\/","og_locale":"es_ES","og_type":"article","og_title":"Harald Jony se convierte en el nuevo CEO de cargoe en Austria - Loginfo24","og_description":"Harald Jony (39) asume a partir del 1 de octubre la direcci\u00f3n \u00fanica de la cargoe GmbH &amp; Co. KG, especializada en log\u00edstica de valor a\u00f1adido [\u2026]","og_url":"https:\/\/loginfo24.com\/es\/2021\/10\/01\/harald-jony-se-convierte-en-el-nuevo-ceo-de-cargoe-en-austria\/","og_site_name":"Loginfo24","article_publisher":"https:\/\/www.facebook.com\/people\/Loginfo24\/100057360583332\/","article_published_time":"2021-10-01T13:02:33+00:00","og_image":[{"width":1301,"height":730,"url":"https:\/\/loginfo24.com\/wp-content\/uploads\/sites\/7\/2025\/12\/cargoe_1.10.21.jpg","type":"image\/jpeg"}],"twitter_card":"summary_large_image","twitter_misc":{"Tiempo de lectura":"2 minuto"},"schema":{"@context":"https:\/\/schema.org","@graph":[{"@type":"Article","@id":"https:\/\/loginfo24.com\/es\/2021\/10\/01\/harald-jony-se-convierte-en-el-nuevo-ceo-de-cargoe-en-austria\/#article","isPartOf":{"@id":"https:\/\/loginfo24.com\/es\/2021\/10\/01\/harald-jony-se-convierte-en-el-nuevo-ceo-de-cargoe-en-austria\/"},"author":{"name":"","@id":""},"headline":"Harald Jony se convierte en el nuevo CEO de cargoe en Austria","datePublished":"2021-10-01T13:02:33+00:00","mainEntityOfPage":{"@id":"https:\/\/loginfo24.com\/es\/2021\/10\/01\/harald-jony-se-convierte-en-el-nuevo-ceo-de-cargoe-en-austria\/"},"wordCount":418,"commentCount":0,"publisher":{"@id":"https:\/\/loginfo24.com\/es\/#organization"},"image":{"@id":"https:\/\/loginfo24.com\/es\/2021\/10\/01\/harald-jony-se-convierte-en-el-nuevo-ceo-de-cargoe-en-austria\/#primaryimage"},"thumbnailUrl":"https:\/\/loginfo24.com\/wp-content\/uploads\/sites\/7\/2025\/12\/cargoe_1.10.21.jpg","articleSection":["Forwarding &amp; Logistics","Intermodal \/ Road","Intralogistics","Regions"],"inLanguage":"es","potentialAction":[{"@type":"CommentAction","name":"Comment","target":["https:\/\/loginfo24.com\/es\/2021\/10\/01\/harald-jony-se-convierte-en-el-nuevo-ceo-de-cargoe-en-austria\/#respond"]}]},{"@type":"WebPage","@id":"https:\/\/loginfo24.com\/es\/2021\/10\/01\/harald-jony-se-convierte-en-el-nuevo-ceo-de-cargoe-en-austria\/","url":"https:\/\/loginfo24.com\/es\/2021\/10\/01\/harald-jony-se-convierte-en-el-nuevo-ceo-de-cargoe-en-austria\/","name":"Harald Jony se convierte en el nuevo CEO de cargoe en Austria - Loginfo24","isPartOf":{"@id":"https:\/\/loginfo24.com\/es\/#website"},"primaryImageOfPage":{"@id":"https:\/\/loginfo24.com\/es\/2021\/10\/01\/harald-jony-se-convierte-en-el-nuevo-ceo-de-cargoe-en-austria\/#primaryimage"},"image":{"@id":"https:\/\/loginfo24.com\/es\/2021\/10\/01\/harald-jony-se-convierte-en-el-nuevo-ceo-de-cargoe-en-austria\/#primaryimage"},"thumbnailUrl":"https:\/\/loginfo24.com\/wp-content\/uploads\/sites\/7\/2025\/12\/cargoe_1.10.21.jpg","datePublished":"2021-10-01T13:02:33+00:00","breadcrumb":{"@id":"https:\/\/loginfo24.com\/es\/2021\/10\/01\/harald-jony-se-convierte-en-el-nuevo-ceo-de-cargoe-en-austria\/#breadcrumb"},"inLanguage":"es","potentialAction":[{"@type":"ReadAction","target":["https:\/\/loginfo24.com\/es\/2021\/10\/01\/harald-jony-se-convierte-en-el-nuevo-ceo-de-cargoe-en-austria\/"]}]},{"@type":"ImageObject","inLanguage":"es","@id":"https:\/\/loginfo24.com\/es\/2021\/10\/01\/harald-jony-se-convierte-en-el-nuevo-ceo-de-cargoe-en-austria\/#primaryimage","url":"https:\/\/loginfo24.com\/wp-content\/uploads\/sites\/7\/2025\/12\/cargoe_1.10.21.jpg","contentUrl":"https:\/\/loginfo24.com\/wp-content\/uploads\/sites\/7\/2025\/12\/cargoe_1.10.21.jpg","width":1301,"height":730},{"@type":"BreadcrumbList","@id":"https:\/\/loginfo24.com\/es\/2021\/10\/01\/harald-jony-se-convierte-en-el-nuevo-ceo-de-cargoe-en-austria\/#breadcrumb","itemListElement":[{"@type":"ListItem","position":1,"name":"Startseite","item":"https:\/\/loginfo24.com\/es\/"},{"@type":"ListItem","position":2,"name":"Harald Jony se convierte en el nuevo CEO de cargoe en Austria"}]},{"@type":"WebSite","@id":"https:\/\/loginfo24.com\/es\/#website","url":"https:\/\/loginfo24.com\/es\/","name":"Loginfo24","description":"Loginfo24 es la plataforma dedicada a la log\u00edstica y las cadenas de suministro con informaci\u00f3n las 24 horas del d\u00eda.","publisher":{"@id":"https:\/\/loginfo24.com\/es\/#organization"},"potentialAction":[{"@type":"SearchAction","target":{"@type":"EntryPoint","urlTemplate":"https:\/\/loginfo24.com\/es\/?s={search_term_string}"},"query-input":{"@type":"PropertyValueSpecification","valueRequired":true,"valueName":"search_term_string"}}],"inLanguage":"es"},{"@type":"Organization","@id":"https:\/\/loginfo24.com\/es\/#organization","name":"Grupo Logismedia AG","url":"https:\/\/loginfo24.com\/es\/","logo":{"@type":"ImageObject","inLanguage":"es","@id":"https:\/\/loginfo24.com\/es\/#\/schema\/logo\/image\/","url":"https:\/\/loginfo24.com\/wp-content\/uploads\/sites\/7\/2026\/01\/Logo_LogInfo24.png","contentUrl":"https:\/\/loginfo24.com\/wp-content\/uploads\/sites\/7\/2026\/01\/Logo_LogInfo24.png","width":938,"height":351,"caption":"Grupo Logismedia AG"},"image":{"@id":"https:\/\/loginfo24.com\/es\/#\/schema\/logo\/image\/"},"sameAs":["https:\/\/www.facebook.com\/people\/Loginfo24\/100057360583332\/","https:\/\/www.linkedin.com\/company\/lofinfo24\/"]}]}},"_links":{"self":[{"href":"https:\/\/loginfo24.com\/es\/wp-json\/wp\/v2\/posts\/52375","targetHints":{"allow":["GET"]}}],"collection":[{"href":"https:\/\/loginfo24.com\/es\/wp-json\/wp\/v2\/posts"}],"about":[{"href":"https:\/\/loginfo24.com\/es\/wp-json\/wp\/v2\/types\/post"}],"replies":[{"embeddable":true,"href":"https:\/\/loginfo24.com\/es\/wp-json\/wp\/v2\/comments?post=52375"}],"version-history":[{"count":0,"href":"https:\/\/loginfo24.com\/es\/wp-json\/wp\/v2\/posts\/52375\/revisions"}],"wp:featuredmedia":[{"embeddable":true,"href":"https:\/\/loginfo24.com\/es\/wp-json\/wp\/v2\/media\/12219"}],"wp:attachment":[{"href":"https:\/\/loginfo24.com\/es\/wp-json\/wp\/v2\/media?parent=52375"}],"wp:term":[{"taxonomy":"category","embeddable":true,"href":"https:\/\/loginfo24.com\/es\/wp-json\/wp\/v2\/categories?post=52375"},{"taxonomy":"post_tag","embeddable":true,"href":"https:\/\/loginfo24.com\/es\/wp-json\/wp\/v2\/tags?post=52375"}],"curies":[{"name":"wp","href":"https:\/\/api.w.org\/{rel}","templated":true}]}}