{"id":51677,"date":"2021-09-06T18:44:40","date_gmt":"2021-09-06T16:44:40","guid":{"rendered":"https:\/\/blog.brand-architecture.at\/2021\/09\/06\/craiss-abre-un-centro-logistico-en-weiz-austria\/"},"modified":"2021-09-06T18:44:40","modified_gmt":"2021-09-06T16:44:40","slug":"craiss-abre-un-centro-logistico-en-weiz-austria","status":"publish","type":"post","link":"https:\/\/loginfo24.com\/es\/2021\/09\/06\/craiss-abre-un-centro-logistico-en-weiz-austria\/","title":{"rendered":"Craiss abre un centro log\u00edstico en Weiz, Austria"},"content":{"rendered":"<p>Despu\u00e9s de solo diez meses de construcci\u00f3n, Craiss Generation Logistik GmbH &amp; Co. KG ha inaugurado oficialmente su nuevo centro log\u00edstico en Weiz, Austria. En la inauguraci\u00f3n oficial el pasado viernes participaron, entre otros, los alcaldes de Weiz y Sankt Ruprecht an der Raab, as\u00ed como numerosos proveedores, clientes y empleados.<\/p>\n<p>(M\u00fchlacker\/Weiz) A finales de septiembre, el proveedor log\u00edstico de Suabia, Craiss Generation Logistik, con su nueva filial Craiss Generation Logistik Austria GmbH &amp; Co. KG, asumir\u00e1 gradualmente la log\u00edstica de entrada y salida para un gran cliente alem\u00e1n del sector tecnol\u00f3gico en su planta de producci\u00f3n en Estiria Oriental. All\u00ed se fabrican grandes instalaciones para el suministro de energ\u00eda.<\/p>\n<p>\u201cA pesar de los desaf\u00edos planteados por la pandemia de COVID-19 y la consiguiente escasez de materiales de construcci\u00f3n, siempre hemos estado dentro del cronograma en este gran proyecto y podemos proceder puntualmente para el cliente\u201d, dice Thomas Dragon, director de la nueva ubicaci\u00f3n en Weiz de Craiss Generation Logistik Austria GmbH &amp; Co. KG. La puesta en marcha del nuevo centro log\u00edstico est\u00e1 prevista para finales de septiembre, comenzando con la log\u00edstica de salida para la planta de Weiz. En este proceso, Craiss realiza el transporte de regreso desde la planta de producci\u00f3n al centro log\u00edstico, el control de calidad final, as\u00ed como la preparaci\u00f3n del env\u00edo y el embalaje mar\u00edtimo. Posteriormente, hasta finales de noviembre, tambi\u00e9n se activar\u00e1n los procesos de entrada desde la recepci\u00f3n de mercanc\u00edas y la consolidaci\u00f3n, as\u00ed como el almacenamiento de piezas de proveedores, pasando por la inspecci\u00f3n t\u00e9cnica de calidad hasta el suministro a la planta mediante camiones de transporte, la operaci\u00f3n de la \u00faltima milla interna de la planta y el suministro hasta los puestos de trabajo.<\/p>\n<h5><strong>Aproximadamente 20,000 metros cuadrados de superficie log\u00edstica<\/strong><\/h5>\n<p>El nuevo centro de distribuci\u00f3n, que abarca aproximadamente 20,000 metros cuadrados, est\u00e1 dividido en tres naves, de las cuales inicialmente se utilizar\u00e1n dos. La log\u00edstica de entrada, incluida la inspecci\u00f3n de calidad, se encuentra en la primera nave. Con techos de voladizo, la descarga de los componentes puede realizarse completamente protegida del clima, tanto en el exterior como en el interior de la nave. Los procesos de salida est\u00e1n ubicados en la nave 2. All\u00ed, las partes de la instalaci\u00f3n que se desmontan nuevamente despu\u00e9s de la finalizaci\u00f3n se controlan por \u00faltima vez antes del env\u00edo, entre otras cosas, por da\u00f1os en la pintura. En una llamada cabina de reparaci\u00f3n, se pueden corregir posibles defectos con la ayuda de equipos de soldadura, sistemas de extracci\u00f3n y estaciones de pintura. Para el manejo de los componentes, que en parte pesan varias toneladas, se utilizan gr\u00faas de 30, 10 y 6.5 toneladas, as\u00ed como carretillas elevadoras el\u00e9ctricas de 12 y 8 toneladas y carretillas elevadoras de cuatro v\u00edas.<\/p>\n<p><img loading=\"lazy\" decoding=\"async\" class=\"wp-image-13982 size-full\" src=\"https:\/\/loginfo24.com\/wp-content\/uploads\/sites\/7\/2025\/12\/Craiss_6.9.21.jpg\" alt=\"\" width=\"1386\" height=\"888\" \/> Los alcaldes del municipio de Weiz y del municipio de mercado de Sankt Ruprecht an der Raab, Erwin Eggenreich (2. de d.) y Herbert Pregartner (d.), dieron la bienvenida a los socios inmobiliarios Michael Craiss (3. de i.), Hagen Temmel (2. de i.) y Matthias Unger (3. de d.) en su nueva ubicaci\u00f3n log\u00edstica. Roman Neubauer, asesor de turismo y cooperaci\u00f3n municipal del municipio de Weiz, (i.) condujo la ceremonia de inauguraci\u00f3n<\/caption>\n<h5><strong>Establecerse a largo plazo en el mercado austriaco<\/strong><\/h5>\n<p>La tercera nave se construy\u00f3 con una perspectiva a futuro y actualmente est\u00e1 vac\u00eda, de modo que Craiss puede expandirse all\u00ed en cualquier momento si es necesario, incluso para otros clientes. \u201cQueremos establecernos a largo plazo en el mercado austriaco y atraer m\u00e1s proyectos. Para poder reaccionar r\u00e1pidamente a las demandas, tambi\u00e9n poseemos el derecho de preferencia sobre terrenos de construcci\u00f3n circundantes\u201d, dice Dragon en relaci\u00f3n con posibles expansiones. 50 empleados de las \u00e1reas comercial, administrativa y t\u00e9cnica se emplear\u00e1n en la nueva ubicaci\u00f3n en Estiria Oriental. Parte de ellos ya est\u00e1 siendo capacitada en la inspecci\u00f3n de calidad por el cliente.<\/p>\n<p>En la ceremonia de inauguraci\u00f3n del viernes, Michael Craiss, director general de Craiss Generation Logistik GmbH &amp; Co. KG, dio la bienvenida a aproximadamente 180 invitados, incluidos pol\u00edticos como el alcalde de Weiz, Erwin Eggenreich, y su colega de la comunidad vecina de Sankt Ruprecht an der Raab, Herbert Pregartner, cumpliendo con la regla de 3-G.<\/p>\n<p>Fotos: \u00a9 Craiss\/Gernot Muhr \/ <em><strong>Subt\u00edtulo de la foto principal:<\/strong> Centro log\u00edstico de Craiss en Weiz<\/em><\/p>\n","protected":false},"excerpt":{"rendered":"<p>Despu\u00e9s de solo diez meses de construcci\u00f3n, Craiss Generation Logistik GmbH &amp; Co. KG ha inaugurado oficialmente su nuevo centro log\u00edstico en Weiz, Austria. En la<span class=\"excerpt-hellip\"> [\u2026]<\/span><\/p>\n","protected":false},"author":0,"featured_media":0,"comment_status":"open","ping_status":"open","sticky":false,"template":"","format":"standard","meta":{"_acf_changed":false,"footnotes":""},"categories":[1557,1560,1561],"tags":[],"class_list":["post-51677","post","type-post","status-publish","format-standard","hentry","category-forwarding-logistics","category-intralogistics","category-regions"],"acf":[],"yoast_head":"<!-- This site is optimized with the Yoast SEO plugin v27.3 - https:\/\/yoast.com\/product\/yoast-seo-wordpress\/ -->\n<title>Craiss abre un centro log\u00edstico en Weiz, Austria - Loginfo24<\/title>\n<meta name=\"robots\" content=\"index, follow, max-snippet:-1, max-image-preview:large, max-video-preview:-1\" \/>\n<link rel=\"canonical\" href=\"https:\/\/loginfo24.com\/es\/2021\/09\/06\/craiss-abre-un-centro-logistico-en-weiz-austria\/\" \/>\n<meta property=\"og:locale\" content=\"es_ES\" \/>\n<meta property=\"og:type\" content=\"article\" \/>\n<meta property=\"og:title\" content=\"Craiss abre un centro log\u00edstico en Weiz, Austria - Loginfo24\" \/>\n<meta property=\"og:description\" content=\"Despu\u00e9s de solo diez meses de construcci\u00f3n, Craiss Generation Logistik GmbH &amp; Co. KG ha inaugurado oficialmente su nuevo centro log\u00edstico en Weiz, Austria. En la [\u2026]\" \/>\n<meta property=\"og:url\" content=\"https:\/\/loginfo24.com\/es\/2021\/09\/06\/craiss-abre-un-centro-logistico-en-weiz-austria\/\" \/>\n<meta property=\"og:site_name\" content=\"Loginfo24\" \/>\n<meta property=\"article:publisher\" content=\"https:\/\/www.facebook.com\/people\/Loginfo24\/100057360583332\/\" \/>\n<meta property=\"article:published_time\" content=\"2021-09-06T16:44:40+00:00\" \/>\n<meta property=\"og:image\" content=\"https:\/\/loginfo24.com\/wp-content\/uploads\/sites\/7\/2025\/12\/Craiss_6.9.21.jpg\" \/>\n<meta name=\"twitter:card\" content=\"summary_large_image\" \/>\n<meta name=\"twitter:label1\" content=\"Tiempo de lectura\" \/>\n\t<meta name=\"twitter:data1\" content=\"4 minuto\" \/>\n<script type=\"application\/ld+json\" class=\"yoast-schema-graph\">{\"@context\":\"https:\\\/\\\/schema.org\",\"@graph\":[{\"@type\":\"Article\",\"@id\":\"https:\\\/\\\/loginfo24.com\\\/es\\\/2021\\\/09\\\/06\\\/craiss-abre-un-centro-logistico-en-weiz-austria\\\/#article\",\"isPartOf\":{\"@id\":\"https:\\\/\\\/loginfo24.com\\\/es\\\/2021\\\/09\\\/06\\\/craiss-abre-un-centro-logistico-en-weiz-austria\\\/\"},\"author\":{\"name\":\"\",\"@id\":\"\"},\"headline\":\"Craiss abre un centro log\u00edstico en Weiz, Austria\",\"datePublished\":\"2021-09-06T16:44:40+00:00\",\"mainEntityOfPage\":{\"@id\":\"https:\\\/\\\/loginfo24.com\\\/es\\\/2021\\\/09\\\/06\\\/craiss-abre-un-centro-logistico-en-weiz-austria\\\/\"},\"wordCount\":776,\"commentCount\":0,\"publisher\":{\"@id\":\"https:\\\/\\\/loginfo24.com\\\/es\\\/#organization\"},\"image\":{\"@id\":\"https:\\\/\\\/loginfo24.com\\\/es\\\/2021\\\/09\\\/06\\\/craiss-abre-un-centro-logistico-en-weiz-austria\\\/#primaryimage\"},\"thumbnailUrl\":\"https:\\\/\\\/loginfo24.com\\\/wp-content\\\/uploads\\\/sites\\\/7\\\/2025\\\/12\\\/Craiss_6.9.21.jpg\",\"articleSection\":[\"Forwarding &amp; Logistics\",\"Intralogistics\",\"Regions\"],\"inLanguage\":\"es\",\"potentialAction\":[{\"@type\":\"CommentAction\",\"name\":\"Comment\",\"target\":[\"https:\\\/\\\/loginfo24.com\\\/es\\\/2021\\\/09\\\/06\\\/craiss-abre-un-centro-logistico-en-weiz-austria\\\/#respond\"]}]},{\"@type\":\"WebPage\",\"@id\":\"https:\\\/\\\/loginfo24.com\\\/es\\\/2021\\\/09\\\/06\\\/craiss-abre-un-centro-logistico-en-weiz-austria\\\/\",\"url\":\"https:\\\/\\\/loginfo24.com\\\/es\\\/2021\\\/09\\\/06\\\/craiss-abre-un-centro-logistico-en-weiz-austria\\\/\",\"name\":\"Craiss abre un centro log\u00edstico en Weiz, Austria - Loginfo24\",\"isPartOf\":{\"@id\":\"https:\\\/\\\/loginfo24.com\\\/es\\\/#website\"},\"primaryImageOfPage\":{\"@id\":\"https:\\\/\\\/loginfo24.com\\\/es\\\/2021\\\/09\\\/06\\\/craiss-abre-un-centro-logistico-en-weiz-austria\\\/#primaryimage\"},\"image\":{\"@id\":\"https:\\\/\\\/loginfo24.com\\\/es\\\/2021\\\/09\\\/06\\\/craiss-abre-un-centro-logistico-en-weiz-austria\\\/#primaryimage\"},\"thumbnailUrl\":\"https:\\\/\\\/loginfo24.com\\\/wp-content\\\/uploads\\\/sites\\\/7\\\/2025\\\/12\\\/Craiss_6.9.21.jpg\",\"datePublished\":\"2021-09-06T16:44:40+00:00\",\"breadcrumb\":{\"@id\":\"https:\\\/\\\/loginfo24.com\\\/es\\\/2021\\\/09\\\/06\\\/craiss-abre-un-centro-logistico-en-weiz-austria\\\/#breadcrumb\"},\"inLanguage\":\"es\",\"potentialAction\":[{\"@type\":\"ReadAction\",\"target\":[\"https:\\\/\\\/loginfo24.com\\\/es\\\/2021\\\/09\\\/06\\\/craiss-abre-un-centro-logistico-en-weiz-austria\\\/\"]}]},{\"@type\":\"ImageObject\",\"inLanguage\":\"es\",\"@id\":\"https:\\\/\\\/loginfo24.com\\\/es\\\/2021\\\/09\\\/06\\\/craiss-abre-un-centro-logistico-en-weiz-austria\\\/#primaryimage\",\"url\":\"https:\\\/\\\/loginfo24.com\\\/wp-content\\\/uploads\\\/sites\\\/7\\\/2025\\\/12\\\/Craiss_6.9.21.jpg\",\"contentUrl\":\"https:\\\/\\\/loginfo24.com\\\/wp-content\\\/uploads\\\/sites\\\/7\\\/2025\\\/12\\\/Craiss_6.9.21.jpg\"},{\"@type\":\"BreadcrumbList\",\"@id\":\"https:\\\/\\\/loginfo24.com\\\/es\\\/2021\\\/09\\\/06\\\/craiss-abre-un-centro-logistico-en-weiz-austria\\\/#breadcrumb\",\"itemListElement\":[{\"@type\":\"ListItem\",\"position\":1,\"name\":\"Startseite\",\"item\":\"https:\\\/\\\/loginfo24.com\\\/es\\\/\"},{\"@type\":\"ListItem\",\"position\":2,\"name\":\"Craiss abre un centro log\u00edstico en Weiz, Austria\"}]},{\"@type\":\"WebSite\",\"@id\":\"https:\\\/\\\/loginfo24.com\\\/es\\\/#website\",\"url\":\"https:\\\/\\\/loginfo24.com\\\/es\\\/\",\"name\":\"Loginfo24\",\"description\":\"Loginfo24 es la plataforma dedicada a la log\u00edstica y las cadenas de suministro con informaci\u00f3n las 24 horas del d\u00eda.\",\"publisher\":{\"@id\":\"https:\\\/\\\/loginfo24.com\\\/es\\\/#organization\"},\"potentialAction\":[{\"@type\":\"SearchAction\",\"target\":{\"@type\":\"EntryPoint\",\"urlTemplate\":\"https:\\\/\\\/loginfo24.com\\\/es\\\/?s={search_term_string}\"},\"query-input\":{\"@type\":\"PropertyValueSpecification\",\"valueRequired\":true,\"valueName\":\"search_term_string\"}}],\"inLanguage\":\"es\"},{\"@type\":\"Organization\",\"@id\":\"https:\\\/\\\/loginfo24.com\\\/es\\\/#organization\",\"name\":\"Grupo Logismedia AG\",\"url\":\"https:\\\/\\\/loginfo24.com\\\/es\\\/\",\"logo\":{\"@type\":\"ImageObject\",\"inLanguage\":\"es\",\"@id\":\"https:\\\/\\\/loginfo24.com\\\/es\\\/#\\\/schema\\\/logo\\\/image\\\/\",\"url\":\"https:\\\/\\\/loginfo24.com\\\/wp-content\\\/uploads\\\/sites\\\/7\\\/2026\\\/01\\\/Logo_LogInfo24.png\",\"contentUrl\":\"https:\\\/\\\/loginfo24.com\\\/wp-content\\\/uploads\\\/sites\\\/7\\\/2026\\\/01\\\/Logo_LogInfo24.png\",\"width\":938,\"height\":351,\"caption\":\"Grupo Logismedia AG\"},\"image\":{\"@id\":\"https:\\\/\\\/loginfo24.com\\\/es\\\/#\\\/schema\\\/logo\\\/image\\\/\"},\"sameAs\":[\"https:\\\/\\\/www.facebook.com\\\/people\\\/Loginfo24\\\/100057360583332\\\/\",\"https:\\\/\\\/www.linkedin.com\\\/company\\\/lofinfo24\\\/\"]}]}<\/script>\n<!-- \/ Yoast SEO plugin. -->","yoast_head_json":{"title":"Craiss abre un centro log\u00edstico en Weiz, Austria - Loginfo24","robots":{"index":"index","follow":"follow","max-snippet":"max-snippet:-1","max-image-preview":"max-image-preview:large","max-video-preview":"max-video-preview:-1"},"canonical":"https:\/\/loginfo24.com\/es\/2021\/09\/06\/craiss-abre-un-centro-logistico-en-weiz-austria\/","og_locale":"es_ES","og_type":"article","og_title":"Craiss abre un centro log\u00edstico en Weiz, Austria - Loginfo24","og_description":"Despu\u00e9s de solo diez meses de construcci\u00f3n, Craiss Generation Logistik GmbH &amp; Co. KG ha inaugurado oficialmente su nuevo centro log\u00edstico en Weiz, Austria. En la [\u2026]","og_url":"https:\/\/loginfo24.com\/es\/2021\/09\/06\/craiss-abre-un-centro-logistico-en-weiz-austria\/","og_site_name":"Loginfo24","article_publisher":"https:\/\/www.facebook.com\/people\/Loginfo24\/100057360583332\/","article_published_time":"2021-09-06T16:44:40+00:00","og_image":[{"url":"https:\/\/loginfo24.com\/wp-content\/uploads\/sites\/7\/2025\/12\/Craiss_6.9.21.jpg","type":"","width":"","height":""}],"twitter_card":"summary_large_image","twitter_misc":{"Tiempo de lectura":"4 minuto"},"schema":{"@context":"https:\/\/schema.org","@graph":[{"@type":"Article","@id":"https:\/\/loginfo24.com\/es\/2021\/09\/06\/craiss-abre-un-centro-logistico-en-weiz-austria\/#article","isPartOf":{"@id":"https:\/\/loginfo24.com\/es\/2021\/09\/06\/craiss-abre-un-centro-logistico-en-weiz-austria\/"},"author":{"name":"","@id":""},"headline":"Craiss abre un centro log\u00edstico en Weiz, Austria","datePublished":"2021-09-06T16:44:40+00:00","mainEntityOfPage":{"@id":"https:\/\/loginfo24.com\/es\/2021\/09\/06\/craiss-abre-un-centro-logistico-en-weiz-austria\/"},"wordCount":776,"commentCount":0,"publisher":{"@id":"https:\/\/loginfo24.com\/es\/#organization"},"image":{"@id":"https:\/\/loginfo24.com\/es\/2021\/09\/06\/craiss-abre-un-centro-logistico-en-weiz-austria\/#primaryimage"},"thumbnailUrl":"https:\/\/loginfo24.com\/wp-content\/uploads\/sites\/7\/2025\/12\/Craiss_6.9.21.jpg","articleSection":["Forwarding &amp; Logistics","Intralogistics","Regions"],"inLanguage":"es","potentialAction":[{"@type":"CommentAction","name":"Comment","target":["https:\/\/loginfo24.com\/es\/2021\/09\/06\/craiss-abre-un-centro-logistico-en-weiz-austria\/#respond"]}]},{"@type":"WebPage","@id":"https:\/\/loginfo24.com\/es\/2021\/09\/06\/craiss-abre-un-centro-logistico-en-weiz-austria\/","url":"https:\/\/loginfo24.com\/es\/2021\/09\/06\/craiss-abre-un-centro-logistico-en-weiz-austria\/","name":"Craiss abre un centro log\u00edstico en Weiz, Austria - Loginfo24","isPartOf":{"@id":"https:\/\/loginfo24.com\/es\/#website"},"primaryImageOfPage":{"@id":"https:\/\/loginfo24.com\/es\/2021\/09\/06\/craiss-abre-un-centro-logistico-en-weiz-austria\/#primaryimage"},"image":{"@id":"https:\/\/loginfo24.com\/es\/2021\/09\/06\/craiss-abre-un-centro-logistico-en-weiz-austria\/#primaryimage"},"thumbnailUrl":"https:\/\/loginfo24.com\/wp-content\/uploads\/sites\/7\/2025\/12\/Craiss_6.9.21.jpg","datePublished":"2021-09-06T16:44:40+00:00","breadcrumb":{"@id":"https:\/\/loginfo24.com\/es\/2021\/09\/06\/craiss-abre-un-centro-logistico-en-weiz-austria\/#breadcrumb"},"inLanguage":"es","potentialAction":[{"@type":"ReadAction","target":["https:\/\/loginfo24.com\/es\/2021\/09\/06\/craiss-abre-un-centro-logistico-en-weiz-austria\/"]}]},{"@type":"ImageObject","inLanguage":"es","@id":"https:\/\/loginfo24.com\/es\/2021\/09\/06\/craiss-abre-un-centro-logistico-en-weiz-austria\/#primaryimage","url":"https:\/\/loginfo24.com\/wp-content\/uploads\/sites\/7\/2025\/12\/Craiss_6.9.21.jpg","contentUrl":"https:\/\/loginfo24.com\/wp-content\/uploads\/sites\/7\/2025\/12\/Craiss_6.9.21.jpg"},{"@type":"BreadcrumbList","@id":"https:\/\/loginfo24.com\/es\/2021\/09\/06\/craiss-abre-un-centro-logistico-en-weiz-austria\/#breadcrumb","itemListElement":[{"@type":"ListItem","position":1,"name":"Startseite","item":"https:\/\/loginfo24.com\/es\/"},{"@type":"ListItem","position":2,"name":"Craiss abre un centro log\u00edstico en Weiz, Austria"}]},{"@type":"WebSite","@id":"https:\/\/loginfo24.com\/es\/#website","url":"https:\/\/loginfo24.com\/es\/","name":"Loginfo24","description":"Loginfo24 es la plataforma dedicada a la log\u00edstica y las cadenas de suministro con informaci\u00f3n las 24 horas del d\u00eda.","publisher":{"@id":"https:\/\/loginfo24.com\/es\/#organization"},"potentialAction":[{"@type":"SearchAction","target":{"@type":"EntryPoint","urlTemplate":"https:\/\/loginfo24.com\/es\/?s={search_term_string}"},"query-input":{"@type":"PropertyValueSpecification","valueRequired":true,"valueName":"search_term_string"}}],"inLanguage":"es"},{"@type":"Organization","@id":"https:\/\/loginfo24.com\/es\/#organization","name":"Grupo Logismedia AG","url":"https:\/\/loginfo24.com\/es\/","logo":{"@type":"ImageObject","inLanguage":"es","@id":"https:\/\/loginfo24.com\/es\/#\/schema\/logo\/image\/","url":"https:\/\/loginfo24.com\/wp-content\/uploads\/sites\/7\/2026\/01\/Logo_LogInfo24.png","contentUrl":"https:\/\/loginfo24.com\/wp-content\/uploads\/sites\/7\/2026\/01\/Logo_LogInfo24.png","width":938,"height":351,"caption":"Grupo Logismedia AG"},"image":{"@id":"https:\/\/loginfo24.com\/es\/#\/schema\/logo\/image\/"},"sameAs":["https:\/\/www.facebook.com\/people\/Loginfo24\/100057360583332\/","https:\/\/www.linkedin.com\/company\/lofinfo24\/"]}]}},"_links":{"self":[{"href":"https:\/\/loginfo24.com\/es\/wp-json\/wp\/v2\/posts\/51677","targetHints":{"allow":["GET"]}}],"collection":[{"href":"https:\/\/loginfo24.com\/es\/wp-json\/wp\/v2\/posts"}],"about":[{"href":"https:\/\/loginfo24.com\/es\/wp-json\/wp\/v2\/types\/post"}],"replies":[{"embeddable":true,"href":"https:\/\/loginfo24.com\/es\/wp-json\/wp\/v2\/comments?post=51677"}],"version-history":[{"count":0,"href":"https:\/\/loginfo24.com\/es\/wp-json\/wp\/v2\/posts\/51677\/revisions"}],"wp:attachment":[{"href":"https:\/\/loginfo24.com\/es\/wp-json\/wp\/v2\/media?parent=51677"}],"wp:term":[{"taxonomy":"category","embeddable":true,"href":"https:\/\/loginfo24.com\/es\/wp-json\/wp\/v2\/categories?post=51677"},{"taxonomy":"post_tag","embeddable":true,"href":"https:\/\/loginfo24.com\/es\/wp-json\/wp\/v2\/tags?post=51677"}],"curies":[{"name":"wp","href":"https:\/\/api.w.org\/{rel}","templated":true}]}}