{"id":51659,"date":"2021-09-06T16:12:46","date_gmt":"2021-09-06T14:12:46","guid":{"rendered":"https:\/\/blog.brand-architecture.at\/2021\/09\/06\/el-portavoz-del-consejo-volker-seefeldt-renuncia-a-su-cargo-en-htag-de-colonia\/"},"modified":"2021-09-06T16:12:46","modified_gmt":"2021-09-06T14:12:46","slug":"el-portavoz-del-consejo-volker-seefeldt-renuncia-a-su-cargo-en-htag-de-colonia","status":"publish","type":"post","link":"https:\/\/loginfo24.com\/es\/2021\/09\/06\/el-portavoz-del-consejo-volker-seefeldt-renuncia-a-su-cargo-en-htag-de-colonia\/","title":{"rendered":"El portavoz del consejo Volker Seefeldt renuncia a su cargo en HTAG de Colonia"},"content":{"rendered":"<p>Despu\u00e9s de 30 a\u00f1os al servicio de su empresa, Volker Seefeldt renuncia a su cargo como portavoz del consejo de HTAG H\u00e4fen und Transport AG a partir del 30 de septiembre de 2021 y se retira del servicio activo. Esta decisi\u00f3n ha sido tomada por el hombre de 64 a\u00f1os en estrecha coordinaci\u00f3n con el consejo de supervisi\u00f3n de HTAG. Andreas Grzib ha sido nombrado como nuevo miembro del consejo de HTAG.<\/p>\n<p class=\"Default\"><span style=\"font-family: 'Cambria',serif\">(Colonia) \u00abCon la separaci\u00f3n planificada del sector de navegaci\u00f3n de HTAG a finales de a\u00f1o y la posterior transferencia de la empresa a una nueva estructura de propiedad en el \u00e1rea de negocio de HGK Logistics and Intermodal, tanto la orientaci\u00f3n de la empresa como la naturaleza de la tarea de liderazgo cambiar\u00e1n significativamente. Para m\u00ed, es el momento perfecto para pasar el testigo a la pr\u00f3xima generaci\u00f3n despu\u00e9s de 47 a\u00f1os de una exitosa vida profesional\u00bb, explica Volker Seefeldt su decisi\u00f3n.<\/span><\/p>\n<p class=\"Default\"><span style=\"font-family: 'Cambria',serif\">El experimentado gerente tiene una larga carrera en el \u00e1mbito de la navegaci\u00f3n interior, el transporte y la log\u00edstica. Volker Seefeldt comenz\u00f3 su carrera profesional en 1974 con una formaci\u00f3n en Stinnes Reederei AG en Duisburgo, a la que fue leal hasta 1991. Desde all\u00ed, el economista (VWA) se traslad\u00f3 a HTAG, anteriormente Harpen Transport AG, donde ocup\u00f3 diversas posiciones. Durante los \u00faltimos 21 a\u00f1os, primero fue miembro del consejo y desde 2011 portavoz del consejo de HTAG. Entre 2015 y 2019, Volker Seefeldt tambi\u00e9n dirigi\u00f3 la empresa subsidiaria de HGK, neska, como presidente de la gesti\u00f3n.<\/span><\/p>\n<h4><b><span style=\"font-family: 'Cambria',serif\">Agradecimiento y reconocimiento por los m\u00e9ritos<\/span><\/b><\/h4>\n<p class=\"Default\"><span style=\"font-family: 'Cambria',serif\">Volker Seefeldt tambi\u00e9n se involucra en varias asociaciones de la industria. Desde 2003 fue miembro del consejo y hasta mayo de 2013 presidente de la \u00abAsociaci\u00f3n de Empleadores de la Navegaci\u00f3n Interior Alemana e.V.\u00bb (AdB). En el \u00abAsociaci\u00f3n Federal de la Navegaci\u00f3n Interior Alemana e.V.\u00bb (BDB) es miembro del consejo desde 2008. Desde la fusi\u00f3n del BDB con el AdB en 2013, Volker Seefeldt ha actuado como vicepresidente del BDB. En el \u00abAsociaci\u00f3n para la Navegaci\u00f3n Interior Europea y V\u00edas Navegables e.V.\u00bb ha ocupado el cargo de vicepresidente desde 2015. \u00abCon Volker Seefeldt, una personalidad influyente deja el grupo HGK, que ha logrado mucho en su empresa.<\/span><\/p>\n<p class=\"Default\"><span style=\"font-family: 'Cambria',serif\">Gracias a su experiencia, HTAG ha podido afirmarse como uno de los grandes actores en la log\u00edstica de graneles\u00bb, explica Uwe Wedig, presidente del consejo de H\u00e4fen und G\u00fcterverkehr K\u00f6ln AG. \u00abLa HGK AG agradece enormemente al Sr. Seefeldt por sus m\u00e9ritos y le desea todo lo mejor para su futuro\u00bb, contin\u00faa Uwe Wedig.<\/span><\/p>\n<p class=\"Default\"><span style=\"font-family: 'Cambria',serif\">Con efecto a partir del 3 de septiembre de 2021, el consejo de supervisi\u00f3n de HTAG ha nombrado a Andreas Grzib como nuevo miembro del consejo de HTAG. El hombre de 54 a\u00f1os ejercer\u00e1 este mandato adem\u00e1s de sus funciones como director general de neska Schiffahrts- und Speditions-kontor GmbH, una empresa del \u00e1rea de log\u00edstica e intermodal de HGK.<\/span><\/p>\n<p class=\"Default\"><span style=\"font-family: 'Cambria',serif\">Foto: \u00a9 HTAG \/ <b><i>Subt\u00edtulo de la imagen:<\/i><\/b><i> Cambios en el consejo de HTAG: Volker Seefeldt (izquierda) se retira. Andreas Grzib (derecha) asciende.<\/i><\/span><\/p>\n","protected":false},"excerpt":{"rendered":"<p>Despu\u00e9s de 30 a\u00f1os al servicio de su empresa, Volker Seefeldt renuncia a su cargo como portavoz del consejo de HTAG H\u00e4fen und Transport AG a<span class=\"excerpt-hellip\"> [\u2026]<\/span><\/p>\n","protected":false},"author":0,"featured_media":0,"comment_status":"open","ping_status":"open","sticky":false,"template":"","format":"standard","meta":{"_acf_changed":false,"footnotes":""},"categories":[1557,1561,1559],"tags":[],"class_list":["post-51659","post","type-post","status-publish","format-standard","hentry","category-forwarding-logistics","category-regions","category-shipping-ports"],"acf":[],"yoast_head":"<!-- This site is optimized with the Yoast SEO plugin v27.3 - https:\/\/yoast.com\/product\/yoast-seo-wordpress\/ -->\n<title>El portavoz del consejo Volker Seefeldt renuncia a su cargo en HTAG de Colonia - Loginfo24<\/title>\n<meta name=\"robots\" content=\"index, follow, max-snippet:-1, max-image-preview:large, max-video-preview:-1\" \/>\n<link rel=\"canonical\" href=\"https:\/\/loginfo24.com\/es\/2021\/09\/06\/el-portavoz-del-consejo-volker-seefeldt-renuncia-a-su-cargo-en-htag-de-colonia\/\" \/>\n<meta property=\"og:locale\" content=\"es_ES\" \/>\n<meta property=\"og:type\" content=\"article\" \/>\n<meta property=\"og:title\" content=\"El portavoz del consejo Volker Seefeldt renuncia a su cargo en HTAG de Colonia - Loginfo24\" \/>\n<meta property=\"og:description\" content=\"Despu\u00e9s de 30 a\u00f1os al servicio de su empresa, Volker Seefeldt renuncia a su cargo como portavoz del consejo de HTAG H\u00e4fen und Transport AG a [\u2026]\" \/>\n<meta property=\"og:url\" content=\"https:\/\/loginfo24.com\/es\/2021\/09\/06\/el-portavoz-del-consejo-volker-seefeldt-renuncia-a-su-cargo-en-htag-de-colonia\/\" \/>\n<meta property=\"og:site_name\" content=\"Loginfo24\" \/>\n<meta property=\"article:publisher\" content=\"https:\/\/www.facebook.com\/people\/Loginfo24\/100057360583332\/\" \/>\n<meta property=\"article:published_time\" content=\"2021-09-06T14:12:46+00:00\" \/>\n<meta name=\"twitter:card\" content=\"summary_large_image\" \/>\n<meta name=\"twitter:label1\" content=\"Tiempo de lectura\" \/>\n\t<meta name=\"twitter:data1\" content=\"3 minuto\" \/>\n<script type=\"application\/ld+json\" class=\"yoast-schema-graph\">{\"@context\":\"https:\\\/\\\/schema.org\",\"@graph\":[{\"@type\":\"Article\",\"@id\":\"https:\\\/\\\/loginfo24.com\\\/es\\\/2021\\\/09\\\/06\\\/el-portavoz-del-consejo-volker-seefeldt-renuncia-a-su-cargo-en-htag-de-colonia\\\/#article\",\"isPartOf\":{\"@id\":\"https:\\\/\\\/loginfo24.com\\\/es\\\/2021\\\/09\\\/06\\\/el-portavoz-del-consejo-volker-seefeldt-renuncia-a-su-cargo-en-htag-de-colonia\\\/\"},\"author\":{\"name\":\"\",\"@id\":\"\"},\"headline\":\"El portavoz del consejo Volker Seefeldt renuncia a su cargo en HTAG de Colonia\",\"datePublished\":\"2021-09-06T14:12:46+00:00\",\"mainEntityOfPage\":{\"@id\":\"https:\\\/\\\/loginfo24.com\\\/es\\\/2021\\\/09\\\/06\\\/el-portavoz-del-consejo-volker-seefeldt-renuncia-a-su-cargo-en-htag-de-colonia\\\/\"},\"wordCount\":540,\"commentCount\":0,\"publisher\":{\"@id\":\"https:\\\/\\\/loginfo24.com\\\/es\\\/#organization\"},\"articleSection\":[\"Forwarding &amp; Logistics\",\"Regions\",\"Shipping &amp; Ports\"],\"inLanguage\":\"es\",\"potentialAction\":[{\"@type\":\"CommentAction\",\"name\":\"Comment\",\"target\":[\"https:\\\/\\\/loginfo24.com\\\/es\\\/2021\\\/09\\\/06\\\/el-portavoz-del-consejo-volker-seefeldt-renuncia-a-su-cargo-en-htag-de-colonia\\\/#respond\"]}]},{\"@type\":\"WebPage\",\"@id\":\"https:\\\/\\\/loginfo24.com\\\/es\\\/2021\\\/09\\\/06\\\/el-portavoz-del-consejo-volker-seefeldt-renuncia-a-su-cargo-en-htag-de-colonia\\\/\",\"url\":\"https:\\\/\\\/loginfo24.com\\\/es\\\/2021\\\/09\\\/06\\\/el-portavoz-del-consejo-volker-seefeldt-renuncia-a-su-cargo-en-htag-de-colonia\\\/\",\"name\":\"El portavoz del consejo Volker Seefeldt renuncia a su cargo en HTAG de Colonia - Loginfo24\",\"isPartOf\":{\"@id\":\"https:\\\/\\\/loginfo24.com\\\/es\\\/#website\"},\"datePublished\":\"2021-09-06T14:12:46+00:00\",\"breadcrumb\":{\"@id\":\"https:\\\/\\\/loginfo24.com\\\/es\\\/2021\\\/09\\\/06\\\/el-portavoz-del-consejo-volker-seefeldt-renuncia-a-su-cargo-en-htag-de-colonia\\\/#breadcrumb\"},\"inLanguage\":\"es\",\"potentialAction\":[{\"@type\":\"ReadAction\",\"target\":[\"https:\\\/\\\/loginfo24.com\\\/es\\\/2021\\\/09\\\/06\\\/el-portavoz-del-consejo-volker-seefeldt-renuncia-a-su-cargo-en-htag-de-colonia\\\/\"]}]},{\"@type\":\"BreadcrumbList\",\"@id\":\"https:\\\/\\\/loginfo24.com\\\/es\\\/2021\\\/09\\\/06\\\/el-portavoz-del-consejo-volker-seefeldt-renuncia-a-su-cargo-en-htag-de-colonia\\\/#breadcrumb\",\"itemListElement\":[{\"@type\":\"ListItem\",\"position\":1,\"name\":\"Startseite\",\"item\":\"https:\\\/\\\/loginfo24.com\\\/es\\\/\"},{\"@type\":\"ListItem\",\"position\":2,\"name\":\"El portavoz del consejo Volker Seefeldt renuncia a su cargo en HTAG de Colonia\"}]},{\"@type\":\"WebSite\",\"@id\":\"https:\\\/\\\/loginfo24.com\\\/es\\\/#website\",\"url\":\"https:\\\/\\\/loginfo24.com\\\/es\\\/\",\"name\":\"Loginfo24\",\"description\":\"Loginfo24 es la plataforma dedicada a la log\u00edstica y las cadenas de suministro con informaci\u00f3n las 24 horas del d\u00eda.\",\"publisher\":{\"@id\":\"https:\\\/\\\/loginfo24.com\\\/es\\\/#organization\"},\"potentialAction\":[{\"@type\":\"SearchAction\",\"target\":{\"@type\":\"EntryPoint\",\"urlTemplate\":\"https:\\\/\\\/loginfo24.com\\\/es\\\/?s={search_term_string}\"},\"query-input\":{\"@type\":\"PropertyValueSpecification\",\"valueRequired\":true,\"valueName\":\"search_term_string\"}}],\"inLanguage\":\"es\"},{\"@type\":\"Organization\",\"@id\":\"https:\\\/\\\/loginfo24.com\\\/es\\\/#organization\",\"name\":\"Grupo Logismedia AG\",\"url\":\"https:\\\/\\\/loginfo24.com\\\/es\\\/\",\"logo\":{\"@type\":\"ImageObject\",\"inLanguage\":\"es\",\"@id\":\"https:\\\/\\\/loginfo24.com\\\/es\\\/#\\\/schema\\\/logo\\\/image\\\/\",\"url\":\"https:\\\/\\\/loginfo24.com\\\/wp-content\\\/uploads\\\/sites\\\/7\\\/2026\\\/01\\\/Logo_LogInfo24.png\",\"contentUrl\":\"https:\\\/\\\/loginfo24.com\\\/wp-content\\\/uploads\\\/sites\\\/7\\\/2026\\\/01\\\/Logo_LogInfo24.png\",\"width\":938,\"height\":351,\"caption\":\"Grupo Logismedia AG\"},\"image\":{\"@id\":\"https:\\\/\\\/loginfo24.com\\\/es\\\/#\\\/schema\\\/logo\\\/image\\\/\"},\"sameAs\":[\"https:\\\/\\\/www.facebook.com\\\/people\\\/Loginfo24\\\/100057360583332\\\/\",\"https:\\\/\\\/www.linkedin.com\\\/company\\\/lofinfo24\\\/\"]}]}<\/script>\n<!-- \/ Yoast SEO plugin. -->","yoast_head_json":{"title":"El portavoz del consejo Volker Seefeldt renuncia a su cargo en HTAG de Colonia - Loginfo24","robots":{"index":"index","follow":"follow","max-snippet":"max-snippet:-1","max-image-preview":"max-image-preview:large","max-video-preview":"max-video-preview:-1"},"canonical":"https:\/\/loginfo24.com\/es\/2021\/09\/06\/el-portavoz-del-consejo-volker-seefeldt-renuncia-a-su-cargo-en-htag-de-colonia\/","og_locale":"es_ES","og_type":"article","og_title":"El portavoz del consejo Volker Seefeldt renuncia a su cargo en HTAG de Colonia - Loginfo24","og_description":"Despu\u00e9s de 30 a\u00f1os al servicio de su empresa, Volker Seefeldt renuncia a su cargo como portavoz del consejo de HTAG H\u00e4fen und Transport AG a [\u2026]","og_url":"https:\/\/loginfo24.com\/es\/2021\/09\/06\/el-portavoz-del-consejo-volker-seefeldt-renuncia-a-su-cargo-en-htag-de-colonia\/","og_site_name":"Loginfo24","article_publisher":"https:\/\/www.facebook.com\/people\/Loginfo24\/100057360583332\/","article_published_time":"2021-09-06T14:12:46+00:00","twitter_card":"summary_large_image","twitter_misc":{"Tiempo de lectura":"3 minuto"},"schema":{"@context":"https:\/\/schema.org","@graph":[{"@type":"Article","@id":"https:\/\/loginfo24.com\/es\/2021\/09\/06\/el-portavoz-del-consejo-volker-seefeldt-renuncia-a-su-cargo-en-htag-de-colonia\/#article","isPartOf":{"@id":"https:\/\/loginfo24.com\/es\/2021\/09\/06\/el-portavoz-del-consejo-volker-seefeldt-renuncia-a-su-cargo-en-htag-de-colonia\/"},"author":{"name":"","@id":""},"headline":"El portavoz del consejo Volker Seefeldt renuncia a su cargo en HTAG de Colonia","datePublished":"2021-09-06T14:12:46+00:00","mainEntityOfPage":{"@id":"https:\/\/loginfo24.com\/es\/2021\/09\/06\/el-portavoz-del-consejo-volker-seefeldt-renuncia-a-su-cargo-en-htag-de-colonia\/"},"wordCount":540,"commentCount":0,"publisher":{"@id":"https:\/\/loginfo24.com\/es\/#organization"},"articleSection":["Forwarding &amp; Logistics","Regions","Shipping &amp; Ports"],"inLanguage":"es","potentialAction":[{"@type":"CommentAction","name":"Comment","target":["https:\/\/loginfo24.com\/es\/2021\/09\/06\/el-portavoz-del-consejo-volker-seefeldt-renuncia-a-su-cargo-en-htag-de-colonia\/#respond"]}]},{"@type":"WebPage","@id":"https:\/\/loginfo24.com\/es\/2021\/09\/06\/el-portavoz-del-consejo-volker-seefeldt-renuncia-a-su-cargo-en-htag-de-colonia\/","url":"https:\/\/loginfo24.com\/es\/2021\/09\/06\/el-portavoz-del-consejo-volker-seefeldt-renuncia-a-su-cargo-en-htag-de-colonia\/","name":"El portavoz del consejo Volker Seefeldt renuncia a su cargo en HTAG de Colonia - Loginfo24","isPartOf":{"@id":"https:\/\/loginfo24.com\/es\/#website"},"datePublished":"2021-09-06T14:12:46+00:00","breadcrumb":{"@id":"https:\/\/loginfo24.com\/es\/2021\/09\/06\/el-portavoz-del-consejo-volker-seefeldt-renuncia-a-su-cargo-en-htag-de-colonia\/#breadcrumb"},"inLanguage":"es","potentialAction":[{"@type":"ReadAction","target":["https:\/\/loginfo24.com\/es\/2021\/09\/06\/el-portavoz-del-consejo-volker-seefeldt-renuncia-a-su-cargo-en-htag-de-colonia\/"]}]},{"@type":"BreadcrumbList","@id":"https:\/\/loginfo24.com\/es\/2021\/09\/06\/el-portavoz-del-consejo-volker-seefeldt-renuncia-a-su-cargo-en-htag-de-colonia\/#breadcrumb","itemListElement":[{"@type":"ListItem","position":1,"name":"Startseite","item":"https:\/\/loginfo24.com\/es\/"},{"@type":"ListItem","position":2,"name":"El portavoz del consejo Volker Seefeldt renuncia a su cargo en HTAG de Colonia"}]},{"@type":"WebSite","@id":"https:\/\/loginfo24.com\/es\/#website","url":"https:\/\/loginfo24.com\/es\/","name":"Loginfo24","description":"Loginfo24 es la plataforma dedicada a la log\u00edstica y las cadenas de suministro con informaci\u00f3n las 24 horas del d\u00eda.","publisher":{"@id":"https:\/\/loginfo24.com\/es\/#organization"},"potentialAction":[{"@type":"SearchAction","target":{"@type":"EntryPoint","urlTemplate":"https:\/\/loginfo24.com\/es\/?s={search_term_string}"},"query-input":{"@type":"PropertyValueSpecification","valueRequired":true,"valueName":"search_term_string"}}],"inLanguage":"es"},{"@type":"Organization","@id":"https:\/\/loginfo24.com\/es\/#organization","name":"Grupo Logismedia AG","url":"https:\/\/loginfo24.com\/es\/","logo":{"@type":"ImageObject","inLanguage":"es","@id":"https:\/\/loginfo24.com\/es\/#\/schema\/logo\/image\/","url":"https:\/\/loginfo24.com\/wp-content\/uploads\/sites\/7\/2026\/01\/Logo_LogInfo24.png","contentUrl":"https:\/\/loginfo24.com\/wp-content\/uploads\/sites\/7\/2026\/01\/Logo_LogInfo24.png","width":938,"height":351,"caption":"Grupo Logismedia AG"},"image":{"@id":"https:\/\/loginfo24.com\/es\/#\/schema\/logo\/image\/"},"sameAs":["https:\/\/www.facebook.com\/people\/Loginfo24\/100057360583332\/","https:\/\/www.linkedin.com\/company\/lofinfo24\/"]}]}},"_links":{"self":[{"href":"https:\/\/loginfo24.com\/es\/wp-json\/wp\/v2\/posts\/51659","targetHints":{"allow":["GET"]}}],"collection":[{"href":"https:\/\/loginfo24.com\/es\/wp-json\/wp\/v2\/posts"}],"about":[{"href":"https:\/\/loginfo24.com\/es\/wp-json\/wp\/v2\/types\/post"}],"replies":[{"embeddable":true,"href":"https:\/\/loginfo24.com\/es\/wp-json\/wp\/v2\/comments?post=51659"}],"version-history":[{"count":0,"href":"https:\/\/loginfo24.com\/es\/wp-json\/wp\/v2\/posts\/51659\/revisions"}],"wp:attachment":[{"href":"https:\/\/loginfo24.com\/es\/wp-json\/wp\/v2\/media?parent=51659"}],"wp:term":[{"taxonomy":"category","embeddable":true,"href":"https:\/\/loginfo24.com\/es\/wp-json\/wp\/v2\/categories?post=51659"},{"taxonomy":"post_tag","embeddable":true,"href":"https:\/\/loginfo24.com\/es\/wp-json\/wp\/v2\/tags?post=51659"}],"curies":[{"name":"wp","href":"https:\/\/api.w.org\/{rel}","templated":true}]}}