{"id":51569,"date":"2021-09-01T20:23:11","date_gmt":"2021-09-01T18:23:11","guid":{"rendered":"https:\/\/blog.brand-architecture.at\/2021\/09\/01\/trans-eu-se-traslada-a-la-metropoli-de-logistica-y-startups-berlin\/"},"modified":"2021-09-01T20:23:11","modified_gmt":"2021-09-01T18:23:11","slug":"trans-eu-se-traslada-a-la-metropoli-de-logistica-y-startups-berlin","status":"publish","type":"post","link":"https:\/\/loginfo24.com\/es\/2021\/09\/01\/trans-eu-se-traslada-a-la-metropoli-de-logistica-y-startups-berlin\/","title":{"rendered":"Trans.eu se traslada a la metr\u00f3poli de log\u00edstica y startups Berl\u00edn"},"content":{"rendered":"<p>La plataforma de transporte Trans.eu GmbH traslada su sede principal en Alemania a Berl\u00edn. \u00bfPor qu\u00e9 se ha elegido la capital alemana como ubicaci\u00f3n y qu\u00e9 espera Aleksandra Marszalek, CEO de Europa Occidental del grupo Trans.eu, de ello? La cosmopolita lo explica en una entrevista. La nueva sede se encuentra en el centro de la ciudad, cerca de la Potsdamer Platz. Hasta ahora, Trans.eu estaba ubicada en Lauenau, cerca de Hannover.<\/p>\n<p>&nbsp;<\/p>\n<p><strong><em>Se\u00f1ora Marszalek, \u00bfpor qu\u00e9 se traslada Trans.eu a Berl\u00edn?<\/em><\/strong><\/p>\n<p>Desde mi punto de vista, hay muchas buenas razones para elegir una ubicaci\u00f3n en una metr\u00f3poli vibrante: Berl\u00edn es, por un lado, uno de los principales lugares log\u00edsticos en Alemania debido a su ubicaci\u00f3n estrat\u00e9gica e infraestructura. Muchas empresas del sector del transporte y la log\u00edstica operan desde aqu\u00ed con gran \u00e9xito a nivel internacional. As\u00ed, Berl\u00edn tambi\u00e9n es una puerta hacia Europa del Este y ofrece caminos cortos hacia los mercados de crecimiento europeos. Por otro lado, encontramos en la capital alemana la cercan\u00eda a la pol\u00edtica y las asociaciones, y experimentamos Berl\u00edn como un epicentro para la movilidad del futuro, tambi\u00e9n caracterizado por emocionantes startups log\u00edsticas que aportan impulso a los desarrollos. Esto es importante para los temas con los que trabajamos como una de las principales plataformas log\u00edsticas europeas para el transporte terrestre. Y, por supuesto, aqu\u00ed tambi\u00e9n se llevan a cabo muchos eventos interesantes, como el Congreso Alem\u00e1n de Log\u00edstica de la Asociaci\u00f3n Federal de Log\u00edstica, por nombrar solo un evento.<\/p>\n<p><strong><em>\u00bfQu\u00e9 expectativas tiene con respecto a la ubicaci\u00f3n?<\/em><\/strong><\/p>\n<p>Berl\u00edn y toda su \u00e1rea circundante se caracterizan por una alta din\u00e1mica econ\u00f3mica. La capital federal es un verdadero centro de negocios, especialmente para Europa del Este. Dado que actualmente nos estamos estableciendo en el mercado alem\u00e1n, tambi\u00e9n es una especie de v\u00ednculo con nuestro origen en Europa del Este. Pero no solo es un punto neur\u00e1lgico desde el punto de vista econ\u00f3mico. Tambi\u00e9n es un crisol para personas de diferentes or\u00edgenes, idiomas o actitudes. Esto tambi\u00e9n es una buena base para el mercado de candidatos, y por lo tanto para nuestro reclutamiento. Porque atrae a muchos profesionales interesantes a Berl\u00edn. Y tambi\u00e9n hay un buen suministro de j\u00f3venes talentos, ya que Berl\u00edn cuenta con universidades de renombre internacional con c\u00e1tedras de log\u00edstica. Una vez que estos j\u00f3venes y talentos se han graduado y formado, r\u00e1pidamente encuentran conexi\u00f3n con el mercado laboral, por ejemplo, en Trans.eu. Aunque somos una empresa establecida con a\u00f1os de experiencia, hemos mantenido nuestra mentalidad de startup debido a nuestra reciente entrada en el mercado alem\u00e1n. Por eso encajamos con Berl\u00edn y la \u201cescena de profesionales\u201d berlinesa encaja con nosotros. Porque nos sentimos profundamente conectados con el esp\u00edritu experimental y creativo de la ciudad y siempre estamos listos para enfoques innovadores y nuevos impulsos.<\/p>\n<p><strong><em>\u00bfQu\u00e9 le atrae personalmente de Berl\u00edn?<\/em><\/strong><\/p>\n<p>Berl\u00edn es moderna, din\u00e1mica, una ciudad que nunca descansa. Me gusta el bullicio colorido, la atm\u00f3sfera relajada, la singularidad de muchas cosas, por ejemplo en el arte y la cultura. Por supuesto, Berl\u00edn tambi\u00e9n es un lugar hist\u00f3rico con una historia impresionante. Aqu\u00ed se combina con una cultura startup orientada hacia el futuro. Me gusta mucho eso.<\/p>\n<h5><\/h5>\n<h5><\/h5>\n<h5><strong>Sobre Trans.eu<\/strong><\/h5>\n<p>La plataforma Trans.eu se basa en una base de datos de transportistas que ha estado establecida durante m\u00e1s de 15 a\u00f1os, especialmente en el mercado de Europa del Este. Todas las empresas registradas han sido verificadas por el proveedor y habilitadas tras la validaci\u00f3n. Para permitir una colaboraci\u00f3n segura entre los transportistas y sus clientes, la plataforma IT cuenta con funciones sencillas para la gesti\u00f3n digital de pedidos. Esto incluye flujos de trabajo para la asignaci\u00f3n de pedidos, as\u00ed como evaluaciones mutuas de las partes contratantes tras la finalizaci\u00f3n de un transporte. En un mensajero en l\u00ednea integrado, toda la comunicaci\u00f3n para la asignaci\u00f3n de cargas en la plataforma Trans.eu se lleva a cabo. Se documenta y archiva autom\u00e1ticamente de forma digital. As\u00ed, la plataforma crea una mayor seguridad en la cooperaci\u00f3n entre transportistas y sus clientes mediante procesos digitales sencillos.<\/p>\n<p><a href=\"https:\/\/www.trans.eu\" target=\"_blank\" rel=\"noopener noreferrer\">www.trans.eu<\/a><\/p>\n<p>Foto: \u00a9 Trans.eu<\/p>\n","protected":false},"excerpt":{"rendered":"<p>La plataforma de transporte Trans.eu GmbH traslada su sede principal en Alemania a Berl\u00edn. \u00bfPor qu\u00e9 se ha elegido la capital alemana como ubicaci\u00f3n y qu\u00e9<span class=\"excerpt-hellip\"> [\u2026]<\/span><\/p>\n","protected":false},"author":0,"featured_media":0,"comment_status":"open","ping_status":"open","sticky":false,"template":"","format":"standard","meta":{"_acf_changed":false,"footnotes":""},"categories":[1557,1556,1561],"tags":[],"class_list":["post-51569","post","type-post","status-publish","format-standard","hentry","category-forwarding-logistics","category-intermodal-road","category-regions"],"acf":[],"yoast_head":"<!-- This site is optimized with the Yoast SEO plugin v27.3 - https:\/\/yoast.com\/product\/yoast-seo-wordpress\/ -->\n<title>Trans.eu se traslada a la metr\u00f3poli de log\u00edstica y startups Berl\u00edn - Loginfo24<\/title>\n<meta name=\"robots\" content=\"index, follow, max-snippet:-1, max-image-preview:large, max-video-preview:-1\" \/>\n<link rel=\"canonical\" href=\"https:\/\/loginfo24.com\/es\/2021\/09\/01\/trans-eu-se-traslada-a-la-metropoli-de-logistica-y-startups-berlin\/\" \/>\n<meta property=\"og:locale\" content=\"es_ES\" \/>\n<meta property=\"og:type\" content=\"article\" \/>\n<meta property=\"og:title\" content=\"Trans.eu se traslada a la metr\u00f3poli de log\u00edstica y startups Berl\u00edn - Loginfo24\" \/>\n<meta property=\"og:description\" content=\"La plataforma de transporte Trans.eu GmbH traslada su sede principal en Alemania a Berl\u00edn. \u00bfPor qu\u00e9 se ha elegido la capital alemana como ubicaci\u00f3n y qu\u00e9 [\u2026]\" \/>\n<meta property=\"og:url\" content=\"https:\/\/loginfo24.com\/es\/2021\/09\/01\/trans-eu-se-traslada-a-la-metropoli-de-logistica-y-startups-berlin\/\" \/>\n<meta property=\"og:site_name\" content=\"Loginfo24\" \/>\n<meta property=\"article:publisher\" content=\"https:\/\/www.facebook.com\/people\/Loginfo24\/100057360583332\/\" \/>\n<meta property=\"article:published_time\" content=\"2021-09-01T18:23:11+00:00\" \/>\n<meta name=\"twitter:card\" content=\"summary_large_image\" \/>\n<meta name=\"twitter:label1\" content=\"Tiempo de lectura\" \/>\n\t<meta name=\"twitter:data1\" content=\"4 minuto\" \/>\n<script type=\"application\/ld+json\" class=\"yoast-schema-graph\">{\"@context\":\"https:\\\/\\\/schema.org\",\"@graph\":[{\"@type\":\"Article\",\"@id\":\"https:\\\/\\\/loginfo24.com\\\/es\\\/2021\\\/09\\\/01\\\/trans-eu-se-traslada-a-la-metropoli-de-logistica-y-startups-berlin\\\/#article\",\"isPartOf\":{\"@id\":\"https:\\\/\\\/loginfo24.com\\\/es\\\/2021\\\/09\\\/01\\\/trans-eu-se-traslada-a-la-metropoli-de-logistica-y-startups-berlin\\\/\"},\"author\":{\"name\":\"\",\"@id\":\"\"},\"headline\":\"Trans.eu se traslada a la metr\u00f3poli de log\u00edstica y startups Berl\u00edn\",\"datePublished\":\"2021-09-01T18:23:11+00:00\",\"mainEntityOfPage\":{\"@id\":\"https:\\\/\\\/loginfo24.com\\\/es\\\/2021\\\/09\\\/01\\\/trans-eu-se-traslada-a-la-metropoli-de-logistica-y-startups-berlin\\\/\"},\"wordCount\":764,\"commentCount\":0,\"publisher\":{\"@id\":\"https:\\\/\\\/loginfo24.com\\\/es\\\/#organization\"},\"articleSection\":[\"Forwarding &amp; Logistics\",\"Intermodal \\\/ Road\",\"Regions\"],\"inLanguage\":\"es\",\"potentialAction\":[{\"@type\":\"CommentAction\",\"name\":\"Comment\",\"target\":[\"https:\\\/\\\/loginfo24.com\\\/es\\\/2021\\\/09\\\/01\\\/trans-eu-se-traslada-a-la-metropoli-de-logistica-y-startups-berlin\\\/#respond\"]}]},{\"@type\":\"WebPage\",\"@id\":\"https:\\\/\\\/loginfo24.com\\\/es\\\/2021\\\/09\\\/01\\\/trans-eu-se-traslada-a-la-metropoli-de-logistica-y-startups-berlin\\\/\",\"url\":\"https:\\\/\\\/loginfo24.com\\\/es\\\/2021\\\/09\\\/01\\\/trans-eu-se-traslada-a-la-metropoli-de-logistica-y-startups-berlin\\\/\",\"name\":\"Trans.eu se traslada a la metr\u00f3poli de log\u00edstica y startups Berl\u00edn - Loginfo24\",\"isPartOf\":{\"@id\":\"https:\\\/\\\/loginfo24.com\\\/es\\\/#website\"},\"datePublished\":\"2021-09-01T18:23:11+00:00\",\"breadcrumb\":{\"@id\":\"https:\\\/\\\/loginfo24.com\\\/es\\\/2021\\\/09\\\/01\\\/trans-eu-se-traslada-a-la-metropoli-de-logistica-y-startups-berlin\\\/#breadcrumb\"},\"inLanguage\":\"es\",\"potentialAction\":[{\"@type\":\"ReadAction\",\"target\":[\"https:\\\/\\\/loginfo24.com\\\/es\\\/2021\\\/09\\\/01\\\/trans-eu-se-traslada-a-la-metropoli-de-logistica-y-startups-berlin\\\/\"]}]},{\"@type\":\"BreadcrumbList\",\"@id\":\"https:\\\/\\\/loginfo24.com\\\/es\\\/2021\\\/09\\\/01\\\/trans-eu-se-traslada-a-la-metropoli-de-logistica-y-startups-berlin\\\/#breadcrumb\",\"itemListElement\":[{\"@type\":\"ListItem\",\"position\":1,\"name\":\"Startseite\",\"item\":\"https:\\\/\\\/loginfo24.com\\\/es\\\/\"},{\"@type\":\"ListItem\",\"position\":2,\"name\":\"Trans.eu se traslada a la metr\u00f3poli de log\u00edstica y startups Berl\u00edn\"}]},{\"@type\":\"WebSite\",\"@id\":\"https:\\\/\\\/loginfo24.com\\\/es\\\/#website\",\"url\":\"https:\\\/\\\/loginfo24.com\\\/es\\\/\",\"name\":\"Loginfo24\",\"description\":\"Loginfo24 es la plataforma dedicada a la log\u00edstica y las cadenas de suministro con informaci\u00f3n las 24 horas del d\u00eda.\",\"publisher\":{\"@id\":\"https:\\\/\\\/loginfo24.com\\\/es\\\/#organization\"},\"potentialAction\":[{\"@type\":\"SearchAction\",\"target\":{\"@type\":\"EntryPoint\",\"urlTemplate\":\"https:\\\/\\\/loginfo24.com\\\/es\\\/?s={search_term_string}\"},\"query-input\":{\"@type\":\"PropertyValueSpecification\",\"valueRequired\":true,\"valueName\":\"search_term_string\"}}],\"inLanguage\":\"es\"},{\"@type\":\"Organization\",\"@id\":\"https:\\\/\\\/loginfo24.com\\\/es\\\/#organization\",\"name\":\"Grupo Logismedia AG\",\"url\":\"https:\\\/\\\/loginfo24.com\\\/es\\\/\",\"logo\":{\"@type\":\"ImageObject\",\"inLanguage\":\"es\",\"@id\":\"https:\\\/\\\/loginfo24.com\\\/es\\\/#\\\/schema\\\/logo\\\/image\\\/\",\"url\":\"https:\\\/\\\/loginfo24.com\\\/wp-content\\\/uploads\\\/sites\\\/7\\\/2026\\\/01\\\/Logo_LogInfo24.png\",\"contentUrl\":\"https:\\\/\\\/loginfo24.com\\\/wp-content\\\/uploads\\\/sites\\\/7\\\/2026\\\/01\\\/Logo_LogInfo24.png\",\"width\":938,\"height\":351,\"caption\":\"Grupo Logismedia AG\"},\"image\":{\"@id\":\"https:\\\/\\\/loginfo24.com\\\/es\\\/#\\\/schema\\\/logo\\\/image\\\/\"},\"sameAs\":[\"https:\\\/\\\/www.facebook.com\\\/people\\\/Loginfo24\\\/100057360583332\\\/\",\"https:\\\/\\\/www.linkedin.com\\\/company\\\/lofinfo24\\\/\"]}]}<\/script>\n<!-- \/ Yoast SEO plugin. -->","yoast_head_json":{"title":"Trans.eu se traslada a la metr\u00f3poli de log\u00edstica y startups Berl\u00edn - Loginfo24","robots":{"index":"index","follow":"follow","max-snippet":"max-snippet:-1","max-image-preview":"max-image-preview:large","max-video-preview":"max-video-preview:-1"},"canonical":"https:\/\/loginfo24.com\/es\/2021\/09\/01\/trans-eu-se-traslada-a-la-metropoli-de-logistica-y-startups-berlin\/","og_locale":"es_ES","og_type":"article","og_title":"Trans.eu se traslada a la metr\u00f3poli de log\u00edstica y startups Berl\u00edn - Loginfo24","og_description":"La plataforma de transporte Trans.eu GmbH traslada su sede principal en Alemania a Berl\u00edn. \u00bfPor qu\u00e9 se ha elegido la capital alemana como ubicaci\u00f3n y qu\u00e9 [\u2026]","og_url":"https:\/\/loginfo24.com\/es\/2021\/09\/01\/trans-eu-se-traslada-a-la-metropoli-de-logistica-y-startups-berlin\/","og_site_name":"Loginfo24","article_publisher":"https:\/\/www.facebook.com\/people\/Loginfo24\/100057360583332\/","article_published_time":"2021-09-01T18:23:11+00:00","twitter_card":"summary_large_image","twitter_misc":{"Tiempo de lectura":"4 minuto"},"schema":{"@context":"https:\/\/schema.org","@graph":[{"@type":"Article","@id":"https:\/\/loginfo24.com\/es\/2021\/09\/01\/trans-eu-se-traslada-a-la-metropoli-de-logistica-y-startups-berlin\/#article","isPartOf":{"@id":"https:\/\/loginfo24.com\/es\/2021\/09\/01\/trans-eu-se-traslada-a-la-metropoli-de-logistica-y-startups-berlin\/"},"author":{"name":"","@id":""},"headline":"Trans.eu se traslada a la metr\u00f3poli de log\u00edstica y startups Berl\u00edn","datePublished":"2021-09-01T18:23:11+00:00","mainEntityOfPage":{"@id":"https:\/\/loginfo24.com\/es\/2021\/09\/01\/trans-eu-se-traslada-a-la-metropoli-de-logistica-y-startups-berlin\/"},"wordCount":764,"commentCount":0,"publisher":{"@id":"https:\/\/loginfo24.com\/es\/#organization"},"articleSection":["Forwarding &amp; Logistics","Intermodal \/ Road","Regions"],"inLanguage":"es","potentialAction":[{"@type":"CommentAction","name":"Comment","target":["https:\/\/loginfo24.com\/es\/2021\/09\/01\/trans-eu-se-traslada-a-la-metropoli-de-logistica-y-startups-berlin\/#respond"]}]},{"@type":"WebPage","@id":"https:\/\/loginfo24.com\/es\/2021\/09\/01\/trans-eu-se-traslada-a-la-metropoli-de-logistica-y-startups-berlin\/","url":"https:\/\/loginfo24.com\/es\/2021\/09\/01\/trans-eu-se-traslada-a-la-metropoli-de-logistica-y-startups-berlin\/","name":"Trans.eu se traslada a la metr\u00f3poli de log\u00edstica y startups Berl\u00edn - Loginfo24","isPartOf":{"@id":"https:\/\/loginfo24.com\/es\/#website"},"datePublished":"2021-09-01T18:23:11+00:00","breadcrumb":{"@id":"https:\/\/loginfo24.com\/es\/2021\/09\/01\/trans-eu-se-traslada-a-la-metropoli-de-logistica-y-startups-berlin\/#breadcrumb"},"inLanguage":"es","potentialAction":[{"@type":"ReadAction","target":["https:\/\/loginfo24.com\/es\/2021\/09\/01\/trans-eu-se-traslada-a-la-metropoli-de-logistica-y-startups-berlin\/"]}]},{"@type":"BreadcrumbList","@id":"https:\/\/loginfo24.com\/es\/2021\/09\/01\/trans-eu-se-traslada-a-la-metropoli-de-logistica-y-startups-berlin\/#breadcrumb","itemListElement":[{"@type":"ListItem","position":1,"name":"Startseite","item":"https:\/\/loginfo24.com\/es\/"},{"@type":"ListItem","position":2,"name":"Trans.eu se traslada a la metr\u00f3poli de log\u00edstica y startups Berl\u00edn"}]},{"@type":"WebSite","@id":"https:\/\/loginfo24.com\/es\/#website","url":"https:\/\/loginfo24.com\/es\/","name":"Loginfo24","description":"Loginfo24 es la plataforma dedicada a la log\u00edstica y las cadenas de suministro con informaci\u00f3n las 24 horas del d\u00eda.","publisher":{"@id":"https:\/\/loginfo24.com\/es\/#organization"},"potentialAction":[{"@type":"SearchAction","target":{"@type":"EntryPoint","urlTemplate":"https:\/\/loginfo24.com\/es\/?s={search_term_string}"},"query-input":{"@type":"PropertyValueSpecification","valueRequired":true,"valueName":"search_term_string"}}],"inLanguage":"es"},{"@type":"Organization","@id":"https:\/\/loginfo24.com\/es\/#organization","name":"Grupo Logismedia AG","url":"https:\/\/loginfo24.com\/es\/","logo":{"@type":"ImageObject","inLanguage":"es","@id":"https:\/\/loginfo24.com\/es\/#\/schema\/logo\/image\/","url":"https:\/\/loginfo24.com\/wp-content\/uploads\/sites\/7\/2026\/01\/Logo_LogInfo24.png","contentUrl":"https:\/\/loginfo24.com\/wp-content\/uploads\/sites\/7\/2026\/01\/Logo_LogInfo24.png","width":938,"height":351,"caption":"Grupo Logismedia AG"},"image":{"@id":"https:\/\/loginfo24.com\/es\/#\/schema\/logo\/image\/"},"sameAs":["https:\/\/www.facebook.com\/people\/Loginfo24\/100057360583332\/","https:\/\/www.linkedin.com\/company\/lofinfo24\/"]}]}},"_links":{"self":[{"href":"https:\/\/loginfo24.com\/es\/wp-json\/wp\/v2\/posts\/51569","targetHints":{"allow":["GET"]}}],"collection":[{"href":"https:\/\/loginfo24.com\/es\/wp-json\/wp\/v2\/posts"}],"about":[{"href":"https:\/\/loginfo24.com\/es\/wp-json\/wp\/v2\/types\/post"}],"replies":[{"embeddable":true,"href":"https:\/\/loginfo24.com\/es\/wp-json\/wp\/v2\/comments?post=51569"}],"version-history":[{"count":0,"href":"https:\/\/loginfo24.com\/es\/wp-json\/wp\/v2\/posts\/51569\/revisions"}],"wp:attachment":[{"href":"https:\/\/loginfo24.com\/es\/wp-json\/wp\/v2\/media?parent=51569"}],"wp:term":[{"taxonomy":"category","embeddable":true,"href":"https:\/\/loginfo24.com\/es\/wp-json\/wp\/v2\/categories?post=51569"},{"taxonomy":"post_tag","embeddable":true,"href":"https:\/\/loginfo24.com\/es\/wp-json\/wp\/v2\/tags?post=51569"}],"curies":[{"name":"wp","href":"https:\/\/api.w.org\/{rel}","templated":true}]}}