{"id":51333,"date":"2021-08-18T19:42:23","date_gmt":"2021-08-18T17:42:23","guid":{"rendered":"https:\/\/blog.brand-architecture.at\/2021\/08\/18\/dr-trefzger-y-bicil-como-ponentes-principales-en-el-supply-chain-innovation-day\/"},"modified":"2021-08-18T19:42:23","modified_gmt":"2021-08-18T17:42:23","slug":"dr-trefzger-y-bicil-como-ponentes-principales-en-el-supply-chain-innovation-day","status":"publish","type":"post","link":"https:\/\/loginfo24.com\/es\/2021\/08\/18\/dr-trefzger-y-bicil-como-ponentes-principales-en-el-supply-chain-innovation-day\/","title":{"rendered":"Dr. Trefzger y Bicil como ponentes principales en el Supply Chain Innovation Day"},"content":{"rendered":"<p>El Instituto de Gesti\u00f3n de la Cadena de Suministro de la Universidad de St.Gallen (ISCM-HSG) organiza este a\u00f1o el Supply Chain Innovation Day 2021 (SCID) el 28 de septiembre de 2021 en la Casa W\u00fcrth de Rorschach. Este evento insignia de todo el d\u00eda se ha consolidado en los \u00faltimos a\u00f1os como una parte fundamental del calendario de la comunidad de log\u00edstica y cadena de suministro y, tras dos aplazamientos debido al coronavirus, finalmente podr\u00e1 llevarse a cabo de forma presencial.<\/p>\n<p>(St. Gallen\/Rorschach) El ISCM-HSG ha sido durante muchos a\u00f1os un garante de un intercambio \u00fanico con expertos de alto nivel de la industria, la investigaci\u00f3n y la pr\u00e1ctica, con representantes de empresas de renombre y con innovadoras startups del \u00e1mbito de la gesti\u00f3n de la cadena de suministro.<\/p>\n<p>Este a\u00f1o, el SCID se llevar\u00e1 a cabo bajo el lema: \u00abGesti\u00f3n de la cadena de suministro en tiempos desafiantes \u2013 Reducci\u00f3n de costos y aumento de la eficiencia a trav\u00e9s de innovaciones en la cadena de suministro\u00bb y est\u00e1 dirigido especialmente a l\u00edderes, tomadores de decisiones, interesados y startups de la comunidad de log\u00edstica y cadena de suministro.<\/p>\n<p>Como uno de los primeros formatos en el mercado, el SCID vuelve a centrarse completamente en un evento presencial. Por supuesto, se ha implementado un completo concepto de higiene en el lugar, que se ajusta estrictamente a las regulaciones vigentes en el momento del evento. Las amplias instalaciones en la exclusiva ubicaci\u00f3n del evento ofrecen a los participantes tanto suficiente distancia como un intercambio interactivo y personal.<\/p>\n<h5><strong>Los enfoques son la disrupci\u00f3n, el aumento de la eficiencia y la resiliencia<\/strong><\/h5>\n<p>El programa estar\u00e1 enmarcado por dos ponencias destacadas. Este a\u00f1o, se han conseguido como ponentes a Dr. Detlef Trefzger, CEO de K\u00fchne + Nagel International, y Hakan Bicil, CEO de Imperial Logistics International.<\/p>\n<p>Los enfoques tem\u00e1ticos del SCID son las siguientes tres sesiones:<\/p>\n<ul>\n<li>M\u00e1s estabilidad en la cadena de suministro \u2013 \u00bfGesti\u00f3n de la disrupci\u00f3n o redise\u00f1o?<\/li>\n<li>Nuevos servicios digitales \u2013 \u00bfAumento de la eficiencia o generaci\u00f3n de valor?<\/li>\n<li>Resiliencia \u2013 \u00bfUna nueva dimensi\u00f3n de rendimiento para las cadenas de suministro?<\/li>\n<\/ul>\n<p>Expertos seleccionados tendr\u00e1n la oportunidad de compartir sus experiencias y conocimientos en el escenario durante las sesiones de una hora, antes de que la discusi\u00f3n se ampl\u00ede interactivamente al p\u00fablico especializado a trav\u00e9s de nuestros moderadores experimentados. Porque los participantes son el centro del SCID.<\/p>\n<p>En pausas deliberadamente amplias, se ha garantizado el bienestar y una forma relajada de intercambio: con nuestro concepto de cambio integrado en las pausas, tendr\u00e1 la oportunidad de contactar directamente con los expertos y l\u00edderes de las empresas patrocinadoras y startups participantes en muchos stands de empresas y ampliar su red.<\/p>\n<h5><strong>Las startups ocupan un papel especial<\/strong><\/h5>\n<p>Las startups, como el ep\u00edtome de las empresas impulsoras y creadoras de innovaci\u00f3n, ocupan un papel muy especial en el evento. M\u00e1s all\u00e1 de los stands de empresas mencionados, las startups participantes presentar\u00e1n sus modelos de negocio innovadores en una sesi\u00f3n central al plenario del evento. Los representantes de las corporaciones tienen la oportunidad, paralelamente, de reservar \u00abspeed-dates\u00bb individuales con las startups de manera sencilla a trav\u00e9s de una herramienta en l\u00ednea. Las breves speed-dates se llevar\u00e1n a cabo paralelamente al programa del SCID en los stands de las startups.<\/p>\n<p>Nos complace presentarles como otro punto culminante de nuestro evento en las dos sesiones \u00abArena de soluciones \u2013 Ganadores en la gesti\u00f3n de la cadena de suministro\u00bb con el Grupo BMW y la log\u00edstica del Grupo Volkswagen a los actuales ganadores del VDA Logistik Award 2021, as\u00ed como con la Cooperativa Migros de Suiza Oriental y Sch\u00f6ni Transport AG a los dos actuales ganadores del Eco Performance Award 2020. Esperen conceptos y implementaciones altamente innovadoras y sostenibles de las empresas galardonadas.<\/p>\n<h5><strong>Evento de la noche: Management Board Summit<\/strong><\/h5>\n<p>Tras la finalizaci\u00f3n del programa, sigue el evento de la noche, el Management Board Summit, la parte m\u00e1s relajada del evento. Con un exclusivo buffet de parrilla y bebidas libres de su elecci\u00f3n, inicialmente se les espera con una estimulante charla durante la cena con los MotionMiners de Dortmund (Alemania). La startup demostr\u00f3 con la innovadora expansi\u00f3n de su modelo de negocio una creatividad \u00fanica en tiempos desafiantes, especialmente para las microempresas, durante la crisis del coronavirus. Tras unas breves palabras de saludo de la asociaci\u00f3n de apoyo del ISCM-HSG, el resto de la noche estar\u00e1 a su disposici\u00f3n. Sigan intercambiando ideas y disfrutando de la atm\u00f3sfera relajada junto a la hermosa orilla del lago de Constanza. El evento finaliza a las 22:00 y se llevar\u00e1 a cabo nuevamente el 27 de septiembre de 2022 en la ubicaci\u00f3n habitual.<\/p>\n<p>El SCID ha sido durante a\u00f1os un s\u00edmbolo de una atm\u00f3sfera relajada y familiar. Por lo tanto, la vestimenta de negocios puede quedarse en casa. El c\u00f3digo de vestimenta es casual \/ deportivo.<\/p>\n<h3><a href=\"https:\/\/iscm.unisg.ch\/de\/weiterbildung-und-events\/supply-chain-innovation-day\" target=\"_blank\" rel=\"noopener noreferrer\"><strong>M\u00e1s informaci\u00f3n y registro en l\u00ednea para el evento<\/strong><\/a><\/h3>\n","protected":false},"excerpt":{"rendered":"<p>El Instituto de Gesti\u00f3n de la Cadena de Suministro de la Universidad de St.Gallen (ISCM-HSG) organiza este a\u00f1o el Supply Chain Innovation Day 2021 (SCID) el<span class=\"excerpt-hellip\"> [\u2026]<\/span><\/p>\n","protected":false},"author":0,"featured_media":0,"comment_status":"open","ping_status":"open","sticky":false,"template":"","format":"standard","meta":{"_acf_changed":false,"footnotes":""},"categories":[1665,1557,1561],"tags":[],"class_list":["post-51333","post","type-post","status-publish","format-standard","hentry","category-categories","category-forwarding-logistics","category-regions"],"acf":[],"yoast_head":"<!-- This site is optimized with the Yoast SEO plugin v27.3 - https:\/\/yoast.com\/product\/yoast-seo-wordpress\/ -->\n<title>Dr. Trefzger y Bicil como ponentes principales en el Supply Chain Innovation Day - Loginfo24<\/title>\n<meta name=\"robots\" content=\"index, follow, max-snippet:-1, max-image-preview:large, max-video-preview:-1\" \/>\n<link rel=\"canonical\" href=\"https:\/\/loginfo24.com\/es\/2021\/08\/18\/dr-trefzger-y-bicil-como-ponentes-principales-en-el-supply-chain-innovation-day\/\" \/>\n<meta property=\"og:locale\" content=\"es_ES\" \/>\n<meta property=\"og:type\" content=\"article\" \/>\n<meta property=\"og:title\" content=\"Dr. Trefzger y Bicil como ponentes principales en el Supply Chain Innovation Day - Loginfo24\" \/>\n<meta property=\"og:description\" content=\"El Instituto de Gesti\u00f3n de la Cadena de Suministro de la Universidad de St.Gallen (ISCM-HSG) organiza este a\u00f1o el Supply Chain Innovation Day 2021 (SCID) el [\u2026]\" \/>\n<meta property=\"og:url\" content=\"https:\/\/loginfo24.com\/es\/2021\/08\/18\/dr-trefzger-y-bicil-como-ponentes-principales-en-el-supply-chain-innovation-day\/\" \/>\n<meta property=\"og:site_name\" content=\"Loginfo24\" \/>\n<meta property=\"article:publisher\" content=\"https:\/\/www.facebook.com\/people\/Loginfo24\/100057360583332\/\" \/>\n<meta property=\"article:published_time\" content=\"2021-08-18T17:42:23+00:00\" \/>\n<meta name=\"twitter:card\" content=\"summary_large_image\" \/>\n<meta name=\"twitter:label1\" content=\"Tiempo de lectura\" \/>\n\t<meta name=\"twitter:data1\" content=\"4 minuto\" \/>\n<script type=\"application\/ld+json\" class=\"yoast-schema-graph\">{\"@context\":\"https:\\\/\\\/schema.org\",\"@graph\":[{\"@type\":\"Article\",\"@id\":\"https:\\\/\\\/loginfo24.com\\\/es\\\/2021\\\/08\\\/18\\\/dr-trefzger-y-bicil-como-ponentes-principales-en-el-supply-chain-innovation-day\\\/#article\",\"isPartOf\":{\"@id\":\"https:\\\/\\\/loginfo24.com\\\/es\\\/2021\\\/08\\\/18\\\/dr-trefzger-y-bicil-como-ponentes-principales-en-el-supply-chain-innovation-day\\\/\"},\"author\":{\"name\":\"\",\"@id\":\"\"},\"headline\":\"Dr. Trefzger y Bicil como ponentes principales en el Supply Chain Innovation Day\",\"datePublished\":\"2021-08-18T17:42:23+00:00\",\"mainEntityOfPage\":{\"@id\":\"https:\\\/\\\/loginfo24.com\\\/es\\\/2021\\\/08\\\/18\\\/dr-trefzger-y-bicil-como-ponentes-principales-en-el-supply-chain-innovation-day\\\/\"},\"wordCount\":869,\"commentCount\":0,\"publisher\":{\"@id\":\"https:\\\/\\\/loginfo24.com\\\/es\\\/#organization\"},\"articleSection\":[\"Categories\",\"Forwarding &amp; Logistics\",\"Regions\"],\"inLanguage\":\"es\",\"potentialAction\":[{\"@type\":\"CommentAction\",\"name\":\"Comment\",\"target\":[\"https:\\\/\\\/loginfo24.com\\\/es\\\/2021\\\/08\\\/18\\\/dr-trefzger-y-bicil-como-ponentes-principales-en-el-supply-chain-innovation-day\\\/#respond\"]}]},{\"@type\":\"WebPage\",\"@id\":\"https:\\\/\\\/loginfo24.com\\\/es\\\/2021\\\/08\\\/18\\\/dr-trefzger-y-bicil-como-ponentes-principales-en-el-supply-chain-innovation-day\\\/\",\"url\":\"https:\\\/\\\/loginfo24.com\\\/es\\\/2021\\\/08\\\/18\\\/dr-trefzger-y-bicil-como-ponentes-principales-en-el-supply-chain-innovation-day\\\/\",\"name\":\"Dr. Trefzger y Bicil como ponentes principales en el Supply Chain Innovation Day - Loginfo24\",\"isPartOf\":{\"@id\":\"https:\\\/\\\/loginfo24.com\\\/es\\\/#website\"},\"datePublished\":\"2021-08-18T17:42:23+00:00\",\"breadcrumb\":{\"@id\":\"https:\\\/\\\/loginfo24.com\\\/es\\\/2021\\\/08\\\/18\\\/dr-trefzger-y-bicil-como-ponentes-principales-en-el-supply-chain-innovation-day\\\/#breadcrumb\"},\"inLanguage\":\"es\",\"potentialAction\":[{\"@type\":\"ReadAction\",\"target\":[\"https:\\\/\\\/loginfo24.com\\\/es\\\/2021\\\/08\\\/18\\\/dr-trefzger-y-bicil-como-ponentes-principales-en-el-supply-chain-innovation-day\\\/\"]}]},{\"@type\":\"BreadcrumbList\",\"@id\":\"https:\\\/\\\/loginfo24.com\\\/es\\\/2021\\\/08\\\/18\\\/dr-trefzger-y-bicil-como-ponentes-principales-en-el-supply-chain-innovation-day\\\/#breadcrumb\",\"itemListElement\":[{\"@type\":\"ListItem\",\"position\":1,\"name\":\"Startseite\",\"item\":\"https:\\\/\\\/loginfo24.com\\\/es\\\/\"},{\"@type\":\"ListItem\",\"position\":2,\"name\":\"Dr. Trefzger y Bicil como ponentes principales en el Supply Chain Innovation Day\"}]},{\"@type\":\"WebSite\",\"@id\":\"https:\\\/\\\/loginfo24.com\\\/es\\\/#website\",\"url\":\"https:\\\/\\\/loginfo24.com\\\/es\\\/\",\"name\":\"Loginfo24\",\"description\":\"Loginfo24 es la plataforma dedicada a la log\u00edstica y las cadenas de suministro con informaci\u00f3n las 24 horas del d\u00eda.\",\"publisher\":{\"@id\":\"https:\\\/\\\/loginfo24.com\\\/es\\\/#organization\"},\"potentialAction\":[{\"@type\":\"SearchAction\",\"target\":{\"@type\":\"EntryPoint\",\"urlTemplate\":\"https:\\\/\\\/loginfo24.com\\\/es\\\/?s={search_term_string}\"},\"query-input\":{\"@type\":\"PropertyValueSpecification\",\"valueRequired\":true,\"valueName\":\"search_term_string\"}}],\"inLanguage\":\"es\"},{\"@type\":\"Organization\",\"@id\":\"https:\\\/\\\/loginfo24.com\\\/es\\\/#organization\",\"name\":\"Grupo Logismedia AG\",\"url\":\"https:\\\/\\\/loginfo24.com\\\/es\\\/\",\"logo\":{\"@type\":\"ImageObject\",\"inLanguage\":\"es\",\"@id\":\"https:\\\/\\\/loginfo24.com\\\/es\\\/#\\\/schema\\\/logo\\\/image\\\/\",\"url\":\"https:\\\/\\\/loginfo24.com\\\/wp-content\\\/uploads\\\/sites\\\/7\\\/2026\\\/01\\\/Logo_LogInfo24.png\",\"contentUrl\":\"https:\\\/\\\/loginfo24.com\\\/wp-content\\\/uploads\\\/sites\\\/7\\\/2026\\\/01\\\/Logo_LogInfo24.png\",\"width\":938,\"height\":351,\"caption\":\"Grupo Logismedia AG\"},\"image\":{\"@id\":\"https:\\\/\\\/loginfo24.com\\\/es\\\/#\\\/schema\\\/logo\\\/image\\\/\"},\"sameAs\":[\"https:\\\/\\\/www.facebook.com\\\/people\\\/Loginfo24\\\/100057360583332\\\/\",\"https:\\\/\\\/www.linkedin.com\\\/company\\\/lofinfo24\\\/\"]}]}<\/script>\n<!-- \/ Yoast SEO plugin. -->","yoast_head_json":{"title":"Dr. Trefzger y Bicil como ponentes principales en el Supply Chain Innovation Day - Loginfo24","robots":{"index":"index","follow":"follow","max-snippet":"max-snippet:-1","max-image-preview":"max-image-preview:large","max-video-preview":"max-video-preview:-1"},"canonical":"https:\/\/loginfo24.com\/es\/2021\/08\/18\/dr-trefzger-y-bicil-como-ponentes-principales-en-el-supply-chain-innovation-day\/","og_locale":"es_ES","og_type":"article","og_title":"Dr. Trefzger y Bicil como ponentes principales en el Supply Chain Innovation Day - Loginfo24","og_description":"El Instituto de Gesti\u00f3n de la Cadena de Suministro de la Universidad de St.Gallen (ISCM-HSG) organiza este a\u00f1o el Supply Chain Innovation Day 2021 (SCID) el [\u2026]","og_url":"https:\/\/loginfo24.com\/es\/2021\/08\/18\/dr-trefzger-y-bicil-como-ponentes-principales-en-el-supply-chain-innovation-day\/","og_site_name":"Loginfo24","article_publisher":"https:\/\/www.facebook.com\/people\/Loginfo24\/100057360583332\/","article_published_time":"2021-08-18T17:42:23+00:00","twitter_card":"summary_large_image","twitter_misc":{"Tiempo de lectura":"4 minuto"},"schema":{"@context":"https:\/\/schema.org","@graph":[{"@type":"Article","@id":"https:\/\/loginfo24.com\/es\/2021\/08\/18\/dr-trefzger-y-bicil-como-ponentes-principales-en-el-supply-chain-innovation-day\/#article","isPartOf":{"@id":"https:\/\/loginfo24.com\/es\/2021\/08\/18\/dr-trefzger-y-bicil-como-ponentes-principales-en-el-supply-chain-innovation-day\/"},"author":{"name":"","@id":""},"headline":"Dr. Trefzger y Bicil como ponentes principales en el Supply Chain Innovation Day","datePublished":"2021-08-18T17:42:23+00:00","mainEntityOfPage":{"@id":"https:\/\/loginfo24.com\/es\/2021\/08\/18\/dr-trefzger-y-bicil-como-ponentes-principales-en-el-supply-chain-innovation-day\/"},"wordCount":869,"commentCount":0,"publisher":{"@id":"https:\/\/loginfo24.com\/es\/#organization"},"articleSection":["Categories","Forwarding &amp; Logistics","Regions"],"inLanguage":"es","potentialAction":[{"@type":"CommentAction","name":"Comment","target":["https:\/\/loginfo24.com\/es\/2021\/08\/18\/dr-trefzger-y-bicil-como-ponentes-principales-en-el-supply-chain-innovation-day\/#respond"]}]},{"@type":"WebPage","@id":"https:\/\/loginfo24.com\/es\/2021\/08\/18\/dr-trefzger-y-bicil-como-ponentes-principales-en-el-supply-chain-innovation-day\/","url":"https:\/\/loginfo24.com\/es\/2021\/08\/18\/dr-trefzger-y-bicil-como-ponentes-principales-en-el-supply-chain-innovation-day\/","name":"Dr. Trefzger y Bicil como ponentes principales en el Supply Chain Innovation Day - Loginfo24","isPartOf":{"@id":"https:\/\/loginfo24.com\/es\/#website"},"datePublished":"2021-08-18T17:42:23+00:00","breadcrumb":{"@id":"https:\/\/loginfo24.com\/es\/2021\/08\/18\/dr-trefzger-y-bicil-como-ponentes-principales-en-el-supply-chain-innovation-day\/#breadcrumb"},"inLanguage":"es","potentialAction":[{"@type":"ReadAction","target":["https:\/\/loginfo24.com\/es\/2021\/08\/18\/dr-trefzger-y-bicil-como-ponentes-principales-en-el-supply-chain-innovation-day\/"]}]},{"@type":"BreadcrumbList","@id":"https:\/\/loginfo24.com\/es\/2021\/08\/18\/dr-trefzger-y-bicil-como-ponentes-principales-en-el-supply-chain-innovation-day\/#breadcrumb","itemListElement":[{"@type":"ListItem","position":1,"name":"Startseite","item":"https:\/\/loginfo24.com\/es\/"},{"@type":"ListItem","position":2,"name":"Dr. Trefzger y Bicil como ponentes principales en el Supply Chain Innovation Day"}]},{"@type":"WebSite","@id":"https:\/\/loginfo24.com\/es\/#website","url":"https:\/\/loginfo24.com\/es\/","name":"Loginfo24","description":"Loginfo24 es la plataforma dedicada a la log\u00edstica y las cadenas de suministro con informaci\u00f3n las 24 horas del d\u00eda.","publisher":{"@id":"https:\/\/loginfo24.com\/es\/#organization"},"potentialAction":[{"@type":"SearchAction","target":{"@type":"EntryPoint","urlTemplate":"https:\/\/loginfo24.com\/es\/?s={search_term_string}"},"query-input":{"@type":"PropertyValueSpecification","valueRequired":true,"valueName":"search_term_string"}}],"inLanguage":"es"},{"@type":"Organization","@id":"https:\/\/loginfo24.com\/es\/#organization","name":"Grupo Logismedia AG","url":"https:\/\/loginfo24.com\/es\/","logo":{"@type":"ImageObject","inLanguage":"es","@id":"https:\/\/loginfo24.com\/es\/#\/schema\/logo\/image\/","url":"https:\/\/loginfo24.com\/wp-content\/uploads\/sites\/7\/2026\/01\/Logo_LogInfo24.png","contentUrl":"https:\/\/loginfo24.com\/wp-content\/uploads\/sites\/7\/2026\/01\/Logo_LogInfo24.png","width":938,"height":351,"caption":"Grupo Logismedia AG"},"image":{"@id":"https:\/\/loginfo24.com\/es\/#\/schema\/logo\/image\/"},"sameAs":["https:\/\/www.facebook.com\/people\/Loginfo24\/100057360583332\/","https:\/\/www.linkedin.com\/company\/lofinfo24\/"]}]}},"_links":{"self":[{"href":"https:\/\/loginfo24.com\/es\/wp-json\/wp\/v2\/posts\/51333","targetHints":{"allow":["GET"]}}],"collection":[{"href":"https:\/\/loginfo24.com\/es\/wp-json\/wp\/v2\/posts"}],"about":[{"href":"https:\/\/loginfo24.com\/es\/wp-json\/wp\/v2\/types\/post"}],"replies":[{"embeddable":true,"href":"https:\/\/loginfo24.com\/es\/wp-json\/wp\/v2\/comments?post=51333"}],"version-history":[{"count":0,"href":"https:\/\/loginfo24.com\/es\/wp-json\/wp\/v2\/posts\/51333\/revisions"}],"wp:attachment":[{"href":"https:\/\/loginfo24.com\/es\/wp-json\/wp\/v2\/media?parent=51333"}],"wp:term":[{"taxonomy":"category","embeddable":true,"href":"https:\/\/loginfo24.com\/es\/wp-json\/wp\/v2\/categories?post=51333"},{"taxonomy":"post_tag","embeddable":true,"href":"https:\/\/loginfo24.com\/es\/wp-json\/wp\/v2\/tags?post=51333"}],"curies":[{"name":"wp","href":"https:\/\/api.w.org\/{rel}","templated":true}]}}