{"id":51327,"date":"2021-08-18T15:01:12","date_gmt":"2021-08-18T13:01:12","guid":{"rendered":"https:\/\/blog.brand-architecture.at\/2021\/08\/18\/dhl-freight-con-la-primera-piedra-para-un-nuevo-centro-de-carga-en-erlensee\/"},"modified":"2021-08-18T15:01:12","modified_gmt":"2021-08-18T13:01:12","slug":"dhl-freight-con-la-primera-piedra-para-un-nuevo-centro-de-carga-en-erlensee","status":"publish","type":"post","link":"https:\/\/loginfo24.com\/es\/2021\/08\/18\/dhl-freight-con-la-primera-piedra-para-un-nuevo-centro-de-carga-en-erlensee\/","title":{"rendered":"DHL Freight con la primera piedra para un nuevo centro de carga en Erlensee"},"content":{"rendered":"<p>DHL Freight planea un moderno centro de carga en el antiguo terreno del aeropuerto en el parque industrial Fliegerhorst cerca de Erlensee. Se ha realizado la primera piedra y la nueva instalaci\u00f3n se espera que entre en funcionamiento a mediados de 2022. La nueva construcci\u00f3n servir\u00e1 para aumentar a\u00fan m\u00e1s la eficiencia y calidad en la red europea de DHL Freight. La torre protegida como monumento del antiguo aeropuerto Fliegerhorst es parte del concepto.<\/p>\n<p>(Bonn\/Erlensee) DHL Freight, uno de los principales proveedores de transporte por carretera en Europa, planea una nueva instalaci\u00f3n de transbordo en la zona de Frankfurt am Main para seguir mejorando la eficiencia y la calidad del servicio en su red europea. El moderno centro de carga se construir\u00e1 en el antiguo terreno del aeropuerto en el parque industrial Fliegerhorst cerca de Erlensee. El concepto incluye tres edificios: un terminal de crossdock, un almac\u00e9n para productos qu\u00edmicos especiales y materiales de producci\u00f3n generales, as\u00ed como espacios de oficina, que se crear\u00e1n en su mayor\u00eda en la torre protegida como monumento, que ser\u00e1 cuidadosamente renovada. El proyecto de nueva construcci\u00f3n, que abarca aproximadamente 82,840 m\u00b2, se desarrollar\u00e1 de acuerdo con los m\u00e1s modernos est\u00e1ndares de construcci\u00f3n y medio ambiente, conforme a la hoja de ruta de sostenibilidad del Deutsche Post DHL Group, que prev\u00e9 una construcci\u00f3n sostenible en nuevos edificios.<\/p>\n<h5><strong>Techos parcialmente verdes y parcialmente con fotovoltaica<\/strong><\/h5>\n<p>Los techos del almac\u00e9n y del edificio de recepci\u00f3n ser\u00e1n ajardinados. Adem\u00e1s, la superficie del techo del terminal de crossdock ofrece potencial para la instalaci\u00f3n de un sistema fotovoltaico de hasta 1 MWp (megavatio pico). El inicio oficial de la construcci\u00f3n fue acompa\u00f1ado por Thorsten Stolz, presidente del distrito de Main-Kinzig, Stefan Erb, alcalde de Erlensee, el promotor Ferdinand F\u00e4th, director general de F\u00e4th Immobilien, Dr. Thomas Vogel, CEO de DHL Freight DACH, G\u00f6tz Hanningsmann, director de la sucursal de Erlensee y gerente del \u00e1rea central de DHL Freight, y Gero Schiffelmann, miembro de la direcci\u00f3n de DHL Freight Alemania.<br \/><div id=\"attachment_13645\" style=\"width: 1034px\" class=\"wp-caption alignnone\"><img loading=\"lazy\" decoding=\"async\" aria-describedby=\"caption-attachment-13645\" class=\"wp-image-13645 size-large\" src=\"https:\/\/loginfo24.com\/wp-content\/uploads\/sites\/7\/2025\/12\/DHL_17.8.21_1.jpg\" alt=\"\" width=\"1024\" height=\"504\" \/><p id=\"caption-attachment-13645\" class=\"wp-caption-text\">(de izquierda a derecha) Sylvia Braun (alcaldesa de Bruchk\u00f6bel), Stefan Erb (alcalde de Erlensee), Thorsten Stolz (presidente del distrito de Main-Kinzig), Ferdinand F\u00e4th (promotor, F\u00e4th Immobilien), Dr. Thomas Vogel (CEO de DHL Freight DACH), G\u00f6tz Hanningsmann (director de la sucursal de Erlensee y gerente del \u00e1rea central de DHL Freight) y Gero Schiffelmann (miembro de la direcci\u00f3n de DHL Freight Alemania) (Foto: \u00a9 DHL)<\/p><\/div><br \/>La nueva ubicaci\u00f3n en Erlensee, en el distrito de Main-Kinzig, realizada por F\u00e4th Immobilien, est\u00e1 convenientemente situada cerca de los nudos de autopistas BAB 66 y 45, y tambi\u00e9n est\u00e1 a solo unos 25 km de Frankfurt am Main. Aproximadamente 260 empleados de la sucursal de DHL Freight Maintal y de DHL Freight Euronet se trasladar\u00e1n a Erlensee, y se espera que el n\u00famero de empleados crezca a corto y medio plazo a alrededor de 300. De este modo, DHL Freight sigue ampliando su capacidad en su red europea de carga fraccionada y responde a la enorme demanda de soluciones de transporte en el transporte de mercanc\u00edas por carretera.<\/p>\n<h5><strong>Aumento de la demanda de servicios log\u00edsticos<\/strong><\/h5>\n<p>\u00abLa demanda de transporte por carretera y servicios log\u00edsticos personalizados est\u00e1 en constante aumento. Como expertos en log\u00edstica l\u00edderes, a menudo somos uno de los primeros puntos de contacto cuando se requieren soluciones eficientes para desaf\u00edos complejos. Para seguir cumpliendo con las expectativas de excelencia de nuestros clientes en el futuro, ampliamos continuamente nuestra red. Las capacidades en la ubicaci\u00f3n actual en Maintal ya no son suficientes para ello\u00bb, dice Thomas Vogel, CEO de DHL Freight DACH. \u00abPor eso nos complace que con la nueva construcci\u00f3n no solo podamos ampliar las \u00e1reas de almacenamiento y transbordo, sino tambi\u00e9n operar un moderno y sostenible centro log\u00edstico.\u00bb<\/p>\n<h5><strong>Tambi\u00e9n un almac\u00e9n para productos qu\u00edmicos especiales<\/strong><\/h5>\n<p>Adem\u00e1s de un terminal de crossdock de 12,000 m\u00b2, tambi\u00e9n se crear\u00e1n 3,800 m\u00b2 de espacios de oficina y un almac\u00e9n de 10,500 m\u00b2 para productos qu\u00edmicos especiales y materiales de producci\u00f3n generales en el terreno. Para los espacios de oficina, se modernizar\u00e1 cuidadosamente la antigua torre protegida como monumento del aeropuerto en el parque industrial Fliegerhorst II y se integrar\u00e1 en el centro de carga. El almac\u00e9n para productos qu\u00edmicos especiales cumplir\u00e1 con las regulaciones existentes de la Ley Federal de Protecci\u00f3n del Medio Ambiente (BImSchG) y la Ordenanza sobre instalaciones sujetas a autorizaci\u00f3n (4. BImSchV) y cumplir\u00e1 con los m\u00e1s altos est\u00e1ndares de seguridad.<br \/>La primera piedra para el proyecto se coloc\u00f3 a mediados de agosto de 2021, y la finalizaci\u00f3n del centro log\u00edstico est\u00e1 prevista para mediados de 2022. El proyecto ser\u00e1 realizado por F\u00e4th Immobilien, y la direcci\u00f3n del proyecto est\u00e1 a cargo de Bockermann Fritze plan4building GmbH.<br \/>Foto: \u00a9 DHL<\/p>\n","protected":false},"excerpt":{"rendered":"<p>DHL Freight planea un moderno centro de carga en el antiguo terreno del aeropuerto en el parque industrial Fliegerhorst cerca de Erlensee. Se ha realizado la<span class=\"excerpt-hellip\"> [\u2026]<\/span><\/p>\n","protected":false},"author":0,"featured_media":0,"comment_status":"open","ping_status":"open","sticky":false,"template":"","format":"standard","meta":{"_acf_changed":false,"footnotes":""},"categories":[1557,1560,1561],"tags":[],"class_list":["post-51327","post","type-post","status-publish","format-standard","hentry","category-forwarding-logistics","category-intralogistics","category-regions"],"acf":[],"yoast_head":"<!-- This site is optimized with the Yoast SEO plugin v27.3 - https:\/\/yoast.com\/product\/yoast-seo-wordpress\/ -->\n<title>DHL Freight con la primera piedra para un nuevo centro de carga en Erlensee - Loginfo24<\/title>\n<meta name=\"robots\" content=\"index, follow, max-snippet:-1, max-image-preview:large, max-video-preview:-1\" \/>\n<link rel=\"canonical\" href=\"https:\/\/loginfo24.com\/es\/2021\/08\/18\/dhl-freight-con-la-primera-piedra-para-un-nuevo-centro-de-carga-en-erlensee\/\" \/>\n<meta property=\"og:locale\" content=\"es_ES\" \/>\n<meta property=\"og:type\" content=\"article\" \/>\n<meta property=\"og:title\" content=\"DHL Freight con la primera piedra para un nuevo centro de carga en Erlensee - Loginfo24\" \/>\n<meta property=\"og:description\" content=\"DHL Freight planea un moderno centro de carga en el antiguo terreno del aeropuerto en el parque industrial Fliegerhorst cerca de Erlensee. Se ha realizado la [\u2026]\" \/>\n<meta property=\"og:url\" content=\"https:\/\/loginfo24.com\/es\/2021\/08\/18\/dhl-freight-con-la-primera-piedra-para-un-nuevo-centro-de-carga-en-erlensee\/\" \/>\n<meta property=\"og:site_name\" content=\"Loginfo24\" \/>\n<meta property=\"article:publisher\" content=\"https:\/\/www.facebook.com\/people\/Loginfo24\/100057360583332\/\" \/>\n<meta property=\"article:published_time\" content=\"2021-08-18T13:01:12+00:00\" \/>\n<meta property=\"og:image\" content=\"https:\/\/loginfo24.com\/wp-content\/uploads\/sites\/7\/2025\/12\/DHL_17.8.21_1.jpg\" \/>\n<meta name=\"twitter:card\" content=\"summary_large_image\" \/>\n<meta name=\"twitter:label1\" content=\"Tiempo de lectura\" \/>\n\t<meta name=\"twitter:data1\" content=\"4 minuto\" \/>\n<script type=\"application\/ld+json\" class=\"yoast-schema-graph\">{\"@context\":\"https:\\\/\\\/schema.org\",\"@graph\":[{\"@type\":\"Article\",\"@id\":\"https:\\\/\\\/loginfo24.com\\\/es\\\/2021\\\/08\\\/18\\\/dhl-freight-con-la-primera-piedra-para-un-nuevo-centro-de-carga-en-erlensee\\\/#article\",\"isPartOf\":{\"@id\":\"https:\\\/\\\/loginfo24.com\\\/es\\\/2021\\\/08\\\/18\\\/dhl-freight-con-la-primera-piedra-para-un-nuevo-centro-de-carga-en-erlensee\\\/\"},\"author\":{\"name\":\"\",\"@id\":\"\"},\"headline\":\"DHL Freight con la primera piedra para un nuevo centro de carga en Erlensee\",\"datePublished\":\"2021-08-18T13:01:12+00:00\",\"mainEntityOfPage\":{\"@id\":\"https:\\\/\\\/loginfo24.com\\\/es\\\/2021\\\/08\\\/18\\\/dhl-freight-con-la-primera-piedra-para-un-nuevo-centro-de-carga-en-erlensee\\\/\"},\"wordCount\":848,\"commentCount\":0,\"publisher\":{\"@id\":\"https:\\\/\\\/loginfo24.com\\\/es\\\/#organization\"},\"image\":{\"@id\":\"https:\\\/\\\/loginfo24.com\\\/es\\\/2021\\\/08\\\/18\\\/dhl-freight-con-la-primera-piedra-para-un-nuevo-centro-de-carga-en-erlensee\\\/#primaryimage\"},\"thumbnailUrl\":\"https:\\\/\\\/loginfo24.com\\\/wp-content\\\/uploads\\\/sites\\\/7\\\/2025\\\/12\\\/DHL_17.8.21_1.jpg\",\"articleSection\":[\"Forwarding &amp; Logistics\",\"Intralogistics\",\"Regions\"],\"inLanguage\":\"es\",\"potentialAction\":[{\"@type\":\"CommentAction\",\"name\":\"Comment\",\"target\":[\"https:\\\/\\\/loginfo24.com\\\/es\\\/2021\\\/08\\\/18\\\/dhl-freight-con-la-primera-piedra-para-un-nuevo-centro-de-carga-en-erlensee\\\/#respond\"]}]},{\"@type\":\"WebPage\",\"@id\":\"https:\\\/\\\/loginfo24.com\\\/es\\\/2021\\\/08\\\/18\\\/dhl-freight-con-la-primera-piedra-para-un-nuevo-centro-de-carga-en-erlensee\\\/\",\"url\":\"https:\\\/\\\/loginfo24.com\\\/es\\\/2021\\\/08\\\/18\\\/dhl-freight-con-la-primera-piedra-para-un-nuevo-centro-de-carga-en-erlensee\\\/\",\"name\":\"DHL Freight con la primera piedra para un nuevo centro de carga en Erlensee - Loginfo24\",\"isPartOf\":{\"@id\":\"https:\\\/\\\/loginfo24.com\\\/es\\\/#website\"},\"primaryImageOfPage\":{\"@id\":\"https:\\\/\\\/loginfo24.com\\\/es\\\/2021\\\/08\\\/18\\\/dhl-freight-con-la-primera-piedra-para-un-nuevo-centro-de-carga-en-erlensee\\\/#primaryimage\"},\"image\":{\"@id\":\"https:\\\/\\\/loginfo24.com\\\/es\\\/2021\\\/08\\\/18\\\/dhl-freight-con-la-primera-piedra-para-un-nuevo-centro-de-carga-en-erlensee\\\/#primaryimage\"},\"thumbnailUrl\":\"https:\\\/\\\/loginfo24.com\\\/wp-content\\\/uploads\\\/sites\\\/7\\\/2025\\\/12\\\/DHL_17.8.21_1.jpg\",\"datePublished\":\"2021-08-18T13:01:12+00:00\",\"breadcrumb\":{\"@id\":\"https:\\\/\\\/loginfo24.com\\\/es\\\/2021\\\/08\\\/18\\\/dhl-freight-con-la-primera-piedra-para-un-nuevo-centro-de-carga-en-erlensee\\\/#breadcrumb\"},\"inLanguage\":\"es\",\"potentialAction\":[{\"@type\":\"ReadAction\",\"target\":[\"https:\\\/\\\/loginfo24.com\\\/es\\\/2021\\\/08\\\/18\\\/dhl-freight-con-la-primera-piedra-para-un-nuevo-centro-de-carga-en-erlensee\\\/\"]}]},{\"@type\":\"ImageObject\",\"inLanguage\":\"es\",\"@id\":\"https:\\\/\\\/loginfo24.com\\\/es\\\/2021\\\/08\\\/18\\\/dhl-freight-con-la-primera-piedra-para-un-nuevo-centro-de-carga-en-erlensee\\\/#primaryimage\",\"url\":\"https:\\\/\\\/loginfo24.com\\\/wp-content\\\/uploads\\\/sites\\\/7\\\/2025\\\/12\\\/DHL_17.8.21_1.jpg\",\"contentUrl\":\"https:\\\/\\\/loginfo24.com\\\/wp-content\\\/uploads\\\/sites\\\/7\\\/2025\\\/12\\\/DHL_17.8.21_1.jpg\"},{\"@type\":\"BreadcrumbList\",\"@id\":\"https:\\\/\\\/loginfo24.com\\\/es\\\/2021\\\/08\\\/18\\\/dhl-freight-con-la-primera-piedra-para-un-nuevo-centro-de-carga-en-erlensee\\\/#breadcrumb\",\"itemListElement\":[{\"@type\":\"ListItem\",\"position\":1,\"name\":\"Startseite\",\"item\":\"https:\\\/\\\/loginfo24.com\\\/es\\\/\"},{\"@type\":\"ListItem\",\"position\":2,\"name\":\"DHL Freight con la primera piedra para un nuevo centro de carga en Erlensee\"}]},{\"@type\":\"WebSite\",\"@id\":\"https:\\\/\\\/loginfo24.com\\\/es\\\/#website\",\"url\":\"https:\\\/\\\/loginfo24.com\\\/es\\\/\",\"name\":\"Loginfo24\",\"description\":\"Loginfo24 es la plataforma dedicada a la log\u00edstica y las cadenas de suministro con informaci\u00f3n las 24 horas del d\u00eda.\",\"publisher\":{\"@id\":\"https:\\\/\\\/loginfo24.com\\\/es\\\/#organization\"},\"potentialAction\":[{\"@type\":\"SearchAction\",\"target\":{\"@type\":\"EntryPoint\",\"urlTemplate\":\"https:\\\/\\\/loginfo24.com\\\/es\\\/?s={search_term_string}\"},\"query-input\":{\"@type\":\"PropertyValueSpecification\",\"valueRequired\":true,\"valueName\":\"search_term_string\"}}],\"inLanguage\":\"es\"},{\"@type\":\"Organization\",\"@id\":\"https:\\\/\\\/loginfo24.com\\\/es\\\/#organization\",\"name\":\"Grupo Logismedia AG\",\"url\":\"https:\\\/\\\/loginfo24.com\\\/es\\\/\",\"logo\":{\"@type\":\"ImageObject\",\"inLanguage\":\"es\",\"@id\":\"https:\\\/\\\/loginfo24.com\\\/es\\\/#\\\/schema\\\/logo\\\/image\\\/\",\"url\":\"https:\\\/\\\/loginfo24.com\\\/wp-content\\\/uploads\\\/sites\\\/7\\\/2026\\\/01\\\/Logo_LogInfo24.png\",\"contentUrl\":\"https:\\\/\\\/loginfo24.com\\\/wp-content\\\/uploads\\\/sites\\\/7\\\/2026\\\/01\\\/Logo_LogInfo24.png\",\"width\":938,\"height\":351,\"caption\":\"Grupo Logismedia AG\"},\"image\":{\"@id\":\"https:\\\/\\\/loginfo24.com\\\/es\\\/#\\\/schema\\\/logo\\\/image\\\/\"},\"sameAs\":[\"https:\\\/\\\/www.facebook.com\\\/people\\\/Loginfo24\\\/100057360583332\\\/\",\"https:\\\/\\\/www.linkedin.com\\\/company\\\/lofinfo24\\\/\"]}]}<\/script>\n<!-- \/ Yoast SEO plugin. -->","yoast_head_json":{"title":"DHL Freight con la primera piedra para un nuevo centro de carga en Erlensee - Loginfo24","robots":{"index":"index","follow":"follow","max-snippet":"max-snippet:-1","max-image-preview":"max-image-preview:large","max-video-preview":"max-video-preview:-1"},"canonical":"https:\/\/loginfo24.com\/es\/2021\/08\/18\/dhl-freight-con-la-primera-piedra-para-un-nuevo-centro-de-carga-en-erlensee\/","og_locale":"es_ES","og_type":"article","og_title":"DHL Freight con la primera piedra para un nuevo centro de carga en Erlensee - Loginfo24","og_description":"DHL Freight planea un moderno centro de carga en el antiguo terreno del aeropuerto en el parque industrial Fliegerhorst cerca de Erlensee. Se ha realizado la [\u2026]","og_url":"https:\/\/loginfo24.com\/es\/2021\/08\/18\/dhl-freight-con-la-primera-piedra-para-un-nuevo-centro-de-carga-en-erlensee\/","og_site_name":"Loginfo24","article_publisher":"https:\/\/www.facebook.com\/people\/Loginfo24\/100057360583332\/","article_published_time":"2021-08-18T13:01:12+00:00","og_image":[{"url":"https:\/\/loginfo24.com\/wp-content\/uploads\/sites\/7\/2025\/12\/DHL_17.8.21_1.jpg","type":"","width":"","height":""}],"twitter_card":"summary_large_image","twitter_misc":{"Tiempo de lectura":"4 minuto"},"schema":{"@context":"https:\/\/schema.org","@graph":[{"@type":"Article","@id":"https:\/\/loginfo24.com\/es\/2021\/08\/18\/dhl-freight-con-la-primera-piedra-para-un-nuevo-centro-de-carga-en-erlensee\/#article","isPartOf":{"@id":"https:\/\/loginfo24.com\/es\/2021\/08\/18\/dhl-freight-con-la-primera-piedra-para-un-nuevo-centro-de-carga-en-erlensee\/"},"author":{"name":"","@id":""},"headline":"DHL Freight con la primera piedra para un nuevo centro de carga en Erlensee","datePublished":"2021-08-18T13:01:12+00:00","mainEntityOfPage":{"@id":"https:\/\/loginfo24.com\/es\/2021\/08\/18\/dhl-freight-con-la-primera-piedra-para-un-nuevo-centro-de-carga-en-erlensee\/"},"wordCount":848,"commentCount":0,"publisher":{"@id":"https:\/\/loginfo24.com\/es\/#organization"},"image":{"@id":"https:\/\/loginfo24.com\/es\/2021\/08\/18\/dhl-freight-con-la-primera-piedra-para-un-nuevo-centro-de-carga-en-erlensee\/#primaryimage"},"thumbnailUrl":"https:\/\/loginfo24.com\/wp-content\/uploads\/sites\/7\/2025\/12\/DHL_17.8.21_1.jpg","articleSection":["Forwarding &amp; Logistics","Intralogistics","Regions"],"inLanguage":"es","potentialAction":[{"@type":"CommentAction","name":"Comment","target":["https:\/\/loginfo24.com\/es\/2021\/08\/18\/dhl-freight-con-la-primera-piedra-para-un-nuevo-centro-de-carga-en-erlensee\/#respond"]}]},{"@type":"WebPage","@id":"https:\/\/loginfo24.com\/es\/2021\/08\/18\/dhl-freight-con-la-primera-piedra-para-un-nuevo-centro-de-carga-en-erlensee\/","url":"https:\/\/loginfo24.com\/es\/2021\/08\/18\/dhl-freight-con-la-primera-piedra-para-un-nuevo-centro-de-carga-en-erlensee\/","name":"DHL Freight con la primera piedra para un nuevo centro de carga en Erlensee - Loginfo24","isPartOf":{"@id":"https:\/\/loginfo24.com\/es\/#website"},"primaryImageOfPage":{"@id":"https:\/\/loginfo24.com\/es\/2021\/08\/18\/dhl-freight-con-la-primera-piedra-para-un-nuevo-centro-de-carga-en-erlensee\/#primaryimage"},"image":{"@id":"https:\/\/loginfo24.com\/es\/2021\/08\/18\/dhl-freight-con-la-primera-piedra-para-un-nuevo-centro-de-carga-en-erlensee\/#primaryimage"},"thumbnailUrl":"https:\/\/loginfo24.com\/wp-content\/uploads\/sites\/7\/2025\/12\/DHL_17.8.21_1.jpg","datePublished":"2021-08-18T13:01:12+00:00","breadcrumb":{"@id":"https:\/\/loginfo24.com\/es\/2021\/08\/18\/dhl-freight-con-la-primera-piedra-para-un-nuevo-centro-de-carga-en-erlensee\/#breadcrumb"},"inLanguage":"es","potentialAction":[{"@type":"ReadAction","target":["https:\/\/loginfo24.com\/es\/2021\/08\/18\/dhl-freight-con-la-primera-piedra-para-un-nuevo-centro-de-carga-en-erlensee\/"]}]},{"@type":"ImageObject","inLanguage":"es","@id":"https:\/\/loginfo24.com\/es\/2021\/08\/18\/dhl-freight-con-la-primera-piedra-para-un-nuevo-centro-de-carga-en-erlensee\/#primaryimage","url":"https:\/\/loginfo24.com\/wp-content\/uploads\/sites\/7\/2025\/12\/DHL_17.8.21_1.jpg","contentUrl":"https:\/\/loginfo24.com\/wp-content\/uploads\/sites\/7\/2025\/12\/DHL_17.8.21_1.jpg"},{"@type":"BreadcrumbList","@id":"https:\/\/loginfo24.com\/es\/2021\/08\/18\/dhl-freight-con-la-primera-piedra-para-un-nuevo-centro-de-carga-en-erlensee\/#breadcrumb","itemListElement":[{"@type":"ListItem","position":1,"name":"Startseite","item":"https:\/\/loginfo24.com\/es\/"},{"@type":"ListItem","position":2,"name":"DHL Freight con la primera piedra para un nuevo centro de carga en Erlensee"}]},{"@type":"WebSite","@id":"https:\/\/loginfo24.com\/es\/#website","url":"https:\/\/loginfo24.com\/es\/","name":"Loginfo24","description":"Loginfo24 es la plataforma dedicada a la log\u00edstica y las cadenas de suministro con informaci\u00f3n las 24 horas del d\u00eda.","publisher":{"@id":"https:\/\/loginfo24.com\/es\/#organization"},"potentialAction":[{"@type":"SearchAction","target":{"@type":"EntryPoint","urlTemplate":"https:\/\/loginfo24.com\/es\/?s={search_term_string}"},"query-input":{"@type":"PropertyValueSpecification","valueRequired":true,"valueName":"search_term_string"}}],"inLanguage":"es"},{"@type":"Organization","@id":"https:\/\/loginfo24.com\/es\/#organization","name":"Grupo Logismedia AG","url":"https:\/\/loginfo24.com\/es\/","logo":{"@type":"ImageObject","inLanguage":"es","@id":"https:\/\/loginfo24.com\/es\/#\/schema\/logo\/image\/","url":"https:\/\/loginfo24.com\/wp-content\/uploads\/sites\/7\/2026\/01\/Logo_LogInfo24.png","contentUrl":"https:\/\/loginfo24.com\/wp-content\/uploads\/sites\/7\/2026\/01\/Logo_LogInfo24.png","width":938,"height":351,"caption":"Grupo Logismedia AG"},"image":{"@id":"https:\/\/loginfo24.com\/es\/#\/schema\/logo\/image\/"},"sameAs":["https:\/\/www.facebook.com\/people\/Loginfo24\/100057360583332\/","https:\/\/www.linkedin.com\/company\/lofinfo24\/"]}]}},"_links":{"self":[{"href":"https:\/\/loginfo24.com\/es\/wp-json\/wp\/v2\/posts\/51327","targetHints":{"allow":["GET"]}}],"collection":[{"href":"https:\/\/loginfo24.com\/es\/wp-json\/wp\/v2\/posts"}],"about":[{"href":"https:\/\/loginfo24.com\/es\/wp-json\/wp\/v2\/types\/post"}],"replies":[{"embeddable":true,"href":"https:\/\/loginfo24.com\/es\/wp-json\/wp\/v2\/comments?post=51327"}],"version-history":[{"count":0,"href":"https:\/\/loginfo24.com\/es\/wp-json\/wp\/v2\/posts\/51327\/revisions"}],"wp:attachment":[{"href":"https:\/\/loginfo24.com\/es\/wp-json\/wp\/v2\/media?parent=51327"}],"wp:term":[{"taxonomy":"category","embeddable":true,"href":"https:\/\/loginfo24.com\/es\/wp-json\/wp\/v2\/categories?post=51327"},{"taxonomy":"post_tag","embeddable":true,"href":"https:\/\/loginfo24.com\/es\/wp-json\/wp\/v2\/tags?post=51327"}],"curies":[{"name":"wp","href":"https:\/\/api.w.org\/{rel}","templated":true}]}}