{"id":28449,"date":"2021-08-12T15:42:54","date_gmt":"2021-08-12T13:42:54","guid":{"rendered":"https:\/\/blog.brand-architecture.at\/2021\/08\/12\/gregor-sanner-es-el-nuevo-cto-del-especialista-en-seguridad-geutebruck\/"},"modified":"2025-12-15T13:15:06","modified_gmt":"2025-12-15T12:15:06","slug":"gregor-sanner-es-el-nuevo-cto-del-especialista-en-seguridad-geutebruck","status":"publish","type":"post","link":"https:\/\/loginfo24.com\/es\/2021\/08\/12\/gregor-sanner-es-el-nuevo-cto-del-especialista-en-seguridad-geutebruck\/","title":{"rendered":"Gregor Sanner es el nuevo CTO del especialista en seguridad Geutebr\u00fcck"},"content":{"rendered":"<p>Gregor Sanner es el nuevo CTO del especialista en video-seguridad Geutebr\u00fcck GmbH. Como reci\u00e9n llegado a la industria de la seguridad, el hombre de 54 a\u00f1os aporta una gran experiencia en desarrollo y liderazgo del sector bancario y log\u00edstico. Entre otras cosas, trabaj\u00f3 en Deutsche Post IT-Services.<\/p>\n<p>(Windhagen) Recientemente, el Sr. Sanner pudo aplicar y ampliar su experiencia en una banca privada en Luxemburgo. Como CTO, fue responsable del desarrollo de la cartera de productos, la concepci\u00f3n de soluciones t\u00e9cnicas innovadoras y la integraci\u00f3n de nuevas \u00e1reas de negocio. Tiene una amplia experiencia en la direcci\u00f3n de equipos de desarrollo \u00e1giles y en la transici\u00f3n \u00e1gil.<\/p>\n<h5><strong>Preparar el desarrollo estrat\u00e9gico<\/strong><\/h5>\n<p>En Geutebr\u00fcck, impulsar\u00e1 el desarrollo estrat\u00e9gico del potente software de gesti\u00f3n de video y seguridad y es miembro del consejo de administraci\u00f3n. \u00abEstoy muy emocionado por el desaf\u00edo de aportar nuevas ideas en esta emocionante industria y de poder acompa\u00f1ar a la empresa en su transici\u00f3n \u00e1gil. Las posibilidades a trav\u00e9s de tecnolog\u00edas modernas como la nube, 5G o inteligencia artificial son pr\u00e1cticamente ilimitadas. Queremos, como empresa, intensificar la colaboraci\u00f3n asociativa con nuestros clientes y usuarios mediante m\u00e9todos \u00e1giles para crear soluciones innovadoras de valor para ellos\u00bb, est\u00e1 convencido Gregor Sanner de su nueva tarea.<br \/>Foto: \u00a9 Geutebr\u00fcck<\/p>\n","protected":false},"excerpt":{"rendered":"<p>Gregor Sanner es el nuevo CTO del especialista en video-seguridad Geutebr\u00fcck GmbH. Como reci\u00e9n llegado a la industria de la seguridad, el hombre de 54 a\u00f1os<span class=\"excerpt-hellip\"> [\u2026]<\/span><\/p>\n","protected":false},"author":0,"featured_media":0,"comment_status":"open","ping_status":"open","sticky":false,"template":"","format":"standard","meta":{"_acf_changed":false,"footnotes":""},"categories":[1665,1557,1561],"tags":[],"class_list":["post-28449","post","type-post","status-publish","format-standard","hentry","category-categories","category-forwarding-logistics","category-regions"],"acf":[],"yoast_head":"<!-- This site is optimized with the Yoast SEO plugin v27.3 - https:\/\/yoast.com\/product\/yoast-seo-wordpress\/ -->\n<title>Gregor Sanner es el nuevo CTO del especialista en seguridad Geutebr\u00fcck - Loginfo24<\/title>\n<meta name=\"robots\" content=\"index, follow, max-snippet:-1, max-image-preview:large, max-video-preview:-1\" \/>\n<link rel=\"canonical\" href=\"https:\/\/loginfo24.com\/es\/2021\/08\/12\/gregor-sanner-es-el-nuevo-cto-del-especialista-en-seguridad-geutebruck\/\" \/>\n<meta property=\"og:locale\" content=\"es_ES\" \/>\n<meta property=\"og:type\" content=\"article\" \/>\n<meta property=\"og:title\" content=\"Gregor Sanner es el nuevo CTO del especialista en seguridad Geutebr\u00fcck - Loginfo24\" \/>\n<meta property=\"og:description\" content=\"Gregor Sanner es el nuevo CTO del especialista en video-seguridad Geutebr\u00fcck GmbH. Como reci\u00e9n llegado a la industria de la seguridad, el hombre de 54 a\u00f1os [\u2026]\" \/>\n<meta property=\"og:url\" content=\"https:\/\/loginfo24.com\/es\/2021\/08\/12\/gregor-sanner-es-el-nuevo-cto-del-especialista-en-seguridad-geutebruck\/\" \/>\n<meta property=\"og:site_name\" content=\"Loginfo24\" \/>\n<meta property=\"article:publisher\" content=\"https:\/\/www.facebook.com\/people\/Loginfo24\/100057360583332\/\" \/>\n<meta property=\"article:published_time\" content=\"2021-08-12T13:42:54+00:00\" \/>\n<meta property=\"article:modified_time\" content=\"2025-12-15T12:15:06+00:00\" \/>\n<meta name=\"twitter:card\" content=\"summary_large_image\" \/>\n<meta name=\"twitter:label1\" content=\"Tiempo de lectura\" \/>\n\t<meta name=\"twitter:data1\" content=\"1 minuto\" \/>\n<script type=\"application\/ld+json\" class=\"yoast-schema-graph\">{\"@context\":\"https:\\\/\\\/schema.org\",\"@graph\":[{\"@type\":\"Article\",\"@id\":\"https:\\\/\\\/loginfo24.com\\\/es\\\/2021\\\/08\\\/12\\\/gregor-sanner-es-el-nuevo-cto-del-especialista-en-seguridad-geutebruck\\\/#article\",\"isPartOf\":{\"@id\":\"https:\\\/\\\/loginfo24.com\\\/es\\\/2021\\\/08\\\/12\\\/gregor-sanner-es-el-nuevo-cto-del-especialista-en-seguridad-geutebruck\\\/\"},\"author\":{\"name\":\"\",\"@id\":\"\"},\"headline\":\"Gregor Sanner es el nuevo CTO del especialista en seguridad Geutebr\u00fcck\",\"datePublished\":\"2021-08-12T13:42:54+00:00\",\"dateModified\":\"2025-12-15T12:15:06+00:00\",\"mainEntityOfPage\":{\"@id\":\"https:\\\/\\\/loginfo24.com\\\/es\\\/2021\\\/08\\\/12\\\/gregor-sanner-es-el-nuevo-cto-del-especialista-en-seguridad-geutebruck\\\/\"},\"wordCount\":241,\"commentCount\":0,\"publisher\":{\"@id\":\"https:\\\/\\\/loginfo24.com\\\/es\\\/#organization\"},\"articleSection\":[\"Categories\",\"Forwarding &amp; Logistics\",\"Regions\"],\"inLanguage\":\"es\",\"potentialAction\":[{\"@type\":\"CommentAction\",\"name\":\"Comment\",\"target\":[\"https:\\\/\\\/loginfo24.com\\\/es\\\/2021\\\/08\\\/12\\\/gregor-sanner-es-el-nuevo-cto-del-especialista-en-seguridad-geutebruck\\\/#respond\"]}]},{\"@type\":\"WebPage\",\"@id\":\"https:\\\/\\\/loginfo24.com\\\/es\\\/2021\\\/08\\\/12\\\/gregor-sanner-es-el-nuevo-cto-del-especialista-en-seguridad-geutebruck\\\/\",\"url\":\"https:\\\/\\\/loginfo24.com\\\/es\\\/2021\\\/08\\\/12\\\/gregor-sanner-es-el-nuevo-cto-del-especialista-en-seguridad-geutebruck\\\/\",\"name\":\"Gregor Sanner es el nuevo CTO del especialista en seguridad Geutebr\u00fcck - Loginfo24\",\"isPartOf\":{\"@id\":\"https:\\\/\\\/loginfo24.com\\\/es\\\/#website\"},\"datePublished\":\"2021-08-12T13:42:54+00:00\",\"dateModified\":\"2025-12-15T12:15:06+00:00\",\"breadcrumb\":{\"@id\":\"https:\\\/\\\/loginfo24.com\\\/es\\\/2021\\\/08\\\/12\\\/gregor-sanner-es-el-nuevo-cto-del-especialista-en-seguridad-geutebruck\\\/#breadcrumb\"},\"inLanguage\":\"es\",\"potentialAction\":[{\"@type\":\"ReadAction\",\"target\":[\"https:\\\/\\\/loginfo24.com\\\/es\\\/2021\\\/08\\\/12\\\/gregor-sanner-es-el-nuevo-cto-del-especialista-en-seguridad-geutebruck\\\/\"]}]},{\"@type\":\"BreadcrumbList\",\"@id\":\"https:\\\/\\\/loginfo24.com\\\/es\\\/2021\\\/08\\\/12\\\/gregor-sanner-es-el-nuevo-cto-del-especialista-en-seguridad-geutebruck\\\/#breadcrumb\",\"itemListElement\":[{\"@type\":\"ListItem\",\"position\":1,\"name\":\"Startseite\",\"item\":\"https:\\\/\\\/loginfo24.com\\\/es\\\/\"},{\"@type\":\"ListItem\",\"position\":2,\"name\":\"Gregor Sanner es el nuevo CTO del especialista en seguridad Geutebr\u00fcck\"}]},{\"@type\":\"WebSite\",\"@id\":\"https:\\\/\\\/loginfo24.com\\\/es\\\/#website\",\"url\":\"https:\\\/\\\/loginfo24.com\\\/es\\\/\",\"name\":\"Loginfo24\",\"description\":\"Loginfo24 es la plataforma dedicada a la log\u00edstica y las cadenas de suministro con informaci\u00f3n las 24 horas del d\u00eda.\",\"publisher\":{\"@id\":\"https:\\\/\\\/loginfo24.com\\\/es\\\/#organization\"},\"potentialAction\":[{\"@type\":\"SearchAction\",\"target\":{\"@type\":\"EntryPoint\",\"urlTemplate\":\"https:\\\/\\\/loginfo24.com\\\/es\\\/?s={search_term_string}\"},\"query-input\":{\"@type\":\"PropertyValueSpecification\",\"valueRequired\":true,\"valueName\":\"search_term_string\"}}],\"inLanguage\":\"es\"},{\"@type\":\"Organization\",\"@id\":\"https:\\\/\\\/loginfo24.com\\\/es\\\/#organization\",\"name\":\"Grupo Logismedia AG\",\"url\":\"https:\\\/\\\/loginfo24.com\\\/es\\\/\",\"logo\":{\"@type\":\"ImageObject\",\"inLanguage\":\"es\",\"@id\":\"https:\\\/\\\/loginfo24.com\\\/es\\\/#\\\/schema\\\/logo\\\/image\\\/\",\"url\":\"https:\\\/\\\/loginfo24.com\\\/wp-content\\\/uploads\\\/sites\\\/7\\\/2026\\\/01\\\/Logo_LogInfo24.png\",\"contentUrl\":\"https:\\\/\\\/loginfo24.com\\\/wp-content\\\/uploads\\\/sites\\\/7\\\/2026\\\/01\\\/Logo_LogInfo24.png\",\"width\":938,\"height\":351,\"caption\":\"Grupo Logismedia AG\"},\"image\":{\"@id\":\"https:\\\/\\\/loginfo24.com\\\/es\\\/#\\\/schema\\\/logo\\\/image\\\/\"},\"sameAs\":[\"https:\\\/\\\/www.facebook.com\\\/people\\\/Loginfo24\\\/100057360583332\\\/\",\"https:\\\/\\\/www.linkedin.com\\\/company\\\/lofinfo24\\\/\"]}]}<\/script>\n<!-- \/ Yoast SEO plugin. -->","yoast_head_json":{"title":"Gregor Sanner es el nuevo CTO del especialista en seguridad Geutebr\u00fcck - Loginfo24","robots":{"index":"index","follow":"follow","max-snippet":"max-snippet:-1","max-image-preview":"max-image-preview:large","max-video-preview":"max-video-preview:-1"},"canonical":"https:\/\/loginfo24.com\/es\/2021\/08\/12\/gregor-sanner-es-el-nuevo-cto-del-especialista-en-seguridad-geutebruck\/","og_locale":"es_ES","og_type":"article","og_title":"Gregor Sanner es el nuevo CTO del especialista en seguridad Geutebr\u00fcck - Loginfo24","og_description":"Gregor Sanner es el nuevo CTO del especialista en video-seguridad Geutebr\u00fcck GmbH. Como reci\u00e9n llegado a la industria de la seguridad, el hombre de 54 a\u00f1os [\u2026]","og_url":"https:\/\/loginfo24.com\/es\/2021\/08\/12\/gregor-sanner-es-el-nuevo-cto-del-especialista-en-seguridad-geutebruck\/","og_site_name":"Loginfo24","article_publisher":"https:\/\/www.facebook.com\/people\/Loginfo24\/100057360583332\/","article_published_time":"2021-08-12T13:42:54+00:00","article_modified_time":"2025-12-15T12:15:06+00:00","twitter_card":"summary_large_image","twitter_misc":{"Tiempo de lectura":"1 minuto"},"schema":{"@context":"https:\/\/schema.org","@graph":[{"@type":"Article","@id":"https:\/\/loginfo24.com\/es\/2021\/08\/12\/gregor-sanner-es-el-nuevo-cto-del-especialista-en-seguridad-geutebruck\/#article","isPartOf":{"@id":"https:\/\/loginfo24.com\/es\/2021\/08\/12\/gregor-sanner-es-el-nuevo-cto-del-especialista-en-seguridad-geutebruck\/"},"author":{"name":"","@id":""},"headline":"Gregor Sanner es el nuevo CTO del especialista en seguridad Geutebr\u00fcck","datePublished":"2021-08-12T13:42:54+00:00","dateModified":"2025-12-15T12:15:06+00:00","mainEntityOfPage":{"@id":"https:\/\/loginfo24.com\/es\/2021\/08\/12\/gregor-sanner-es-el-nuevo-cto-del-especialista-en-seguridad-geutebruck\/"},"wordCount":241,"commentCount":0,"publisher":{"@id":"https:\/\/loginfo24.com\/es\/#organization"},"articleSection":["Categories","Forwarding &amp; Logistics","Regions"],"inLanguage":"es","potentialAction":[{"@type":"CommentAction","name":"Comment","target":["https:\/\/loginfo24.com\/es\/2021\/08\/12\/gregor-sanner-es-el-nuevo-cto-del-especialista-en-seguridad-geutebruck\/#respond"]}]},{"@type":"WebPage","@id":"https:\/\/loginfo24.com\/es\/2021\/08\/12\/gregor-sanner-es-el-nuevo-cto-del-especialista-en-seguridad-geutebruck\/","url":"https:\/\/loginfo24.com\/es\/2021\/08\/12\/gregor-sanner-es-el-nuevo-cto-del-especialista-en-seguridad-geutebruck\/","name":"Gregor Sanner es el nuevo CTO del especialista en seguridad Geutebr\u00fcck - Loginfo24","isPartOf":{"@id":"https:\/\/loginfo24.com\/es\/#website"},"datePublished":"2021-08-12T13:42:54+00:00","dateModified":"2025-12-15T12:15:06+00:00","breadcrumb":{"@id":"https:\/\/loginfo24.com\/es\/2021\/08\/12\/gregor-sanner-es-el-nuevo-cto-del-especialista-en-seguridad-geutebruck\/#breadcrumb"},"inLanguage":"es","potentialAction":[{"@type":"ReadAction","target":["https:\/\/loginfo24.com\/es\/2021\/08\/12\/gregor-sanner-es-el-nuevo-cto-del-especialista-en-seguridad-geutebruck\/"]}]},{"@type":"BreadcrumbList","@id":"https:\/\/loginfo24.com\/es\/2021\/08\/12\/gregor-sanner-es-el-nuevo-cto-del-especialista-en-seguridad-geutebruck\/#breadcrumb","itemListElement":[{"@type":"ListItem","position":1,"name":"Startseite","item":"https:\/\/loginfo24.com\/es\/"},{"@type":"ListItem","position":2,"name":"Gregor Sanner es el nuevo CTO del especialista en seguridad Geutebr\u00fcck"}]},{"@type":"WebSite","@id":"https:\/\/loginfo24.com\/es\/#website","url":"https:\/\/loginfo24.com\/es\/","name":"Loginfo24","description":"Loginfo24 es la plataforma dedicada a la log\u00edstica y las cadenas de suministro con informaci\u00f3n las 24 horas del d\u00eda.","publisher":{"@id":"https:\/\/loginfo24.com\/es\/#organization"},"potentialAction":[{"@type":"SearchAction","target":{"@type":"EntryPoint","urlTemplate":"https:\/\/loginfo24.com\/es\/?s={search_term_string}"},"query-input":{"@type":"PropertyValueSpecification","valueRequired":true,"valueName":"search_term_string"}}],"inLanguage":"es"},{"@type":"Organization","@id":"https:\/\/loginfo24.com\/es\/#organization","name":"Grupo Logismedia AG","url":"https:\/\/loginfo24.com\/es\/","logo":{"@type":"ImageObject","inLanguage":"es","@id":"https:\/\/loginfo24.com\/es\/#\/schema\/logo\/image\/","url":"https:\/\/loginfo24.com\/wp-content\/uploads\/sites\/7\/2026\/01\/Logo_LogInfo24.png","contentUrl":"https:\/\/loginfo24.com\/wp-content\/uploads\/sites\/7\/2026\/01\/Logo_LogInfo24.png","width":938,"height":351,"caption":"Grupo Logismedia AG"},"image":{"@id":"https:\/\/loginfo24.com\/es\/#\/schema\/logo\/image\/"},"sameAs":["https:\/\/www.facebook.com\/people\/Loginfo24\/100057360583332\/","https:\/\/www.linkedin.com\/company\/lofinfo24\/"]}]}},"_links":{"self":[{"href":"https:\/\/loginfo24.com\/es\/wp-json\/wp\/v2\/posts\/28449","targetHints":{"allow":["GET"]}}],"collection":[{"href":"https:\/\/loginfo24.com\/es\/wp-json\/wp\/v2\/posts"}],"about":[{"href":"https:\/\/loginfo24.com\/es\/wp-json\/wp\/v2\/types\/post"}],"replies":[{"embeddable":true,"href":"https:\/\/loginfo24.com\/es\/wp-json\/wp\/v2\/comments?post=28449"}],"version-history":[{"count":1,"href":"https:\/\/loginfo24.com\/es\/wp-json\/wp\/v2\/posts\/28449\/revisions"}],"predecessor-version":[{"id":51149,"href":"https:\/\/loginfo24.com\/es\/wp-json\/wp\/v2\/posts\/28449\/revisions\/51149"}],"wp:attachment":[{"href":"https:\/\/loginfo24.com\/es\/wp-json\/wp\/v2\/media?parent=28449"}],"wp:term":[{"taxonomy":"category","embeddable":true,"href":"https:\/\/loginfo24.com\/es\/wp-json\/wp\/v2\/categories?post=28449"},{"taxonomy":"post_tag","embeddable":true,"href":"https:\/\/loginfo24.com\/es\/wp-json\/wp\/v2\/tags?post=28449"}],"curies":[{"name":"wp","href":"https:\/\/api.w.org\/{rel}","templated":true}]}}