{"id":28103,"date":"2021-07-29T15:18:51","date_gmt":"2021-07-29T13:18:51","guid":{"rendered":"https:\/\/blog.brand-architecture.at\/2021\/07\/29\/dslv-llora-la-muerte-del-exdirector-general-dr-gregor-schild\/"},"modified":"2025-12-15T13:13:23","modified_gmt":"2025-12-15T12:13:23","slug":"dslv-llora-la-muerte-del-exdirector-general-dr-gregor-schild","status":"publish","type":"post","link":"https:\/\/loginfo24.com\/es\/2021\/07\/29\/dslv-llora-la-muerte-del-exdirector-general-dr-gregor-schild\/","title":{"rendered":"DSLV llora la muerte del exdirector general Dr. Gregor Schild"},"content":{"rendered":"<p>Inesperadamente, el exdirector general del DSLV, Dr. Gregor Schild, falleci\u00f3 el 17 de julio de 2021 a la edad de 68 a\u00f1os. As\u00ed lo comunic\u00f3 su familia recientemente. Gregor Schild, nacido en Dinslaken, dedic\u00f3 toda su vida profesional a fortalecer los intereses pol\u00edticos de la industria de la log\u00edstica.<\/p>\n<p>(Berl\u00edn) El exdirector general del DSLV, Dr. Gregor Schild, falleci\u00f3 inesperadamente a la edad de 68 a\u00f1os. Tras estudiar econom\u00eda en Bonn, ocup\u00f3 un puesto como asistente en la c\u00e1tedra de ciencias del transporte en la Universidad de Colonia, donde posteriormente obtuvo su doctorado.<\/p>\n<p>En 1984, el Dr. Schild se uni\u00f3 como asesor a la entonces Asociaci\u00f3n de Transportistas de Camiones (adekra) eG, que m\u00e1s tarde se convirti\u00f3 en la VKS Asociaci\u00f3n de Transportistas de Camiones Alemanes eG, de la cual fue nombrado miembro del consejo en 1986. En 1989, la asamblea general de la VKS lo eligi\u00f3 como director ejecutivo.<\/p>\n<h5><strong>Participaci\u00f3n significativa en pasos de fusi\u00f3n<\/strong><\/h5>\n<p>El Dr. Schild particip\u00f3 de manera significativa en otros pasos de fusi\u00f3n en el entonces a\u00fan amplio panorama de asociaciones. En abril de 2003, tras la fusi\u00f3n de la VKS con la entonces Asociaci\u00f3n Federal de Transporte y Log\u00edstica (BSL), fue nombrado director general del DSLV Asociaci\u00f3n Alemana de Transporte y Log\u00edstica (hoy: DSLV Asociaci\u00f3n Federal de Transporte y Log\u00edstica). Junto con el exdirector general del BSL, Heiner Rogge, dirigi\u00f3 la asociaci\u00f3n federal hasta que, a su solicitud, dej\u00f3 el cargo el 31 de diciembre de 2012.<\/p>\n<h5><strong>Amigo de la log\u00edstica<\/strong><\/h5>\n<p>\u00abCon el Dr. Gregor Schild se va un experto reconocido y un gran amigo de la log\u00edstica, cuyo compromiso se centr\u00f3 principalmente en las empresas de transporte alemanas dirigidas por sus propietarios. La acci\u00f3n empresarial sostenible siempre lo impresion\u00f3, y esto tambi\u00e9n marc\u00f3 su gesti\u00f3n en el DSLV\u00bb, describe el expresidente del DSLV, Dr. Michael Kubenz, la larga trayectoria del fallecido Dr. Schild. \u00abEn nombre de la industria, la presidencia y la direcci\u00f3n general expresan su m\u00e1s sentido p\u00e9same a su familia.\u00bb<\/p>\n<p>Foto: \u00a9 DSLV<\/p>\n","protected":false},"excerpt":{"rendered":"<p>Inesperadamente, el exdirector general del DSLV, Dr. Gregor Schild, falleci\u00f3 el 17 de julio de 2021 a la edad de 68 a\u00f1os. As\u00ed lo comunic\u00f3 su<span class=\"excerpt-hellip\"> [\u2026]<\/span><\/p>\n","protected":false},"author":0,"featured_media":0,"comment_status":"open","ping_status":"open","sticky":false,"template":"","format":"standard","meta":{"_acf_changed":false,"footnotes":""},"categories":[1557,1561],"tags":[],"class_list":["post-28103","post","type-post","status-publish","format-standard","hentry","category-forwarding-logistics","category-regions"],"acf":[],"yoast_head":"<!-- This site is optimized with the Yoast SEO plugin v27.3 - https:\/\/yoast.com\/product\/yoast-seo-wordpress\/ -->\n<title>DSLV llora la muerte del exdirector general Dr. Gregor Schild - Loginfo24<\/title>\n<meta name=\"robots\" content=\"index, follow, max-snippet:-1, max-image-preview:large, max-video-preview:-1\" \/>\n<link rel=\"canonical\" href=\"https:\/\/loginfo24.com\/es\/2021\/07\/29\/dslv-llora-la-muerte-del-exdirector-general-dr-gregor-schild\/\" \/>\n<meta property=\"og:locale\" content=\"es_ES\" \/>\n<meta property=\"og:type\" content=\"article\" \/>\n<meta property=\"og:title\" content=\"DSLV llora la muerte del exdirector general Dr. Gregor Schild - Loginfo24\" \/>\n<meta property=\"og:description\" content=\"Inesperadamente, el exdirector general del DSLV, Dr. Gregor Schild, falleci\u00f3 el 17 de julio de 2021 a la edad de 68 a\u00f1os. As\u00ed lo comunic\u00f3 su [\u2026]\" \/>\n<meta property=\"og:url\" content=\"https:\/\/loginfo24.com\/es\/2021\/07\/29\/dslv-llora-la-muerte-del-exdirector-general-dr-gregor-schild\/\" \/>\n<meta property=\"og:site_name\" content=\"Loginfo24\" \/>\n<meta property=\"article:publisher\" content=\"https:\/\/www.facebook.com\/people\/Loginfo24\/100057360583332\/\" \/>\n<meta property=\"article:published_time\" content=\"2021-07-29T13:18:51+00:00\" \/>\n<meta property=\"article:modified_time\" content=\"2025-12-15T12:13:23+00:00\" \/>\n<meta name=\"twitter:card\" content=\"summary_large_image\" \/>\n<meta name=\"twitter:label1\" content=\"Tiempo de lectura\" \/>\n\t<meta name=\"twitter:data1\" content=\"2 minuto\" \/>\n<script type=\"application\/ld+json\" class=\"yoast-schema-graph\">{\"@context\":\"https:\\\/\\\/schema.org\",\"@graph\":[{\"@type\":\"Article\",\"@id\":\"https:\\\/\\\/loginfo24.com\\\/es\\\/2021\\\/07\\\/29\\\/dslv-llora-la-muerte-del-exdirector-general-dr-gregor-schild\\\/#article\",\"isPartOf\":{\"@id\":\"https:\\\/\\\/loginfo24.com\\\/es\\\/2021\\\/07\\\/29\\\/dslv-llora-la-muerte-del-exdirector-general-dr-gregor-schild\\\/\"},\"author\":{\"name\":\"\",\"@id\":\"\"},\"headline\":\"DSLV llora la muerte del exdirector general Dr. Gregor Schild\",\"datePublished\":\"2021-07-29T13:18:51+00:00\",\"dateModified\":\"2025-12-15T12:13:23+00:00\",\"mainEntityOfPage\":{\"@id\":\"https:\\\/\\\/loginfo24.com\\\/es\\\/2021\\\/07\\\/29\\\/dslv-llora-la-muerte-del-exdirector-general-dr-gregor-schild\\\/\"},\"wordCount\":361,\"commentCount\":0,\"publisher\":{\"@id\":\"https:\\\/\\\/loginfo24.com\\\/es\\\/#organization\"},\"articleSection\":[\"Forwarding &amp; Logistics\",\"Regions\"],\"inLanguage\":\"es\",\"potentialAction\":[{\"@type\":\"CommentAction\",\"name\":\"Comment\",\"target\":[\"https:\\\/\\\/loginfo24.com\\\/es\\\/2021\\\/07\\\/29\\\/dslv-llora-la-muerte-del-exdirector-general-dr-gregor-schild\\\/#respond\"]}]},{\"@type\":\"WebPage\",\"@id\":\"https:\\\/\\\/loginfo24.com\\\/es\\\/2021\\\/07\\\/29\\\/dslv-llora-la-muerte-del-exdirector-general-dr-gregor-schild\\\/\",\"url\":\"https:\\\/\\\/loginfo24.com\\\/es\\\/2021\\\/07\\\/29\\\/dslv-llora-la-muerte-del-exdirector-general-dr-gregor-schild\\\/\",\"name\":\"DSLV llora la muerte del exdirector general Dr. Gregor Schild - Loginfo24\",\"isPartOf\":{\"@id\":\"https:\\\/\\\/loginfo24.com\\\/es\\\/#website\"},\"datePublished\":\"2021-07-29T13:18:51+00:00\",\"dateModified\":\"2025-12-15T12:13:23+00:00\",\"breadcrumb\":{\"@id\":\"https:\\\/\\\/loginfo24.com\\\/es\\\/2021\\\/07\\\/29\\\/dslv-llora-la-muerte-del-exdirector-general-dr-gregor-schild\\\/#breadcrumb\"},\"inLanguage\":\"es\",\"potentialAction\":[{\"@type\":\"ReadAction\",\"target\":[\"https:\\\/\\\/loginfo24.com\\\/es\\\/2021\\\/07\\\/29\\\/dslv-llora-la-muerte-del-exdirector-general-dr-gregor-schild\\\/\"]}]},{\"@type\":\"BreadcrumbList\",\"@id\":\"https:\\\/\\\/loginfo24.com\\\/es\\\/2021\\\/07\\\/29\\\/dslv-llora-la-muerte-del-exdirector-general-dr-gregor-schild\\\/#breadcrumb\",\"itemListElement\":[{\"@type\":\"ListItem\",\"position\":1,\"name\":\"Startseite\",\"item\":\"https:\\\/\\\/loginfo24.com\\\/es\\\/\"},{\"@type\":\"ListItem\",\"position\":2,\"name\":\"DSLV llora la muerte del exdirector general Dr. Gregor Schild\"}]},{\"@type\":\"WebSite\",\"@id\":\"https:\\\/\\\/loginfo24.com\\\/es\\\/#website\",\"url\":\"https:\\\/\\\/loginfo24.com\\\/es\\\/\",\"name\":\"Loginfo24\",\"description\":\"Loginfo24 es la plataforma dedicada a la log\u00edstica y las cadenas de suministro con informaci\u00f3n las 24 horas del d\u00eda.\",\"publisher\":{\"@id\":\"https:\\\/\\\/loginfo24.com\\\/es\\\/#organization\"},\"potentialAction\":[{\"@type\":\"SearchAction\",\"target\":{\"@type\":\"EntryPoint\",\"urlTemplate\":\"https:\\\/\\\/loginfo24.com\\\/es\\\/?s={search_term_string}\"},\"query-input\":{\"@type\":\"PropertyValueSpecification\",\"valueRequired\":true,\"valueName\":\"search_term_string\"}}],\"inLanguage\":\"es\"},{\"@type\":\"Organization\",\"@id\":\"https:\\\/\\\/loginfo24.com\\\/es\\\/#organization\",\"name\":\"Grupo Logismedia AG\",\"url\":\"https:\\\/\\\/loginfo24.com\\\/es\\\/\",\"logo\":{\"@type\":\"ImageObject\",\"inLanguage\":\"es\",\"@id\":\"https:\\\/\\\/loginfo24.com\\\/es\\\/#\\\/schema\\\/logo\\\/image\\\/\",\"url\":\"https:\\\/\\\/loginfo24.com\\\/wp-content\\\/uploads\\\/sites\\\/7\\\/2026\\\/01\\\/Logo_LogInfo24.png\",\"contentUrl\":\"https:\\\/\\\/loginfo24.com\\\/wp-content\\\/uploads\\\/sites\\\/7\\\/2026\\\/01\\\/Logo_LogInfo24.png\",\"width\":938,\"height\":351,\"caption\":\"Grupo Logismedia AG\"},\"image\":{\"@id\":\"https:\\\/\\\/loginfo24.com\\\/es\\\/#\\\/schema\\\/logo\\\/image\\\/\"},\"sameAs\":[\"https:\\\/\\\/www.facebook.com\\\/people\\\/Loginfo24\\\/100057360583332\\\/\",\"https:\\\/\\\/www.linkedin.com\\\/company\\\/lofinfo24\\\/\"]}]}<\/script>\n<!-- \/ Yoast SEO plugin. -->","yoast_head_json":{"title":"DSLV llora la muerte del exdirector general Dr. Gregor Schild - Loginfo24","robots":{"index":"index","follow":"follow","max-snippet":"max-snippet:-1","max-image-preview":"max-image-preview:large","max-video-preview":"max-video-preview:-1"},"canonical":"https:\/\/loginfo24.com\/es\/2021\/07\/29\/dslv-llora-la-muerte-del-exdirector-general-dr-gregor-schild\/","og_locale":"es_ES","og_type":"article","og_title":"DSLV llora la muerte del exdirector general Dr. Gregor Schild - Loginfo24","og_description":"Inesperadamente, el exdirector general del DSLV, Dr. Gregor Schild, falleci\u00f3 el 17 de julio de 2021 a la edad de 68 a\u00f1os. As\u00ed lo comunic\u00f3 su [\u2026]","og_url":"https:\/\/loginfo24.com\/es\/2021\/07\/29\/dslv-llora-la-muerte-del-exdirector-general-dr-gregor-schild\/","og_site_name":"Loginfo24","article_publisher":"https:\/\/www.facebook.com\/people\/Loginfo24\/100057360583332\/","article_published_time":"2021-07-29T13:18:51+00:00","article_modified_time":"2025-12-15T12:13:23+00:00","twitter_card":"summary_large_image","twitter_misc":{"Tiempo de lectura":"2 minuto"},"schema":{"@context":"https:\/\/schema.org","@graph":[{"@type":"Article","@id":"https:\/\/loginfo24.com\/es\/2021\/07\/29\/dslv-llora-la-muerte-del-exdirector-general-dr-gregor-schild\/#article","isPartOf":{"@id":"https:\/\/loginfo24.com\/es\/2021\/07\/29\/dslv-llora-la-muerte-del-exdirector-general-dr-gregor-schild\/"},"author":{"name":"","@id":""},"headline":"DSLV llora la muerte del exdirector general Dr. Gregor Schild","datePublished":"2021-07-29T13:18:51+00:00","dateModified":"2025-12-15T12:13:23+00:00","mainEntityOfPage":{"@id":"https:\/\/loginfo24.com\/es\/2021\/07\/29\/dslv-llora-la-muerte-del-exdirector-general-dr-gregor-schild\/"},"wordCount":361,"commentCount":0,"publisher":{"@id":"https:\/\/loginfo24.com\/es\/#organization"},"articleSection":["Forwarding &amp; Logistics","Regions"],"inLanguage":"es","potentialAction":[{"@type":"CommentAction","name":"Comment","target":["https:\/\/loginfo24.com\/es\/2021\/07\/29\/dslv-llora-la-muerte-del-exdirector-general-dr-gregor-schild\/#respond"]}]},{"@type":"WebPage","@id":"https:\/\/loginfo24.com\/es\/2021\/07\/29\/dslv-llora-la-muerte-del-exdirector-general-dr-gregor-schild\/","url":"https:\/\/loginfo24.com\/es\/2021\/07\/29\/dslv-llora-la-muerte-del-exdirector-general-dr-gregor-schild\/","name":"DSLV llora la muerte del exdirector general Dr. Gregor Schild - Loginfo24","isPartOf":{"@id":"https:\/\/loginfo24.com\/es\/#website"},"datePublished":"2021-07-29T13:18:51+00:00","dateModified":"2025-12-15T12:13:23+00:00","breadcrumb":{"@id":"https:\/\/loginfo24.com\/es\/2021\/07\/29\/dslv-llora-la-muerte-del-exdirector-general-dr-gregor-schild\/#breadcrumb"},"inLanguage":"es","potentialAction":[{"@type":"ReadAction","target":["https:\/\/loginfo24.com\/es\/2021\/07\/29\/dslv-llora-la-muerte-del-exdirector-general-dr-gregor-schild\/"]}]},{"@type":"BreadcrumbList","@id":"https:\/\/loginfo24.com\/es\/2021\/07\/29\/dslv-llora-la-muerte-del-exdirector-general-dr-gregor-schild\/#breadcrumb","itemListElement":[{"@type":"ListItem","position":1,"name":"Startseite","item":"https:\/\/loginfo24.com\/es\/"},{"@type":"ListItem","position":2,"name":"DSLV llora la muerte del exdirector general Dr. Gregor Schild"}]},{"@type":"WebSite","@id":"https:\/\/loginfo24.com\/es\/#website","url":"https:\/\/loginfo24.com\/es\/","name":"Loginfo24","description":"Loginfo24 es la plataforma dedicada a la log\u00edstica y las cadenas de suministro con informaci\u00f3n las 24 horas del d\u00eda.","publisher":{"@id":"https:\/\/loginfo24.com\/es\/#organization"},"potentialAction":[{"@type":"SearchAction","target":{"@type":"EntryPoint","urlTemplate":"https:\/\/loginfo24.com\/es\/?s={search_term_string}"},"query-input":{"@type":"PropertyValueSpecification","valueRequired":true,"valueName":"search_term_string"}}],"inLanguage":"es"},{"@type":"Organization","@id":"https:\/\/loginfo24.com\/es\/#organization","name":"Grupo Logismedia AG","url":"https:\/\/loginfo24.com\/es\/","logo":{"@type":"ImageObject","inLanguage":"es","@id":"https:\/\/loginfo24.com\/es\/#\/schema\/logo\/image\/","url":"https:\/\/loginfo24.com\/wp-content\/uploads\/sites\/7\/2026\/01\/Logo_LogInfo24.png","contentUrl":"https:\/\/loginfo24.com\/wp-content\/uploads\/sites\/7\/2026\/01\/Logo_LogInfo24.png","width":938,"height":351,"caption":"Grupo Logismedia AG"},"image":{"@id":"https:\/\/loginfo24.com\/es\/#\/schema\/logo\/image\/"},"sameAs":["https:\/\/www.facebook.com\/people\/Loginfo24\/100057360583332\/","https:\/\/www.linkedin.com\/company\/lofinfo24\/"]}]}},"_links":{"self":[{"href":"https:\/\/loginfo24.com\/es\/wp-json\/wp\/v2\/posts\/28103","targetHints":{"allow":["GET"]}}],"collection":[{"href":"https:\/\/loginfo24.com\/es\/wp-json\/wp\/v2\/posts"}],"about":[{"href":"https:\/\/loginfo24.com\/es\/wp-json\/wp\/v2\/types\/post"}],"replies":[{"embeddable":true,"href":"https:\/\/loginfo24.com\/es\/wp-json\/wp\/v2\/comments?post=28103"}],"version-history":[{"count":1,"href":"https:\/\/loginfo24.com\/es\/wp-json\/wp\/v2\/posts\/28103\/revisions"}],"predecessor-version":[{"id":50463,"href":"https:\/\/loginfo24.com\/es\/wp-json\/wp\/v2\/posts\/28103\/revisions\/50463"}],"wp:attachment":[{"href":"https:\/\/loginfo24.com\/es\/wp-json\/wp\/v2\/media?parent=28103"}],"wp:term":[{"taxonomy":"category","embeddable":true,"href":"https:\/\/loginfo24.com\/es\/wp-json\/wp\/v2\/categories?post=28103"},{"taxonomy":"post_tag","embeddable":true,"href":"https:\/\/loginfo24.com\/es\/wp-json\/wp\/v2\/tags?post=28103"}],"curies":[{"name":"wp","href":"https:\/\/api.w.org\/{rel}","templated":true}]}}