{"id":26966,"date":"2021-06-15T13:31:50","date_gmt":"2021-06-15T11:31:50","guid":{"rendered":"https:\/\/blog.brand-architecture.at\/2021\/06\/15\/gebruder-weiss-galardonado-con-el-german-brand-award\/"},"modified":"2025-12-15T13:07:41","modified_gmt":"2025-12-15T12:07:41","slug":"gebruder-weiss-galardonado-con-el-german-brand-award","status":"publish","type":"post","link":"https:\/\/loginfo24.com\/es\/2021\/06\/15\/gebruder-weiss-galardonado-con-el-german-brand-award\/","title":{"rendered":"Gebr\u00fcder Weiss galardonado con el German Brand Award"},"content":{"rendered":"<p>Gebr\u00fcder Weiss fue galardonado con el German Brand Award por su campa\u00f1a de imagen &#8216;#GWmovesOn&#8217;. La empresa internacional de transporte y log\u00edstica desarroll\u00f3 ideas especiales durante la pandemia de Corona para motivar a\u00fan m\u00e1s a sus empleados, que son esenciales para el sistema, y para reconocer sus logros en estos tiempos desafiantes.<\/p>\n<p>(Fr\u00e1ncfort del Meno\/Lauterach) Con la campa\u00f1a &#8216;#GWmovesOn - H\u00e9roes en la Log\u00edstica&#8217;, se comunic\u00f3 el trabajo del personal tanto interna como externamente. As\u00ed, Gebr\u00fcder Weiss &#8216;cont\u00f3&#8217; en sus canales de redes sociales, por ejemplo, 60 historias individuales de sus empleados de m\u00e1s de 16 pa\u00edses. En una edici\u00f3n especial de la premiada revista para clientes ATLAS, estas historias recopiladas durante la pandemia tambi\u00e9n fueron publicadas. \u00abCon esta acci\u00f3n quer\u00edamos dar a nuestros empleados el reconocimiento que merecen por su incansable esfuerzo desde el inicio de la pandemia\u00bb, dice Peter Kloiber, miembro de la direcci\u00f3n de Gebr\u00fcder Weiss. \u00abMostramos que aqu\u00ed trabajan personas con diferentes intereses, talentos y fortalezas, y todo lo que tienen dentro. Son estos empleados los que est\u00e1n detr\u00e1s de las &#8216;historias de h\u00e9roes&#8217; y de los que estamos orgullosos\u00bb, a\u00f1ade Peter Kloiber.<\/p>\n<h5><strong>Premio importante de la industria<\/strong><\/h5>\n<p>El German Brand Award reconoce en las categor\u00edas &#8216;Excellent Brands&#8217; y &#8216;Excellence in Brand Strategy and Creation&#8217; campa\u00f1as, conceptos y estrategias fuertes para la gesti\u00f3n de marcas. Este a\u00f1o se registraron 1.134 presentaciones de 17 pa\u00edses. Entre los ganadores, adem\u00e1s de Gebr\u00fcder Weiss, se encontraban marcas conocidas como BMW Motorrad, Knorr-Bremse AG o Deutsche Telekom.<br \/>Foto: \u00a9 Gebr\u00fcder Weiss<\/p>\n","protected":false},"excerpt":{"rendered":"<p>Gebr\u00fcder Weiss fue galardonado con el German Brand Award por su campa\u00f1a de imagen &#8216;#GWmovesOn&#8217;. La empresa internacional de transporte y log\u00edstica desarroll\u00f3 ideas especiales durante<span class=\"excerpt-hellip\"> [\u2026]<\/span><\/p>\n","protected":false},"author":0,"featured_media":0,"comment_status":"open","ping_status":"open","sticky":false,"template":"","format":"standard","meta":{"_acf_changed":false,"footnotes":""},"categories":[1557,1561],"tags":[],"class_list":["post-26966","post","type-post","status-publish","format-standard","hentry","category-forwarding-logistics","category-regions"],"acf":[],"yoast_head":"<!-- This site is optimized with the Yoast SEO plugin v27.3 - https:\/\/yoast.com\/product\/yoast-seo-wordpress\/ -->\n<title>Gebr\u00fcder Weiss galardonado con el German Brand Award - Loginfo24<\/title>\n<meta name=\"robots\" content=\"index, follow, max-snippet:-1, max-image-preview:large, max-video-preview:-1\" \/>\n<link rel=\"canonical\" href=\"https:\/\/loginfo24.com\/es\/2021\/06\/15\/gebruder-weiss-galardonado-con-el-german-brand-award\/\" \/>\n<meta property=\"og:locale\" content=\"es_ES\" \/>\n<meta property=\"og:type\" content=\"article\" \/>\n<meta property=\"og:title\" content=\"Gebr\u00fcder Weiss galardonado con el German Brand Award - Loginfo24\" \/>\n<meta property=\"og:description\" content=\"Gebr\u00fcder Weiss fue galardonado con el German Brand Award por su campa\u00f1a de imagen &#8216;#GWmovesOn&#8217;. La empresa internacional de transporte y log\u00edstica desarroll\u00f3 ideas especiales durante [\u2026]\" \/>\n<meta property=\"og:url\" content=\"https:\/\/loginfo24.com\/es\/2021\/06\/15\/gebruder-weiss-galardonado-con-el-german-brand-award\/\" \/>\n<meta property=\"og:site_name\" content=\"Loginfo24\" \/>\n<meta property=\"article:publisher\" content=\"https:\/\/www.facebook.com\/people\/Loginfo24\/100057360583332\/\" \/>\n<meta property=\"article:published_time\" content=\"2021-06-15T11:31:50+00:00\" \/>\n<meta property=\"article:modified_time\" content=\"2025-12-15T12:07:41+00:00\" \/>\n<meta name=\"twitter:card\" content=\"summary_large_image\" \/>\n<meta name=\"twitter:label1\" content=\"Tiempo de lectura\" \/>\n\t<meta name=\"twitter:data1\" content=\"1 minuto\" \/>\n<script type=\"application\/ld+json\" class=\"yoast-schema-graph\">{\"@context\":\"https:\\\/\\\/schema.org\",\"@graph\":[{\"@type\":\"Article\",\"@id\":\"https:\\\/\\\/loginfo24.com\\\/es\\\/2021\\\/06\\\/15\\\/gebruder-weiss-galardonado-con-el-german-brand-award\\\/#article\",\"isPartOf\":{\"@id\":\"https:\\\/\\\/loginfo24.com\\\/es\\\/2021\\\/06\\\/15\\\/gebruder-weiss-galardonado-con-el-german-brand-award\\\/\"},\"author\":{\"name\":\"\",\"@id\":\"\"},\"headline\":\"Gebr\u00fcder Weiss galardonado con el German Brand Award\",\"datePublished\":\"2021-06-15T11:31:50+00:00\",\"dateModified\":\"2025-12-15T12:07:41+00:00\",\"mainEntityOfPage\":{\"@id\":\"https:\\\/\\\/loginfo24.com\\\/es\\\/2021\\\/06\\\/15\\\/gebruder-weiss-galardonado-con-el-german-brand-award\\\/\"},\"wordCount\":286,\"commentCount\":0,\"publisher\":{\"@id\":\"https:\\\/\\\/loginfo24.com\\\/es\\\/#organization\"},\"articleSection\":[\"Forwarding &amp; Logistics\",\"Regions\"],\"inLanguage\":\"es\",\"potentialAction\":[{\"@type\":\"CommentAction\",\"name\":\"Comment\",\"target\":[\"https:\\\/\\\/loginfo24.com\\\/es\\\/2021\\\/06\\\/15\\\/gebruder-weiss-galardonado-con-el-german-brand-award\\\/#respond\"]}]},{\"@type\":\"WebPage\",\"@id\":\"https:\\\/\\\/loginfo24.com\\\/es\\\/2021\\\/06\\\/15\\\/gebruder-weiss-galardonado-con-el-german-brand-award\\\/\",\"url\":\"https:\\\/\\\/loginfo24.com\\\/es\\\/2021\\\/06\\\/15\\\/gebruder-weiss-galardonado-con-el-german-brand-award\\\/\",\"name\":\"Gebr\u00fcder Weiss galardonado con el German Brand Award - Loginfo24\",\"isPartOf\":{\"@id\":\"https:\\\/\\\/loginfo24.com\\\/es\\\/#website\"},\"datePublished\":\"2021-06-15T11:31:50+00:00\",\"dateModified\":\"2025-12-15T12:07:41+00:00\",\"breadcrumb\":{\"@id\":\"https:\\\/\\\/loginfo24.com\\\/es\\\/2021\\\/06\\\/15\\\/gebruder-weiss-galardonado-con-el-german-brand-award\\\/#breadcrumb\"},\"inLanguage\":\"es\",\"potentialAction\":[{\"@type\":\"ReadAction\",\"target\":[\"https:\\\/\\\/loginfo24.com\\\/es\\\/2021\\\/06\\\/15\\\/gebruder-weiss-galardonado-con-el-german-brand-award\\\/\"]}]},{\"@type\":\"BreadcrumbList\",\"@id\":\"https:\\\/\\\/loginfo24.com\\\/es\\\/2021\\\/06\\\/15\\\/gebruder-weiss-galardonado-con-el-german-brand-award\\\/#breadcrumb\",\"itemListElement\":[{\"@type\":\"ListItem\",\"position\":1,\"name\":\"Startseite\",\"item\":\"https:\\\/\\\/loginfo24.com\\\/es\\\/\"},{\"@type\":\"ListItem\",\"position\":2,\"name\":\"Gebr\u00fcder Weiss galardonado con el German Brand Award\"}]},{\"@type\":\"WebSite\",\"@id\":\"https:\\\/\\\/loginfo24.com\\\/es\\\/#website\",\"url\":\"https:\\\/\\\/loginfo24.com\\\/es\\\/\",\"name\":\"Loginfo24\",\"description\":\"Loginfo24 es la plataforma dedicada a la log\u00edstica y las cadenas de suministro con informaci\u00f3n las 24 horas del d\u00eda.\",\"publisher\":{\"@id\":\"https:\\\/\\\/loginfo24.com\\\/es\\\/#organization\"},\"potentialAction\":[{\"@type\":\"SearchAction\",\"target\":{\"@type\":\"EntryPoint\",\"urlTemplate\":\"https:\\\/\\\/loginfo24.com\\\/es\\\/?s={search_term_string}\"},\"query-input\":{\"@type\":\"PropertyValueSpecification\",\"valueRequired\":true,\"valueName\":\"search_term_string\"}}],\"inLanguage\":\"es\"},{\"@type\":\"Organization\",\"@id\":\"https:\\\/\\\/loginfo24.com\\\/es\\\/#organization\",\"name\":\"Grupo Logismedia AG\",\"url\":\"https:\\\/\\\/loginfo24.com\\\/es\\\/\",\"logo\":{\"@type\":\"ImageObject\",\"inLanguage\":\"es\",\"@id\":\"https:\\\/\\\/loginfo24.com\\\/es\\\/#\\\/schema\\\/logo\\\/image\\\/\",\"url\":\"https:\\\/\\\/loginfo24.com\\\/wp-content\\\/uploads\\\/sites\\\/7\\\/2026\\\/01\\\/Logo_LogInfo24.png\",\"contentUrl\":\"https:\\\/\\\/loginfo24.com\\\/wp-content\\\/uploads\\\/sites\\\/7\\\/2026\\\/01\\\/Logo_LogInfo24.png\",\"width\":938,\"height\":351,\"caption\":\"Grupo Logismedia AG\"},\"image\":{\"@id\":\"https:\\\/\\\/loginfo24.com\\\/es\\\/#\\\/schema\\\/logo\\\/image\\\/\"},\"sameAs\":[\"https:\\\/\\\/www.facebook.com\\\/people\\\/Loginfo24\\\/100057360583332\\\/\",\"https:\\\/\\\/www.linkedin.com\\\/company\\\/lofinfo24\\\/\"]}]}<\/script>\n<!-- \/ Yoast SEO plugin. -->","yoast_head_json":{"title":"Gebr\u00fcder Weiss galardonado con el German Brand Award - Loginfo24","robots":{"index":"index","follow":"follow","max-snippet":"max-snippet:-1","max-image-preview":"max-image-preview:large","max-video-preview":"max-video-preview:-1"},"canonical":"https:\/\/loginfo24.com\/es\/2021\/06\/15\/gebruder-weiss-galardonado-con-el-german-brand-award\/","og_locale":"es_ES","og_type":"article","og_title":"Gebr\u00fcder Weiss galardonado con el German Brand Award - Loginfo24","og_description":"Gebr\u00fcder Weiss fue galardonado con el German Brand Award por su campa\u00f1a de imagen &#8216;#GWmovesOn&#8217;. La empresa internacional de transporte y log\u00edstica desarroll\u00f3 ideas especiales durante [\u2026]","og_url":"https:\/\/loginfo24.com\/es\/2021\/06\/15\/gebruder-weiss-galardonado-con-el-german-brand-award\/","og_site_name":"Loginfo24","article_publisher":"https:\/\/www.facebook.com\/people\/Loginfo24\/100057360583332\/","article_published_time":"2021-06-15T11:31:50+00:00","article_modified_time":"2025-12-15T12:07:41+00:00","twitter_card":"summary_large_image","twitter_misc":{"Tiempo de lectura":"1 minuto"},"schema":{"@context":"https:\/\/schema.org","@graph":[{"@type":"Article","@id":"https:\/\/loginfo24.com\/es\/2021\/06\/15\/gebruder-weiss-galardonado-con-el-german-brand-award\/#article","isPartOf":{"@id":"https:\/\/loginfo24.com\/es\/2021\/06\/15\/gebruder-weiss-galardonado-con-el-german-brand-award\/"},"author":{"name":"","@id":""},"headline":"Gebr\u00fcder Weiss galardonado con el German Brand Award","datePublished":"2021-06-15T11:31:50+00:00","dateModified":"2025-12-15T12:07:41+00:00","mainEntityOfPage":{"@id":"https:\/\/loginfo24.com\/es\/2021\/06\/15\/gebruder-weiss-galardonado-con-el-german-brand-award\/"},"wordCount":286,"commentCount":0,"publisher":{"@id":"https:\/\/loginfo24.com\/es\/#organization"},"articleSection":["Forwarding &amp; Logistics","Regions"],"inLanguage":"es","potentialAction":[{"@type":"CommentAction","name":"Comment","target":["https:\/\/loginfo24.com\/es\/2021\/06\/15\/gebruder-weiss-galardonado-con-el-german-brand-award\/#respond"]}]},{"@type":"WebPage","@id":"https:\/\/loginfo24.com\/es\/2021\/06\/15\/gebruder-weiss-galardonado-con-el-german-brand-award\/","url":"https:\/\/loginfo24.com\/es\/2021\/06\/15\/gebruder-weiss-galardonado-con-el-german-brand-award\/","name":"Gebr\u00fcder Weiss galardonado con el German Brand Award - Loginfo24","isPartOf":{"@id":"https:\/\/loginfo24.com\/es\/#website"},"datePublished":"2021-06-15T11:31:50+00:00","dateModified":"2025-12-15T12:07:41+00:00","breadcrumb":{"@id":"https:\/\/loginfo24.com\/es\/2021\/06\/15\/gebruder-weiss-galardonado-con-el-german-brand-award\/#breadcrumb"},"inLanguage":"es","potentialAction":[{"@type":"ReadAction","target":["https:\/\/loginfo24.com\/es\/2021\/06\/15\/gebruder-weiss-galardonado-con-el-german-brand-award\/"]}]},{"@type":"BreadcrumbList","@id":"https:\/\/loginfo24.com\/es\/2021\/06\/15\/gebruder-weiss-galardonado-con-el-german-brand-award\/#breadcrumb","itemListElement":[{"@type":"ListItem","position":1,"name":"Startseite","item":"https:\/\/loginfo24.com\/es\/"},{"@type":"ListItem","position":2,"name":"Gebr\u00fcder Weiss galardonado con el German Brand Award"}]},{"@type":"WebSite","@id":"https:\/\/loginfo24.com\/es\/#website","url":"https:\/\/loginfo24.com\/es\/","name":"Loginfo24","description":"Loginfo24 es la plataforma dedicada a la log\u00edstica y las cadenas de suministro con informaci\u00f3n las 24 horas del d\u00eda.","publisher":{"@id":"https:\/\/loginfo24.com\/es\/#organization"},"potentialAction":[{"@type":"SearchAction","target":{"@type":"EntryPoint","urlTemplate":"https:\/\/loginfo24.com\/es\/?s={search_term_string}"},"query-input":{"@type":"PropertyValueSpecification","valueRequired":true,"valueName":"search_term_string"}}],"inLanguage":"es"},{"@type":"Organization","@id":"https:\/\/loginfo24.com\/es\/#organization","name":"Grupo Logismedia AG","url":"https:\/\/loginfo24.com\/es\/","logo":{"@type":"ImageObject","inLanguage":"es","@id":"https:\/\/loginfo24.com\/es\/#\/schema\/logo\/image\/","url":"https:\/\/loginfo24.com\/wp-content\/uploads\/sites\/7\/2026\/01\/Logo_LogInfo24.png","contentUrl":"https:\/\/loginfo24.com\/wp-content\/uploads\/sites\/7\/2026\/01\/Logo_LogInfo24.png","width":938,"height":351,"caption":"Grupo Logismedia AG"},"image":{"@id":"https:\/\/loginfo24.com\/es\/#\/schema\/logo\/image\/"},"sameAs":["https:\/\/www.facebook.com\/people\/Loginfo24\/100057360583332\/","https:\/\/www.linkedin.com\/company\/lofinfo24\/"]}]}},"_links":{"self":[{"href":"https:\/\/loginfo24.com\/es\/wp-json\/wp\/v2\/posts\/26966","targetHints":{"allow":["GET"]}}],"collection":[{"href":"https:\/\/loginfo24.com\/es\/wp-json\/wp\/v2\/posts"}],"about":[{"href":"https:\/\/loginfo24.com\/es\/wp-json\/wp\/v2\/types\/post"}],"replies":[{"embeddable":true,"href":"https:\/\/loginfo24.com\/es\/wp-json\/wp\/v2\/comments?post=26966"}],"version-history":[{"count":1,"href":"https:\/\/loginfo24.com\/es\/wp-json\/wp\/v2\/posts\/26966\/revisions"}],"predecessor-version":[{"id":48204,"href":"https:\/\/loginfo24.com\/es\/wp-json\/wp\/v2\/posts\/26966\/revisions\/48204"}],"wp:attachment":[{"href":"https:\/\/loginfo24.com\/es\/wp-json\/wp\/v2\/media?parent=26966"}],"wp:term":[{"taxonomy":"category","embeddable":true,"href":"https:\/\/loginfo24.com\/es\/wp-json\/wp\/v2\/categories?post=26966"},{"taxonomy":"post_tag","embeddable":true,"href":"https:\/\/loginfo24.com\/es\/wp-json\/wp\/v2\/tags?post=26966"}],"curies":[{"name":"wp","href":"https:\/\/api.w.org\/{rel}","templated":true}]}}