{"id":26960,"date":"2021-06-14T19:35:46","date_gmt":"2021-06-14T17:35:46","guid":{"rendered":"https:\/\/blog.brand-architecture.at\/2021\/06\/14\/estreno-mundial-del-mercedes-benz-eactros-el-30-de-junio\/"},"modified":"2025-12-15T13:07:40","modified_gmt":"2025-12-15T12:07:40","slug":"estreno-mundial-del-mercedes-benz-eactros-el-30-de-junio","status":"publish","type":"post","link":"https:\/\/loginfo24.com\/es\/2021\/06\/14\/estreno-mundial-del-mercedes-benz-eactros-el-30-de-junio\/","title":{"rendered":"Estreno mundial del Mercedes-Benz eActros el 30 de junio"},"content":{"rendered":"<p>El 30 de junio, Mercedes-Benz Trucks celebra el estreno mundial de su eActros, un cami\u00f3n totalmente el\u00e9ctrico para el transporte pesado. Con el primer cami\u00f3n el\u00e9ctrico de serie con estrella, Mercedes-Benz Trucks inicia una nueva era y subraya su firme compromiso con el transporte de mercanc\u00edas por carretera localmente neutro en CO2. El estreno digital se transmitir\u00e1 por Internet.<\/p>\n<p>(Stuttgart) El inicio de la producci\u00f3n en serie del eActros est\u00e1 programado para la segunda mitad del a\u00f1o en la planta de W\u00f6rth am Rhein. Los desarrolladores de Mercedes-Benz Trucks han puesto un enfoque especial en el aspecto de la \u00abco-creaci\u00f3n con el cliente\u00bb en el camino hacia el veh\u00edculo de serie, colaborando estrechamente con los clientes de camiones en el desarrollo del producto. Por lo tanto, los prototipos del eActros ya se sometieron a pruebas intensivas con clientes en 2018. De este modo, los expertos de Mercedes-Benz Trucks pudieron tener en cuenta los comentarios de los clientes sobre el cami\u00f3n el\u00e9ctrico desde el principio y aplicarlos directamente en el desarrollo. Hasta ahora, los prototipos han recorrido m\u00e1s de medio mill\u00f3n de kil\u00f3metros en carreteras p\u00fablicas. Adem\u00e1s, los ingenieros de pruebas de Mercedes-Benz Trucks han sometido al eActros a pruebas intensivas para garantizar los altos est\u00e1ndares de Mercedes-Benz.<\/p>\n<p>Andreas von Wallfeld: \u00abYa en 2016 presentamos por primera vez nuestro concepto de un cami\u00f3n el\u00e9ctrico pesado. Solo dos a\u00f1os despu\u00e9s, comenzamos las duras pruebas con nuestros prototipos completamente desarrollados con clientes de renombre. El eActros que presentaremos ahora es el producto final de todas nuestras experiencias adquiridas en la carretera y en el banco de pruebas, y refleja la capacidad de innovaci\u00f3n de nuestra marca Mercedes-Benz en cuanto a sistemas de propulsi\u00f3n alternativos. Al mismo tiempo, el veh\u00edculo es tambi\u00e9n el resultado de la estrecha y intensa colaboraci\u00f3n con nuestros clientes. Gracias a las intensas pruebas pr\u00e1cticas, llevamos al mercado un veh\u00edculo completamente adaptado a las necesidades de los clientes, junto con una amplia gama de servicios. Todos estamos ansiosos por el estreno mundial el 30 de junio.\u00bb<\/p>\n<h5><strong>M\u00e1s de dos a\u00f1os en uso pr\u00e1ctico con clientes<\/strong><\/h5>\n<p>Diez prototipos del eActros han demostrado su val\u00eda como \u00abflota de innovaci\u00f3n\u00bb desde 2018 en un uso continuo con varios clientes en Alemania y otros pa\u00edses europeos. Casi 20 clientes de prueba utilizaron el eActros en dos fases de prueba en lugar de un cami\u00f3n convencional en su flota. El eActros, ya sea como un cami\u00f3n de 18 o 25 toneladas, ha realizado tareas exigentes en diversas industrias. Por ejemplo, transport\u00f3 alimentos perecederos para el suministro de sucursales de supermercados en un cami\u00f3n refrigerado el\u00e9ctrico, entreg\u00f3 componentes para la producci\u00f3n en el tr\u00e1fico de f\u00e1brica, realiz\u00f3 el servicio de intercambio de contenedores de basura y transport\u00f3 cenizas volantes en una estructura de silo para la producci\u00f3n de hormig\u00f3n. Fuera de Alemania, tambi\u00e9n clientes en Suiza, B\u00e9lgica y los Pa\u00edses Bajos han probado el cami\u00f3n el\u00e9ctrico.<\/p>\n<h5><strong>Los conductores del eActros est\u00e1n convencidos del cami\u00f3n el\u00e9ctrico<\/strong><\/h5>\n<p>Antes de finalizar el uso continuo de los prototipos, est\u00e1 claro: el eActros no tiene nada que envidiar a un cami\u00f3n di\u00e9sel convencional en t\u00e9rminos de disponibilidad y rendimiento en el tr\u00e1fico urbano, en viajes por autopista o de larga distancia. Los conductores est\u00e1n muy satisfechos con la disponibilidad constante del par motor en todo el rango de velocidades. Adem\u00e1s, informan especialmente sobre la conducci\u00f3n silenciosa y una experiencia de conducci\u00f3n agradable y tranquila. Adem\u00e1s, con una conducci\u00f3n anticipada, se puede recuperar energ\u00eda el\u00e9ctrica a trav\u00e9s de la regeneraci\u00f3n.<\/p>\n<p>El eActros de serie superar\u00e1 claramente al prototipo anterior de la flota de innovaci\u00f3n en algunas caracter\u00edsticas clave, como la autonom\u00eda, la potencia del motor y el equipamiento de seguridad. Adem\u00e1s, Mercedes-Benz Trucks integrar\u00e1 el veh\u00edculo en un ecosistema integral que tambi\u00e9n incluye servicios de asesoramiento para clientes sobre movilidad el\u00e9ctrica.<\/p>\n<h5><strong>Pruebas intensivas antes del inicio de la producci\u00f3n en serie<\/strong><\/h5>\n<p>Antes del inicio de la producci\u00f3n en serie, los desarrolladores del eActros, al igual que con los camiones convencionales, realizaron pruebas para garantizar la seguridad, el rendimiento y la durabilidad. El sistema de refrigeraci\u00f3n para la carga, as\u00ed como el aire acondicionado, ambos el\u00e9ctricos, han funcionado de manera confiable tanto en condiciones de calor extremo como en invierno. Tambi\u00e9n en las pruebas de invierno, los ingenieros de pruebas han sometido al eActros a un examen exhaustivo. Se prest\u00f3 especial atenci\u00f3n al comportamiento de las bater\u00edas y del tren de potencia el\u00e9ctrico en condiciones clim\u00e1ticas adversas. Adem\u00e1s, el eActros tambi\u00e9n fue sometido a otros conceptos de prueba, como la medici\u00f3n de ruido en el banco de pruebas de ruido exterior y la compatibilidad electromagn\u00e9tica (EMV) en una sala de pruebas especialmente dise\u00f1ada para ello. Los resultados demuestran: el eActros es apto para el uso diario y cumple con los requisitos establecidos para su operaci\u00f3n.<\/p>\n<h5><strong>Electrificaci\u00f3n de la cartera con bater\u00eda y pila de combustible<\/strong><\/h5>\n<p>La Daimler Truck AG sigue una estrategia empresarial sostenible y tiene la ambici\u00f3n de ofrecer solo veh\u00edculos nuevos en Europa, Jap\u00f3n y Am\u00e9rica del Norte que sean neutros en CO2 en el funcionamiento (\u00abtank-to-wheel\u00bb) para el a\u00f1o 2039. Para el a\u00f1o 2022, la cartera de veh\u00edculos de Daimler Truck AG incluir\u00e1 veh\u00edculos de serie con propulsi\u00f3n el\u00e9ctrica por bater\u00eda en las principales regiones de ventas de Europa, EE. UU. y Jap\u00f3n. A partir de 2027, la empresa tambi\u00e9n planea complementar su oferta de veh\u00edculos con veh\u00edculos de serie con propulsi\u00f3n a base de pilas de combustible de hidr\u00f3geno. Un transporte neutro en CO2 en las carreteras para 2050 es el objetivo final.<\/p>\n<p>Foto: \u00a9 Mercedes-Benz Truck<\/p>\n","protected":false},"excerpt":{"rendered":"<p>El 30 de junio, Mercedes-Benz Trucks celebra el estreno mundial de su eActros, un cami\u00f3n totalmente el\u00e9ctrico para el transporte pesado. Con el primer cami\u00f3n el\u00e9ctrico<span class=\"excerpt-hellip\"> [\u2026]<\/span><\/p>\n","protected":false},"author":0,"featured_media":0,"comment_status":"open","ping_status":"open","sticky":false,"template":"","format":"standard","meta":{"_acf_changed":false,"footnotes":""},"categories":[1557,1561],"tags":[],"class_list":["post-26960","post","type-post","status-publish","format-standard","hentry","category-forwarding-logistics","category-regions"],"acf":[],"yoast_head":"<!-- This site is optimized with the Yoast SEO plugin v27.3 - https:\/\/yoast.com\/product\/yoast-seo-wordpress\/ -->\n<title>Estreno mundial del Mercedes-Benz eActros el 30 de junio - Loginfo24<\/title>\n<meta name=\"robots\" content=\"index, follow, max-snippet:-1, max-image-preview:large, max-video-preview:-1\" \/>\n<link rel=\"canonical\" href=\"https:\/\/loginfo24.com\/es\/2021\/06\/14\/estreno-mundial-del-mercedes-benz-eactros-el-30-de-junio\/\" \/>\n<meta property=\"og:locale\" content=\"es_ES\" \/>\n<meta property=\"og:type\" content=\"article\" \/>\n<meta property=\"og:title\" content=\"Estreno mundial del Mercedes-Benz eActros el 30 de junio - Loginfo24\" \/>\n<meta property=\"og:description\" content=\"El 30 de junio, Mercedes-Benz Trucks celebra el estreno mundial de su eActros, un cami\u00f3n totalmente el\u00e9ctrico para el transporte pesado. Con el primer cami\u00f3n el\u00e9ctrico [\u2026]\" \/>\n<meta property=\"og:url\" content=\"https:\/\/loginfo24.com\/es\/2021\/06\/14\/estreno-mundial-del-mercedes-benz-eactros-el-30-de-junio\/\" \/>\n<meta property=\"og:site_name\" content=\"Loginfo24\" \/>\n<meta property=\"article:publisher\" content=\"https:\/\/www.facebook.com\/people\/Loginfo24\/100057360583332\/\" \/>\n<meta property=\"article:published_time\" content=\"2021-06-14T17:35:46+00:00\" \/>\n<meta property=\"article:modified_time\" content=\"2025-12-15T12:07:40+00:00\" \/>\n<meta name=\"twitter:card\" content=\"summary_large_image\" \/>\n<meta name=\"twitter:label1\" content=\"Tiempo de lectura\" \/>\n\t<meta name=\"twitter:data1\" content=\"5 minuto\" \/>\n<script type=\"application\/ld+json\" class=\"yoast-schema-graph\">{\"@context\":\"https:\\\/\\\/schema.org\",\"@graph\":[{\"@type\":\"Article\",\"@id\":\"https:\\\/\\\/loginfo24.com\\\/es\\\/2021\\\/06\\\/14\\\/estreno-mundial-del-mercedes-benz-eactros-el-30-de-junio\\\/#article\",\"isPartOf\":{\"@id\":\"https:\\\/\\\/loginfo24.com\\\/es\\\/2021\\\/06\\\/14\\\/estreno-mundial-del-mercedes-benz-eactros-el-30-de-junio\\\/\"},\"author\":{\"name\":\"\",\"@id\":\"\"},\"headline\":\"Estreno mundial del Mercedes-Benz eActros el 30 de junio\",\"datePublished\":\"2021-06-14T17:35:46+00:00\",\"dateModified\":\"2025-12-15T12:07:40+00:00\",\"mainEntityOfPage\":{\"@id\":\"https:\\\/\\\/loginfo24.com\\\/es\\\/2021\\\/06\\\/14\\\/estreno-mundial-del-mercedes-benz-eactros-el-30-de-junio\\\/\"},\"wordCount\":1020,\"commentCount\":0,\"publisher\":{\"@id\":\"https:\\\/\\\/loginfo24.com\\\/es\\\/#organization\"},\"articleSection\":[\"Forwarding &amp; Logistics\",\"Regions\"],\"inLanguage\":\"es\",\"potentialAction\":[{\"@type\":\"CommentAction\",\"name\":\"Comment\",\"target\":[\"https:\\\/\\\/loginfo24.com\\\/es\\\/2021\\\/06\\\/14\\\/estreno-mundial-del-mercedes-benz-eactros-el-30-de-junio\\\/#respond\"]}]},{\"@type\":\"WebPage\",\"@id\":\"https:\\\/\\\/loginfo24.com\\\/es\\\/2021\\\/06\\\/14\\\/estreno-mundial-del-mercedes-benz-eactros-el-30-de-junio\\\/\",\"url\":\"https:\\\/\\\/loginfo24.com\\\/es\\\/2021\\\/06\\\/14\\\/estreno-mundial-del-mercedes-benz-eactros-el-30-de-junio\\\/\",\"name\":\"Estreno mundial del Mercedes-Benz eActros el 30 de junio - Loginfo24\",\"isPartOf\":{\"@id\":\"https:\\\/\\\/loginfo24.com\\\/es\\\/#website\"},\"datePublished\":\"2021-06-14T17:35:46+00:00\",\"dateModified\":\"2025-12-15T12:07:40+00:00\",\"breadcrumb\":{\"@id\":\"https:\\\/\\\/loginfo24.com\\\/es\\\/2021\\\/06\\\/14\\\/estreno-mundial-del-mercedes-benz-eactros-el-30-de-junio\\\/#breadcrumb\"},\"inLanguage\":\"es\",\"potentialAction\":[{\"@type\":\"ReadAction\",\"target\":[\"https:\\\/\\\/loginfo24.com\\\/es\\\/2021\\\/06\\\/14\\\/estreno-mundial-del-mercedes-benz-eactros-el-30-de-junio\\\/\"]}]},{\"@type\":\"BreadcrumbList\",\"@id\":\"https:\\\/\\\/loginfo24.com\\\/es\\\/2021\\\/06\\\/14\\\/estreno-mundial-del-mercedes-benz-eactros-el-30-de-junio\\\/#breadcrumb\",\"itemListElement\":[{\"@type\":\"ListItem\",\"position\":1,\"name\":\"Startseite\",\"item\":\"https:\\\/\\\/loginfo24.com\\\/es\\\/\"},{\"@type\":\"ListItem\",\"position\":2,\"name\":\"Estreno mundial del Mercedes-Benz eActros el 30 de junio\"}]},{\"@type\":\"WebSite\",\"@id\":\"https:\\\/\\\/loginfo24.com\\\/es\\\/#website\",\"url\":\"https:\\\/\\\/loginfo24.com\\\/es\\\/\",\"name\":\"Loginfo24\",\"description\":\"Loginfo24 es la plataforma dedicada a la log\u00edstica y las cadenas de suministro con informaci\u00f3n las 24 horas del d\u00eda.\",\"publisher\":{\"@id\":\"https:\\\/\\\/loginfo24.com\\\/es\\\/#organization\"},\"potentialAction\":[{\"@type\":\"SearchAction\",\"target\":{\"@type\":\"EntryPoint\",\"urlTemplate\":\"https:\\\/\\\/loginfo24.com\\\/es\\\/?s={search_term_string}\"},\"query-input\":{\"@type\":\"PropertyValueSpecification\",\"valueRequired\":true,\"valueName\":\"search_term_string\"}}],\"inLanguage\":\"es\"},{\"@type\":\"Organization\",\"@id\":\"https:\\\/\\\/loginfo24.com\\\/es\\\/#organization\",\"name\":\"Grupo Logismedia AG\",\"url\":\"https:\\\/\\\/loginfo24.com\\\/es\\\/\",\"logo\":{\"@type\":\"ImageObject\",\"inLanguage\":\"es\",\"@id\":\"https:\\\/\\\/loginfo24.com\\\/es\\\/#\\\/schema\\\/logo\\\/image\\\/\",\"url\":\"https:\\\/\\\/loginfo24.com\\\/wp-content\\\/uploads\\\/sites\\\/7\\\/2026\\\/01\\\/Logo_LogInfo24.png\",\"contentUrl\":\"https:\\\/\\\/loginfo24.com\\\/wp-content\\\/uploads\\\/sites\\\/7\\\/2026\\\/01\\\/Logo_LogInfo24.png\",\"width\":938,\"height\":351,\"caption\":\"Grupo Logismedia AG\"},\"image\":{\"@id\":\"https:\\\/\\\/loginfo24.com\\\/es\\\/#\\\/schema\\\/logo\\\/image\\\/\"},\"sameAs\":[\"https:\\\/\\\/www.facebook.com\\\/people\\\/Loginfo24\\\/100057360583332\\\/\",\"https:\\\/\\\/www.linkedin.com\\\/company\\\/lofinfo24\\\/\"]}]}<\/script>\n<!-- \/ Yoast SEO plugin. -->","yoast_head_json":{"title":"Estreno mundial del Mercedes-Benz eActros el 30 de junio - Loginfo24","robots":{"index":"index","follow":"follow","max-snippet":"max-snippet:-1","max-image-preview":"max-image-preview:large","max-video-preview":"max-video-preview:-1"},"canonical":"https:\/\/loginfo24.com\/es\/2021\/06\/14\/estreno-mundial-del-mercedes-benz-eactros-el-30-de-junio\/","og_locale":"es_ES","og_type":"article","og_title":"Estreno mundial del Mercedes-Benz eActros el 30 de junio - Loginfo24","og_description":"El 30 de junio, Mercedes-Benz Trucks celebra el estreno mundial de su eActros, un cami\u00f3n totalmente el\u00e9ctrico para el transporte pesado. Con el primer cami\u00f3n el\u00e9ctrico [\u2026]","og_url":"https:\/\/loginfo24.com\/es\/2021\/06\/14\/estreno-mundial-del-mercedes-benz-eactros-el-30-de-junio\/","og_site_name":"Loginfo24","article_publisher":"https:\/\/www.facebook.com\/people\/Loginfo24\/100057360583332\/","article_published_time":"2021-06-14T17:35:46+00:00","article_modified_time":"2025-12-15T12:07:40+00:00","twitter_card":"summary_large_image","twitter_misc":{"Tiempo de lectura":"5 minuto"},"schema":{"@context":"https:\/\/schema.org","@graph":[{"@type":"Article","@id":"https:\/\/loginfo24.com\/es\/2021\/06\/14\/estreno-mundial-del-mercedes-benz-eactros-el-30-de-junio\/#article","isPartOf":{"@id":"https:\/\/loginfo24.com\/es\/2021\/06\/14\/estreno-mundial-del-mercedes-benz-eactros-el-30-de-junio\/"},"author":{"name":"","@id":""},"headline":"Estreno mundial del Mercedes-Benz eActros el 30 de junio","datePublished":"2021-06-14T17:35:46+00:00","dateModified":"2025-12-15T12:07:40+00:00","mainEntityOfPage":{"@id":"https:\/\/loginfo24.com\/es\/2021\/06\/14\/estreno-mundial-del-mercedes-benz-eactros-el-30-de-junio\/"},"wordCount":1020,"commentCount":0,"publisher":{"@id":"https:\/\/loginfo24.com\/es\/#organization"},"articleSection":["Forwarding &amp; Logistics","Regions"],"inLanguage":"es","potentialAction":[{"@type":"CommentAction","name":"Comment","target":["https:\/\/loginfo24.com\/es\/2021\/06\/14\/estreno-mundial-del-mercedes-benz-eactros-el-30-de-junio\/#respond"]}]},{"@type":"WebPage","@id":"https:\/\/loginfo24.com\/es\/2021\/06\/14\/estreno-mundial-del-mercedes-benz-eactros-el-30-de-junio\/","url":"https:\/\/loginfo24.com\/es\/2021\/06\/14\/estreno-mundial-del-mercedes-benz-eactros-el-30-de-junio\/","name":"Estreno mundial del Mercedes-Benz eActros el 30 de junio - Loginfo24","isPartOf":{"@id":"https:\/\/loginfo24.com\/es\/#website"},"datePublished":"2021-06-14T17:35:46+00:00","dateModified":"2025-12-15T12:07:40+00:00","breadcrumb":{"@id":"https:\/\/loginfo24.com\/es\/2021\/06\/14\/estreno-mundial-del-mercedes-benz-eactros-el-30-de-junio\/#breadcrumb"},"inLanguage":"es","potentialAction":[{"@type":"ReadAction","target":["https:\/\/loginfo24.com\/es\/2021\/06\/14\/estreno-mundial-del-mercedes-benz-eactros-el-30-de-junio\/"]}]},{"@type":"BreadcrumbList","@id":"https:\/\/loginfo24.com\/es\/2021\/06\/14\/estreno-mundial-del-mercedes-benz-eactros-el-30-de-junio\/#breadcrumb","itemListElement":[{"@type":"ListItem","position":1,"name":"Startseite","item":"https:\/\/loginfo24.com\/es\/"},{"@type":"ListItem","position":2,"name":"Estreno mundial del Mercedes-Benz eActros el 30 de junio"}]},{"@type":"WebSite","@id":"https:\/\/loginfo24.com\/es\/#website","url":"https:\/\/loginfo24.com\/es\/","name":"Loginfo24","description":"Loginfo24 es la plataforma dedicada a la log\u00edstica y las cadenas de suministro con informaci\u00f3n las 24 horas del d\u00eda.","publisher":{"@id":"https:\/\/loginfo24.com\/es\/#organization"},"potentialAction":[{"@type":"SearchAction","target":{"@type":"EntryPoint","urlTemplate":"https:\/\/loginfo24.com\/es\/?s={search_term_string}"},"query-input":{"@type":"PropertyValueSpecification","valueRequired":true,"valueName":"search_term_string"}}],"inLanguage":"es"},{"@type":"Organization","@id":"https:\/\/loginfo24.com\/es\/#organization","name":"Grupo Logismedia AG","url":"https:\/\/loginfo24.com\/es\/","logo":{"@type":"ImageObject","inLanguage":"es","@id":"https:\/\/loginfo24.com\/es\/#\/schema\/logo\/image\/","url":"https:\/\/loginfo24.com\/wp-content\/uploads\/sites\/7\/2026\/01\/Logo_LogInfo24.png","contentUrl":"https:\/\/loginfo24.com\/wp-content\/uploads\/sites\/7\/2026\/01\/Logo_LogInfo24.png","width":938,"height":351,"caption":"Grupo Logismedia AG"},"image":{"@id":"https:\/\/loginfo24.com\/es\/#\/schema\/logo\/image\/"},"sameAs":["https:\/\/www.facebook.com\/people\/Loginfo24\/100057360583332\/","https:\/\/www.linkedin.com\/company\/lofinfo24\/"]}]}},"_links":{"self":[{"href":"https:\/\/loginfo24.com\/es\/wp-json\/wp\/v2\/posts\/26960","targetHints":{"allow":["GET"]}}],"collection":[{"href":"https:\/\/loginfo24.com\/es\/wp-json\/wp\/v2\/posts"}],"about":[{"href":"https:\/\/loginfo24.com\/es\/wp-json\/wp\/v2\/types\/post"}],"replies":[{"embeddable":true,"href":"https:\/\/loginfo24.com\/es\/wp-json\/wp\/v2\/comments?post=26960"}],"version-history":[{"count":1,"href":"https:\/\/loginfo24.com\/es\/wp-json\/wp\/v2\/posts\/26960\/revisions"}],"predecessor-version":[{"id":48192,"href":"https:\/\/loginfo24.com\/es\/wp-json\/wp\/v2\/posts\/26960\/revisions\/48192"}],"wp:attachment":[{"href":"https:\/\/loginfo24.com\/es\/wp-json\/wp\/v2\/media?parent=26960"}],"wp:term":[{"taxonomy":"category","embeddable":true,"href":"https:\/\/loginfo24.com\/es\/wp-json\/wp\/v2\/categories?post=26960"},{"taxonomy":"post_tag","embeddable":true,"href":"https:\/\/loginfo24.com\/es\/wp-json\/wp\/v2\/tags?post=26960"}],"curies":[{"name":"wp","href":"https:\/\/api.w.org\/{rel}","templated":true}]}}