{"id":26751,"date":"2022-01-24T19:46:28","date_gmt":"2022-01-24T18:46:28","guid":{"rendered":"https:\/\/blog.brand-architecture.at\/2022\/01\/24\/la-empresa-de-transporte-eberl-adquiere-la-guido-obermaier-gmbh\/"},"modified":"2022-01-24T19:46:28","modified_gmt":"2022-01-24T18:46:28","slug":"la-empresa-de-transporte-eberl-adquiere-la-guido-obermaier-gmbh","status":"publish","type":"post","link":"https:\/\/loginfo24.com\/es\/2022\/01\/24\/la-empresa-de-transporte-eberl-adquiere-la-guido-obermaier-gmbh\/","title":{"rendered":"La empresa de transporte EBERL adquiere la Guido Obermaier GmbH"},"content":{"rendered":"<h5><strong>La EBERL Internationale Spedition, con sede en Nu\u00dfdorf\/Chiemgau, ha adquirido la Guido Obermaier Transporte de Prien-Bachham. <\/strong><strong>La Guido Obermaier GmbH, una empresa tradicional y especialista en Escandinavia en Baviera (transporte a Suecia, Noruega, Finlandia), es parte del grupo EBERL desde el 01.01.2022.<\/strong><\/h5>\n<p>(Pressebox; Aiging\/Prien) Obermaier ha entregado a la empresa EBERL once camiones con un total de 30 unidades de tracci\u00f3n y remolque para el transporte de larga distancia. Se trata de una adquisici\u00f3n parcial de la operaci\u00f3n, ya que Guido Obermaier ha retenido la totalidad de su patrimonio inmobiliario y dos camiones (entre otros, para el transporte de madera) para su operaci\u00f3n independiente.<\/p>\n<p>\u00abEstamos encantados de asumir las actividades del especialista escandinavo Obermaier Transporte en nuestro grupo empresarial. Dado que hemos estado trabajando con un gran cliente en Suecia durante m\u00e1s de 18 a\u00f1os, surgen muchas sinergias que complementan y enriquecen nuestro portafolio existente\u00bb, dice el director general Thomas Eberl.<\/p>\n<p>Thomas Eberl mira al futuro con optimismo: \u00abEsto nos abre m\u00e1s potenciales. Ahora tenemos una gama m\u00e1s amplia y atractiva para nuestros clientes. Todos los puestos de trabajo, por supuesto, se mantienen. Esperamos con ansias nuevos conocimientos y nuevos empleados experimentados y cualificados.\u00bb<\/p>\n<p>La EBERL Internationale Spedition, fundada en 1967, opera principalmente en el transporte nacional e internacional de carga fraccionada y mercanc\u00edas, as\u00ed como en el comercio aduanero y el transporte a\u00e9reo\/mar\u00edtimo. Con m\u00e1s de 50 a\u00f1os de experiencia y conocimiento del sector, podemos ofrecer a nuestros clientes soluciones altamente especializadas.<\/p>\n<h5><strong>Las familias se conocen desde hace a\u00f1os<\/strong><\/h5>\n<p>Guido Obermaier valoraba mucho una soluci\u00f3n de empresa mediana. \u00abTanto nuestros estimados clientes como nuestros empleados valoran una asociaci\u00f3n de confianza. Estos valores se encuentran casi exclusivamente en empresas medianas.\u00bb<\/p>\n<p>Las familias Eberl y Obermaier se conocen y aprecian desde hace muchos a\u00f1os. \u00abPor eso estoy muy contento de que hayamos encontrado una soluci\u00f3n conjunta. La perspectiva de todas las partes involucradas se basa en la gran confianza que deseamos para el futuro. Estamos seguros de que Guido Obermaier Transporte est\u00e1 en las mejores manos\u00bb, enfatiza Guido Obermaier.<\/p>\n<p>\u00abDamos la bienvenida a todos los empleados, as\u00ed como a todos los clientes y socios de Guido Obermaier Transporte. Esperamos un futuro exitoso juntos\u00bb, dice Thomas Eberl.<\/p>\n<h5><strong>Un total de 300 empleados en el grupo<\/strong><\/h5>\n<p>El grupo empresarial EBERL incluye, entre otros, la empresa KLVrent alquiler de veh\u00edculos comerciales. Actualmente, esta cuenta con 1.250 unidades de tracci\u00f3n y remolque en once ubicaciones en Alemania, y para finales de 2022, se espera que la flota de alquiler de veh\u00edculos comerciales crezca a un total de 1.800 unidades. En total, trabajan en el grupo empresarial EBERL 300 empleados.<\/p>\n<p>Foto: \u00a9 Eberl<\/p>\n<p>&nbsp;<\/p>\n","protected":false},"excerpt":{"rendered":"<p>La EBERL Internationale Spedition, con sede en Nu\u00dfdorf\/Chiemgau, ha adquirido la Guido Obermaier Transporte de Prien-Bachham. La Guido Obermaier GmbH, una empresa tradicional y especialista en<span class=\"excerpt-hellip\"> [\u2026]<\/span><\/p>\n","protected":false},"author":0,"featured_media":11190,"comment_status":"open","ping_status":"open","sticky":false,"template":"","format":"standard","meta":{"_acf_changed":false,"footnotes":""},"categories":[1557,1556,1560,1561],"tags":[],"class_list":["post-26751","post","type-post","status-publish","format-standard","has-post-thumbnail","hentry","category-forwarding-logistics","category-intermodal-road","category-intralogistics","category-regions"],"acf":[],"yoast_head":"<!-- This site is optimized with the Yoast SEO plugin v27.3 - https:\/\/yoast.com\/product\/yoast-seo-wordpress\/ -->\n<title>La empresa de transporte EBERL adquiere la Guido Obermaier GmbH - Loginfo24<\/title>\n<meta name=\"robots\" content=\"index, follow, max-snippet:-1, max-image-preview:large, max-video-preview:-1\" \/>\n<link rel=\"canonical\" href=\"https:\/\/loginfo24.com\/es\/2022\/01\/24\/la-empresa-de-transporte-eberl-adquiere-la-guido-obermaier-gmbh\/\" \/>\n<meta property=\"og:locale\" content=\"es_ES\" \/>\n<meta property=\"og:type\" content=\"article\" \/>\n<meta property=\"og:title\" content=\"La empresa de transporte EBERL adquiere la Guido Obermaier GmbH - Loginfo24\" \/>\n<meta property=\"og:description\" content=\"La EBERL Internationale Spedition, con sede en Nu\u00dfdorf\/Chiemgau, ha adquirido la Guido Obermaier Transporte de Prien-Bachham. La Guido Obermaier GmbH, una empresa tradicional y especialista en [\u2026]\" \/>\n<meta property=\"og:url\" content=\"https:\/\/loginfo24.com\/es\/2022\/01\/24\/la-empresa-de-transporte-eberl-adquiere-la-guido-obermaier-gmbh\/\" \/>\n<meta property=\"og:site_name\" content=\"Loginfo24\" \/>\n<meta property=\"article:publisher\" content=\"https:\/\/www.facebook.com\/people\/Loginfo24\/100057360583332\/\" \/>\n<meta property=\"article:published_time\" content=\"2022-01-24T18:46:28+00:00\" \/>\n<meta property=\"og:image\" content=\"https:\/\/loginfo24.com\/wp-content\/uploads\/sites\/7\/2025\/12\/Eberl_24.1.22.jpg\" \/>\n\t<meta property=\"og:image:width\" content=\"1599\" \/>\n\t<meta property=\"og:image:height\" content=\"750\" \/>\n\t<meta property=\"og:image:type\" content=\"image\/jpeg\" \/>\n<meta name=\"twitter:card\" content=\"summary_large_image\" \/>\n<meta name=\"twitter:label1\" content=\"Tiempo de lectura\" \/>\n\t<meta name=\"twitter:data1\" content=\"2 minuto\" \/>\n<script type=\"application\/ld+json\" class=\"yoast-schema-graph\">{\"@context\":\"https:\\\/\\\/schema.org\",\"@graph\":[{\"@type\":\"Article\",\"@id\":\"https:\\\/\\\/loginfo24.com\\\/es\\\/2022\\\/01\\\/24\\\/la-empresa-de-transporte-eberl-adquiere-la-guido-obermaier-gmbh\\\/#article\",\"isPartOf\":{\"@id\":\"https:\\\/\\\/loginfo24.com\\\/es\\\/2022\\\/01\\\/24\\\/la-empresa-de-transporte-eberl-adquiere-la-guido-obermaier-gmbh\\\/\"},\"author\":{\"name\":\"\",\"@id\":\"\"},\"headline\":\"La empresa de transporte EBERL adquiere la Guido Obermaier GmbH\",\"datePublished\":\"2022-01-24T18:46:28+00:00\",\"mainEntityOfPage\":{\"@id\":\"https:\\\/\\\/loginfo24.com\\\/es\\\/2022\\\/01\\\/24\\\/la-empresa-de-transporte-eberl-adquiere-la-guido-obermaier-gmbh\\\/\"},\"wordCount\":462,\"commentCount\":0,\"publisher\":{\"@id\":\"https:\\\/\\\/loginfo24.com\\\/es\\\/#organization\"},\"image\":{\"@id\":\"https:\\\/\\\/loginfo24.com\\\/es\\\/2022\\\/01\\\/24\\\/la-empresa-de-transporte-eberl-adquiere-la-guido-obermaier-gmbh\\\/#primaryimage\"},\"thumbnailUrl\":\"https:\\\/\\\/loginfo24.com\\\/wp-content\\\/uploads\\\/sites\\\/7\\\/2025\\\/12\\\/Eberl_24.1.22.jpg\",\"articleSection\":[\"Forwarding &amp; Logistics\",\"Intermodal \\\/ Road\",\"Intralogistics\",\"Regions\"],\"inLanguage\":\"es\",\"potentialAction\":[{\"@type\":\"CommentAction\",\"name\":\"Comment\",\"target\":[\"https:\\\/\\\/loginfo24.com\\\/es\\\/2022\\\/01\\\/24\\\/la-empresa-de-transporte-eberl-adquiere-la-guido-obermaier-gmbh\\\/#respond\"]}]},{\"@type\":\"WebPage\",\"@id\":\"https:\\\/\\\/loginfo24.com\\\/es\\\/2022\\\/01\\\/24\\\/la-empresa-de-transporte-eberl-adquiere-la-guido-obermaier-gmbh\\\/\",\"url\":\"https:\\\/\\\/loginfo24.com\\\/es\\\/2022\\\/01\\\/24\\\/la-empresa-de-transporte-eberl-adquiere-la-guido-obermaier-gmbh\\\/\",\"name\":\"La empresa de transporte EBERL adquiere la Guido Obermaier GmbH - Loginfo24\",\"isPartOf\":{\"@id\":\"https:\\\/\\\/loginfo24.com\\\/es\\\/#website\"},\"primaryImageOfPage\":{\"@id\":\"https:\\\/\\\/loginfo24.com\\\/es\\\/2022\\\/01\\\/24\\\/la-empresa-de-transporte-eberl-adquiere-la-guido-obermaier-gmbh\\\/#primaryimage\"},\"image\":{\"@id\":\"https:\\\/\\\/loginfo24.com\\\/es\\\/2022\\\/01\\\/24\\\/la-empresa-de-transporte-eberl-adquiere-la-guido-obermaier-gmbh\\\/#primaryimage\"},\"thumbnailUrl\":\"https:\\\/\\\/loginfo24.com\\\/wp-content\\\/uploads\\\/sites\\\/7\\\/2025\\\/12\\\/Eberl_24.1.22.jpg\",\"datePublished\":\"2022-01-24T18:46:28+00:00\",\"breadcrumb\":{\"@id\":\"https:\\\/\\\/loginfo24.com\\\/es\\\/2022\\\/01\\\/24\\\/la-empresa-de-transporte-eberl-adquiere-la-guido-obermaier-gmbh\\\/#breadcrumb\"},\"inLanguage\":\"es\",\"potentialAction\":[{\"@type\":\"ReadAction\",\"target\":[\"https:\\\/\\\/loginfo24.com\\\/es\\\/2022\\\/01\\\/24\\\/la-empresa-de-transporte-eberl-adquiere-la-guido-obermaier-gmbh\\\/\"]}]},{\"@type\":\"ImageObject\",\"inLanguage\":\"es\",\"@id\":\"https:\\\/\\\/loginfo24.com\\\/es\\\/2022\\\/01\\\/24\\\/la-empresa-de-transporte-eberl-adquiere-la-guido-obermaier-gmbh\\\/#primaryimage\",\"url\":\"https:\\\/\\\/loginfo24.com\\\/wp-content\\\/uploads\\\/sites\\\/7\\\/2025\\\/12\\\/Eberl_24.1.22.jpg\",\"contentUrl\":\"https:\\\/\\\/loginfo24.com\\\/wp-content\\\/uploads\\\/sites\\\/7\\\/2025\\\/12\\\/Eberl_24.1.22.jpg\",\"width\":1599,\"height\":750},{\"@type\":\"BreadcrumbList\",\"@id\":\"https:\\\/\\\/loginfo24.com\\\/es\\\/2022\\\/01\\\/24\\\/la-empresa-de-transporte-eberl-adquiere-la-guido-obermaier-gmbh\\\/#breadcrumb\",\"itemListElement\":[{\"@type\":\"ListItem\",\"position\":1,\"name\":\"Startseite\",\"item\":\"https:\\\/\\\/loginfo24.com\\\/es\\\/\"},{\"@type\":\"ListItem\",\"position\":2,\"name\":\"La empresa de transporte EBERL adquiere la Guido Obermaier GmbH\"}]},{\"@type\":\"WebSite\",\"@id\":\"https:\\\/\\\/loginfo24.com\\\/es\\\/#website\",\"url\":\"https:\\\/\\\/loginfo24.com\\\/es\\\/\",\"name\":\"Loginfo24\",\"description\":\"Loginfo24 es la plataforma dedicada a la log\u00edstica y las cadenas de suministro con informaci\u00f3n las 24 horas del d\u00eda.\",\"publisher\":{\"@id\":\"https:\\\/\\\/loginfo24.com\\\/es\\\/#organization\"},\"potentialAction\":[{\"@type\":\"SearchAction\",\"target\":{\"@type\":\"EntryPoint\",\"urlTemplate\":\"https:\\\/\\\/loginfo24.com\\\/es\\\/?s={search_term_string}\"},\"query-input\":{\"@type\":\"PropertyValueSpecification\",\"valueRequired\":true,\"valueName\":\"search_term_string\"}}],\"inLanguage\":\"es\"},{\"@type\":\"Organization\",\"@id\":\"https:\\\/\\\/loginfo24.com\\\/es\\\/#organization\",\"name\":\"Grupo Logismedia AG\",\"url\":\"https:\\\/\\\/loginfo24.com\\\/es\\\/\",\"logo\":{\"@type\":\"ImageObject\",\"inLanguage\":\"es\",\"@id\":\"https:\\\/\\\/loginfo24.com\\\/es\\\/#\\\/schema\\\/logo\\\/image\\\/\",\"url\":\"https:\\\/\\\/loginfo24.com\\\/wp-content\\\/uploads\\\/sites\\\/7\\\/2026\\\/01\\\/Logo_LogInfo24.png\",\"contentUrl\":\"https:\\\/\\\/loginfo24.com\\\/wp-content\\\/uploads\\\/sites\\\/7\\\/2026\\\/01\\\/Logo_LogInfo24.png\",\"width\":938,\"height\":351,\"caption\":\"Grupo Logismedia AG\"},\"image\":{\"@id\":\"https:\\\/\\\/loginfo24.com\\\/es\\\/#\\\/schema\\\/logo\\\/image\\\/\"},\"sameAs\":[\"https:\\\/\\\/www.facebook.com\\\/people\\\/Loginfo24\\\/100057360583332\\\/\",\"https:\\\/\\\/www.linkedin.com\\\/company\\\/lofinfo24\\\/\"]}]}<\/script>\n<!-- \/ Yoast SEO plugin. -->","yoast_head_json":{"title":"La empresa de transporte EBERL adquiere la Guido Obermaier GmbH - Loginfo24","robots":{"index":"index","follow":"follow","max-snippet":"max-snippet:-1","max-image-preview":"max-image-preview:large","max-video-preview":"max-video-preview:-1"},"canonical":"https:\/\/loginfo24.com\/es\/2022\/01\/24\/la-empresa-de-transporte-eberl-adquiere-la-guido-obermaier-gmbh\/","og_locale":"es_ES","og_type":"article","og_title":"La empresa de transporte EBERL adquiere la Guido Obermaier GmbH - Loginfo24","og_description":"La EBERL Internationale Spedition, con sede en Nu\u00dfdorf\/Chiemgau, ha adquirido la Guido Obermaier Transporte de Prien-Bachham. La Guido Obermaier GmbH, una empresa tradicional y especialista en [\u2026]","og_url":"https:\/\/loginfo24.com\/es\/2022\/01\/24\/la-empresa-de-transporte-eberl-adquiere-la-guido-obermaier-gmbh\/","og_site_name":"Loginfo24","article_publisher":"https:\/\/www.facebook.com\/people\/Loginfo24\/100057360583332\/","article_published_time":"2022-01-24T18:46:28+00:00","og_image":[{"width":1599,"height":750,"url":"https:\/\/loginfo24.com\/wp-content\/uploads\/sites\/7\/2025\/12\/Eberl_24.1.22.jpg","type":"image\/jpeg"}],"twitter_card":"summary_large_image","twitter_misc":{"Tiempo de lectura":"2 minuto"},"schema":{"@context":"https:\/\/schema.org","@graph":[{"@type":"Article","@id":"https:\/\/loginfo24.com\/es\/2022\/01\/24\/la-empresa-de-transporte-eberl-adquiere-la-guido-obermaier-gmbh\/#article","isPartOf":{"@id":"https:\/\/loginfo24.com\/es\/2022\/01\/24\/la-empresa-de-transporte-eberl-adquiere-la-guido-obermaier-gmbh\/"},"author":{"name":"","@id":""},"headline":"La empresa de transporte EBERL adquiere la Guido Obermaier GmbH","datePublished":"2022-01-24T18:46:28+00:00","mainEntityOfPage":{"@id":"https:\/\/loginfo24.com\/es\/2022\/01\/24\/la-empresa-de-transporte-eberl-adquiere-la-guido-obermaier-gmbh\/"},"wordCount":462,"commentCount":0,"publisher":{"@id":"https:\/\/loginfo24.com\/es\/#organization"},"image":{"@id":"https:\/\/loginfo24.com\/es\/2022\/01\/24\/la-empresa-de-transporte-eberl-adquiere-la-guido-obermaier-gmbh\/#primaryimage"},"thumbnailUrl":"https:\/\/loginfo24.com\/wp-content\/uploads\/sites\/7\/2025\/12\/Eberl_24.1.22.jpg","articleSection":["Forwarding &amp; Logistics","Intermodal \/ Road","Intralogistics","Regions"],"inLanguage":"es","potentialAction":[{"@type":"CommentAction","name":"Comment","target":["https:\/\/loginfo24.com\/es\/2022\/01\/24\/la-empresa-de-transporte-eberl-adquiere-la-guido-obermaier-gmbh\/#respond"]}]},{"@type":"WebPage","@id":"https:\/\/loginfo24.com\/es\/2022\/01\/24\/la-empresa-de-transporte-eberl-adquiere-la-guido-obermaier-gmbh\/","url":"https:\/\/loginfo24.com\/es\/2022\/01\/24\/la-empresa-de-transporte-eberl-adquiere-la-guido-obermaier-gmbh\/","name":"La empresa de transporte EBERL adquiere la Guido Obermaier GmbH - Loginfo24","isPartOf":{"@id":"https:\/\/loginfo24.com\/es\/#website"},"primaryImageOfPage":{"@id":"https:\/\/loginfo24.com\/es\/2022\/01\/24\/la-empresa-de-transporte-eberl-adquiere-la-guido-obermaier-gmbh\/#primaryimage"},"image":{"@id":"https:\/\/loginfo24.com\/es\/2022\/01\/24\/la-empresa-de-transporte-eberl-adquiere-la-guido-obermaier-gmbh\/#primaryimage"},"thumbnailUrl":"https:\/\/loginfo24.com\/wp-content\/uploads\/sites\/7\/2025\/12\/Eberl_24.1.22.jpg","datePublished":"2022-01-24T18:46:28+00:00","breadcrumb":{"@id":"https:\/\/loginfo24.com\/es\/2022\/01\/24\/la-empresa-de-transporte-eberl-adquiere-la-guido-obermaier-gmbh\/#breadcrumb"},"inLanguage":"es","potentialAction":[{"@type":"ReadAction","target":["https:\/\/loginfo24.com\/es\/2022\/01\/24\/la-empresa-de-transporte-eberl-adquiere-la-guido-obermaier-gmbh\/"]}]},{"@type":"ImageObject","inLanguage":"es","@id":"https:\/\/loginfo24.com\/es\/2022\/01\/24\/la-empresa-de-transporte-eberl-adquiere-la-guido-obermaier-gmbh\/#primaryimage","url":"https:\/\/loginfo24.com\/wp-content\/uploads\/sites\/7\/2025\/12\/Eberl_24.1.22.jpg","contentUrl":"https:\/\/loginfo24.com\/wp-content\/uploads\/sites\/7\/2025\/12\/Eberl_24.1.22.jpg","width":1599,"height":750},{"@type":"BreadcrumbList","@id":"https:\/\/loginfo24.com\/es\/2022\/01\/24\/la-empresa-de-transporte-eberl-adquiere-la-guido-obermaier-gmbh\/#breadcrumb","itemListElement":[{"@type":"ListItem","position":1,"name":"Startseite","item":"https:\/\/loginfo24.com\/es\/"},{"@type":"ListItem","position":2,"name":"La empresa de transporte EBERL adquiere la Guido Obermaier GmbH"}]},{"@type":"WebSite","@id":"https:\/\/loginfo24.com\/es\/#website","url":"https:\/\/loginfo24.com\/es\/","name":"Loginfo24","description":"Loginfo24 es la plataforma dedicada a la log\u00edstica y las cadenas de suministro con informaci\u00f3n las 24 horas del d\u00eda.","publisher":{"@id":"https:\/\/loginfo24.com\/es\/#organization"},"potentialAction":[{"@type":"SearchAction","target":{"@type":"EntryPoint","urlTemplate":"https:\/\/loginfo24.com\/es\/?s={search_term_string}"},"query-input":{"@type":"PropertyValueSpecification","valueRequired":true,"valueName":"search_term_string"}}],"inLanguage":"es"},{"@type":"Organization","@id":"https:\/\/loginfo24.com\/es\/#organization","name":"Grupo Logismedia AG","url":"https:\/\/loginfo24.com\/es\/","logo":{"@type":"ImageObject","inLanguage":"es","@id":"https:\/\/loginfo24.com\/es\/#\/schema\/logo\/image\/","url":"https:\/\/loginfo24.com\/wp-content\/uploads\/sites\/7\/2026\/01\/Logo_LogInfo24.png","contentUrl":"https:\/\/loginfo24.com\/wp-content\/uploads\/sites\/7\/2026\/01\/Logo_LogInfo24.png","width":938,"height":351,"caption":"Grupo Logismedia AG"},"image":{"@id":"https:\/\/loginfo24.com\/es\/#\/schema\/logo\/image\/"},"sameAs":["https:\/\/www.facebook.com\/people\/Loginfo24\/100057360583332\/","https:\/\/www.linkedin.com\/company\/lofinfo24\/"]}]}},"_links":{"self":[{"href":"https:\/\/loginfo24.com\/es\/wp-json\/wp\/v2\/posts\/26751","targetHints":{"allow":["GET"]}}],"collection":[{"href":"https:\/\/loginfo24.com\/es\/wp-json\/wp\/v2\/posts"}],"about":[{"href":"https:\/\/loginfo24.com\/es\/wp-json\/wp\/v2\/types\/post"}],"replies":[{"embeddable":true,"href":"https:\/\/loginfo24.com\/es\/wp-json\/wp\/v2\/comments?post=26751"}],"version-history":[{"count":0,"href":"https:\/\/loginfo24.com\/es\/wp-json\/wp\/v2\/posts\/26751\/revisions"}],"wp:featuredmedia":[{"embeddable":true,"href":"https:\/\/loginfo24.com\/es\/wp-json\/wp\/v2\/media\/11190"}],"wp:attachment":[{"href":"https:\/\/loginfo24.com\/es\/wp-json\/wp\/v2\/media?parent=26751"}],"wp:term":[{"taxonomy":"category","embeddable":true,"href":"https:\/\/loginfo24.com\/es\/wp-json\/wp\/v2\/categories?post=26751"},{"taxonomy":"post_tag","embeddable":true,"href":"https:\/\/loginfo24.com\/es\/wp-json\/wp\/v2\/tags?post=26751"}],"curies":[{"name":"wp","href":"https:\/\/api.w.org\/{rel}","templated":true}]}}