{"id":26725,"date":"2022-01-24T19:10:03","date_gmt":"2022-01-24T18:10:03","guid":{"rendered":"https:\/\/blog.brand-architecture.at\/2022\/01\/24\/markus-kramer-nuevo-presidente-de-la-direccion-de-neska\/"},"modified":"2022-01-24T19:10:03","modified_gmt":"2022-01-24T18:10:03","slug":"markus-kramer-nuevo-presidente-de-la-direccion-de-neska","status":"publish","type":"post","link":"https:\/\/loginfo24.com\/es\/2022\/01\/24\/markus-kramer-nuevo-presidente-de-la-direccion-de-neska\/","title":{"rendered":"Markus Kr\u00e4mer nuevo presidente de la direcci\u00f3n de Neska"},"content":{"rendered":"<h5><strong>En el marco de la integraci\u00f3n de las empresas subsidiarias y participadas en el grupo HGK, la direcci\u00f3n de \u00abNeska Schiffahrts- und Speditionskontor GmbH\u00bb se ha reestructurado. Tras su entrada en la direcci\u00f3n de Neska en noviembre de 2020, Markus Kr\u00e4mer ha sido nombrado retroactivamente presidente de la direcci\u00f3n de Neska a partir del 1 de octubre de 2021, cargo que comparte con Jan Zeese y Andreas Grzib.<\/strong><\/h5>\n<p>(K\u00f6ln) Las empresas de Neska, especializadas en log\u00edstica y transbordo, se agruparon bajo el paraguas del grupo HGK desde la primavera de 2021. Las antiguas marcas individuales Neska, Pohl &amp; Co., UCT, DBT, CTS, KCT y RRT operan desde entonces de manera uniforme bajo la marca \u00abHGK Logistics and Intermodal\u00bb. \u00abNos complace que Markus Kr\u00e4mer asuma la responsabilidad principal de la integraci\u00f3n continua dentro de Neska y del grupo HGK. Los procesos ya iniciados son necesarios para poder mantenernos con \u00e9xito en un entorno de mercado parcialmente dif\u00edcil\u00bb, dice Uwe Wedig, presidente del consejo de administraci\u00f3n de HGK AG.<\/p>\n<p>Markus Kr\u00e4mer ya ha ocupado varios puestos directivos en el grupo HGK. Hasta 2018, el actual de 34 a\u00f1os fue apoderado del departamento de ventas ferroviarias de la participaci\u00f3n de HGK, RheinCargo. Entre 2018 y octubre de 2021, gestion\u00f3 como apoderado la gesti\u00f3n de participaciones del grupo HGK y particip\u00f3 de manera decisiva en el proceso de adquisici\u00f3n de la actual HGK Shipping en el verano de 2020.<\/p>\n<h5><strong>Cuestionamiento cr\u00edtico de todas las estructuras<\/strong><\/h5>\n<p>El objetivo de la direcci\u00f3n de Neska es establecer la empresa de manera sostenible y orientada al futuro tras a\u00f1os comerciales desafiantes. \u00abActualmente estamos cuestionando cr\u00edticamente todas las estructuras. All\u00ed donde sea apropiado, realizaremos ajustes con nuestro equipo. Juntos queremos seguir desarrollando HGK Logistics and Intermodal para poder seguir contribuyendo de manera importante al \u00e9xito del grupo HGK en el futuro\u00bb, explica el nuevo CEO de Neska sus planes.<\/p>\n<p>Foto: \u00a9 HGK<\/p>\n","protected":false},"excerpt":{"rendered":"<p>En el marco de la integraci\u00f3n de las empresas subsidiarias y participadas en el grupo HGK, la direcci\u00f3n de \u00abNeska Schiffahrts- und Speditionskontor GmbH\u00bb se ha<span class=\"excerpt-hellip\"> [\u2026]<\/span><\/p>\n","protected":false},"author":0,"featured_media":11202,"comment_status":"open","ping_status":"open","sticky":false,"template":"","format":"standard","meta":{"_acf_changed":false,"footnotes":""},"categories":[1557,1560,1561,1559],"tags":[],"class_list":["post-26725","post","type-post","status-publish","format-standard","has-post-thumbnail","hentry","category-forwarding-logistics","category-intralogistics","category-regions","category-shipping-ports"],"acf":[],"yoast_head":"<!-- This site is optimized with the Yoast SEO plugin v27.3 - https:\/\/yoast.com\/product\/yoast-seo-wordpress\/ -->\n<title>Markus Kr\u00e4mer nuevo presidente de la direcci\u00f3n de Neska - Loginfo24<\/title>\n<meta name=\"robots\" content=\"index, follow, max-snippet:-1, max-image-preview:large, max-video-preview:-1\" \/>\n<link rel=\"canonical\" href=\"https:\/\/loginfo24.com\/es\/2022\/01\/24\/markus-kramer-nuevo-presidente-de-la-direccion-de-neska\/\" \/>\n<meta property=\"og:locale\" content=\"es_ES\" \/>\n<meta property=\"og:type\" content=\"article\" \/>\n<meta property=\"og:title\" content=\"Markus Kr\u00e4mer nuevo presidente de la direcci\u00f3n de Neska - Loginfo24\" \/>\n<meta property=\"og:description\" content=\"En el marco de la integraci\u00f3n de las empresas subsidiarias y participadas en el grupo HGK, la direcci\u00f3n de \u00abNeska Schiffahrts- und Speditionskontor GmbH\u00bb se ha [\u2026]\" \/>\n<meta property=\"og:url\" content=\"https:\/\/loginfo24.com\/es\/2022\/01\/24\/markus-kramer-nuevo-presidente-de-la-direccion-de-neska\/\" \/>\n<meta property=\"og:site_name\" content=\"Loginfo24\" \/>\n<meta property=\"article:publisher\" content=\"https:\/\/www.facebook.com\/people\/Loginfo24\/100057360583332\/\" \/>\n<meta property=\"article:published_time\" content=\"2022-01-24T18:10:03+00:00\" \/>\n<meta property=\"og:image\" content=\"https:\/\/loginfo24.com\/wp-content\/uploads\/sites\/7\/2025\/12\/HGK_24.1.22.jpg\" \/>\n\t<meta property=\"og:image:width\" content=\"1325\" \/>\n\t<meta property=\"og:image:height\" content=\"852\" \/>\n\t<meta property=\"og:image:type\" content=\"image\/jpeg\" \/>\n<meta name=\"twitter:card\" content=\"summary_large_image\" \/>\n<meta name=\"twitter:label1\" content=\"Tiempo de lectura\" \/>\n\t<meta name=\"twitter:data1\" content=\"2 minuto\" \/>\n<script type=\"application\/ld+json\" class=\"yoast-schema-graph\">{\"@context\":\"https:\\\/\\\/schema.org\",\"@graph\":[{\"@type\":\"Article\",\"@id\":\"https:\\\/\\\/loginfo24.com\\\/es\\\/2022\\\/01\\\/24\\\/markus-kramer-nuevo-presidente-de-la-direccion-de-neska\\\/#article\",\"isPartOf\":{\"@id\":\"https:\\\/\\\/loginfo24.com\\\/es\\\/2022\\\/01\\\/24\\\/markus-kramer-nuevo-presidente-de-la-direccion-de-neska\\\/\"},\"author\":{\"name\":\"\",\"@id\":\"\"},\"headline\":\"Markus Kr\u00e4mer nuevo presidente de la direcci\u00f3n de Neska\",\"datePublished\":\"2022-01-24T18:10:03+00:00\",\"mainEntityOfPage\":{\"@id\":\"https:\\\/\\\/loginfo24.com\\\/es\\\/2022\\\/01\\\/24\\\/markus-kramer-nuevo-presidente-de-la-direccion-de-neska\\\/\"},\"wordCount\":334,\"commentCount\":0,\"publisher\":{\"@id\":\"https:\\\/\\\/loginfo24.com\\\/es\\\/#organization\"},\"image\":{\"@id\":\"https:\\\/\\\/loginfo24.com\\\/es\\\/2022\\\/01\\\/24\\\/markus-kramer-nuevo-presidente-de-la-direccion-de-neska\\\/#primaryimage\"},\"thumbnailUrl\":\"https:\\\/\\\/loginfo24.com\\\/wp-content\\\/uploads\\\/sites\\\/7\\\/2025\\\/12\\\/HGK_24.1.22.jpg\",\"articleSection\":[\"Forwarding &amp; Logistics\",\"Intralogistics\",\"Regions\",\"Shipping &amp; Ports\"],\"inLanguage\":\"es\",\"potentialAction\":[{\"@type\":\"CommentAction\",\"name\":\"Comment\",\"target\":[\"https:\\\/\\\/loginfo24.com\\\/es\\\/2022\\\/01\\\/24\\\/markus-kramer-nuevo-presidente-de-la-direccion-de-neska\\\/#respond\"]}]},{\"@type\":\"WebPage\",\"@id\":\"https:\\\/\\\/loginfo24.com\\\/es\\\/2022\\\/01\\\/24\\\/markus-kramer-nuevo-presidente-de-la-direccion-de-neska\\\/\",\"url\":\"https:\\\/\\\/loginfo24.com\\\/es\\\/2022\\\/01\\\/24\\\/markus-kramer-nuevo-presidente-de-la-direccion-de-neska\\\/\",\"name\":\"Markus Kr\u00e4mer nuevo presidente de la direcci\u00f3n de Neska - Loginfo24\",\"isPartOf\":{\"@id\":\"https:\\\/\\\/loginfo24.com\\\/es\\\/#website\"},\"primaryImageOfPage\":{\"@id\":\"https:\\\/\\\/loginfo24.com\\\/es\\\/2022\\\/01\\\/24\\\/markus-kramer-nuevo-presidente-de-la-direccion-de-neska\\\/#primaryimage\"},\"image\":{\"@id\":\"https:\\\/\\\/loginfo24.com\\\/es\\\/2022\\\/01\\\/24\\\/markus-kramer-nuevo-presidente-de-la-direccion-de-neska\\\/#primaryimage\"},\"thumbnailUrl\":\"https:\\\/\\\/loginfo24.com\\\/wp-content\\\/uploads\\\/sites\\\/7\\\/2025\\\/12\\\/HGK_24.1.22.jpg\",\"datePublished\":\"2022-01-24T18:10:03+00:00\",\"breadcrumb\":{\"@id\":\"https:\\\/\\\/loginfo24.com\\\/es\\\/2022\\\/01\\\/24\\\/markus-kramer-nuevo-presidente-de-la-direccion-de-neska\\\/#breadcrumb\"},\"inLanguage\":\"es\",\"potentialAction\":[{\"@type\":\"ReadAction\",\"target\":[\"https:\\\/\\\/loginfo24.com\\\/es\\\/2022\\\/01\\\/24\\\/markus-kramer-nuevo-presidente-de-la-direccion-de-neska\\\/\"]}]},{\"@type\":\"ImageObject\",\"inLanguage\":\"es\",\"@id\":\"https:\\\/\\\/loginfo24.com\\\/es\\\/2022\\\/01\\\/24\\\/markus-kramer-nuevo-presidente-de-la-direccion-de-neska\\\/#primaryimage\",\"url\":\"https:\\\/\\\/loginfo24.com\\\/wp-content\\\/uploads\\\/sites\\\/7\\\/2025\\\/12\\\/HGK_24.1.22.jpg\",\"contentUrl\":\"https:\\\/\\\/loginfo24.com\\\/wp-content\\\/uploads\\\/sites\\\/7\\\/2025\\\/12\\\/HGK_24.1.22.jpg\",\"width\":1325,\"height\":852},{\"@type\":\"BreadcrumbList\",\"@id\":\"https:\\\/\\\/loginfo24.com\\\/es\\\/2022\\\/01\\\/24\\\/markus-kramer-nuevo-presidente-de-la-direccion-de-neska\\\/#breadcrumb\",\"itemListElement\":[{\"@type\":\"ListItem\",\"position\":1,\"name\":\"Startseite\",\"item\":\"https:\\\/\\\/loginfo24.com\\\/es\\\/\"},{\"@type\":\"ListItem\",\"position\":2,\"name\":\"Markus Kr\u00e4mer nuevo presidente de la direcci\u00f3n de Neska\"}]},{\"@type\":\"WebSite\",\"@id\":\"https:\\\/\\\/loginfo24.com\\\/es\\\/#website\",\"url\":\"https:\\\/\\\/loginfo24.com\\\/es\\\/\",\"name\":\"Loginfo24\",\"description\":\"Loginfo24 es la plataforma dedicada a la log\u00edstica y las cadenas de suministro con informaci\u00f3n las 24 horas del d\u00eda.\",\"publisher\":{\"@id\":\"https:\\\/\\\/loginfo24.com\\\/es\\\/#organization\"},\"potentialAction\":[{\"@type\":\"SearchAction\",\"target\":{\"@type\":\"EntryPoint\",\"urlTemplate\":\"https:\\\/\\\/loginfo24.com\\\/es\\\/?s={search_term_string}\"},\"query-input\":{\"@type\":\"PropertyValueSpecification\",\"valueRequired\":true,\"valueName\":\"search_term_string\"}}],\"inLanguage\":\"es\"},{\"@type\":\"Organization\",\"@id\":\"https:\\\/\\\/loginfo24.com\\\/es\\\/#organization\",\"name\":\"Grupo Logismedia AG\",\"url\":\"https:\\\/\\\/loginfo24.com\\\/es\\\/\",\"logo\":{\"@type\":\"ImageObject\",\"inLanguage\":\"es\",\"@id\":\"https:\\\/\\\/loginfo24.com\\\/es\\\/#\\\/schema\\\/logo\\\/image\\\/\",\"url\":\"https:\\\/\\\/loginfo24.com\\\/wp-content\\\/uploads\\\/sites\\\/7\\\/2026\\\/01\\\/Logo_LogInfo24.png\",\"contentUrl\":\"https:\\\/\\\/loginfo24.com\\\/wp-content\\\/uploads\\\/sites\\\/7\\\/2026\\\/01\\\/Logo_LogInfo24.png\",\"width\":938,\"height\":351,\"caption\":\"Grupo Logismedia AG\"},\"image\":{\"@id\":\"https:\\\/\\\/loginfo24.com\\\/es\\\/#\\\/schema\\\/logo\\\/image\\\/\"},\"sameAs\":[\"https:\\\/\\\/www.facebook.com\\\/people\\\/Loginfo24\\\/100057360583332\\\/\",\"https:\\\/\\\/www.linkedin.com\\\/company\\\/lofinfo24\\\/\"]}]}<\/script>\n<!-- \/ Yoast SEO plugin. -->","yoast_head_json":{"title":"Markus Kr\u00e4mer nuevo presidente de la direcci\u00f3n de Neska - Loginfo24","robots":{"index":"index","follow":"follow","max-snippet":"max-snippet:-1","max-image-preview":"max-image-preview:large","max-video-preview":"max-video-preview:-1"},"canonical":"https:\/\/loginfo24.com\/es\/2022\/01\/24\/markus-kramer-nuevo-presidente-de-la-direccion-de-neska\/","og_locale":"es_ES","og_type":"article","og_title":"Markus Kr\u00e4mer nuevo presidente de la direcci\u00f3n de Neska - Loginfo24","og_description":"En el marco de la integraci\u00f3n de las empresas subsidiarias y participadas en el grupo HGK, la direcci\u00f3n de \u00abNeska Schiffahrts- und Speditionskontor GmbH\u00bb se ha [\u2026]","og_url":"https:\/\/loginfo24.com\/es\/2022\/01\/24\/markus-kramer-nuevo-presidente-de-la-direccion-de-neska\/","og_site_name":"Loginfo24","article_publisher":"https:\/\/www.facebook.com\/people\/Loginfo24\/100057360583332\/","article_published_time":"2022-01-24T18:10:03+00:00","og_image":[{"width":1325,"height":852,"url":"https:\/\/loginfo24.com\/wp-content\/uploads\/sites\/7\/2025\/12\/HGK_24.1.22.jpg","type":"image\/jpeg"}],"twitter_card":"summary_large_image","twitter_misc":{"Tiempo de lectura":"2 minuto"},"schema":{"@context":"https:\/\/schema.org","@graph":[{"@type":"Article","@id":"https:\/\/loginfo24.com\/es\/2022\/01\/24\/markus-kramer-nuevo-presidente-de-la-direccion-de-neska\/#article","isPartOf":{"@id":"https:\/\/loginfo24.com\/es\/2022\/01\/24\/markus-kramer-nuevo-presidente-de-la-direccion-de-neska\/"},"author":{"name":"","@id":""},"headline":"Markus Kr\u00e4mer nuevo presidente de la direcci\u00f3n de Neska","datePublished":"2022-01-24T18:10:03+00:00","mainEntityOfPage":{"@id":"https:\/\/loginfo24.com\/es\/2022\/01\/24\/markus-kramer-nuevo-presidente-de-la-direccion-de-neska\/"},"wordCount":334,"commentCount":0,"publisher":{"@id":"https:\/\/loginfo24.com\/es\/#organization"},"image":{"@id":"https:\/\/loginfo24.com\/es\/2022\/01\/24\/markus-kramer-nuevo-presidente-de-la-direccion-de-neska\/#primaryimage"},"thumbnailUrl":"https:\/\/loginfo24.com\/wp-content\/uploads\/sites\/7\/2025\/12\/HGK_24.1.22.jpg","articleSection":["Forwarding &amp; Logistics","Intralogistics","Regions","Shipping &amp; Ports"],"inLanguage":"es","potentialAction":[{"@type":"CommentAction","name":"Comment","target":["https:\/\/loginfo24.com\/es\/2022\/01\/24\/markus-kramer-nuevo-presidente-de-la-direccion-de-neska\/#respond"]}]},{"@type":"WebPage","@id":"https:\/\/loginfo24.com\/es\/2022\/01\/24\/markus-kramer-nuevo-presidente-de-la-direccion-de-neska\/","url":"https:\/\/loginfo24.com\/es\/2022\/01\/24\/markus-kramer-nuevo-presidente-de-la-direccion-de-neska\/","name":"Markus Kr\u00e4mer nuevo presidente de la direcci\u00f3n de Neska - Loginfo24","isPartOf":{"@id":"https:\/\/loginfo24.com\/es\/#website"},"primaryImageOfPage":{"@id":"https:\/\/loginfo24.com\/es\/2022\/01\/24\/markus-kramer-nuevo-presidente-de-la-direccion-de-neska\/#primaryimage"},"image":{"@id":"https:\/\/loginfo24.com\/es\/2022\/01\/24\/markus-kramer-nuevo-presidente-de-la-direccion-de-neska\/#primaryimage"},"thumbnailUrl":"https:\/\/loginfo24.com\/wp-content\/uploads\/sites\/7\/2025\/12\/HGK_24.1.22.jpg","datePublished":"2022-01-24T18:10:03+00:00","breadcrumb":{"@id":"https:\/\/loginfo24.com\/es\/2022\/01\/24\/markus-kramer-nuevo-presidente-de-la-direccion-de-neska\/#breadcrumb"},"inLanguage":"es","potentialAction":[{"@type":"ReadAction","target":["https:\/\/loginfo24.com\/es\/2022\/01\/24\/markus-kramer-nuevo-presidente-de-la-direccion-de-neska\/"]}]},{"@type":"ImageObject","inLanguage":"es","@id":"https:\/\/loginfo24.com\/es\/2022\/01\/24\/markus-kramer-nuevo-presidente-de-la-direccion-de-neska\/#primaryimage","url":"https:\/\/loginfo24.com\/wp-content\/uploads\/sites\/7\/2025\/12\/HGK_24.1.22.jpg","contentUrl":"https:\/\/loginfo24.com\/wp-content\/uploads\/sites\/7\/2025\/12\/HGK_24.1.22.jpg","width":1325,"height":852},{"@type":"BreadcrumbList","@id":"https:\/\/loginfo24.com\/es\/2022\/01\/24\/markus-kramer-nuevo-presidente-de-la-direccion-de-neska\/#breadcrumb","itemListElement":[{"@type":"ListItem","position":1,"name":"Startseite","item":"https:\/\/loginfo24.com\/es\/"},{"@type":"ListItem","position":2,"name":"Markus Kr\u00e4mer nuevo presidente de la direcci\u00f3n de Neska"}]},{"@type":"WebSite","@id":"https:\/\/loginfo24.com\/es\/#website","url":"https:\/\/loginfo24.com\/es\/","name":"Loginfo24","description":"Loginfo24 es la plataforma dedicada a la log\u00edstica y las cadenas de suministro con informaci\u00f3n las 24 horas del d\u00eda.","publisher":{"@id":"https:\/\/loginfo24.com\/es\/#organization"},"potentialAction":[{"@type":"SearchAction","target":{"@type":"EntryPoint","urlTemplate":"https:\/\/loginfo24.com\/es\/?s={search_term_string}"},"query-input":{"@type":"PropertyValueSpecification","valueRequired":true,"valueName":"search_term_string"}}],"inLanguage":"es"},{"@type":"Organization","@id":"https:\/\/loginfo24.com\/es\/#organization","name":"Grupo Logismedia AG","url":"https:\/\/loginfo24.com\/es\/","logo":{"@type":"ImageObject","inLanguage":"es","@id":"https:\/\/loginfo24.com\/es\/#\/schema\/logo\/image\/","url":"https:\/\/loginfo24.com\/wp-content\/uploads\/sites\/7\/2026\/01\/Logo_LogInfo24.png","contentUrl":"https:\/\/loginfo24.com\/wp-content\/uploads\/sites\/7\/2026\/01\/Logo_LogInfo24.png","width":938,"height":351,"caption":"Grupo Logismedia AG"},"image":{"@id":"https:\/\/loginfo24.com\/es\/#\/schema\/logo\/image\/"},"sameAs":["https:\/\/www.facebook.com\/people\/Loginfo24\/100057360583332\/","https:\/\/www.linkedin.com\/company\/lofinfo24\/"]}]}},"_links":{"self":[{"href":"https:\/\/loginfo24.com\/es\/wp-json\/wp\/v2\/posts\/26725","targetHints":{"allow":["GET"]}}],"collection":[{"href":"https:\/\/loginfo24.com\/es\/wp-json\/wp\/v2\/posts"}],"about":[{"href":"https:\/\/loginfo24.com\/es\/wp-json\/wp\/v2\/types\/post"}],"replies":[{"embeddable":true,"href":"https:\/\/loginfo24.com\/es\/wp-json\/wp\/v2\/comments?post=26725"}],"version-history":[{"count":0,"href":"https:\/\/loginfo24.com\/es\/wp-json\/wp\/v2\/posts\/26725\/revisions"}],"wp:featuredmedia":[{"embeddable":true,"href":"https:\/\/loginfo24.com\/es\/wp-json\/wp\/v2\/media\/11202"}],"wp:attachment":[{"href":"https:\/\/loginfo24.com\/es\/wp-json\/wp\/v2\/media?parent=26725"}],"wp:term":[{"taxonomy":"category","embeddable":true,"href":"https:\/\/loginfo24.com\/es\/wp-json\/wp\/v2\/categories?post=26725"},{"taxonomy":"post_tag","embeddable":true,"href":"https:\/\/loginfo24.com\/es\/wp-json\/wp\/v2\/tags?post=26725"}],"curies":[{"name":"wp","href":"https:\/\/api.w.org\/{rel}","templated":true}]}}