{"id":25540,"date":"2021-05-18T17:07:27","date_gmt":"2021-05-18T15:07:27","guid":{"rendered":"https:\/\/blog.brand-architecture.at\/2021\/05\/18\/como-los-jovenes-quieren-mover-la-posta-suiza\/"},"modified":"2025-12-15T13:02:55","modified_gmt":"2025-12-15T12:02:55","slug":"como-los-jovenes-quieren-mover-la-posta-suiza","status":"publish","type":"post","link":"https:\/\/loginfo24.com\/es\/2021\/05\/18\/como-los-jovenes-quieren-mover-la-posta-suiza\/","title":{"rendered":"C\u00f3mo los j\u00f3venes quieren mover la Posta Suiza"},"content":{"rendered":"<p>Quien trabaja en la Posta Suiza tiene una edad promedio de 46 a\u00f1os. Solo el 22 por ciento de los empleados son menores de 35 a\u00f1os, pero su voz en la empresa se est\u00e1 volviendo cada vez m\u00e1s fuerte. \u00bfCu\u00e1les son las expectativas y necesidades de estos j\u00f3venes de la Generaci\u00f3n Z como empleados y clientes actuales y futuros de la Posta? \u00bfPuede la red Young Voice traer un aire fresco al gigante amarillo?<\/p>\n<p>(Berna) Han crecido con Internet, smartphones y redes sociales y ya no distinguen entre el mundo digital y el anal\u00f3gico. Como parte de la Generaci\u00f3n Z, est\u00e1n activos en Instagram, Snapchat y TikTok, y se comunican a trav\u00e9s de emojis, im\u00e1genes y videos. Para estos j\u00f3venes, el momento, la simplicidad y la flexibilidad son lo que cuenta, y piensan y trabajan de una manera completamente nueva en comparaci\u00f3n con las generaciones anteriores. En cinco a diez a\u00f1os, la Generaci\u00f3n Z dominar\u00e1 el mercado laboral. Por lo tanto, las empresas har\u00edan bien en adaptarse a ellos. Actualmente, la edad promedio de los empleados de la Posta es de 46 a\u00f1os, pero con la pr\u00f3xima ola de jubilaciones, esta cifra disminuir\u00e1. Por eso, la Posta debe asegurarse de seguir siendo atractiva para las nuevas generaciones.<\/p>\n<h5><strong>Una red para dar forma al futuro<\/strong><\/h5>\n<p>Para ello, les ayuda una red para dar forma al futuro: en 2018, un grupo de j\u00f3venes empleados de la Posta fund\u00f3 la red Young Voice. \u00bfSu objetivo? Aumentar su alcance, conectar a los j\u00f3venes y unir generaciones. \u00abLos j\u00f3venes empleados entre 19 y 35 a\u00f1os se unieron espont\u00e1neamente para hacer algo\u00bb, recuerda Reto Schindler, de 33 a\u00f1os. Trabaja en el departamento de recursos humanos y es cofundador y miembro activo de Young Voice. Desde entonces, la red ha crecido y cuenta hoy con alrededor de 200 miembros. \u00abQueremos aportar las voces de los j\u00f3venes y saber lo que piensan, para dar forma juntos al futuro de la Posta y atraer a j\u00f3venes talentos. &#8216;Debemos atender las necesidades de la joven generaci\u00f3n, como el deseo de formaci\u00f3n continua, porque los j\u00f3venes representan nuestro futuro.'\u00bb Roberto Cirillo, CEO de la Posta, se une a esto: \u00abLos j\u00f3venes son nuestros empleados y clientes actuales y futuros. Debemos aprender de ellos ahora y conocer sus expectativas y necesidades. Solo as\u00ed la Posta seguir\u00e1 siendo un empleador atractivo que puede ofrecer valor a sus clientes.\u00bb&lt;caption id=&quot;attachment_11444&quot; align=&quot;alignnone&quot; width=&quot;777&quot;]<img loading=\"lazy\" decoding=\"async\" class=\"wp-image-11444\" src=\"https:\/\/loginfo24.com\/wp-content\/uploads\/sites\/7\/2025\/12\/CH_Post_18.5.21_1.jpg\" alt=\"\" width=\"777\" height=\"773\" \/> Los miembros del grupo de proyecto Young Voice (antes de la pandemia)[\/caption]&nbsp;<\/p>\n<h5><strong>Numerosas acciones<\/strong><\/h5>\n<p>Actualmente, Young Voice es una red oficial interna de la Posta junto a otras redes como MOSAICO para la diversidad ling\u00fc\u00edstica y cultural o RAINBOW para la aceptaci\u00f3n y la tolerancia. Young Voice mantiene un contacto regular con la direcci\u00f3n, y as\u00ed se llevan a cabo conversaciones y discusiones frecuentes con miembros de la direcci\u00f3n, incluido Roberto Cirillo, para presentar las preocupaciones de los j\u00f3venes. Adem\u00e1s, Young Voice se intercambia peri\u00f3dicamente con recursos humanos y participa en actividades relacionadas con la \u00abPosta del ma\u00f1ana\u00bb. Young Voice tambi\u00e9n participa en el mentoring inverso: j\u00f3venes empleados asumen el papel de mentores y entrenan a miembros mayores del personal en \u00e1reas como digitalizaci\u00f3n o nuevas tecnolog\u00edas. \u00abCon esto fomentamos la comprensi\u00f3n interdepartamental, el aprendizaje intergeneracional y el di\u00e1logo entre jerarqu\u00edas\u00bb, se alegra Luise Bornand, de 31 a\u00f1os, l\u00edder de proyectos de TI y cofundadora de Young Voice. Regularmente, Young Voice realiza encuestas entre los j\u00f3venes empleados y comparte los resultados con las diferentes \u00e1reas. Esto ya ha llevado a la implementaci\u00f3n de proyectos interesantes. Un ejemplo: en un proyecto piloto en PostNetz, los j\u00f3venes empleados pueden sumergirse en un \u00e1rea completamente diferente a la suya en un viaje de aprendizaje. Y eso durante cuatro meses y en otra regi\u00f3n. Si el proyecto tiene \u00e9xito, tales viajes se implementar\u00e1n en toda Suiza.<\/p>\n<h5><strong>\u00bfEst\u00e1 haciendo suficiente la Posta por los j\u00f3venes?<\/strong><\/h5>\n<p>En conversaciones con los j\u00f3venes de 19 a 35 a\u00f1os, queda claro que su trabajo debe tener un sentido para ellos, que sus superiores y su equipo deben inspirarlos y que los horarios y formas de trabajo deben ser flexibles. Luise Bornand se pregunta: \u00ab\u00bfPor qu\u00e9 no implementar un modelo en el que todos los empleados puedan dedicar el 20 por ciento de su tiempo de trabajo a un proyecto que les apasione? \u00bfO realizar un viaje de aprendizaje a otras \u00e1reas o regiones (como en el proyecto mencionado anteriormente)?\u00bb Y como conclusi\u00f3n: \u00abLa Posta se est\u00e1 moviendo, pero no lo suficientemente r\u00e1pido. Y es precisamente por eso que se necesita Young Voice, como un &#8216;laboratorio&#8217; para probar estas nuevas formas de trabajo.\u00bb<\/p>\n<h6><strong>Generaciones en el mercado laboral<\/strong><\/h6>\n<p>Generaci\u00f3n X = 1965 a 1980<br \/>Generaci\u00f3n Y = 1981 a 1995<br \/>Generaci\u00f3n Z = desde 1995<br \/><em>Fuente: Oficina Federal de Estad\u00edstica, 2019<\/em><\/p>\n<h6><strong>En la Posta Suiza<\/strong><\/h6>\n<p>46 a\u00f1os es la edad promedio en la Posta<br \/>22 por ciento de los empleados de la Posta son menores de 35 a\u00f1os<br \/>81 por ciento de los aprendices son contratados por la Posta despu\u00e9s de finalizar su formaci\u00f3n<br \/>Los j\u00f3venes permanecen un promedio de 5,2 a\u00f1os en la Posta<br \/>PostLogistics tiene la mayor cantidad de j\u00f3venes empleados<br \/>Fotos: \u00a9 Posta Suiza \/ <strong><em>T\u00edtulo de la leyenda de la imagen principal:<\/em><\/strong><em> Luise Bornand, l\u00edder de proyectos de TI y cofundadora de Young Voice<\/em><\/p>\n","protected":false},"excerpt":{"rendered":"<p>Quien trabaja en la Posta Suiza tiene una edad promedio de 46 a\u00f1os. Solo el 22 por ciento de los empleados son menores de 35 a\u00f1os,<span class=\"excerpt-hellip\"> [\u2026]<\/span><\/p>\n","protected":false},"author":0,"featured_media":0,"comment_status":"open","ping_status":"open","sticky":false,"template":"","format":"standard","meta":{"_acf_changed":false,"footnotes":""},"categories":[1557,1561],"tags":[],"class_list":["post-25540","post","type-post","status-publish","format-standard","hentry","category-forwarding-logistics","category-regions"],"acf":[],"yoast_head":"<!-- This site is optimized with the Yoast SEO plugin v27.3 - https:\/\/yoast.com\/product\/yoast-seo-wordpress\/ -->\n<title>C\u00f3mo los j\u00f3venes quieren mover la Posta Suiza - Loginfo24<\/title>\n<meta name=\"robots\" content=\"index, follow, max-snippet:-1, max-image-preview:large, max-video-preview:-1\" \/>\n<link rel=\"canonical\" href=\"https:\/\/loginfo24.com\/es\/2021\/05\/18\/como-los-jovenes-quieren-mover-la-posta-suiza\/\" \/>\n<meta property=\"og:locale\" content=\"es_ES\" \/>\n<meta property=\"og:type\" content=\"article\" \/>\n<meta property=\"og:title\" content=\"C\u00f3mo los j\u00f3venes quieren mover la Posta Suiza - Loginfo24\" \/>\n<meta property=\"og:description\" content=\"Quien trabaja en la Posta Suiza tiene una edad promedio de 46 a\u00f1os. Solo el 22 por ciento de los empleados son menores de 35 a\u00f1os, [\u2026]\" \/>\n<meta property=\"og:url\" content=\"https:\/\/loginfo24.com\/es\/2021\/05\/18\/como-los-jovenes-quieren-mover-la-posta-suiza\/\" \/>\n<meta property=\"og:site_name\" content=\"Loginfo24\" \/>\n<meta property=\"article:publisher\" content=\"https:\/\/www.facebook.com\/people\/Loginfo24\/100057360583332\/\" \/>\n<meta property=\"article:published_time\" content=\"2021-05-18T15:07:27+00:00\" \/>\n<meta property=\"article:modified_time\" content=\"2025-12-15T12:02:55+00:00\" \/>\n<meta property=\"og:image\" content=\"https:\/\/loginfo24.com\/wp-content\/uploads\/sites\/7\/2025\/12\/CH_Post_18.5.21_1.jpg\" \/>\n<meta name=\"twitter:card\" content=\"summary_large_image\" \/>\n<meta name=\"twitter:label1\" content=\"Tiempo de lectura\" \/>\n\t<meta name=\"twitter:data1\" content=\"5 minuto\" \/>\n<script type=\"application\/ld+json\" class=\"yoast-schema-graph\">{\"@context\":\"https:\\\/\\\/schema.org\",\"@graph\":[{\"@type\":\"Article\",\"@id\":\"https:\\\/\\\/loginfo24.com\\\/es\\\/2021\\\/05\\\/18\\\/como-los-jovenes-quieren-mover-la-posta-suiza\\\/#article\",\"isPartOf\":{\"@id\":\"https:\\\/\\\/loginfo24.com\\\/es\\\/2021\\\/05\\\/18\\\/como-los-jovenes-quieren-mover-la-posta-suiza\\\/\"},\"author\":{\"name\":\"\",\"@id\":\"\"},\"headline\":\"C\u00f3mo los j\u00f3venes quieren mover la Posta Suiza\",\"datePublished\":\"2021-05-18T15:07:27+00:00\",\"dateModified\":\"2025-12-15T12:02:55+00:00\",\"mainEntityOfPage\":{\"@id\":\"https:\\\/\\\/loginfo24.com\\\/es\\\/2021\\\/05\\\/18\\\/como-los-jovenes-quieren-mover-la-posta-suiza\\\/\"},\"wordCount\":936,\"commentCount\":0,\"publisher\":{\"@id\":\"https:\\\/\\\/loginfo24.com\\\/es\\\/#organization\"},\"image\":{\"@id\":\"https:\\\/\\\/loginfo24.com\\\/es\\\/2021\\\/05\\\/18\\\/como-los-jovenes-quieren-mover-la-posta-suiza\\\/#primaryimage\"},\"thumbnailUrl\":\"https:\\\/\\\/loginfo24.com\\\/wp-content\\\/uploads\\\/sites\\\/7\\\/2025\\\/12\\\/CH_Post_18.5.21_1.jpg\",\"articleSection\":[\"Forwarding &amp; Logistics\",\"Regions\"],\"inLanguage\":\"es\",\"potentialAction\":[{\"@type\":\"CommentAction\",\"name\":\"Comment\",\"target\":[\"https:\\\/\\\/loginfo24.com\\\/es\\\/2021\\\/05\\\/18\\\/como-los-jovenes-quieren-mover-la-posta-suiza\\\/#respond\"]}]},{\"@type\":\"WebPage\",\"@id\":\"https:\\\/\\\/loginfo24.com\\\/es\\\/2021\\\/05\\\/18\\\/como-los-jovenes-quieren-mover-la-posta-suiza\\\/\",\"url\":\"https:\\\/\\\/loginfo24.com\\\/es\\\/2021\\\/05\\\/18\\\/como-los-jovenes-quieren-mover-la-posta-suiza\\\/\",\"name\":\"C\u00f3mo los j\u00f3venes quieren mover la Posta Suiza - Loginfo24\",\"isPartOf\":{\"@id\":\"https:\\\/\\\/loginfo24.com\\\/es\\\/#website\"},\"primaryImageOfPage\":{\"@id\":\"https:\\\/\\\/loginfo24.com\\\/es\\\/2021\\\/05\\\/18\\\/como-los-jovenes-quieren-mover-la-posta-suiza\\\/#primaryimage\"},\"image\":{\"@id\":\"https:\\\/\\\/loginfo24.com\\\/es\\\/2021\\\/05\\\/18\\\/como-los-jovenes-quieren-mover-la-posta-suiza\\\/#primaryimage\"},\"thumbnailUrl\":\"https:\\\/\\\/loginfo24.com\\\/wp-content\\\/uploads\\\/sites\\\/7\\\/2025\\\/12\\\/CH_Post_18.5.21_1.jpg\",\"datePublished\":\"2021-05-18T15:07:27+00:00\",\"dateModified\":\"2025-12-15T12:02:55+00:00\",\"breadcrumb\":{\"@id\":\"https:\\\/\\\/loginfo24.com\\\/es\\\/2021\\\/05\\\/18\\\/como-los-jovenes-quieren-mover-la-posta-suiza\\\/#breadcrumb\"},\"inLanguage\":\"es\",\"potentialAction\":[{\"@type\":\"ReadAction\",\"target\":[\"https:\\\/\\\/loginfo24.com\\\/es\\\/2021\\\/05\\\/18\\\/como-los-jovenes-quieren-mover-la-posta-suiza\\\/\"]}]},{\"@type\":\"ImageObject\",\"inLanguage\":\"es\",\"@id\":\"https:\\\/\\\/loginfo24.com\\\/es\\\/2021\\\/05\\\/18\\\/como-los-jovenes-quieren-mover-la-posta-suiza\\\/#primaryimage\",\"url\":\"https:\\\/\\\/loginfo24.com\\\/wp-content\\\/uploads\\\/sites\\\/7\\\/2025\\\/12\\\/CH_Post_18.5.21_1.jpg\",\"contentUrl\":\"https:\\\/\\\/loginfo24.com\\\/wp-content\\\/uploads\\\/sites\\\/7\\\/2025\\\/12\\\/CH_Post_18.5.21_1.jpg\"},{\"@type\":\"BreadcrumbList\",\"@id\":\"https:\\\/\\\/loginfo24.com\\\/es\\\/2021\\\/05\\\/18\\\/como-los-jovenes-quieren-mover-la-posta-suiza\\\/#breadcrumb\",\"itemListElement\":[{\"@type\":\"ListItem\",\"position\":1,\"name\":\"Startseite\",\"item\":\"https:\\\/\\\/loginfo24.com\\\/es\\\/\"},{\"@type\":\"ListItem\",\"position\":2,\"name\":\"C\u00f3mo los j\u00f3venes quieren mover la Posta Suiza\"}]},{\"@type\":\"WebSite\",\"@id\":\"https:\\\/\\\/loginfo24.com\\\/es\\\/#website\",\"url\":\"https:\\\/\\\/loginfo24.com\\\/es\\\/\",\"name\":\"Loginfo24\",\"description\":\"Loginfo24 es la plataforma dedicada a la log\u00edstica y las cadenas de suministro con informaci\u00f3n las 24 horas del d\u00eda.\",\"publisher\":{\"@id\":\"https:\\\/\\\/loginfo24.com\\\/es\\\/#organization\"},\"potentialAction\":[{\"@type\":\"SearchAction\",\"target\":{\"@type\":\"EntryPoint\",\"urlTemplate\":\"https:\\\/\\\/loginfo24.com\\\/es\\\/?s={search_term_string}\"},\"query-input\":{\"@type\":\"PropertyValueSpecification\",\"valueRequired\":true,\"valueName\":\"search_term_string\"}}],\"inLanguage\":\"es\"},{\"@type\":\"Organization\",\"@id\":\"https:\\\/\\\/loginfo24.com\\\/es\\\/#organization\",\"name\":\"Grupo Logismedia AG\",\"url\":\"https:\\\/\\\/loginfo24.com\\\/es\\\/\",\"logo\":{\"@type\":\"ImageObject\",\"inLanguage\":\"es\",\"@id\":\"https:\\\/\\\/loginfo24.com\\\/es\\\/#\\\/schema\\\/logo\\\/image\\\/\",\"url\":\"https:\\\/\\\/loginfo24.com\\\/wp-content\\\/uploads\\\/sites\\\/7\\\/2026\\\/01\\\/Logo_LogInfo24.png\",\"contentUrl\":\"https:\\\/\\\/loginfo24.com\\\/wp-content\\\/uploads\\\/sites\\\/7\\\/2026\\\/01\\\/Logo_LogInfo24.png\",\"width\":938,\"height\":351,\"caption\":\"Grupo Logismedia AG\"},\"image\":{\"@id\":\"https:\\\/\\\/loginfo24.com\\\/es\\\/#\\\/schema\\\/logo\\\/image\\\/\"},\"sameAs\":[\"https:\\\/\\\/www.facebook.com\\\/people\\\/Loginfo24\\\/100057360583332\\\/\",\"https:\\\/\\\/www.linkedin.com\\\/company\\\/lofinfo24\\\/\"]}]}<\/script>\n<!-- \/ Yoast SEO plugin. -->","yoast_head_json":{"title":"C\u00f3mo los j\u00f3venes quieren mover la Posta Suiza - Loginfo24","robots":{"index":"index","follow":"follow","max-snippet":"max-snippet:-1","max-image-preview":"max-image-preview:large","max-video-preview":"max-video-preview:-1"},"canonical":"https:\/\/loginfo24.com\/es\/2021\/05\/18\/como-los-jovenes-quieren-mover-la-posta-suiza\/","og_locale":"es_ES","og_type":"article","og_title":"C\u00f3mo los j\u00f3venes quieren mover la Posta Suiza - Loginfo24","og_description":"Quien trabaja en la Posta Suiza tiene una edad promedio de 46 a\u00f1os. Solo el 22 por ciento de los empleados son menores de 35 a\u00f1os, [\u2026]","og_url":"https:\/\/loginfo24.com\/es\/2021\/05\/18\/como-los-jovenes-quieren-mover-la-posta-suiza\/","og_site_name":"Loginfo24","article_publisher":"https:\/\/www.facebook.com\/people\/Loginfo24\/100057360583332\/","article_published_time":"2021-05-18T15:07:27+00:00","article_modified_time":"2025-12-15T12:02:55+00:00","og_image":[{"url":"https:\/\/loginfo24.com\/wp-content\/uploads\/sites\/7\/2025\/12\/CH_Post_18.5.21_1.jpg","type":"","width":"","height":""}],"twitter_card":"summary_large_image","twitter_misc":{"Tiempo de lectura":"5 minuto"},"schema":{"@context":"https:\/\/schema.org","@graph":[{"@type":"Article","@id":"https:\/\/loginfo24.com\/es\/2021\/05\/18\/como-los-jovenes-quieren-mover-la-posta-suiza\/#article","isPartOf":{"@id":"https:\/\/loginfo24.com\/es\/2021\/05\/18\/como-los-jovenes-quieren-mover-la-posta-suiza\/"},"author":{"name":"","@id":""},"headline":"C\u00f3mo los j\u00f3venes quieren mover la Posta Suiza","datePublished":"2021-05-18T15:07:27+00:00","dateModified":"2025-12-15T12:02:55+00:00","mainEntityOfPage":{"@id":"https:\/\/loginfo24.com\/es\/2021\/05\/18\/como-los-jovenes-quieren-mover-la-posta-suiza\/"},"wordCount":936,"commentCount":0,"publisher":{"@id":"https:\/\/loginfo24.com\/es\/#organization"},"image":{"@id":"https:\/\/loginfo24.com\/es\/2021\/05\/18\/como-los-jovenes-quieren-mover-la-posta-suiza\/#primaryimage"},"thumbnailUrl":"https:\/\/loginfo24.com\/wp-content\/uploads\/sites\/7\/2025\/12\/CH_Post_18.5.21_1.jpg","articleSection":["Forwarding &amp; Logistics","Regions"],"inLanguage":"es","potentialAction":[{"@type":"CommentAction","name":"Comment","target":["https:\/\/loginfo24.com\/es\/2021\/05\/18\/como-los-jovenes-quieren-mover-la-posta-suiza\/#respond"]}]},{"@type":"WebPage","@id":"https:\/\/loginfo24.com\/es\/2021\/05\/18\/como-los-jovenes-quieren-mover-la-posta-suiza\/","url":"https:\/\/loginfo24.com\/es\/2021\/05\/18\/como-los-jovenes-quieren-mover-la-posta-suiza\/","name":"C\u00f3mo los j\u00f3venes quieren mover la Posta Suiza - Loginfo24","isPartOf":{"@id":"https:\/\/loginfo24.com\/es\/#website"},"primaryImageOfPage":{"@id":"https:\/\/loginfo24.com\/es\/2021\/05\/18\/como-los-jovenes-quieren-mover-la-posta-suiza\/#primaryimage"},"image":{"@id":"https:\/\/loginfo24.com\/es\/2021\/05\/18\/como-los-jovenes-quieren-mover-la-posta-suiza\/#primaryimage"},"thumbnailUrl":"https:\/\/loginfo24.com\/wp-content\/uploads\/sites\/7\/2025\/12\/CH_Post_18.5.21_1.jpg","datePublished":"2021-05-18T15:07:27+00:00","dateModified":"2025-12-15T12:02:55+00:00","breadcrumb":{"@id":"https:\/\/loginfo24.com\/es\/2021\/05\/18\/como-los-jovenes-quieren-mover-la-posta-suiza\/#breadcrumb"},"inLanguage":"es","potentialAction":[{"@type":"ReadAction","target":["https:\/\/loginfo24.com\/es\/2021\/05\/18\/como-los-jovenes-quieren-mover-la-posta-suiza\/"]}]},{"@type":"ImageObject","inLanguage":"es","@id":"https:\/\/loginfo24.com\/es\/2021\/05\/18\/como-los-jovenes-quieren-mover-la-posta-suiza\/#primaryimage","url":"https:\/\/loginfo24.com\/wp-content\/uploads\/sites\/7\/2025\/12\/CH_Post_18.5.21_1.jpg","contentUrl":"https:\/\/loginfo24.com\/wp-content\/uploads\/sites\/7\/2025\/12\/CH_Post_18.5.21_1.jpg"},{"@type":"BreadcrumbList","@id":"https:\/\/loginfo24.com\/es\/2021\/05\/18\/como-los-jovenes-quieren-mover-la-posta-suiza\/#breadcrumb","itemListElement":[{"@type":"ListItem","position":1,"name":"Startseite","item":"https:\/\/loginfo24.com\/es\/"},{"@type":"ListItem","position":2,"name":"C\u00f3mo los j\u00f3venes quieren mover la Posta Suiza"}]},{"@type":"WebSite","@id":"https:\/\/loginfo24.com\/es\/#website","url":"https:\/\/loginfo24.com\/es\/","name":"Loginfo24","description":"Loginfo24 es la plataforma dedicada a la log\u00edstica y las cadenas de suministro con informaci\u00f3n las 24 horas del d\u00eda.","publisher":{"@id":"https:\/\/loginfo24.com\/es\/#organization"},"potentialAction":[{"@type":"SearchAction","target":{"@type":"EntryPoint","urlTemplate":"https:\/\/loginfo24.com\/es\/?s={search_term_string}"},"query-input":{"@type":"PropertyValueSpecification","valueRequired":true,"valueName":"search_term_string"}}],"inLanguage":"es"},{"@type":"Organization","@id":"https:\/\/loginfo24.com\/es\/#organization","name":"Grupo Logismedia AG","url":"https:\/\/loginfo24.com\/es\/","logo":{"@type":"ImageObject","inLanguage":"es","@id":"https:\/\/loginfo24.com\/es\/#\/schema\/logo\/image\/","url":"https:\/\/loginfo24.com\/wp-content\/uploads\/sites\/7\/2026\/01\/Logo_LogInfo24.png","contentUrl":"https:\/\/loginfo24.com\/wp-content\/uploads\/sites\/7\/2026\/01\/Logo_LogInfo24.png","width":938,"height":351,"caption":"Grupo Logismedia AG"},"image":{"@id":"https:\/\/loginfo24.com\/es\/#\/schema\/logo\/image\/"},"sameAs":["https:\/\/www.facebook.com\/people\/Loginfo24\/100057360583332\/","https:\/\/www.linkedin.com\/company\/lofinfo24\/"]}]}},"_links":{"self":[{"href":"https:\/\/loginfo24.com\/es\/wp-json\/wp\/v2\/posts\/25540","targetHints":{"allow":["GET"]}}],"collection":[{"href":"https:\/\/loginfo24.com\/es\/wp-json\/wp\/v2\/posts"}],"about":[{"href":"https:\/\/loginfo24.com\/es\/wp-json\/wp\/v2\/types\/post"}],"replies":[{"embeddable":true,"href":"https:\/\/loginfo24.com\/es\/wp-json\/wp\/v2\/comments?post=25540"}],"version-history":[{"count":1,"href":"https:\/\/loginfo24.com\/es\/wp-json\/wp\/v2\/posts\/25540\/revisions"}],"predecessor-version":[{"id":46784,"href":"https:\/\/loginfo24.com\/es\/wp-json\/wp\/v2\/posts\/25540\/revisions\/46784"}],"wp:attachment":[{"href":"https:\/\/loginfo24.com\/es\/wp-json\/wp\/v2\/media?parent=25540"}],"wp:term":[{"taxonomy":"category","embeddable":true,"href":"https:\/\/loginfo24.com\/es\/wp-json\/wp\/v2\/categories?post=25540"},{"taxonomy":"post_tag","embeddable":true,"href":"https:\/\/loginfo24.com\/es\/wp-json\/wp\/v2\/tags?post=25540"}],"curies":[{"name":"wp","href":"https:\/\/api.w.org\/{rel}","templated":true}]}}