{"id":25474,"date":"2021-05-16T10:04:31","date_gmt":"2021-05-16T08:04:31","guid":{"rendered":"https:\/\/blog.brand-architecture.at\/2021\/05\/16\/los-comerciantes-en-linea-reemplazan-parcialmente-el-comercio-minorista-en-la-ciudad\/"},"modified":"2025-12-15T13:02:35","modified_gmt":"2025-12-15T12:02:35","slug":"los-comerciantes-en-linea-reemplazan-parcialmente-el-comercio-minorista-en-la-ciudad","status":"publish","type":"post","link":"https:\/\/loginfo24.com\/es\/2021\/05\/16\/los-comerciantes-en-linea-reemplazan-parcialmente-el-comercio-minorista-en-la-ciudad\/","title":{"rendered":"Los comerciantes en l\u00ednea reemplazan parcialmente el comercio minorista en la ciudad"},"content":{"rendered":"<p>120.000 tiendas, pronostica la Asociaci\u00f3n de Comercio de Alemania (HDE), tendr\u00e1n que cerrar para el final de la pandemia. Los alquileres comerciales est\u00e1n disminuyendo, los proveedores en l\u00ednea se est\u00e1n aventurando ahora en ubicaciones de primera categor\u00eda, las tiendas f\u00edsicas y el mundo en l\u00ednea deben fusionarse. Un art\u00edculo de blog de Dirk Mewis para el proveedor de servicios financieros log\u00edsticos JITpay.<\/p>\n<p>(Braunschweig) Ante el aumento de los n\u00fameros de infecci\u00f3n y el endurecimiento del confinamiento, el estado de \u00e1nimo de consumo de los consumidores alemanes ha vuelto a deteriorarse. Para mayo, la empresa de investigaci\u00f3n de mercado GfK ahora pronostica un valor de menos 8,8 puntos, es decir, 2,7 puntos menos que en abril. \u00abLa tercera ola har\u00e1 que la recuperaci\u00f3n de la econom\u00eda interna siga esperando\u00bb, explica el experto de GfK, Rolf B\u00fcrkl. Y \u00abel consumo no ser\u00e1 un soporte para la econom\u00eda este a\u00f1o, al igual que en 2020\u00bb, a\u00f1ade B\u00fcrkl. En cambio, en los a\u00f1os anteriores a la crisis del coronavirus, el gasto de consumo privado hab\u00eda contribuido significativamente al crecimiento de la econom\u00eda alemana.<\/p>\n<p>El confinamiento por coronavirus afect\u00f3 especialmente al comercio textil. Pero tambi\u00e9n los comerciantes de muebles y las ferreter\u00edas registraron una ca\u00edda significativa en las ventas. En cambio, el comercio en l\u00ednea y por correo se benefici\u00f3 del cierre de negocios, el comercio electr\u00f3nico creci\u00f3 casi un 30 por ciento en el primer trimestre.<\/p>\n<h5><strong>La alegr\u00eda de unos - El dolor de otros \/ Los precios de alquiler en ubicaciones de primera categor\u00eda est\u00e1n disminuyendo<\/strong><\/h5>\n<p>Mientras muchas tiendas tendr\u00e1n que cerrar hasta el final de la pandemia, Felicity Pietsch, directora de la manufactura de art\u00edculos de cuero Gusti en Rostock, se ha convertido recientemente en arrendataria de una tienda de 50 metros cuadrados en la calle Rosenthaler en Berl\u00edn, una ubicaci\u00f3n privilegiada en la capital. \u00abAntes nunca habr\u00edamos podido permitirnos una tienda as\u00ed\u00bb, dijo Pietsch a la revista Spiegel. El alquiler era demasiado caro, y sus ingresos y ganancias eran demasiado bajos en comparaci\u00f3n. Por eso, ella y su esposo Christian decidieron vender sus productos casi exclusivamente en l\u00ednea: en su propia tienda, en Zalando, About You, Amazon, y solo ocasionalmente probar algunas tiendas. Pero ahora, en medio de la pandemia, que costar\u00e1 la existencia a decenas de miles de minoristas, eso est\u00e1 cambiando.<\/p>\n<p>No solo Gusti est\u00e1 expandi\u00e9ndose. Otros proveedores en l\u00ednea tambi\u00e9n est\u00e1n aprovechando la oportunidad y se est\u00e1n aventurando en las direcciones caras, las ubicaciones de primera categor\u00eda, esas calles con la mayor afluencia de clientes. La disminuci\u00f3n de los alquileres comerciales debido al cierre de tiendas lo hace posible. 120.000 tiendas, pronostica la Asociaci\u00f3n de Comercio de Alemania (HDE), tendr\u00e1n que cerrar para el final de la pandemia. \u00abDurante mucho tiempo, las ubicaciones de primera categor\u00eda fueron un mercado puramente de arrendadores\u00bb, dice Marco Atzberger del EHI Retail Institute. \u00abDesde la d\u00e9cada de 1970, los precios han aumentado, los propietarios pod\u00edan pedir cualquier precio que quisieran.\u00bb Las ciudades se convirtieron as\u00ed en objetos de inversi\u00f3n para inversores internacionales. Ahora los alquileres est\u00e1n cayendo hasta un 30 por ciento.<\/p>\n<h5><strong>Las tiendas f\u00edsicas y el mundo en l\u00ednea se fusionan<\/strong><\/h5>\n<p>El comerciante de bicicletas Rose Bikes de Bocholt tambi\u00e9n realiza su negocio principalmente en l\u00ednea; durante mucho tiempo solo hab\u00eda tres tiendas. Ahora el comerciante planea hasta doce nuevas ubicaciones: Garmisch-Partenkirchen, Basilea, Berna, Fr\u00e1ncfort, Hamburgo y una segunda tienda en Berl\u00edn, siempre en el centro.<\/p>\n<p>Lo que a muchos comerciantes antiguos nunca les result\u00f3 f\u00e1cil, ahora lo intentan los nuevos: las tiendas f\u00edsicas y el mundo en l\u00ednea deben fusionarse. Para los comerciantes multicanal, una log\u00edstica flexible y una visi\u00f3n completa del inventario en el negocio f\u00edsico y en l\u00ednea son cruciales.<\/p>\n<h5><strong><img loading=\"lazy\" decoding=\"async\" class=\"alignnone size-large wp-image-11369\" src=\"https:\/\/loginfo24.com\/wp-content\/uploads\/sites\/7\/2025\/12\/JITpay_16.5.21.jpg\" alt=\"\" width=\"1024\" height=\"593\" \/><\/strong><\/h5>\n<h5><strong>Los comerciantes en l\u00ednea se abren a nuevos grupos objetivo en la ciudad<\/strong><\/h5>\n<p>El inicio de gafas Mr. Spex tambi\u00e9n se beneficia de las ciudades vac\u00edas. Mr. Spex quiere adquirir sucursales de la cadena de perfumer\u00edas Douglas. Mientras la cadena de fragancias reduce dr\u00e1sticamente su negocio f\u00edsico y ampl\u00eda su oferta en l\u00ednea, el \u00f3ptico en l\u00ednea Spex ha planeado su &#8216;estrategia de expansi\u00f3n&#8217; principalmente en la ciudad. Ha abierto m\u00e1s de 20 tiendas desde principios del a\u00f1o pasado, en Alemania, Austria y Suecia. El gerente de ventas Jens Peter Klatt observa \u00abreducciones de alquiler que son necesarias y, en algunos casos, significativas\u00bb. Para \u00e9l, esto significa \u00aboportunidades de crecimiento adicionales atractivas\u00bb.<\/p>\n<p>En el HDE, se observa el desarrollo con inter\u00e9s. Es comprensible que los comerciantes en l\u00ednea quieran abrirse a nuevos grupos objetivo en la ciudad, en lugar de gastar su dinero solo en optimizaci\u00f3n de motores de b\u00fasqueda y publicidad en l\u00ednea, dice Michael Reink, experto en bienes ra\u00edces comerciales. \u00abPero en un a\u00f1o, los alquileres estar\u00e1n a\u00fan m\u00e1s bajos.\u00bb Por lo tanto, aconseja a todos que esperen unos meses.<\/p>\n<p>Foto: \u00a9 JITpay\/Pixabay<\/p>\n","protected":false},"excerpt":{"rendered":"<p>120.000 tiendas, pronostica la Asociaci\u00f3n de Comercio de Alemania (HDE), tendr\u00e1n que cerrar para el final de la pandemia. Los alquileres comerciales est\u00e1n disminuyendo, los proveedores<span class=\"excerpt-hellip\"> [\u2026]<\/span><\/p>\n","protected":false},"author":0,"featured_media":0,"comment_status":"open","ping_status":"open","sticky":false,"template":"","format":"standard","meta":{"_acf_changed":false,"footnotes":""},"categories":[1557,1561],"tags":[],"class_list":["post-25474","post","type-post","status-publish","format-standard","hentry","category-forwarding-logistics","category-regions"],"acf":[],"yoast_head":"<!-- This site is optimized with the Yoast SEO plugin v27.3 - https:\/\/yoast.com\/product\/yoast-seo-wordpress\/ -->\n<title>Los comerciantes en l\u00ednea reemplazan parcialmente el comercio minorista en la ciudad - Loginfo24<\/title>\n<meta name=\"robots\" content=\"index, follow, max-snippet:-1, max-image-preview:large, max-video-preview:-1\" \/>\n<link rel=\"canonical\" href=\"https:\/\/loginfo24.com\/es\/2021\/05\/16\/los-comerciantes-en-linea-reemplazan-parcialmente-el-comercio-minorista-en-la-ciudad\/\" \/>\n<meta property=\"og:locale\" content=\"es_ES\" \/>\n<meta property=\"og:type\" content=\"article\" \/>\n<meta property=\"og:title\" content=\"Los comerciantes en l\u00ednea reemplazan parcialmente el comercio minorista en la ciudad - Loginfo24\" \/>\n<meta property=\"og:description\" content=\"120.000 tiendas, pronostica la Asociaci\u00f3n de Comercio de Alemania (HDE), tendr\u00e1n que cerrar para el final de la pandemia. Los alquileres comerciales est\u00e1n disminuyendo, los proveedores [\u2026]\" \/>\n<meta property=\"og:url\" content=\"https:\/\/loginfo24.com\/es\/2021\/05\/16\/los-comerciantes-en-linea-reemplazan-parcialmente-el-comercio-minorista-en-la-ciudad\/\" \/>\n<meta property=\"og:site_name\" content=\"Loginfo24\" \/>\n<meta property=\"article:publisher\" content=\"https:\/\/www.facebook.com\/people\/Loginfo24\/100057360583332\/\" \/>\n<meta property=\"article:published_time\" content=\"2021-05-16T08:04:31+00:00\" \/>\n<meta property=\"article:modified_time\" content=\"2025-12-15T12:02:35+00:00\" \/>\n<meta property=\"og:image\" content=\"https:\/\/loginfo24.com\/wp-content\/uploads\/sites\/7\/2025\/12\/JITpay_16.5.21.jpg\" \/>\n<meta name=\"twitter:card\" content=\"summary_large_image\" \/>\n<meta name=\"twitter:label1\" content=\"Tiempo de lectura\" \/>\n\t<meta name=\"twitter:data1\" content=\"4 minuto\" \/>\n<script type=\"application\/ld+json\" class=\"yoast-schema-graph\">{\"@context\":\"https:\\\/\\\/schema.org\",\"@graph\":[{\"@type\":\"Article\",\"@id\":\"https:\\\/\\\/loginfo24.com\\\/es\\\/2021\\\/05\\\/16\\\/los-comerciantes-en-linea-reemplazan-parcialmente-el-comercio-minorista-en-la-ciudad\\\/#article\",\"isPartOf\":{\"@id\":\"https:\\\/\\\/loginfo24.com\\\/es\\\/2021\\\/05\\\/16\\\/los-comerciantes-en-linea-reemplazan-parcialmente-el-comercio-minorista-en-la-ciudad\\\/\"},\"author\":{\"name\":\"\",\"@id\":\"\"},\"headline\":\"Los comerciantes en l\u00ednea reemplazan parcialmente el comercio minorista en la ciudad\",\"datePublished\":\"2021-05-16T08:04:31+00:00\",\"dateModified\":\"2025-12-15T12:02:35+00:00\",\"mainEntityOfPage\":{\"@id\":\"https:\\\/\\\/loginfo24.com\\\/es\\\/2021\\\/05\\\/16\\\/los-comerciantes-en-linea-reemplazan-parcialmente-el-comercio-minorista-en-la-ciudad\\\/\"},\"wordCount\":887,\"commentCount\":0,\"publisher\":{\"@id\":\"https:\\\/\\\/loginfo24.com\\\/es\\\/#organization\"},\"image\":{\"@id\":\"https:\\\/\\\/loginfo24.com\\\/es\\\/2021\\\/05\\\/16\\\/los-comerciantes-en-linea-reemplazan-parcialmente-el-comercio-minorista-en-la-ciudad\\\/#primaryimage\"},\"thumbnailUrl\":\"https:\\\/\\\/loginfo24.com\\\/wp-content\\\/uploads\\\/sites\\\/7\\\/2025\\\/12\\\/JITpay_16.5.21.jpg\",\"articleSection\":[\"Forwarding &amp; Logistics\",\"Regions\"],\"inLanguage\":\"es\",\"potentialAction\":[{\"@type\":\"CommentAction\",\"name\":\"Comment\",\"target\":[\"https:\\\/\\\/loginfo24.com\\\/es\\\/2021\\\/05\\\/16\\\/los-comerciantes-en-linea-reemplazan-parcialmente-el-comercio-minorista-en-la-ciudad\\\/#respond\"]}]},{\"@type\":\"WebPage\",\"@id\":\"https:\\\/\\\/loginfo24.com\\\/es\\\/2021\\\/05\\\/16\\\/los-comerciantes-en-linea-reemplazan-parcialmente-el-comercio-minorista-en-la-ciudad\\\/\",\"url\":\"https:\\\/\\\/loginfo24.com\\\/es\\\/2021\\\/05\\\/16\\\/los-comerciantes-en-linea-reemplazan-parcialmente-el-comercio-minorista-en-la-ciudad\\\/\",\"name\":\"Los comerciantes en l\u00ednea reemplazan parcialmente el comercio minorista en la ciudad - Loginfo24\",\"isPartOf\":{\"@id\":\"https:\\\/\\\/loginfo24.com\\\/es\\\/#website\"},\"primaryImageOfPage\":{\"@id\":\"https:\\\/\\\/loginfo24.com\\\/es\\\/2021\\\/05\\\/16\\\/los-comerciantes-en-linea-reemplazan-parcialmente-el-comercio-minorista-en-la-ciudad\\\/#primaryimage\"},\"image\":{\"@id\":\"https:\\\/\\\/loginfo24.com\\\/es\\\/2021\\\/05\\\/16\\\/los-comerciantes-en-linea-reemplazan-parcialmente-el-comercio-minorista-en-la-ciudad\\\/#primaryimage\"},\"thumbnailUrl\":\"https:\\\/\\\/loginfo24.com\\\/wp-content\\\/uploads\\\/sites\\\/7\\\/2025\\\/12\\\/JITpay_16.5.21.jpg\",\"datePublished\":\"2021-05-16T08:04:31+00:00\",\"dateModified\":\"2025-12-15T12:02:35+00:00\",\"breadcrumb\":{\"@id\":\"https:\\\/\\\/loginfo24.com\\\/es\\\/2021\\\/05\\\/16\\\/los-comerciantes-en-linea-reemplazan-parcialmente-el-comercio-minorista-en-la-ciudad\\\/#breadcrumb\"},\"inLanguage\":\"es\",\"potentialAction\":[{\"@type\":\"ReadAction\",\"target\":[\"https:\\\/\\\/loginfo24.com\\\/es\\\/2021\\\/05\\\/16\\\/los-comerciantes-en-linea-reemplazan-parcialmente-el-comercio-minorista-en-la-ciudad\\\/\"]}]},{\"@type\":\"ImageObject\",\"inLanguage\":\"es\",\"@id\":\"https:\\\/\\\/loginfo24.com\\\/es\\\/2021\\\/05\\\/16\\\/los-comerciantes-en-linea-reemplazan-parcialmente-el-comercio-minorista-en-la-ciudad\\\/#primaryimage\",\"url\":\"https:\\\/\\\/loginfo24.com\\\/wp-content\\\/uploads\\\/sites\\\/7\\\/2025\\\/12\\\/JITpay_16.5.21.jpg\",\"contentUrl\":\"https:\\\/\\\/loginfo24.com\\\/wp-content\\\/uploads\\\/sites\\\/7\\\/2025\\\/12\\\/JITpay_16.5.21.jpg\"},{\"@type\":\"BreadcrumbList\",\"@id\":\"https:\\\/\\\/loginfo24.com\\\/es\\\/2021\\\/05\\\/16\\\/los-comerciantes-en-linea-reemplazan-parcialmente-el-comercio-minorista-en-la-ciudad\\\/#breadcrumb\",\"itemListElement\":[{\"@type\":\"ListItem\",\"position\":1,\"name\":\"Startseite\",\"item\":\"https:\\\/\\\/loginfo24.com\\\/es\\\/\"},{\"@type\":\"ListItem\",\"position\":2,\"name\":\"Los comerciantes en l\u00ednea reemplazan parcialmente el comercio minorista en la ciudad\"}]},{\"@type\":\"WebSite\",\"@id\":\"https:\\\/\\\/loginfo24.com\\\/es\\\/#website\",\"url\":\"https:\\\/\\\/loginfo24.com\\\/es\\\/\",\"name\":\"Loginfo24\",\"description\":\"Loginfo24 es la plataforma dedicada a la log\u00edstica y las cadenas de suministro con informaci\u00f3n las 24 horas del d\u00eda.\",\"publisher\":{\"@id\":\"https:\\\/\\\/loginfo24.com\\\/es\\\/#organization\"},\"potentialAction\":[{\"@type\":\"SearchAction\",\"target\":{\"@type\":\"EntryPoint\",\"urlTemplate\":\"https:\\\/\\\/loginfo24.com\\\/es\\\/?s={search_term_string}\"},\"query-input\":{\"@type\":\"PropertyValueSpecification\",\"valueRequired\":true,\"valueName\":\"search_term_string\"}}],\"inLanguage\":\"es\"},{\"@type\":\"Organization\",\"@id\":\"https:\\\/\\\/loginfo24.com\\\/es\\\/#organization\",\"name\":\"Grupo Logismedia AG\",\"url\":\"https:\\\/\\\/loginfo24.com\\\/es\\\/\",\"logo\":{\"@type\":\"ImageObject\",\"inLanguage\":\"es\",\"@id\":\"https:\\\/\\\/loginfo24.com\\\/es\\\/#\\\/schema\\\/logo\\\/image\\\/\",\"url\":\"https:\\\/\\\/loginfo24.com\\\/wp-content\\\/uploads\\\/sites\\\/7\\\/2026\\\/01\\\/Logo_LogInfo24.png\",\"contentUrl\":\"https:\\\/\\\/loginfo24.com\\\/wp-content\\\/uploads\\\/sites\\\/7\\\/2026\\\/01\\\/Logo_LogInfo24.png\",\"width\":938,\"height\":351,\"caption\":\"Grupo Logismedia AG\"},\"image\":{\"@id\":\"https:\\\/\\\/loginfo24.com\\\/es\\\/#\\\/schema\\\/logo\\\/image\\\/\"},\"sameAs\":[\"https:\\\/\\\/www.facebook.com\\\/people\\\/Loginfo24\\\/100057360583332\\\/\",\"https:\\\/\\\/www.linkedin.com\\\/company\\\/lofinfo24\\\/\"]}]}<\/script>\n<!-- \/ Yoast SEO plugin. -->","yoast_head_json":{"title":"Los comerciantes en l\u00ednea reemplazan parcialmente el comercio minorista en la ciudad - Loginfo24","robots":{"index":"index","follow":"follow","max-snippet":"max-snippet:-1","max-image-preview":"max-image-preview:large","max-video-preview":"max-video-preview:-1"},"canonical":"https:\/\/loginfo24.com\/es\/2021\/05\/16\/los-comerciantes-en-linea-reemplazan-parcialmente-el-comercio-minorista-en-la-ciudad\/","og_locale":"es_ES","og_type":"article","og_title":"Los comerciantes en l\u00ednea reemplazan parcialmente el comercio minorista en la ciudad - Loginfo24","og_description":"120.000 tiendas, pronostica la Asociaci\u00f3n de Comercio de Alemania (HDE), tendr\u00e1n que cerrar para el final de la pandemia. Los alquileres comerciales est\u00e1n disminuyendo, los proveedores [\u2026]","og_url":"https:\/\/loginfo24.com\/es\/2021\/05\/16\/los-comerciantes-en-linea-reemplazan-parcialmente-el-comercio-minorista-en-la-ciudad\/","og_site_name":"Loginfo24","article_publisher":"https:\/\/www.facebook.com\/people\/Loginfo24\/100057360583332\/","article_published_time":"2021-05-16T08:04:31+00:00","article_modified_time":"2025-12-15T12:02:35+00:00","og_image":[{"url":"https:\/\/loginfo24.com\/wp-content\/uploads\/sites\/7\/2025\/12\/JITpay_16.5.21.jpg","type":"","width":"","height":""}],"twitter_card":"summary_large_image","twitter_misc":{"Tiempo de lectura":"4 minuto"},"schema":{"@context":"https:\/\/schema.org","@graph":[{"@type":"Article","@id":"https:\/\/loginfo24.com\/es\/2021\/05\/16\/los-comerciantes-en-linea-reemplazan-parcialmente-el-comercio-minorista-en-la-ciudad\/#article","isPartOf":{"@id":"https:\/\/loginfo24.com\/es\/2021\/05\/16\/los-comerciantes-en-linea-reemplazan-parcialmente-el-comercio-minorista-en-la-ciudad\/"},"author":{"name":"","@id":""},"headline":"Los comerciantes en l\u00ednea reemplazan parcialmente el comercio minorista en la ciudad","datePublished":"2021-05-16T08:04:31+00:00","dateModified":"2025-12-15T12:02:35+00:00","mainEntityOfPage":{"@id":"https:\/\/loginfo24.com\/es\/2021\/05\/16\/los-comerciantes-en-linea-reemplazan-parcialmente-el-comercio-minorista-en-la-ciudad\/"},"wordCount":887,"commentCount":0,"publisher":{"@id":"https:\/\/loginfo24.com\/es\/#organization"},"image":{"@id":"https:\/\/loginfo24.com\/es\/2021\/05\/16\/los-comerciantes-en-linea-reemplazan-parcialmente-el-comercio-minorista-en-la-ciudad\/#primaryimage"},"thumbnailUrl":"https:\/\/loginfo24.com\/wp-content\/uploads\/sites\/7\/2025\/12\/JITpay_16.5.21.jpg","articleSection":["Forwarding &amp; Logistics","Regions"],"inLanguage":"es","potentialAction":[{"@type":"CommentAction","name":"Comment","target":["https:\/\/loginfo24.com\/es\/2021\/05\/16\/los-comerciantes-en-linea-reemplazan-parcialmente-el-comercio-minorista-en-la-ciudad\/#respond"]}]},{"@type":"WebPage","@id":"https:\/\/loginfo24.com\/es\/2021\/05\/16\/los-comerciantes-en-linea-reemplazan-parcialmente-el-comercio-minorista-en-la-ciudad\/","url":"https:\/\/loginfo24.com\/es\/2021\/05\/16\/los-comerciantes-en-linea-reemplazan-parcialmente-el-comercio-minorista-en-la-ciudad\/","name":"Los comerciantes en l\u00ednea reemplazan parcialmente el comercio minorista en la ciudad - Loginfo24","isPartOf":{"@id":"https:\/\/loginfo24.com\/es\/#website"},"primaryImageOfPage":{"@id":"https:\/\/loginfo24.com\/es\/2021\/05\/16\/los-comerciantes-en-linea-reemplazan-parcialmente-el-comercio-minorista-en-la-ciudad\/#primaryimage"},"image":{"@id":"https:\/\/loginfo24.com\/es\/2021\/05\/16\/los-comerciantes-en-linea-reemplazan-parcialmente-el-comercio-minorista-en-la-ciudad\/#primaryimage"},"thumbnailUrl":"https:\/\/loginfo24.com\/wp-content\/uploads\/sites\/7\/2025\/12\/JITpay_16.5.21.jpg","datePublished":"2021-05-16T08:04:31+00:00","dateModified":"2025-12-15T12:02:35+00:00","breadcrumb":{"@id":"https:\/\/loginfo24.com\/es\/2021\/05\/16\/los-comerciantes-en-linea-reemplazan-parcialmente-el-comercio-minorista-en-la-ciudad\/#breadcrumb"},"inLanguage":"es","potentialAction":[{"@type":"ReadAction","target":["https:\/\/loginfo24.com\/es\/2021\/05\/16\/los-comerciantes-en-linea-reemplazan-parcialmente-el-comercio-minorista-en-la-ciudad\/"]}]},{"@type":"ImageObject","inLanguage":"es","@id":"https:\/\/loginfo24.com\/es\/2021\/05\/16\/los-comerciantes-en-linea-reemplazan-parcialmente-el-comercio-minorista-en-la-ciudad\/#primaryimage","url":"https:\/\/loginfo24.com\/wp-content\/uploads\/sites\/7\/2025\/12\/JITpay_16.5.21.jpg","contentUrl":"https:\/\/loginfo24.com\/wp-content\/uploads\/sites\/7\/2025\/12\/JITpay_16.5.21.jpg"},{"@type":"BreadcrumbList","@id":"https:\/\/loginfo24.com\/es\/2021\/05\/16\/los-comerciantes-en-linea-reemplazan-parcialmente-el-comercio-minorista-en-la-ciudad\/#breadcrumb","itemListElement":[{"@type":"ListItem","position":1,"name":"Startseite","item":"https:\/\/loginfo24.com\/es\/"},{"@type":"ListItem","position":2,"name":"Los comerciantes en l\u00ednea reemplazan parcialmente el comercio minorista en la ciudad"}]},{"@type":"WebSite","@id":"https:\/\/loginfo24.com\/es\/#website","url":"https:\/\/loginfo24.com\/es\/","name":"Loginfo24","description":"Loginfo24 es la plataforma dedicada a la log\u00edstica y las cadenas de suministro con informaci\u00f3n las 24 horas del d\u00eda.","publisher":{"@id":"https:\/\/loginfo24.com\/es\/#organization"},"potentialAction":[{"@type":"SearchAction","target":{"@type":"EntryPoint","urlTemplate":"https:\/\/loginfo24.com\/es\/?s={search_term_string}"},"query-input":{"@type":"PropertyValueSpecification","valueRequired":true,"valueName":"search_term_string"}}],"inLanguage":"es"},{"@type":"Organization","@id":"https:\/\/loginfo24.com\/es\/#organization","name":"Grupo Logismedia AG","url":"https:\/\/loginfo24.com\/es\/","logo":{"@type":"ImageObject","inLanguage":"es","@id":"https:\/\/loginfo24.com\/es\/#\/schema\/logo\/image\/","url":"https:\/\/loginfo24.com\/wp-content\/uploads\/sites\/7\/2026\/01\/Logo_LogInfo24.png","contentUrl":"https:\/\/loginfo24.com\/wp-content\/uploads\/sites\/7\/2026\/01\/Logo_LogInfo24.png","width":938,"height":351,"caption":"Grupo Logismedia AG"},"image":{"@id":"https:\/\/loginfo24.com\/es\/#\/schema\/logo\/image\/"},"sameAs":["https:\/\/www.facebook.com\/people\/Loginfo24\/100057360583332\/","https:\/\/www.linkedin.com\/company\/lofinfo24\/"]}]}},"_links":{"self":[{"href":"https:\/\/loginfo24.com\/es\/wp-json\/wp\/v2\/posts\/25474","targetHints":{"allow":["GET"]}}],"collection":[{"href":"https:\/\/loginfo24.com\/es\/wp-json\/wp\/v2\/posts"}],"about":[{"href":"https:\/\/loginfo24.com\/es\/wp-json\/wp\/v2\/types\/post"}],"replies":[{"embeddable":true,"href":"https:\/\/loginfo24.com\/es\/wp-json\/wp\/v2\/comments?post=25474"}],"version-history":[{"count":1,"href":"https:\/\/loginfo24.com\/es\/wp-json\/wp\/v2\/posts\/25474\/revisions"}],"predecessor-version":[{"id":46650,"href":"https:\/\/loginfo24.com\/es\/wp-json\/wp\/v2\/posts\/25474\/revisions\/46650"}],"wp:attachment":[{"href":"https:\/\/loginfo24.com\/es\/wp-json\/wp\/v2\/media?parent=25474"}],"wp:term":[{"taxonomy":"category","embeddable":true,"href":"https:\/\/loginfo24.com\/es\/wp-json\/wp\/v2\/categories?post=25474"},{"taxonomy":"post_tag","embeddable":true,"href":"https:\/\/loginfo24.com\/es\/wp-json\/wp\/v2\/tags?post=25474"}],"curies":[{"name":"wp","href":"https:\/\/api.w.org\/{rel}","templated":true}]}}