{"id":24977,"date":"2021-04-26T15:53:39","date_gmt":"2021-04-26T13:53:39","guid":{"rendered":"https:\/\/blog.brand-architecture.at\/2021\/04\/26\/sascha-bengel-dirige-western-hemisphere-en-vtg-project-logistics\/"},"modified":"2025-12-15T13:00:11","modified_gmt":"2025-12-15T12:00:11","slug":"sascha-bengel-dirige-western-hemisphere-en-vtg-project-logistics","status":"publish","type":"post","link":"https:\/\/loginfo24.com\/es\/2021\/04\/26\/sascha-bengel-dirige-western-hemisphere-en-vtg-project-logistics\/","title":{"rendered":"Sascha Bengel dirige Western Hemisphere en VTG Project Logistics"},"content":{"rendered":"<p>Sascha Bengel, hasta ahora l\u00edder del equipo de Project Logistics en la ubicaci\u00f3n de Berl\u00edn, asumi\u00f3 el 1 de abril de 2021 la direcci\u00f3n del \u00e1rea de Western Hemisphere (SW) en VTG Project Logistics dentro del negocio de Silk Road &amp; Project Logistics. Con esto, reemplaza a Klaus Lutze, quien se retirar\u00e1 anticipadamente a finales de a\u00f1o.<\/p>\n<p>(Hamburgo) En su nueva posici\u00f3n, Sascha Bengel se preocupa principalmente por una mayor conexi\u00f3n con otras \u00e1reas de VTG. \u00abLa transformaci\u00f3n inminente de nuestra industria hacia la eLogistics requiere una mayor transparencia en toda la cadena de suministro, por ejemplo, a trav\u00e9s de modernas plataformas de seguimiento intermodales. Para estar preparados, debemos conectarnos m\u00e1s y aprovechar mejor las sinergias existentes\u00bb, dice Bengel.<\/p>\n<p>Sascha Bengel cuenta con aproximadamente 15 a\u00f1os de experiencia profesional en el \u00e1rea de log\u00edstica. Desde 2006 hasta 2013, fue responsable del \u00e1rea de transportes especiales en K\u00fchne + Nagel Rail Chemnitz y se uni\u00f3 a la nueva empresa VTG Rail Logistics en 2013 como parte de la empresa conjunta entre VTG y K\u00fchne + Nagel. Bengel reemplaza a Klaus Lutze, quien continuar\u00e1 apoyando el negocio de proyectos hasta finales de a\u00f1o y luego se retirar\u00e1 anticipadamente por su propia voluntad.<\/p>\n<p>Foto: \u00a9 VTG<\/p>\n","protected":false},"excerpt":{"rendered":"<p>Sascha Bengel, hasta ahora l\u00edder del equipo de Project Logistics en la ubicaci\u00f3n de Berl\u00edn, asumi\u00f3 el 1 de abril de 2021 la direcci\u00f3n del \u00e1rea<span class=\"excerpt-hellip\"> [\u2026]<\/span><\/p>\n","protected":false},"author":0,"featured_media":0,"comment_status":"open","ping_status":"open","sticky":false,"template":"","format":"standard","meta":{"_acf_changed":false,"footnotes":""},"categories":[1557,1561],"tags":[],"class_list":["post-24977","post","type-post","status-publish","format-standard","hentry","category-forwarding-logistics","category-regions"],"acf":[],"yoast_head":"<!-- This site is optimized with the Yoast SEO plugin v27.3 - https:\/\/yoast.com\/product\/yoast-seo-wordpress\/ -->\n<title>Sascha Bengel dirige Western Hemisphere en VTG Project Logistics - Loginfo24<\/title>\n<meta name=\"robots\" content=\"index, follow, max-snippet:-1, max-image-preview:large, max-video-preview:-1\" \/>\n<link rel=\"canonical\" href=\"https:\/\/loginfo24.com\/es\/2021\/04\/26\/sascha-bengel-dirige-western-hemisphere-en-vtg-project-logistics\/\" \/>\n<meta property=\"og:locale\" content=\"es_ES\" \/>\n<meta property=\"og:type\" content=\"article\" \/>\n<meta property=\"og:title\" content=\"Sascha Bengel dirige Western Hemisphere en VTG Project Logistics - Loginfo24\" \/>\n<meta property=\"og:description\" content=\"Sascha Bengel, hasta ahora l\u00edder del equipo de Project Logistics en la ubicaci\u00f3n de Berl\u00edn, asumi\u00f3 el 1 de abril de 2021 la direcci\u00f3n del \u00e1rea [\u2026]\" \/>\n<meta property=\"og:url\" content=\"https:\/\/loginfo24.com\/es\/2021\/04\/26\/sascha-bengel-dirige-western-hemisphere-en-vtg-project-logistics\/\" \/>\n<meta property=\"og:site_name\" content=\"Loginfo24\" \/>\n<meta property=\"article:publisher\" content=\"https:\/\/www.facebook.com\/people\/Loginfo24\/100057360583332\/\" \/>\n<meta property=\"article:published_time\" content=\"2021-04-26T13:53:39+00:00\" \/>\n<meta property=\"article:modified_time\" content=\"2025-12-15T12:00:11+00:00\" \/>\n<meta name=\"twitter:card\" content=\"summary_large_image\" \/>\n<meta name=\"twitter:label1\" content=\"Tiempo de lectura\" \/>\n\t<meta name=\"twitter:data1\" content=\"1 minuto\" \/>\n<script type=\"application\/ld+json\" class=\"yoast-schema-graph\">{\"@context\":\"https:\\\/\\\/schema.org\",\"@graph\":[{\"@type\":\"Article\",\"@id\":\"https:\\\/\\\/loginfo24.com\\\/es\\\/2021\\\/04\\\/26\\\/sascha-bengel-dirige-western-hemisphere-en-vtg-project-logistics\\\/#article\",\"isPartOf\":{\"@id\":\"https:\\\/\\\/loginfo24.com\\\/es\\\/2021\\\/04\\\/26\\\/sascha-bengel-dirige-western-hemisphere-en-vtg-project-logistics\\\/\"},\"author\":{\"name\":\"\",\"@id\":\"\"},\"headline\":\"Sascha Bengel dirige Western Hemisphere en VTG Project Logistics\",\"datePublished\":\"2021-04-26T13:53:39+00:00\",\"dateModified\":\"2025-12-15T12:00:11+00:00\",\"mainEntityOfPage\":{\"@id\":\"https:\\\/\\\/loginfo24.com\\\/es\\\/2021\\\/04\\\/26\\\/sascha-bengel-dirige-western-hemisphere-en-vtg-project-logistics\\\/\"},\"wordCount\":218,\"commentCount\":0,\"publisher\":{\"@id\":\"https:\\\/\\\/loginfo24.com\\\/es\\\/#organization\"},\"articleSection\":[\"Forwarding &amp; Logistics\",\"Regions\"],\"inLanguage\":\"es\",\"potentialAction\":[{\"@type\":\"CommentAction\",\"name\":\"Comment\",\"target\":[\"https:\\\/\\\/loginfo24.com\\\/es\\\/2021\\\/04\\\/26\\\/sascha-bengel-dirige-western-hemisphere-en-vtg-project-logistics\\\/#respond\"]}]},{\"@type\":\"WebPage\",\"@id\":\"https:\\\/\\\/loginfo24.com\\\/es\\\/2021\\\/04\\\/26\\\/sascha-bengel-dirige-western-hemisphere-en-vtg-project-logistics\\\/\",\"url\":\"https:\\\/\\\/loginfo24.com\\\/es\\\/2021\\\/04\\\/26\\\/sascha-bengel-dirige-western-hemisphere-en-vtg-project-logistics\\\/\",\"name\":\"Sascha Bengel dirige Western Hemisphere en VTG Project Logistics - Loginfo24\",\"isPartOf\":{\"@id\":\"https:\\\/\\\/loginfo24.com\\\/es\\\/#website\"},\"datePublished\":\"2021-04-26T13:53:39+00:00\",\"dateModified\":\"2025-12-15T12:00:11+00:00\",\"breadcrumb\":{\"@id\":\"https:\\\/\\\/loginfo24.com\\\/es\\\/2021\\\/04\\\/26\\\/sascha-bengel-dirige-western-hemisphere-en-vtg-project-logistics\\\/#breadcrumb\"},\"inLanguage\":\"es\",\"potentialAction\":[{\"@type\":\"ReadAction\",\"target\":[\"https:\\\/\\\/loginfo24.com\\\/es\\\/2021\\\/04\\\/26\\\/sascha-bengel-dirige-western-hemisphere-en-vtg-project-logistics\\\/\"]}]},{\"@type\":\"BreadcrumbList\",\"@id\":\"https:\\\/\\\/loginfo24.com\\\/es\\\/2021\\\/04\\\/26\\\/sascha-bengel-dirige-western-hemisphere-en-vtg-project-logistics\\\/#breadcrumb\",\"itemListElement\":[{\"@type\":\"ListItem\",\"position\":1,\"name\":\"Startseite\",\"item\":\"https:\\\/\\\/loginfo24.com\\\/es\\\/\"},{\"@type\":\"ListItem\",\"position\":2,\"name\":\"Sascha Bengel dirige Western Hemisphere en VTG Project Logistics\"}]},{\"@type\":\"WebSite\",\"@id\":\"https:\\\/\\\/loginfo24.com\\\/es\\\/#website\",\"url\":\"https:\\\/\\\/loginfo24.com\\\/es\\\/\",\"name\":\"Loginfo24\",\"description\":\"Loginfo24 es la plataforma dedicada a la log\u00edstica y las cadenas de suministro con informaci\u00f3n las 24 horas del d\u00eda.\",\"publisher\":{\"@id\":\"https:\\\/\\\/loginfo24.com\\\/es\\\/#organization\"},\"potentialAction\":[{\"@type\":\"SearchAction\",\"target\":{\"@type\":\"EntryPoint\",\"urlTemplate\":\"https:\\\/\\\/loginfo24.com\\\/es\\\/?s={search_term_string}\"},\"query-input\":{\"@type\":\"PropertyValueSpecification\",\"valueRequired\":true,\"valueName\":\"search_term_string\"}}],\"inLanguage\":\"es\"},{\"@type\":\"Organization\",\"@id\":\"https:\\\/\\\/loginfo24.com\\\/es\\\/#organization\",\"name\":\"Grupo Logismedia AG\",\"url\":\"https:\\\/\\\/loginfo24.com\\\/es\\\/\",\"logo\":{\"@type\":\"ImageObject\",\"inLanguage\":\"es\",\"@id\":\"https:\\\/\\\/loginfo24.com\\\/es\\\/#\\\/schema\\\/logo\\\/image\\\/\",\"url\":\"https:\\\/\\\/loginfo24.com\\\/wp-content\\\/uploads\\\/sites\\\/7\\\/2026\\\/01\\\/Logo_LogInfo24.png\",\"contentUrl\":\"https:\\\/\\\/loginfo24.com\\\/wp-content\\\/uploads\\\/sites\\\/7\\\/2026\\\/01\\\/Logo_LogInfo24.png\",\"width\":938,\"height\":351,\"caption\":\"Grupo Logismedia AG\"},\"image\":{\"@id\":\"https:\\\/\\\/loginfo24.com\\\/es\\\/#\\\/schema\\\/logo\\\/image\\\/\"},\"sameAs\":[\"https:\\\/\\\/www.facebook.com\\\/people\\\/Loginfo24\\\/100057360583332\\\/\",\"https:\\\/\\\/www.linkedin.com\\\/company\\\/lofinfo24\\\/\"]}]}<\/script>\n<!-- \/ Yoast SEO plugin. -->","yoast_head_json":{"title":"Sascha Bengel dirige Western Hemisphere en VTG Project Logistics - Loginfo24","robots":{"index":"index","follow":"follow","max-snippet":"max-snippet:-1","max-image-preview":"max-image-preview:large","max-video-preview":"max-video-preview:-1"},"canonical":"https:\/\/loginfo24.com\/es\/2021\/04\/26\/sascha-bengel-dirige-western-hemisphere-en-vtg-project-logistics\/","og_locale":"es_ES","og_type":"article","og_title":"Sascha Bengel dirige Western Hemisphere en VTG Project Logistics - Loginfo24","og_description":"Sascha Bengel, hasta ahora l\u00edder del equipo de Project Logistics en la ubicaci\u00f3n de Berl\u00edn, asumi\u00f3 el 1 de abril de 2021 la direcci\u00f3n del \u00e1rea [\u2026]","og_url":"https:\/\/loginfo24.com\/es\/2021\/04\/26\/sascha-bengel-dirige-western-hemisphere-en-vtg-project-logistics\/","og_site_name":"Loginfo24","article_publisher":"https:\/\/www.facebook.com\/people\/Loginfo24\/100057360583332\/","article_published_time":"2021-04-26T13:53:39+00:00","article_modified_time":"2025-12-15T12:00:11+00:00","twitter_card":"summary_large_image","twitter_misc":{"Tiempo de lectura":"1 minuto"},"schema":{"@context":"https:\/\/schema.org","@graph":[{"@type":"Article","@id":"https:\/\/loginfo24.com\/es\/2021\/04\/26\/sascha-bengel-dirige-western-hemisphere-en-vtg-project-logistics\/#article","isPartOf":{"@id":"https:\/\/loginfo24.com\/es\/2021\/04\/26\/sascha-bengel-dirige-western-hemisphere-en-vtg-project-logistics\/"},"author":{"name":"","@id":""},"headline":"Sascha Bengel dirige Western Hemisphere en VTG Project Logistics","datePublished":"2021-04-26T13:53:39+00:00","dateModified":"2025-12-15T12:00:11+00:00","mainEntityOfPage":{"@id":"https:\/\/loginfo24.com\/es\/2021\/04\/26\/sascha-bengel-dirige-western-hemisphere-en-vtg-project-logistics\/"},"wordCount":218,"commentCount":0,"publisher":{"@id":"https:\/\/loginfo24.com\/es\/#organization"},"articleSection":["Forwarding &amp; Logistics","Regions"],"inLanguage":"es","potentialAction":[{"@type":"CommentAction","name":"Comment","target":["https:\/\/loginfo24.com\/es\/2021\/04\/26\/sascha-bengel-dirige-western-hemisphere-en-vtg-project-logistics\/#respond"]}]},{"@type":"WebPage","@id":"https:\/\/loginfo24.com\/es\/2021\/04\/26\/sascha-bengel-dirige-western-hemisphere-en-vtg-project-logistics\/","url":"https:\/\/loginfo24.com\/es\/2021\/04\/26\/sascha-bengel-dirige-western-hemisphere-en-vtg-project-logistics\/","name":"Sascha Bengel dirige Western Hemisphere en VTG Project Logistics - Loginfo24","isPartOf":{"@id":"https:\/\/loginfo24.com\/es\/#website"},"datePublished":"2021-04-26T13:53:39+00:00","dateModified":"2025-12-15T12:00:11+00:00","breadcrumb":{"@id":"https:\/\/loginfo24.com\/es\/2021\/04\/26\/sascha-bengel-dirige-western-hemisphere-en-vtg-project-logistics\/#breadcrumb"},"inLanguage":"es","potentialAction":[{"@type":"ReadAction","target":["https:\/\/loginfo24.com\/es\/2021\/04\/26\/sascha-bengel-dirige-western-hemisphere-en-vtg-project-logistics\/"]}]},{"@type":"BreadcrumbList","@id":"https:\/\/loginfo24.com\/es\/2021\/04\/26\/sascha-bengel-dirige-western-hemisphere-en-vtg-project-logistics\/#breadcrumb","itemListElement":[{"@type":"ListItem","position":1,"name":"Startseite","item":"https:\/\/loginfo24.com\/es\/"},{"@type":"ListItem","position":2,"name":"Sascha Bengel dirige Western Hemisphere en VTG Project Logistics"}]},{"@type":"WebSite","@id":"https:\/\/loginfo24.com\/es\/#website","url":"https:\/\/loginfo24.com\/es\/","name":"Loginfo24","description":"Loginfo24 es la plataforma dedicada a la log\u00edstica y las cadenas de suministro con informaci\u00f3n las 24 horas del d\u00eda.","publisher":{"@id":"https:\/\/loginfo24.com\/es\/#organization"},"potentialAction":[{"@type":"SearchAction","target":{"@type":"EntryPoint","urlTemplate":"https:\/\/loginfo24.com\/es\/?s={search_term_string}"},"query-input":{"@type":"PropertyValueSpecification","valueRequired":true,"valueName":"search_term_string"}}],"inLanguage":"es"},{"@type":"Organization","@id":"https:\/\/loginfo24.com\/es\/#organization","name":"Grupo Logismedia AG","url":"https:\/\/loginfo24.com\/es\/","logo":{"@type":"ImageObject","inLanguage":"es","@id":"https:\/\/loginfo24.com\/es\/#\/schema\/logo\/image\/","url":"https:\/\/loginfo24.com\/wp-content\/uploads\/sites\/7\/2026\/01\/Logo_LogInfo24.png","contentUrl":"https:\/\/loginfo24.com\/wp-content\/uploads\/sites\/7\/2026\/01\/Logo_LogInfo24.png","width":938,"height":351,"caption":"Grupo Logismedia AG"},"image":{"@id":"https:\/\/loginfo24.com\/es\/#\/schema\/logo\/image\/"},"sameAs":["https:\/\/www.facebook.com\/people\/Loginfo24\/100057360583332\/","https:\/\/www.linkedin.com\/company\/lofinfo24\/"]}]}},"_links":{"self":[{"href":"https:\/\/loginfo24.com\/es\/wp-json\/wp\/v2\/posts\/24977","targetHints":{"allow":["GET"]}}],"collection":[{"href":"https:\/\/loginfo24.com\/es\/wp-json\/wp\/v2\/posts"}],"about":[{"href":"https:\/\/loginfo24.com\/es\/wp-json\/wp\/v2\/types\/post"}],"replies":[{"embeddable":true,"href":"https:\/\/loginfo24.com\/es\/wp-json\/wp\/v2\/comments?post=24977"}],"version-history":[{"count":1,"href":"https:\/\/loginfo24.com\/es\/wp-json\/wp\/v2\/posts\/24977\/revisions"}],"predecessor-version":[{"id":45660,"href":"https:\/\/loginfo24.com\/es\/wp-json\/wp\/v2\/posts\/24977\/revisions\/45660"}],"wp:attachment":[{"href":"https:\/\/loginfo24.com\/es\/wp-json\/wp\/v2\/media?parent=24977"}],"wp:term":[{"taxonomy":"category","embeddable":true,"href":"https:\/\/loginfo24.com\/es\/wp-json\/wp\/v2\/categories?post=24977"},{"taxonomy":"post_tag","embeddable":true,"href":"https:\/\/loginfo24.com\/es\/wp-json\/wp\/v2\/tags?post=24977"}],"curies":[{"name":"wp","href":"https:\/\/api.w.org\/{rel}","templated":true}]}}