{"id":24280,"date":"2021-03-28T19:26:35","date_gmt":"2021-03-28T17:26:35","guid":{"rendered":"https:\/\/blog.brand-architecture.at\/2021\/03\/28\/tres-vibrantes-dias-de-logistica-digital-de-bvl-digital\/"},"modified":"2025-12-15T12:56:53","modified_gmt":"2025-12-15T11:56:53","slug":"tres-vibrantes-dias-de-logistica-digital-de-bvl-digital","status":"publish","type":"post","link":"https:\/\/loginfo24.com\/es\/2021\/03\/28\/tres-vibrantes-dias-de-logistica-digital-de-bvl-digital\/","title":{"rendered":"Tres vibrantes D\u00edas de Log\u00edstica Digital de BVL.digital"},"content":{"rendered":"<p>Tres d\u00edas de &#8216;televisi\u00f3n log\u00edstica participativa&#8217;: El balance de los primeros D\u00edas de Log\u00edstica Digital de BVL (Asociaci\u00f3n Federal de Log\u00edstica) es impresionante. Alrededor de 1,200 participantes de m\u00e1s de 15 pa\u00edses, diez socios y m\u00e1s de 55 ponentes contribuyeron con aportes sobre tecnolog\u00edas e innovaciones en las \u00e1reas de almacenamiento y cumplimiento, \u00faltima milla y entrega, as\u00ed como transporte y globalizaci\u00f3n.<\/p>\n<p>(Bremen) La conferencia en l\u00ednea de tres d\u00edas de BVL.digital impresion\u00f3 con un fuerte enfoque en el contenido, una configuraci\u00f3n t\u00e9cnica profesional y una plataforma interactiva. \u00abEl sector log\u00edstico brilla por su capacidad de innovaci\u00f3n en el \u00e1mbito digital. Nos complace haber podido mostrar y reconocer esto en esta conferencia\u00bb, dijo el director de BVL.digital, Dr. Christian Grotemeier, quien tambi\u00e9n moder\u00f3.<\/p>\n<p>La conferencia sigui\u00f3 un hilo conductor dram\u00e1tico desde la micro hasta la macroobservaci\u00f3n de temas y desaf\u00edos log\u00edsticos. Cada uno de los tres d\u00edas del evento comenz\u00f3 con una mesa redonda. Luego siguieron conferencias, talleres y los d\u00edas concluyeron con discursos magistrales de personalidades excepcionales.<\/p>\n<h5><strong>Los temas llegaron hasta el espacio<\/strong><\/h5>\n<p>As\u00ed, el futur\u00f3logo, ingeniero y piloto Morell Westermann llev\u00f3 a los participantes el primer d\u00eda en un vuelo r\u00e9cord mundial con el primer avi\u00f3n el\u00e9ctrico certificado desde los Alpes hasta la costa norte en Norderney, que tuvo lugar en septiembre de 2020. \u00abLa electrificaci\u00f3n de la aviaci\u00f3n est\u00e1 hoy donde estaban los autom\u00f3viles hace unos diez a\u00f1os\u00bb, dijo Westermann. El segundo d\u00eda, los participantes de la conferencia tuvieron la oportunidad de conocer a Frank J\u00f8rgensen. El dan\u00e9s acaba de asumir el cargo de Frank Sportolari al frente de UPS Alemania, Austria y Suiza. J\u00f8rgensen se mostr\u00f3 entusiasmado con el esp\u00edritu de equipo en UPS y la disposici\u00f3n al cambio.<\/p>\n<p>El tercer d\u00eda de los D\u00edas de Log\u00edstica Digital comenz\u00f3 con una entrevista organizada de forma espont\u00e1nea sobre la situaci\u00f3n actual en el canal de Suez. Ulf Venne de Everstream Analytics inform\u00f3 sobre la situaci\u00f3n actual. El portacontenedores Ever Given, de 400 metros de largo y 59 metros de ancho, est\u00e1 encallado en la v\u00eda fluvial y bloquea el paso de m\u00e1s de 150 barcos. Se temen interrupciones en el suministro. El tema fue abordado en la posterior mesa redonda desde la perspectiva de un cargador y un proveedor de log\u00edstica.<\/p>\n<h5><strong>Cr\u00edtica a la burocracia de Alemania<\/strong><\/h5>\n<p>El cierre de los D\u00edas de Log\u00edstica Digital fue una conferencia por la tarde de Martin Richenhagen, el antiguo presidente del consejo de AGCO. El destacado gerente germano-estadounidense abord\u00f3 las interrelaciones geopol\u00edticas y econ\u00f3micas globales y ofreci\u00f3 una mirada externa a la situaci\u00f3n en Alemania durante la crisis del coronavirus: \u00abEl gobierno alem\u00e1n intenta resolver una grave crisis de manera burocr\u00e1tica\u00bb, dijo Richenhagen. En cambio, el gobierno de EE. UU. deja la regulaci\u00f3n de muchas cosas al sentido com\u00fan de los ciudadanos. Adem\u00e1s de la gesti\u00f3n de la pandemia, el esc\u00e1ndalo del di\u00e9sel contribuye a la d\u00e9bil imagen de Alemania en EE. UU. \u2013 as\u00ed como los fallos y retrasos en el aeropuerto BER.<\/p>\n<p>Foto: \u00a9 BVL<\/p>\n","protected":false},"excerpt":{"rendered":"<p>Tres d\u00edas de &#8216;televisi\u00f3n log\u00edstica participativa&#8217;: El balance de los primeros D\u00edas de Log\u00edstica Digital de BVL (Asociaci\u00f3n Federal de Log\u00edstica) es impresionante. Alrededor de 1,200<span class=\"excerpt-hellip\"> [\u2026]<\/span><\/p>\n","protected":false},"author":0,"featured_media":0,"comment_status":"open","ping_status":"open","sticky":false,"template":"","format":"standard","meta":{"_acf_changed":false,"footnotes":""},"categories":[1557,1561],"tags":[],"class_list":["post-24280","post","type-post","status-publish","format-standard","hentry","category-forwarding-logistics","category-regions"],"acf":[],"yoast_head":"<!-- This site is optimized with the Yoast SEO plugin v27.3 - https:\/\/yoast.com\/product\/yoast-seo-wordpress\/ -->\n<title>Tres vibrantes D\u00edas de Log\u00edstica Digital de BVL.digital - Loginfo24<\/title>\n<meta name=\"robots\" content=\"index, follow, max-snippet:-1, max-image-preview:large, max-video-preview:-1\" \/>\n<link rel=\"canonical\" href=\"https:\/\/loginfo24.com\/es\/2021\/03\/28\/tres-vibrantes-dias-de-logistica-digital-de-bvl-digital\/\" \/>\n<meta property=\"og:locale\" content=\"es_ES\" \/>\n<meta property=\"og:type\" content=\"article\" \/>\n<meta property=\"og:title\" content=\"Tres vibrantes D\u00edas de Log\u00edstica Digital de BVL.digital - Loginfo24\" \/>\n<meta property=\"og:description\" content=\"Tres d\u00edas de &#8216;televisi\u00f3n log\u00edstica participativa&#8217;: El balance de los primeros D\u00edas de Log\u00edstica Digital de BVL (Asociaci\u00f3n Federal de Log\u00edstica) es impresionante. Alrededor de 1,200 [\u2026]\" \/>\n<meta property=\"og:url\" content=\"https:\/\/loginfo24.com\/es\/2021\/03\/28\/tres-vibrantes-dias-de-logistica-digital-de-bvl-digital\/\" \/>\n<meta property=\"og:site_name\" content=\"Loginfo24\" \/>\n<meta property=\"article:publisher\" content=\"https:\/\/www.facebook.com\/people\/Loginfo24\/100057360583332\/\" \/>\n<meta property=\"article:published_time\" content=\"2021-03-28T17:26:35+00:00\" \/>\n<meta property=\"article:modified_time\" content=\"2025-12-15T11:56:53+00:00\" \/>\n<meta name=\"twitter:card\" content=\"summary_large_image\" \/>\n<meta name=\"twitter:label1\" content=\"Tiempo de lectura\" \/>\n\t<meta name=\"twitter:data1\" content=\"3 minuto\" \/>\n<script type=\"application\/ld+json\" class=\"yoast-schema-graph\">{\"@context\":\"https:\\\/\\\/schema.org\",\"@graph\":[{\"@type\":\"Article\",\"@id\":\"https:\\\/\\\/loginfo24.com\\\/es\\\/2021\\\/03\\\/28\\\/tres-vibrantes-dias-de-logistica-digital-de-bvl-digital\\\/#article\",\"isPartOf\":{\"@id\":\"https:\\\/\\\/loginfo24.com\\\/es\\\/2021\\\/03\\\/28\\\/tres-vibrantes-dias-de-logistica-digital-de-bvl-digital\\\/\"},\"author\":{\"name\":\"\",\"@id\":\"\"},\"headline\":\"Tres vibrantes D\u00edas de Log\u00edstica Digital de BVL.digital\",\"datePublished\":\"2021-03-28T17:26:35+00:00\",\"dateModified\":\"2025-12-15T11:56:53+00:00\",\"mainEntityOfPage\":{\"@id\":\"https:\\\/\\\/loginfo24.com\\\/es\\\/2021\\\/03\\\/28\\\/tres-vibrantes-dias-de-logistica-digital-de-bvl-digital\\\/\"},\"wordCount\":565,\"commentCount\":0,\"publisher\":{\"@id\":\"https:\\\/\\\/loginfo24.com\\\/es\\\/#organization\"},\"articleSection\":[\"Forwarding &amp; Logistics\",\"Regions\"],\"inLanguage\":\"es\",\"potentialAction\":[{\"@type\":\"CommentAction\",\"name\":\"Comment\",\"target\":[\"https:\\\/\\\/loginfo24.com\\\/es\\\/2021\\\/03\\\/28\\\/tres-vibrantes-dias-de-logistica-digital-de-bvl-digital\\\/#respond\"]}]},{\"@type\":\"WebPage\",\"@id\":\"https:\\\/\\\/loginfo24.com\\\/es\\\/2021\\\/03\\\/28\\\/tres-vibrantes-dias-de-logistica-digital-de-bvl-digital\\\/\",\"url\":\"https:\\\/\\\/loginfo24.com\\\/es\\\/2021\\\/03\\\/28\\\/tres-vibrantes-dias-de-logistica-digital-de-bvl-digital\\\/\",\"name\":\"Tres vibrantes D\u00edas de Log\u00edstica Digital de BVL.digital - Loginfo24\",\"isPartOf\":{\"@id\":\"https:\\\/\\\/loginfo24.com\\\/es\\\/#website\"},\"datePublished\":\"2021-03-28T17:26:35+00:00\",\"dateModified\":\"2025-12-15T11:56:53+00:00\",\"breadcrumb\":{\"@id\":\"https:\\\/\\\/loginfo24.com\\\/es\\\/2021\\\/03\\\/28\\\/tres-vibrantes-dias-de-logistica-digital-de-bvl-digital\\\/#breadcrumb\"},\"inLanguage\":\"es\",\"potentialAction\":[{\"@type\":\"ReadAction\",\"target\":[\"https:\\\/\\\/loginfo24.com\\\/es\\\/2021\\\/03\\\/28\\\/tres-vibrantes-dias-de-logistica-digital-de-bvl-digital\\\/\"]}]},{\"@type\":\"BreadcrumbList\",\"@id\":\"https:\\\/\\\/loginfo24.com\\\/es\\\/2021\\\/03\\\/28\\\/tres-vibrantes-dias-de-logistica-digital-de-bvl-digital\\\/#breadcrumb\",\"itemListElement\":[{\"@type\":\"ListItem\",\"position\":1,\"name\":\"Startseite\",\"item\":\"https:\\\/\\\/loginfo24.com\\\/es\\\/\"},{\"@type\":\"ListItem\",\"position\":2,\"name\":\"Tres vibrantes D\u00edas de Log\u00edstica Digital de BVL.digital\"}]},{\"@type\":\"WebSite\",\"@id\":\"https:\\\/\\\/loginfo24.com\\\/es\\\/#website\",\"url\":\"https:\\\/\\\/loginfo24.com\\\/es\\\/\",\"name\":\"Loginfo24\",\"description\":\"Loginfo24 es la plataforma dedicada a la log\u00edstica y las cadenas de suministro con informaci\u00f3n las 24 horas del d\u00eda.\",\"publisher\":{\"@id\":\"https:\\\/\\\/loginfo24.com\\\/es\\\/#organization\"},\"potentialAction\":[{\"@type\":\"SearchAction\",\"target\":{\"@type\":\"EntryPoint\",\"urlTemplate\":\"https:\\\/\\\/loginfo24.com\\\/es\\\/?s={search_term_string}\"},\"query-input\":{\"@type\":\"PropertyValueSpecification\",\"valueRequired\":true,\"valueName\":\"search_term_string\"}}],\"inLanguage\":\"es\"},{\"@type\":\"Organization\",\"@id\":\"https:\\\/\\\/loginfo24.com\\\/es\\\/#organization\",\"name\":\"Grupo Logismedia AG\",\"url\":\"https:\\\/\\\/loginfo24.com\\\/es\\\/\",\"logo\":{\"@type\":\"ImageObject\",\"inLanguage\":\"es\",\"@id\":\"https:\\\/\\\/loginfo24.com\\\/es\\\/#\\\/schema\\\/logo\\\/image\\\/\",\"url\":\"https:\\\/\\\/loginfo24.com\\\/wp-content\\\/uploads\\\/sites\\\/7\\\/2026\\\/01\\\/Logo_LogInfo24.png\",\"contentUrl\":\"https:\\\/\\\/loginfo24.com\\\/wp-content\\\/uploads\\\/sites\\\/7\\\/2026\\\/01\\\/Logo_LogInfo24.png\",\"width\":938,\"height\":351,\"caption\":\"Grupo Logismedia AG\"},\"image\":{\"@id\":\"https:\\\/\\\/loginfo24.com\\\/es\\\/#\\\/schema\\\/logo\\\/image\\\/\"},\"sameAs\":[\"https:\\\/\\\/www.facebook.com\\\/people\\\/Loginfo24\\\/100057360583332\\\/\",\"https:\\\/\\\/www.linkedin.com\\\/company\\\/lofinfo24\\\/\"]}]}<\/script>\n<!-- \/ Yoast SEO plugin. -->","yoast_head_json":{"title":"Tres vibrantes D\u00edas de Log\u00edstica Digital de BVL.digital - Loginfo24","robots":{"index":"index","follow":"follow","max-snippet":"max-snippet:-1","max-image-preview":"max-image-preview:large","max-video-preview":"max-video-preview:-1"},"canonical":"https:\/\/loginfo24.com\/es\/2021\/03\/28\/tres-vibrantes-dias-de-logistica-digital-de-bvl-digital\/","og_locale":"es_ES","og_type":"article","og_title":"Tres vibrantes D\u00edas de Log\u00edstica Digital de BVL.digital - Loginfo24","og_description":"Tres d\u00edas de &#8216;televisi\u00f3n log\u00edstica participativa&#8217;: El balance de los primeros D\u00edas de Log\u00edstica Digital de BVL (Asociaci\u00f3n Federal de Log\u00edstica) es impresionante. Alrededor de 1,200 [\u2026]","og_url":"https:\/\/loginfo24.com\/es\/2021\/03\/28\/tres-vibrantes-dias-de-logistica-digital-de-bvl-digital\/","og_site_name":"Loginfo24","article_publisher":"https:\/\/www.facebook.com\/people\/Loginfo24\/100057360583332\/","article_published_time":"2021-03-28T17:26:35+00:00","article_modified_time":"2025-12-15T11:56:53+00:00","twitter_card":"summary_large_image","twitter_misc":{"Tiempo de lectura":"3 minuto"},"schema":{"@context":"https:\/\/schema.org","@graph":[{"@type":"Article","@id":"https:\/\/loginfo24.com\/es\/2021\/03\/28\/tres-vibrantes-dias-de-logistica-digital-de-bvl-digital\/#article","isPartOf":{"@id":"https:\/\/loginfo24.com\/es\/2021\/03\/28\/tres-vibrantes-dias-de-logistica-digital-de-bvl-digital\/"},"author":{"name":"","@id":""},"headline":"Tres vibrantes D\u00edas de Log\u00edstica Digital de BVL.digital","datePublished":"2021-03-28T17:26:35+00:00","dateModified":"2025-12-15T11:56:53+00:00","mainEntityOfPage":{"@id":"https:\/\/loginfo24.com\/es\/2021\/03\/28\/tres-vibrantes-dias-de-logistica-digital-de-bvl-digital\/"},"wordCount":565,"commentCount":0,"publisher":{"@id":"https:\/\/loginfo24.com\/es\/#organization"},"articleSection":["Forwarding &amp; Logistics","Regions"],"inLanguage":"es","potentialAction":[{"@type":"CommentAction","name":"Comment","target":["https:\/\/loginfo24.com\/es\/2021\/03\/28\/tres-vibrantes-dias-de-logistica-digital-de-bvl-digital\/#respond"]}]},{"@type":"WebPage","@id":"https:\/\/loginfo24.com\/es\/2021\/03\/28\/tres-vibrantes-dias-de-logistica-digital-de-bvl-digital\/","url":"https:\/\/loginfo24.com\/es\/2021\/03\/28\/tres-vibrantes-dias-de-logistica-digital-de-bvl-digital\/","name":"Tres vibrantes D\u00edas de Log\u00edstica Digital de BVL.digital - Loginfo24","isPartOf":{"@id":"https:\/\/loginfo24.com\/es\/#website"},"datePublished":"2021-03-28T17:26:35+00:00","dateModified":"2025-12-15T11:56:53+00:00","breadcrumb":{"@id":"https:\/\/loginfo24.com\/es\/2021\/03\/28\/tres-vibrantes-dias-de-logistica-digital-de-bvl-digital\/#breadcrumb"},"inLanguage":"es","potentialAction":[{"@type":"ReadAction","target":["https:\/\/loginfo24.com\/es\/2021\/03\/28\/tres-vibrantes-dias-de-logistica-digital-de-bvl-digital\/"]}]},{"@type":"BreadcrumbList","@id":"https:\/\/loginfo24.com\/es\/2021\/03\/28\/tres-vibrantes-dias-de-logistica-digital-de-bvl-digital\/#breadcrumb","itemListElement":[{"@type":"ListItem","position":1,"name":"Startseite","item":"https:\/\/loginfo24.com\/es\/"},{"@type":"ListItem","position":2,"name":"Tres vibrantes D\u00edas de Log\u00edstica Digital de BVL.digital"}]},{"@type":"WebSite","@id":"https:\/\/loginfo24.com\/es\/#website","url":"https:\/\/loginfo24.com\/es\/","name":"Loginfo24","description":"Loginfo24 es la plataforma dedicada a la log\u00edstica y las cadenas de suministro con informaci\u00f3n las 24 horas del d\u00eda.","publisher":{"@id":"https:\/\/loginfo24.com\/es\/#organization"},"potentialAction":[{"@type":"SearchAction","target":{"@type":"EntryPoint","urlTemplate":"https:\/\/loginfo24.com\/es\/?s={search_term_string}"},"query-input":{"@type":"PropertyValueSpecification","valueRequired":true,"valueName":"search_term_string"}}],"inLanguage":"es"},{"@type":"Organization","@id":"https:\/\/loginfo24.com\/es\/#organization","name":"Grupo Logismedia AG","url":"https:\/\/loginfo24.com\/es\/","logo":{"@type":"ImageObject","inLanguage":"es","@id":"https:\/\/loginfo24.com\/es\/#\/schema\/logo\/image\/","url":"https:\/\/loginfo24.com\/wp-content\/uploads\/sites\/7\/2026\/01\/Logo_LogInfo24.png","contentUrl":"https:\/\/loginfo24.com\/wp-content\/uploads\/sites\/7\/2026\/01\/Logo_LogInfo24.png","width":938,"height":351,"caption":"Grupo Logismedia AG"},"image":{"@id":"https:\/\/loginfo24.com\/es\/#\/schema\/logo\/image\/"},"sameAs":["https:\/\/www.facebook.com\/people\/Loginfo24\/100057360583332\/","https:\/\/www.linkedin.com\/company\/lofinfo24\/"]}]}},"_links":{"self":[{"href":"https:\/\/loginfo24.com\/es\/wp-json\/wp\/v2\/posts\/24280","targetHints":{"allow":["GET"]}}],"collection":[{"href":"https:\/\/loginfo24.com\/es\/wp-json\/wp\/v2\/posts"}],"about":[{"href":"https:\/\/loginfo24.com\/es\/wp-json\/wp\/v2\/types\/post"}],"replies":[{"embeddable":true,"href":"https:\/\/loginfo24.com\/es\/wp-json\/wp\/v2\/comments?post=24280"}],"version-history":[{"count":1,"href":"https:\/\/loginfo24.com\/es\/wp-json\/wp\/v2\/posts\/24280\/revisions"}],"predecessor-version":[{"id":44282,"href":"https:\/\/loginfo24.com\/es\/wp-json\/wp\/v2\/posts\/24280\/revisions\/44282"}],"wp:attachment":[{"href":"https:\/\/loginfo24.com\/es\/wp-json\/wp\/v2\/media?parent=24280"}],"wp:term":[{"taxonomy":"category","embeddable":true,"href":"https:\/\/loginfo24.com\/es\/wp-json\/wp\/v2\/categories?post=24280"},{"taxonomy":"post_tag","embeddable":true,"href":"https:\/\/loginfo24.com\/es\/wp-json\/wp\/v2\/tags?post=24280"}],"curies":[{"name":"wp","href":"https:\/\/api.w.org\/{rel}","templated":true}]}}