{"id":24178,"date":"2021-03-23T19:03:42","date_gmt":"2021-03-23T18:03:42","guid":{"rendered":"https:\/\/blog.brand-architecture.at\/2021\/03\/23\/urban-cargo-pone-en-funcionamiento-su-cuarto-microdeposito-en-berlin\/"},"modified":"2025-12-15T12:56:28","modified_gmt":"2025-12-15T11:56:28","slug":"urban-cargo-pone-en-funcionamiento-su-cuarto-microdeposito-en-berlin","status":"publish","type":"post","link":"https:\/\/loginfo24.com\/es\/2021\/03\/23\/urban-cargo-pone-en-funcionamiento-su-cuarto-microdeposito-en-berlin\/","title":{"rendered":"URBAN CARGO pone en funcionamiento su cuarto microdep\u00f3sito en Berl\u00edn"},"content":{"rendered":"<p>El proveedor de servicios de log\u00edstica urbana &#8216;White-Label&#8217; URBAN CARGO, fundado en 2016, ha puesto oficialmente en funcionamiento un nodo de transbordo en el aparcamiento P+R de la estaci\u00f3n de S-Bahn y U-Bahn de Tempelhof, justo al lado de la A100 en Tempelhofer Damm, en presencia de la alcaldesa del distrito de Tempelhof-Sch\u00f6neberg, Angelika Sch\u00f6ttler (SPD).<\/p>\n<p>(Berl\u00edn) URBAN CARGO ya opera microdep\u00f3sitos en Moabit, Charlottenburg y Sch\u00f6neberg. La nueva instalaci\u00f3n de 80 m\u00b2 en Tempelhof, equipada con paneles solares y almacenamiento de bater\u00edas, fue construida en oto\u00f1o de 2020 con el apoyo del BMVI, el Senado y DB Station &amp; Service AG.<\/p>\n<p>Los mensajeros empleados entregan entre 200 y 250 paquetes al d\u00eda a clientes particulares y tiendas de productos org\u00e1nicos. Los clientes son en su mayor\u00eda comerciantes en l\u00ednea y productores de alimentos org\u00e1nicos de los alrededores, incluyendo \u00d6kodorf Brodowin, Landkorb, Vollkern, entre otros. La entrega de los env\u00edos a los 4 microdep\u00f3sitos se realiza por la ma\u00f1ana entre las 6 y las 8 horas.<\/p>\n<h5><strong>Distribuci\u00f3n fina libre de CO2 con bicicletas de carga el\u00e9ctricas<\/strong><\/h5>\n<p>Desde all\u00ed, se lleva a cabo la distribuci\u00f3n fina ecol\u00f3gica en el llamado \u00daltimo Kil\u00f3metro con bicicletas de carga el\u00e9ctricas libres de CO2, veh\u00edculos el\u00e9ctricos ligeros y furgonetas el\u00e9ctricas. Seg\u00fan URBAN CARGO, este sistema log\u00edstico reemplaza aproximadamente de 4 a 5 furgonetas de transporte di\u00e9sel convencionales. Actualmente, en los microdep\u00f3sitos tambi\u00e9n se mantienen desinfectantes, guantes y mascarillas para los mensajeros.<\/p>\n<p>La din\u00e1mica startup de log\u00edstica urbana de Berl\u00edn, URBAN CARGO, fue cofundada a principios de 2016 por el pol\u00edtico de transporte berlin\u00e9s Roland Prejawa. La empresa, como \u00fanico proveedor de servicios White-Label, utiliza exclusivamente veh\u00edculos innovadores, atractivos y libres de CO2, como veh\u00edculos ligeros y bicicletas de carga en el \u00daltimo Kil\u00f3metro. Entre sus clientes se encuentran los grandes servicios de KEP, as\u00ed como comerciantes en l\u00ednea, el comercio minorista y laboratorios que, al contratar a URBAN CARGO, mejoran su propia huella ambiental.<\/p>\n<p>Foto: \u00a9 Urban Cargo\/ <strong><em>Subt\u00edtulo de la imagen: <\/em><\/strong><em>La alcaldesa del distrito de Tempelhof-Sch\u00f6neberg, Angelika Sch\u00f6ttler (SPD) y Roland Prejawa, CEO de Urban Cargo<\/em><\/p>\n","protected":false},"excerpt":{"rendered":"<p>El proveedor de servicios de log\u00edstica urbana &#8216;White-Label&#8217; URBAN CARGO, fundado en 2016, ha puesto oficialmente en funcionamiento un nodo de transbordo en el aparcamiento P+R<span class=\"excerpt-hellip\"> [\u2026]<\/span><\/p>\n","protected":false},"author":0,"featured_media":0,"comment_status":"open","ping_status":"open","sticky":false,"template":"","format":"standard","meta":{"_acf_changed":false,"footnotes":""},"categories":[1557,1556,1561],"tags":[],"class_list":["post-24178","post","type-post","status-publish","format-standard","hentry","category-forwarding-logistics","category-intermodal-road","category-regions"],"acf":[],"yoast_head":"<!-- This site is optimized with the Yoast SEO plugin v27.3 - https:\/\/yoast.com\/product\/yoast-seo-wordpress\/ -->\n<title>URBAN CARGO pone en funcionamiento su cuarto microdep\u00f3sito en Berl\u00edn - Loginfo24<\/title>\n<meta name=\"robots\" content=\"index, follow, max-snippet:-1, max-image-preview:large, max-video-preview:-1\" \/>\n<link rel=\"canonical\" href=\"https:\/\/loginfo24.com\/es\/2021\/03\/23\/urban-cargo-pone-en-funcionamiento-su-cuarto-microdeposito-en-berlin\/\" \/>\n<meta property=\"og:locale\" content=\"es_ES\" \/>\n<meta property=\"og:type\" content=\"article\" \/>\n<meta property=\"og:title\" content=\"URBAN CARGO pone en funcionamiento su cuarto microdep\u00f3sito en Berl\u00edn - Loginfo24\" \/>\n<meta property=\"og:description\" content=\"El proveedor de servicios de log\u00edstica urbana &#8216;White-Label&#8217; URBAN CARGO, fundado en 2016, ha puesto oficialmente en funcionamiento un nodo de transbordo en el aparcamiento P+R [\u2026]\" \/>\n<meta property=\"og:url\" content=\"https:\/\/loginfo24.com\/es\/2021\/03\/23\/urban-cargo-pone-en-funcionamiento-su-cuarto-microdeposito-en-berlin\/\" \/>\n<meta property=\"og:site_name\" content=\"Loginfo24\" \/>\n<meta property=\"article:publisher\" content=\"https:\/\/www.facebook.com\/people\/Loginfo24\/100057360583332\/\" \/>\n<meta property=\"article:published_time\" content=\"2021-03-23T18:03:42+00:00\" \/>\n<meta property=\"article:modified_time\" content=\"2025-12-15T11:56:28+00:00\" \/>\n<meta name=\"twitter:card\" content=\"summary_large_image\" \/>\n<meta name=\"twitter:label1\" content=\"Tiempo de lectura\" \/>\n\t<meta name=\"twitter:data1\" content=\"2 minuto\" \/>\n<script type=\"application\/ld+json\" class=\"yoast-schema-graph\">{\"@context\":\"https:\\\/\\\/schema.org\",\"@graph\":[{\"@type\":\"Article\",\"@id\":\"https:\\\/\\\/loginfo24.com\\\/es\\\/2021\\\/03\\\/23\\\/urban-cargo-pone-en-funcionamiento-su-cuarto-microdeposito-en-berlin\\\/#article\",\"isPartOf\":{\"@id\":\"https:\\\/\\\/loginfo24.com\\\/es\\\/2021\\\/03\\\/23\\\/urban-cargo-pone-en-funcionamiento-su-cuarto-microdeposito-en-berlin\\\/\"},\"author\":{\"name\":\"\",\"@id\":\"\"},\"headline\":\"URBAN CARGO pone en funcionamiento su cuarto microdep\u00f3sito en Berl\u00edn\",\"datePublished\":\"2021-03-23T18:03:42+00:00\",\"dateModified\":\"2025-12-15T11:56:28+00:00\",\"mainEntityOfPage\":{\"@id\":\"https:\\\/\\\/loginfo24.com\\\/es\\\/2021\\\/03\\\/23\\\/urban-cargo-pone-en-funcionamiento-su-cuarto-microdeposito-en-berlin\\\/\"},\"wordCount\":388,\"commentCount\":0,\"publisher\":{\"@id\":\"https:\\\/\\\/loginfo24.com\\\/es\\\/#organization\"},\"articleSection\":[\"Forwarding &amp; Logistics\",\"Intermodal \\\/ Road\",\"Regions\"],\"inLanguage\":\"es\",\"potentialAction\":[{\"@type\":\"CommentAction\",\"name\":\"Comment\",\"target\":[\"https:\\\/\\\/loginfo24.com\\\/es\\\/2021\\\/03\\\/23\\\/urban-cargo-pone-en-funcionamiento-su-cuarto-microdeposito-en-berlin\\\/#respond\"]}]},{\"@type\":\"WebPage\",\"@id\":\"https:\\\/\\\/loginfo24.com\\\/es\\\/2021\\\/03\\\/23\\\/urban-cargo-pone-en-funcionamiento-su-cuarto-microdeposito-en-berlin\\\/\",\"url\":\"https:\\\/\\\/loginfo24.com\\\/es\\\/2021\\\/03\\\/23\\\/urban-cargo-pone-en-funcionamiento-su-cuarto-microdeposito-en-berlin\\\/\",\"name\":\"URBAN CARGO pone en funcionamiento su cuarto microdep\u00f3sito en Berl\u00edn - Loginfo24\",\"isPartOf\":{\"@id\":\"https:\\\/\\\/loginfo24.com\\\/es\\\/#website\"},\"datePublished\":\"2021-03-23T18:03:42+00:00\",\"dateModified\":\"2025-12-15T11:56:28+00:00\",\"breadcrumb\":{\"@id\":\"https:\\\/\\\/loginfo24.com\\\/es\\\/2021\\\/03\\\/23\\\/urban-cargo-pone-en-funcionamiento-su-cuarto-microdeposito-en-berlin\\\/#breadcrumb\"},\"inLanguage\":\"es\",\"potentialAction\":[{\"@type\":\"ReadAction\",\"target\":[\"https:\\\/\\\/loginfo24.com\\\/es\\\/2021\\\/03\\\/23\\\/urban-cargo-pone-en-funcionamiento-su-cuarto-microdeposito-en-berlin\\\/\"]}]},{\"@type\":\"BreadcrumbList\",\"@id\":\"https:\\\/\\\/loginfo24.com\\\/es\\\/2021\\\/03\\\/23\\\/urban-cargo-pone-en-funcionamiento-su-cuarto-microdeposito-en-berlin\\\/#breadcrumb\",\"itemListElement\":[{\"@type\":\"ListItem\",\"position\":1,\"name\":\"Startseite\",\"item\":\"https:\\\/\\\/loginfo24.com\\\/es\\\/\"},{\"@type\":\"ListItem\",\"position\":2,\"name\":\"URBAN CARGO pone en funcionamiento su cuarto microdep\u00f3sito en Berl\u00edn\"}]},{\"@type\":\"WebSite\",\"@id\":\"https:\\\/\\\/loginfo24.com\\\/es\\\/#website\",\"url\":\"https:\\\/\\\/loginfo24.com\\\/es\\\/\",\"name\":\"Loginfo24\",\"description\":\"Loginfo24 es la plataforma dedicada a la log\u00edstica y las cadenas de suministro con informaci\u00f3n las 24 horas del d\u00eda.\",\"publisher\":{\"@id\":\"https:\\\/\\\/loginfo24.com\\\/es\\\/#organization\"},\"potentialAction\":[{\"@type\":\"SearchAction\",\"target\":{\"@type\":\"EntryPoint\",\"urlTemplate\":\"https:\\\/\\\/loginfo24.com\\\/es\\\/?s={search_term_string}\"},\"query-input\":{\"@type\":\"PropertyValueSpecification\",\"valueRequired\":true,\"valueName\":\"search_term_string\"}}],\"inLanguage\":\"es\"},{\"@type\":\"Organization\",\"@id\":\"https:\\\/\\\/loginfo24.com\\\/es\\\/#organization\",\"name\":\"Grupo Logismedia AG\",\"url\":\"https:\\\/\\\/loginfo24.com\\\/es\\\/\",\"logo\":{\"@type\":\"ImageObject\",\"inLanguage\":\"es\",\"@id\":\"https:\\\/\\\/loginfo24.com\\\/es\\\/#\\\/schema\\\/logo\\\/image\\\/\",\"url\":\"https:\\\/\\\/loginfo24.com\\\/wp-content\\\/uploads\\\/sites\\\/7\\\/2026\\\/01\\\/Logo_LogInfo24.png\",\"contentUrl\":\"https:\\\/\\\/loginfo24.com\\\/wp-content\\\/uploads\\\/sites\\\/7\\\/2026\\\/01\\\/Logo_LogInfo24.png\",\"width\":938,\"height\":351,\"caption\":\"Grupo Logismedia AG\"},\"image\":{\"@id\":\"https:\\\/\\\/loginfo24.com\\\/es\\\/#\\\/schema\\\/logo\\\/image\\\/\"},\"sameAs\":[\"https:\\\/\\\/www.facebook.com\\\/people\\\/Loginfo24\\\/100057360583332\\\/\",\"https:\\\/\\\/www.linkedin.com\\\/company\\\/lofinfo24\\\/\"]}]}<\/script>\n<!-- \/ Yoast SEO plugin. -->","yoast_head_json":{"title":"URBAN CARGO pone en funcionamiento su cuarto microdep\u00f3sito en Berl\u00edn - Loginfo24","robots":{"index":"index","follow":"follow","max-snippet":"max-snippet:-1","max-image-preview":"max-image-preview:large","max-video-preview":"max-video-preview:-1"},"canonical":"https:\/\/loginfo24.com\/es\/2021\/03\/23\/urban-cargo-pone-en-funcionamiento-su-cuarto-microdeposito-en-berlin\/","og_locale":"es_ES","og_type":"article","og_title":"URBAN CARGO pone en funcionamiento su cuarto microdep\u00f3sito en Berl\u00edn - Loginfo24","og_description":"El proveedor de servicios de log\u00edstica urbana &#8216;White-Label&#8217; URBAN CARGO, fundado en 2016, ha puesto oficialmente en funcionamiento un nodo de transbordo en el aparcamiento P+R [\u2026]","og_url":"https:\/\/loginfo24.com\/es\/2021\/03\/23\/urban-cargo-pone-en-funcionamiento-su-cuarto-microdeposito-en-berlin\/","og_site_name":"Loginfo24","article_publisher":"https:\/\/www.facebook.com\/people\/Loginfo24\/100057360583332\/","article_published_time":"2021-03-23T18:03:42+00:00","article_modified_time":"2025-12-15T11:56:28+00:00","twitter_card":"summary_large_image","twitter_misc":{"Tiempo de lectura":"2 minuto"},"schema":{"@context":"https:\/\/schema.org","@graph":[{"@type":"Article","@id":"https:\/\/loginfo24.com\/es\/2021\/03\/23\/urban-cargo-pone-en-funcionamiento-su-cuarto-microdeposito-en-berlin\/#article","isPartOf":{"@id":"https:\/\/loginfo24.com\/es\/2021\/03\/23\/urban-cargo-pone-en-funcionamiento-su-cuarto-microdeposito-en-berlin\/"},"author":{"name":"","@id":""},"headline":"URBAN CARGO pone en funcionamiento su cuarto microdep\u00f3sito en Berl\u00edn","datePublished":"2021-03-23T18:03:42+00:00","dateModified":"2025-12-15T11:56:28+00:00","mainEntityOfPage":{"@id":"https:\/\/loginfo24.com\/es\/2021\/03\/23\/urban-cargo-pone-en-funcionamiento-su-cuarto-microdeposito-en-berlin\/"},"wordCount":388,"commentCount":0,"publisher":{"@id":"https:\/\/loginfo24.com\/es\/#organization"},"articleSection":["Forwarding &amp; Logistics","Intermodal \/ Road","Regions"],"inLanguage":"es","potentialAction":[{"@type":"CommentAction","name":"Comment","target":["https:\/\/loginfo24.com\/es\/2021\/03\/23\/urban-cargo-pone-en-funcionamiento-su-cuarto-microdeposito-en-berlin\/#respond"]}]},{"@type":"WebPage","@id":"https:\/\/loginfo24.com\/es\/2021\/03\/23\/urban-cargo-pone-en-funcionamiento-su-cuarto-microdeposito-en-berlin\/","url":"https:\/\/loginfo24.com\/es\/2021\/03\/23\/urban-cargo-pone-en-funcionamiento-su-cuarto-microdeposito-en-berlin\/","name":"URBAN CARGO pone en funcionamiento su cuarto microdep\u00f3sito en Berl\u00edn - Loginfo24","isPartOf":{"@id":"https:\/\/loginfo24.com\/es\/#website"},"datePublished":"2021-03-23T18:03:42+00:00","dateModified":"2025-12-15T11:56:28+00:00","breadcrumb":{"@id":"https:\/\/loginfo24.com\/es\/2021\/03\/23\/urban-cargo-pone-en-funcionamiento-su-cuarto-microdeposito-en-berlin\/#breadcrumb"},"inLanguage":"es","potentialAction":[{"@type":"ReadAction","target":["https:\/\/loginfo24.com\/es\/2021\/03\/23\/urban-cargo-pone-en-funcionamiento-su-cuarto-microdeposito-en-berlin\/"]}]},{"@type":"BreadcrumbList","@id":"https:\/\/loginfo24.com\/es\/2021\/03\/23\/urban-cargo-pone-en-funcionamiento-su-cuarto-microdeposito-en-berlin\/#breadcrumb","itemListElement":[{"@type":"ListItem","position":1,"name":"Startseite","item":"https:\/\/loginfo24.com\/es\/"},{"@type":"ListItem","position":2,"name":"URBAN CARGO pone en funcionamiento su cuarto microdep\u00f3sito en Berl\u00edn"}]},{"@type":"WebSite","@id":"https:\/\/loginfo24.com\/es\/#website","url":"https:\/\/loginfo24.com\/es\/","name":"Loginfo24","description":"Loginfo24 es la plataforma dedicada a la log\u00edstica y las cadenas de suministro con informaci\u00f3n las 24 horas del d\u00eda.","publisher":{"@id":"https:\/\/loginfo24.com\/es\/#organization"},"potentialAction":[{"@type":"SearchAction","target":{"@type":"EntryPoint","urlTemplate":"https:\/\/loginfo24.com\/es\/?s={search_term_string}"},"query-input":{"@type":"PropertyValueSpecification","valueRequired":true,"valueName":"search_term_string"}}],"inLanguage":"es"},{"@type":"Organization","@id":"https:\/\/loginfo24.com\/es\/#organization","name":"Grupo Logismedia AG","url":"https:\/\/loginfo24.com\/es\/","logo":{"@type":"ImageObject","inLanguage":"es","@id":"https:\/\/loginfo24.com\/es\/#\/schema\/logo\/image\/","url":"https:\/\/loginfo24.com\/wp-content\/uploads\/sites\/7\/2026\/01\/Logo_LogInfo24.png","contentUrl":"https:\/\/loginfo24.com\/wp-content\/uploads\/sites\/7\/2026\/01\/Logo_LogInfo24.png","width":938,"height":351,"caption":"Grupo Logismedia AG"},"image":{"@id":"https:\/\/loginfo24.com\/es\/#\/schema\/logo\/image\/"},"sameAs":["https:\/\/www.facebook.com\/people\/Loginfo24\/100057360583332\/","https:\/\/www.linkedin.com\/company\/lofinfo24\/"]}]}},"_links":{"self":[{"href":"https:\/\/loginfo24.com\/es\/wp-json\/wp\/v2\/posts\/24178","targetHints":{"allow":["GET"]}}],"collection":[{"href":"https:\/\/loginfo24.com\/es\/wp-json\/wp\/v2\/posts"}],"about":[{"href":"https:\/\/loginfo24.com\/es\/wp-json\/wp\/v2\/types\/post"}],"replies":[{"embeddable":true,"href":"https:\/\/loginfo24.com\/es\/wp-json\/wp\/v2\/comments?post=24178"}],"version-history":[{"count":1,"href":"https:\/\/loginfo24.com\/es\/wp-json\/wp\/v2\/posts\/24178\/revisions"}],"predecessor-version":[{"id":44078,"href":"https:\/\/loginfo24.com\/es\/wp-json\/wp\/v2\/posts\/24178\/revisions\/44078"}],"wp:attachment":[{"href":"https:\/\/loginfo24.com\/es\/wp-json\/wp\/v2\/media?parent=24178"}],"wp:term":[{"taxonomy":"category","embeddable":true,"href":"https:\/\/loginfo24.com\/es\/wp-json\/wp\/v2\/categories?post=24178"},{"taxonomy":"post_tag","embeddable":true,"href":"https:\/\/loginfo24.com\/es\/wp-json\/wp\/v2\/tags?post=24178"}],"curies":[{"name":"wp","href":"https:\/\/api.w.org\/{rel}","templated":true}]}}