{"id":23575,"date":"2021-02-24T19:12:39","date_gmt":"2021-02-24T18:12:39","guid":{"rendered":"https:\/\/blog.brand-architecture.at\/2021\/02\/24\/heiko-nowak-se-convierte-en-el-nuevo-director-general-de-weckpoller\/"},"modified":"2025-12-15T12:53:40","modified_gmt":"2025-12-15T11:53:40","slug":"heiko-nowak-se-convierte-en-el-nuevo-director-general-de-weckpoller","status":"publish","type":"post","link":"https:\/\/loginfo24.com\/es\/2021\/02\/24\/heiko-nowak-se-convierte-en-el-nuevo-director-general-de-weckpoller\/","title":{"rendered":"Heiko Nowak se convierte en el nuevo director general de Weck+Poller"},"content":{"rendered":"<p>Desde el 1 de enero de 2021, Heiko Nowak es miembro de la direcci\u00f3n de la empresa de log\u00edstica Weck+Poller, ubicada en Sajonia. El gerente de 54 a\u00f1os complementa la direcci\u00f3n que hasta ahora estaba representada por Doreen Paesold-Runge. El ingeniero mec\u00e1nico titulado cuenta con d\u00e9cadas de experiencia en empresas de log\u00edstica que operan a nivel internacional.<\/p>\n<p>(Zwickau) Antes de unirse a Weck+Poller, Heiko Nowak estuvo 13 a\u00f1os bajo contrato como miembro de la direcci\u00f3n de la empresa de log\u00edstica global Rhenus. All\u00ed, inicialmente fue responsable de los negocios de log\u00edstica contractual en la regi\u00f3n oeste, y m\u00e1s tarde en la regi\u00f3n este. Anteriormente, trabaj\u00f3 varios a\u00f1os para el proveedor de log\u00edstica Fiege y el grupo Tengelmann.<\/p>\n<h5><strong>Amplia gama de servicios<\/strong><\/h5>\n<p>\u00abComo empresa de log\u00edstica regional con tres \u00e1reas de negocio: log\u00edstica de almacenes, transporte y reciclaje \/ producci\u00f3n, Weck+Poller ofrece una amplia gama de servicios. Me parece muy emocionante refinar, desarrollar y expandir este potencial en Sajonia y los estados federados adyacentes. Estoy ansioso por la flexibilidad y rapidez de una empresa mediana, donde puedo, junto con nuestros empleados, convertir los desaf\u00edos de nuestros clientes en soluciones de manera inmediata\u00bb, dice Heiko Nowak, quien es director general de Weck+Poller desde principios de a\u00f1o.<\/p>\n<h5><strong>Diversos desaf\u00edos en el entorno<\/strong><\/h5>\n<p>Como los mayores desaf\u00edos actuales de la industria, ve los efectos de la pandemia de COVID-19, la escasez de conductores y la digitalizaci\u00f3n. \u00abEncontrar las respuestas correctas a esto ser\u00e1 especialmente importante para nosotros este a\u00f1o. Es alentador que el tema de la formaci\u00f3n siempre ha tenido un alto valor en Weck+Poller\u00bb, dice Heiko Nowak. \u00abEstamos convencidos de que Weck+Poller ha ganado un excelente director general en Heiko Nowak, quien fortalecer\u00e1 la empresa de manera sostenible y la llevar\u00e1 con \u00e9xito hacia el futuro. Heiko Nowak combina una larga experiencia como director general de empresas que operan a nivel internacional con una experiencia regional en la industria en el centro de Alemania. Adem\u00e1s, cuenta con un conocimiento destacado en el \u00e1rea de log\u00edstica contractual. Estoy muy emocionada por nuestra colaboraci\u00f3n\u00bb, expresa Doreen Paesold-Runge, directora general de Weck+Poller.<\/p>\n<h5><strong>Sobre Weck+Poller<\/strong><\/h5>\n<p>Fundada en 2007, la empresa de log\u00edstica mediana Weck+Poller, con sede principal en Zwickau, re\u00fane a m\u00e1s de 1,000 empleados en seis ubicaciones en Alemania. La oferta incluye soluciones log\u00edsticas integradas que combinan servicios de transporte, log\u00edstica y consultor\u00eda de procesos. La empresa de transporte y log\u00edstica sajona emplea a m\u00e1s de 1,000 personas, cuenta con una flota propia de aproximadamente 400 veh\u00edculos y actualmente gestiona 155,000 metros cuadrados de espacio de almacenamiento.<\/p>\n<p>Foto: \u00a9 Weck+Poller<br \/><a href=\"https:\/\/www.wphgroup.de\" target=\"_blank\" rel=\"noopener noreferrer\">www.wphgroup.de<\/a><\/p>\n","protected":false},"excerpt":{"rendered":"<p>Desde el 1 de enero de 2021, Heiko Nowak es miembro de la direcci\u00f3n de la empresa de log\u00edstica Weck+Poller, ubicada en Sajonia. El gerente de<span class=\"excerpt-hellip\"> [\u2026]<\/span><\/p>\n","protected":false},"author":0,"featured_media":0,"comment_status":"open","ping_status":"open","sticky":false,"template":"","format":"standard","meta":{"_acf_changed":false,"footnotes":""},"categories":[1557,1556,1560,1561],"tags":[],"class_list":["post-23575","post","type-post","status-publish","format-standard","hentry","category-forwarding-logistics","category-intermodal-road","category-intralogistics","category-regions"],"acf":[],"yoast_head":"<!-- This site is optimized with the Yoast SEO plugin v27.3 - https:\/\/yoast.com\/product\/yoast-seo-wordpress\/ -->\n<title>Heiko Nowak se convierte en el nuevo director general de Weck+Poller - Loginfo24<\/title>\n<meta name=\"robots\" content=\"index, follow, max-snippet:-1, max-image-preview:large, max-video-preview:-1\" \/>\n<link rel=\"canonical\" href=\"https:\/\/loginfo24.com\/es\/2021\/02\/24\/heiko-nowak-se-convierte-en-el-nuevo-director-general-de-weckpoller\/\" \/>\n<meta property=\"og:locale\" content=\"es_ES\" \/>\n<meta property=\"og:type\" content=\"article\" \/>\n<meta property=\"og:title\" content=\"Heiko Nowak se convierte en el nuevo director general de Weck+Poller - Loginfo24\" \/>\n<meta property=\"og:description\" content=\"Desde el 1 de enero de 2021, Heiko Nowak es miembro de la direcci\u00f3n de la empresa de log\u00edstica Weck+Poller, ubicada en Sajonia. El gerente de [\u2026]\" \/>\n<meta property=\"og:url\" content=\"https:\/\/loginfo24.com\/es\/2021\/02\/24\/heiko-nowak-se-convierte-en-el-nuevo-director-general-de-weckpoller\/\" \/>\n<meta property=\"og:site_name\" content=\"Loginfo24\" \/>\n<meta property=\"article:publisher\" content=\"https:\/\/www.facebook.com\/people\/Loginfo24\/100057360583332\/\" \/>\n<meta property=\"article:published_time\" content=\"2021-02-24T18:12:39+00:00\" \/>\n<meta property=\"article:modified_time\" content=\"2025-12-15T11:53:40+00:00\" \/>\n<meta name=\"twitter:card\" content=\"summary_large_image\" \/>\n<meta name=\"twitter:label1\" content=\"Tiempo de lectura\" \/>\n\t<meta name=\"twitter:data1\" content=\"2 minuto\" \/>\n<script type=\"application\/ld+json\" class=\"yoast-schema-graph\">{\"@context\":\"https:\\\/\\\/schema.org\",\"@graph\":[{\"@type\":\"Article\",\"@id\":\"https:\\\/\\\/loginfo24.com\\\/es\\\/2021\\\/02\\\/24\\\/heiko-nowak-se-convierte-en-el-nuevo-director-general-de-weckpoller\\\/#article\",\"isPartOf\":{\"@id\":\"https:\\\/\\\/loginfo24.com\\\/es\\\/2021\\\/02\\\/24\\\/heiko-nowak-se-convierte-en-el-nuevo-director-general-de-weckpoller\\\/\"},\"author\":{\"name\":\"\",\"@id\":\"\"},\"headline\":\"Heiko Nowak se convierte en el nuevo director general de Weck+Poller\",\"datePublished\":\"2021-02-24T18:12:39+00:00\",\"dateModified\":\"2025-12-15T11:53:40+00:00\",\"mainEntityOfPage\":{\"@id\":\"https:\\\/\\\/loginfo24.com\\\/es\\\/2021\\\/02\\\/24\\\/heiko-nowak-se-convierte-en-el-nuevo-director-general-de-weckpoller\\\/\"},\"wordCount\":476,\"commentCount\":0,\"publisher\":{\"@id\":\"https:\\\/\\\/loginfo24.com\\\/es\\\/#organization\"},\"articleSection\":[\"Forwarding &amp; Logistics\",\"Intermodal \\\/ Road\",\"Intralogistics\",\"Regions\"],\"inLanguage\":\"es\",\"potentialAction\":[{\"@type\":\"CommentAction\",\"name\":\"Comment\",\"target\":[\"https:\\\/\\\/loginfo24.com\\\/es\\\/2021\\\/02\\\/24\\\/heiko-nowak-se-convierte-en-el-nuevo-director-general-de-weckpoller\\\/#respond\"]}]},{\"@type\":\"WebPage\",\"@id\":\"https:\\\/\\\/loginfo24.com\\\/es\\\/2021\\\/02\\\/24\\\/heiko-nowak-se-convierte-en-el-nuevo-director-general-de-weckpoller\\\/\",\"url\":\"https:\\\/\\\/loginfo24.com\\\/es\\\/2021\\\/02\\\/24\\\/heiko-nowak-se-convierte-en-el-nuevo-director-general-de-weckpoller\\\/\",\"name\":\"Heiko Nowak se convierte en el nuevo director general de Weck+Poller - Loginfo24\",\"isPartOf\":{\"@id\":\"https:\\\/\\\/loginfo24.com\\\/es\\\/#website\"},\"datePublished\":\"2021-02-24T18:12:39+00:00\",\"dateModified\":\"2025-12-15T11:53:40+00:00\",\"breadcrumb\":{\"@id\":\"https:\\\/\\\/loginfo24.com\\\/es\\\/2021\\\/02\\\/24\\\/heiko-nowak-se-convierte-en-el-nuevo-director-general-de-weckpoller\\\/#breadcrumb\"},\"inLanguage\":\"es\",\"potentialAction\":[{\"@type\":\"ReadAction\",\"target\":[\"https:\\\/\\\/loginfo24.com\\\/es\\\/2021\\\/02\\\/24\\\/heiko-nowak-se-convierte-en-el-nuevo-director-general-de-weckpoller\\\/\"]}]},{\"@type\":\"BreadcrumbList\",\"@id\":\"https:\\\/\\\/loginfo24.com\\\/es\\\/2021\\\/02\\\/24\\\/heiko-nowak-se-convierte-en-el-nuevo-director-general-de-weckpoller\\\/#breadcrumb\",\"itemListElement\":[{\"@type\":\"ListItem\",\"position\":1,\"name\":\"Startseite\",\"item\":\"https:\\\/\\\/loginfo24.com\\\/es\\\/\"},{\"@type\":\"ListItem\",\"position\":2,\"name\":\"Heiko Nowak se convierte en el nuevo director general de Weck+Poller\"}]},{\"@type\":\"WebSite\",\"@id\":\"https:\\\/\\\/loginfo24.com\\\/es\\\/#website\",\"url\":\"https:\\\/\\\/loginfo24.com\\\/es\\\/\",\"name\":\"Loginfo24\",\"description\":\"Loginfo24 es la plataforma dedicada a la log\u00edstica y las cadenas de suministro con informaci\u00f3n las 24 horas del d\u00eda.\",\"publisher\":{\"@id\":\"https:\\\/\\\/loginfo24.com\\\/es\\\/#organization\"},\"potentialAction\":[{\"@type\":\"SearchAction\",\"target\":{\"@type\":\"EntryPoint\",\"urlTemplate\":\"https:\\\/\\\/loginfo24.com\\\/es\\\/?s={search_term_string}\"},\"query-input\":{\"@type\":\"PropertyValueSpecification\",\"valueRequired\":true,\"valueName\":\"search_term_string\"}}],\"inLanguage\":\"es\"},{\"@type\":\"Organization\",\"@id\":\"https:\\\/\\\/loginfo24.com\\\/es\\\/#organization\",\"name\":\"Grupo Logismedia AG\",\"url\":\"https:\\\/\\\/loginfo24.com\\\/es\\\/\",\"logo\":{\"@type\":\"ImageObject\",\"inLanguage\":\"es\",\"@id\":\"https:\\\/\\\/loginfo24.com\\\/es\\\/#\\\/schema\\\/logo\\\/image\\\/\",\"url\":\"https:\\\/\\\/loginfo24.com\\\/wp-content\\\/uploads\\\/sites\\\/7\\\/2026\\\/01\\\/Logo_LogInfo24.png\",\"contentUrl\":\"https:\\\/\\\/loginfo24.com\\\/wp-content\\\/uploads\\\/sites\\\/7\\\/2026\\\/01\\\/Logo_LogInfo24.png\",\"width\":938,\"height\":351,\"caption\":\"Grupo Logismedia AG\"},\"image\":{\"@id\":\"https:\\\/\\\/loginfo24.com\\\/es\\\/#\\\/schema\\\/logo\\\/image\\\/\"},\"sameAs\":[\"https:\\\/\\\/www.facebook.com\\\/people\\\/Loginfo24\\\/100057360583332\\\/\",\"https:\\\/\\\/www.linkedin.com\\\/company\\\/lofinfo24\\\/\"]}]}<\/script>\n<!-- \/ Yoast SEO plugin. -->","yoast_head_json":{"title":"Heiko Nowak se convierte en el nuevo director general de Weck+Poller - Loginfo24","robots":{"index":"index","follow":"follow","max-snippet":"max-snippet:-1","max-image-preview":"max-image-preview:large","max-video-preview":"max-video-preview:-1"},"canonical":"https:\/\/loginfo24.com\/es\/2021\/02\/24\/heiko-nowak-se-convierte-en-el-nuevo-director-general-de-weckpoller\/","og_locale":"es_ES","og_type":"article","og_title":"Heiko Nowak se convierte en el nuevo director general de Weck+Poller - Loginfo24","og_description":"Desde el 1 de enero de 2021, Heiko Nowak es miembro de la direcci\u00f3n de la empresa de log\u00edstica Weck+Poller, ubicada en Sajonia. El gerente de [\u2026]","og_url":"https:\/\/loginfo24.com\/es\/2021\/02\/24\/heiko-nowak-se-convierte-en-el-nuevo-director-general-de-weckpoller\/","og_site_name":"Loginfo24","article_publisher":"https:\/\/www.facebook.com\/people\/Loginfo24\/100057360583332\/","article_published_time":"2021-02-24T18:12:39+00:00","article_modified_time":"2025-12-15T11:53:40+00:00","twitter_card":"summary_large_image","twitter_misc":{"Tiempo de lectura":"2 minuto"},"schema":{"@context":"https:\/\/schema.org","@graph":[{"@type":"Article","@id":"https:\/\/loginfo24.com\/es\/2021\/02\/24\/heiko-nowak-se-convierte-en-el-nuevo-director-general-de-weckpoller\/#article","isPartOf":{"@id":"https:\/\/loginfo24.com\/es\/2021\/02\/24\/heiko-nowak-se-convierte-en-el-nuevo-director-general-de-weckpoller\/"},"author":{"name":"","@id":""},"headline":"Heiko Nowak se convierte en el nuevo director general de Weck+Poller","datePublished":"2021-02-24T18:12:39+00:00","dateModified":"2025-12-15T11:53:40+00:00","mainEntityOfPage":{"@id":"https:\/\/loginfo24.com\/es\/2021\/02\/24\/heiko-nowak-se-convierte-en-el-nuevo-director-general-de-weckpoller\/"},"wordCount":476,"commentCount":0,"publisher":{"@id":"https:\/\/loginfo24.com\/es\/#organization"},"articleSection":["Forwarding &amp; Logistics","Intermodal \/ Road","Intralogistics","Regions"],"inLanguage":"es","potentialAction":[{"@type":"CommentAction","name":"Comment","target":["https:\/\/loginfo24.com\/es\/2021\/02\/24\/heiko-nowak-se-convierte-en-el-nuevo-director-general-de-weckpoller\/#respond"]}]},{"@type":"WebPage","@id":"https:\/\/loginfo24.com\/es\/2021\/02\/24\/heiko-nowak-se-convierte-en-el-nuevo-director-general-de-weckpoller\/","url":"https:\/\/loginfo24.com\/es\/2021\/02\/24\/heiko-nowak-se-convierte-en-el-nuevo-director-general-de-weckpoller\/","name":"Heiko Nowak se convierte en el nuevo director general de Weck+Poller - Loginfo24","isPartOf":{"@id":"https:\/\/loginfo24.com\/es\/#website"},"datePublished":"2021-02-24T18:12:39+00:00","dateModified":"2025-12-15T11:53:40+00:00","breadcrumb":{"@id":"https:\/\/loginfo24.com\/es\/2021\/02\/24\/heiko-nowak-se-convierte-en-el-nuevo-director-general-de-weckpoller\/#breadcrumb"},"inLanguage":"es","potentialAction":[{"@type":"ReadAction","target":["https:\/\/loginfo24.com\/es\/2021\/02\/24\/heiko-nowak-se-convierte-en-el-nuevo-director-general-de-weckpoller\/"]}]},{"@type":"BreadcrumbList","@id":"https:\/\/loginfo24.com\/es\/2021\/02\/24\/heiko-nowak-se-convierte-en-el-nuevo-director-general-de-weckpoller\/#breadcrumb","itemListElement":[{"@type":"ListItem","position":1,"name":"Startseite","item":"https:\/\/loginfo24.com\/es\/"},{"@type":"ListItem","position":2,"name":"Heiko Nowak se convierte en el nuevo director general de Weck+Poller"}]},{"@type":"WebSite","@id":"https:\/\/loginfo24.com\/es\/#website","url":"https:\/\/loginfo24.com\/es\/","name":"Loginfo24","description":"Loginfo24 es la plataforma dedicada a la log\u00edstica y las cadenas de suministro con informaci\u00f3n las 24 horas del d\u00eda.","publisher":{"@id":"https:\/\/loginfo24.com\/es\/#organization"},"potentialAction":[{"@type":"SearchAction","target":{"@type":"EntryPoint","urlTemplate":"https:\/\/loginfo24.com\/es\/?s={search_term_string}"},"query-input":{"@type":"PropertyValueSpecification","valueRequired":true,"valueName":"search_term_string"}}],"inLanguage":"es"},{"@type":"Organization","@id":"https:\/\/loginfo24.com\/es\/#organization","name":"Grupo Logismedia AG","url":"https:\/\/loginfo24.com\/es\/","logo":{"@type":"ImageObject","inLanguage":"es","@id":"https:\/\/loginfo24.com\/es\/#\/schema\/logo\/image\/","url":"https:\/\/loginfo24.com\/wp-content\/uploads\/sites\/7\/2026\/01\/Logo_LogInfo24.png","contentUrl":"https:\/\/loginfo24.com\/wp-content\/uploads\/sites\/7\/2026\/01\/Logo_LogInfo24.png","width":938,"height":351,"caption":"Grupo Logismedia AG"},"image":{"@id":"https:\/\/loginfo24.com\/es\/#\/schema\/logo\/image\/"},"sameAs":["https:\/\/www.facebook.com\/people\/Loginfo24\/100057360583332\/","https:\/\/www.linkedin.com\/company\/lofinfo24\/"]}]}},"_links":{"self":[{"href":"https:\/\/loginfo24.com\/es\/wp-json\/wp\/v2\/posts\/23575","targetHints":{"allow":["GET"]}}],"collection":[{"href":"https:\/\/loginfo24.com\/es\/wp-json\/wp\/v2\/posts"}],"about":[{"href":"https:\/\/loginfo24.com\/es\/wp-json\/wp\/v2\/types\/post"}],"replies":[{"embeddable":true,"href":"https:\/\/loginfo24.com\/es\/wp-json\/wp\/v2\/comments?post=23575"}],"version-history":[{"count":1,"href":"https:\/\/loginfo24.com\/es\/wp-json\/wp\/v2\/posts\/23575\/revisions"}],"predecessor-version":[{"id":42876,"href":"https:\/\/loginfo24.com\/es\/wp-json\/wp\/v2\/posts\/23575\/revisions\/42876"}],"wp:attachment":[{"href":"https:\/\/loginfo24.com\/es\/wp-json\/wp\/v2\/media?parent=23575"}],"wp:term":[{"taxonomy":"category","embeddable":true,"href":"https:\/\/loginfo24.com\/es\/wp-json\/wp\/v2\/categories?post=23575"},{"taxonomy":"post_tag","embeddable":true,"href":"https:\/\/loginfo24.com\/es\/wp-json\/wp\/v2\/tags?post=23575"}],"curies":[{"name":"wp","href":"https:\/\/api.w.org\/{rel}","templated":true}]}}