{"id":23502,"date":"2021-02-22T16:49:45","date_gmt":"2021-02-22T15:49:45","guid":{"rendered":"https:\/\/blog.brand-architecture.at\/2021\/02\/22\/kombiverkehr-kg-aumenta-volumen-en-el-cuarto-trimestre-de-2020\/"},"modified":"2025-12-15T12:53:16","modified_gmt":"2025-12-15T11:53:16","slug":"kombiverkehr-kg-aumenta-volumen-en-el-cuarto-trimestre-de-2020","status":"publish","type":"post","link":"https:\/\/loginfo24.com\/es\/2021\/02\/22\/kombiverkehr-kg-aumenta-volumen-en-el-cuarto-trimestre-de-2020\/","title":{"rendered":"Kombiverkehr KG aumenta volumen en el cuarto trimestre de 2020"},"content":{"rendered":"<p>Kombiverkehr KG ha aumentado el volumen en el cuarto trimestre del a\u00f1o pasado. En total, se transportaron 858.079 env\u00edos de camiones el a\u00f1o pasado. Esto result\u00f3 en un ahorro de m\u00e1s de un mill\u00f3n de toneladas de di\u00f3xido de carbono en comparaci\u00f3n con la carretera. Kombiverkehr quiere seguir impulsando la transformaci\u00f3n del transporte con &#8216;DeMinimis para el ferrocarril&#8217;.<\/p>\n<p><em>(Fr\u00e1ncfort\/Main) <\/em>Kombiverkehr KG cerr\u00f3 el a\u00f1o fiscal 2020 con un total de 858.079 env\u00edos de camiones (un env\u00edo corresponde a la capacidad de un cami\u00f3n articulado) o 1,72 millones de TEU, que fueron trasladados de la carretera y el transporte mar\u00edtimo a la v\u00eda f\u00e9rrea ecol\u00f3gica. En comparaci\u00f3n con el a\u00f1o anterior, se transportaron un 3,0 por ciento menos de contenedores, contenedores intercambiables y semirremolques. Despu\u00e9s de que la econom\u00eda alemana ya se encontraba al borde de la recesi\u00f3n en 2019, las repercusiones globales de la pandemia de Corona intensificaron esta tendencia el a\u00f1o pasado. En los meses de abril y mayo, el operador perdi\u00f3 alrededor del 15 por ciento del volumen total debido a la ca\u00edda econ\u00f3mica. En los meses siguientes, el volumen de env\u00edos se estabiliz\u00f3, de modo que en el \u00faltimo trimestre de 2020 tambi\u00e9n se logr\u00f3 un crecimiento.<\/p>\n<h5><strong>Satisfechos a pesar de mayores exigencias<\/strong><\/h5>\n<p>\u00abCon los resultados del \u00faltimo trimestre de 2020, podemos estar satisfechos como Kombiverkehr en estos tiempos econ\u00f3micos muy vol\u00e1tiles y dif\u00edciles de calcular, aunque nuestras expectativas son mucho m\u00e1s altas. Actualmente, sentimos en el mercado una demanda creciente de soluciones de transporte con valor ecol\u00f3gico y, por lo tanto, un impulso para nuestro servicio\u00bb, resume Robert Breuhahn, director general de la empresa. \u00abEl transporte multimodal es y seguir\u00e1 siendo el m\u00e1s adecuado para ahorrar grandes cantidades de CO<sub>2<\/sub> debido a la menor energ\u00eda consumida por tonelada-kil\u00f3metro. As\u00ed cumplimos con los requisitos clim\u00e1ticos de la industria y el comercio, de nuestros clientes de transporte y, en \u00faltima instancia, con las directrices del Green Deal de la Uni\u00f3n Europea.\u00bb 1.005.000 toneladas de di\u00f3xido de carbono da\u00f1ino han sido ahorradas por los clientes a trav\u00e9s de su compromiso intermodal junto con Kombiverkehr en 2020.<\/p>\n<h5><strong>Comenzando el a\u00f1o del ferrocarril con nuevas ofertas de trenes<\/strong><\/h5>\n<p>Kombiverkehr ha comenzado con \u00e9xito el a\u00f1o europeo del ferrocarril con una variedad de renovaciones en la red. El 1 de febrero se realiz\u00f3 la primera salida del nuevo tren directo L\u00fcbeck \u2013 Verona v.v., que conecta Italia con Escandinavia y los pa\u00edses b\u00e1lticos en tiempos de transporte que var\u00edan entre 48 (Suecia) y 72 horas (Finlandia), dependiendo del pa\u00eds. El nuevo producto se ofrece en un procedimiento de One Stop Shop con solo una reserva en colaboraci\u00f3n con compa\u00f1\u00edas de ferry. Adem\u00e1s, desde el comienzo del a\u00f1o, junto con Mercitalia Intermodal y Lugo Terminal S.p.A., se ha ofrecido una nueva conexi\u00f3n entre Verona y Bari Giovinazzo en el tr\u00e1fico interno italiano. \u00abRecientemente hemos trasladado la ruta del Atl\u00e1ntico en el tr\u00e1fico hacia Espa\u00f1a al terminal DUSS en Duisburg-Ruhrort Hafen. Esto ha aumentado a\u00fan m\u00e1s el n\u00famero de transportes de redistribuci\u00f3n eficientes en Alemania, as\u00ed como de y hacia Benelux, Escandinavia y Polonia. A trav\u00e9s de nuestro concepto de gateway \u00fanico, creamos con cada nueva oferta de tren una variedad de nuevas rutas que hacen que las cadenas de transporte nacionales e internacionales en la v\u00eda f\u00e9rrea ecol\u00f3gica sean a\u00fan m\u00e1s atractivas\u00bb, dice el director general Alexander Ochs.<\/p>\n<h5><strong>Incentivos para nuevos entrantes y usuarios de larga data<\/strong><\/h5>\n<p>Para que la tendencia positiva de env\u00edos del \u00faltimo trimestre de 2020 contin\u00fae y la divisi\u00f3n modal se desarrolle a largo plazo a favor del ferrocarril, Kombiverkehr tambi\u00e9n ve a la pol\u00edtica en la obligaci\u00f3n de recompensar a todos los usuarios del transporte intermodal ecol\u00f3gico por su compromiso diario. La empresa exige incentivos tanto para nuevos entrantes como para los usuarios de larga data del sistema, como ya existen en otros pa\u00edses. Un aumento de los fondos financieros y un programa \u00abDeMinimis para el ferrocarril\u00bb deber\u00edan crear alivios que faciliten significativamente a los posibles usuarios de KV el cambio de la carretera al ferrocarril y reduzcan el riesgo econ\u00f3mico de la conversi\u00f3n log\u00edstica. \u00abEn el a\u00f1o de las elecciones federales, el sector del transporte sigue enfrentando el desaf\u00edo de llevar a cabo la transformaci\u00f3n del transporte de manera r\u00e1pida y sin burocracia y aumentar la proporci\u00f3n de modos de transporte limpios. El transporte intermodal es la medida de todas las cosas para distribuir bienes y mercanc\u00edas de manera ecol\u00f3gica a trav\u00e9s de fronteras y regionalmente de manera flexible con tren y cami\u00f3n. Ahora es el momento de comprometerse con el ferrocarril y acelerar la transformaci\u00f3n del transporte\u00bb, considera el director general Armin Riedl que este es el momento adecuado para el ferrocarril este a\u00f1o.<br \/>Foto: \u00a9 Kombiverkehr<br \/><a href=\"https:\/\/www.kombiverkehr.de\" target=\"_blank\" rel=\"noopener noreferrer\">www.kombiverkehr.de<\/a><\/p>\n","protected":false},"excerpt":{"rendered":"<p>Kombiverkehr KG ha aumentado el volumen en el cuarto trimestre del a\u00f1o pasado. En total, se transportaron 858.079 env\u00edos de camiones el a\u00f1o pasado. Esto result\u00f3<span class=\"excerpt-hellip\"> [\u2026]<\/span><\/p>\n","protected":false},"author":0,"featured_media":0,"comment_status":"open","ping_status":"open","sticky":false,"template":"","format":"standard","meta":{"_acf_changed":false,"footnotes":""},"categories":[1557,1561],"tags":[],"class_list":["post-23502","post","type-post","status-publish","format-standard","hentry","category-forwarding-logistics","category-regions"],"acf":[],"yoast_head":"<!-- This site is optimized with the Yoast SEO plugin v27.3 - https:\/\/yoast.com\/product\/yoast-seo-wordpress\/ -->\n<title>Kombiverkehr KG aumenta volumen en el cuarto trimestre de 2020 - Loginfo24<\/title>\n<meta name=\"robots\" content=\"index, follow, max-snippet:-1, max-image-preview:large, max-video-preview:-1\" \/>\n<link rel=\"canonical\" href=\"https:\/\/loginfo24.com\/es\/2021\/02\/22\/kombiverkehr-kg-aumenta-volumen-en-el-cuarto-trimestre-de-2020\/\" \/>\n<meta property=\"og:locale\" content=\"es_ES\" \/>\n<meta property=\"og:type\" content=\"article\" \/>\n<meta property=\"og:title\" content=\"Kombiverkehr KG aumenta volumen en el cuarto trimestre de 2020 - Loginfo24\" \/>\n<meta property=\"og:description\" content=\"Kombiverkehr KG ha aumentado el volumen en el cuarto trimestre del a\u00f1o pasado. En total, se transportaron 858.079 env\u00edos de camiones el a\u00f1o pasado. Esto result\u00f3 [\u2026]\" \/>\n<meta property=\"og:url\" content=\"https:\/\/loginfo24.com\/es\/2021\/02\/22\/kombiverkehr-kg-aumenta-volumen-en-el-cuarto-trimestre-de-2020\/\" \/>\n<meta property=\"og:site_name\" content=\"Loginfo24\" \/>\n<meta property=\"article:publisher\" content=\"https:\/\/www.facebook.com\/people\/Loginfo24\/100057360583332\/\" \/>\n<meta property=\"article:published_time\" content=\"2021-02-22T15:49:45+00:00\" \/>\n<meta property=\"article:modified_time\" content=\"2025-12-15T11:53:16+00:00\" \/>\n<meta name=\"twitter:card\" content=\"summary_large_image\" \/>\n<meta name=\"twitter:label1\" content=\"Tiempo de lectura\" \/>\n\t<meta name=\"twitter:data1\" content=\"4 minuto\" \/>\n<script type=\"application\/ld+json\" class=\"yoast-schema-graph\">{\"@context\":\"https:\\\/\\\/schema.org\",\"@graph\":[{\"@type\":\"Article\",\"@id\":\"https:\\\/\\\/loginfo24.com\\\/es\\\/2021\\\/02\\\/22\\\/kombiverkehr-kg-aumenta-volumen-en-el-cuarto-trimestre-de-2020\\\/#article\",\"isPartOf\":{\"@id\":\"https:\\\/\\\/loginfo24.com\\\/es\\\/2021\\\/02\\\/22\\\/kombiverkehr-kg-aumenta-volumen-en-el-cuarto-trimestre-de-2020\\\/\"},\"author\":{\"name\":\"\",\"@id\":\"\"},\"headline\":\"Kombiverkehr KG aumenta volumen en el cuarto trimestre de 2020\",\"datePublished\":\"2021-02-22T15:49:45+00:00\",\"dateModified\":\"2025-12-15T11:53:16+00:00\",\"mainEntityOfPage\":{\"@id\":\"https:\\\/\\\/loginfo24.com\\\/es\\\/2021\\\/02\\\/22\\\/kombiverkehr-kg-aumenta-volumen-en-el-cuarto-trimestre-de-2020\\\/\"},\"wordCount\":869,\"commentCount\":0,\"publisher\":{\"@id\":\"https:\\\/\\\/loginfo24.com\\\/es\\\/#organization\"},\"articleSection\":[\"Forwarding &amp; Logistics\",\"Regions\"],\"inLanguage\":\"es\",\"potentialAction\":[{\"@type\":\"CommentAction\",\"name\":\"Comment\",\"target\":[\"https:\\\/\\\/loginfo24.com\\\/es\\\/2021\\\/02\\\/22\\\/kombiverkehr-kg-aumenta-volumen-en-el-cuarto-trimestre-de-2020\\\/#respond\"]}]},{\"@type\":\"WebPage\",\"@id\":\"https:\\\/\\\/loginfo24.com\\\/es\\\/2021\\\/02\\\/22\\\/kombiverkehr-kg-aumenta-volumen-en-el-cuarto-trimestre-de-2020\\\/\",\"url\":\"https:\\\/\\\/loginfo24.com\\\/es\\\/2021\\\/02\\\/22\\\/kombiverkehr-kg-aumenta-volumen-en-el-cuarto-trimestre-de-2020\\\/\",\"name\":\"Kombiverkehr KG aumenta volumen en el cuarto trimestre de 2020 - Loginfo24\",\"isPartOf\":{\"@id\":\"https:\\\/\\\/loginfo24.com\\\/es\\\/#website\"},\"datePublished\":\"2021-02-22T15:49:45+00:00\",\"dateModified\":\"2025-12-15T11:53:16+00:00\",\"breadcrumb\":{\"@id\":\"https:\\\/\\\/loginfo24.com\\\/es\\\/2021\\\/02\\\/22\\\/kombiverkehr-kg-aumenta-volumen-en-el-cuarto-trimestre-de-2020\\\/#breadcrumb\"},\"inLanguage\":\"es\",\"potentialAction\":[{\"@type\":\"ReadAction\",\"target\":[\"https:\\\/\\\/loginfo24.com\\\/es\\\/2021\\\/02\\\/22\\\/kombiverkehr-kg-aumenta-volumen-en-el-cuarto-trimestre-de-2020\\\/\"]}]},{\"@type\":\"BreadcrumbList\",\"@id\":\"https:\\\/\\\/loginfo24.com\\\/es\\\/2021\\\/02\\\/22\\\/kombiverkehr-kg-aumenta-volumen-en-el-cuarto-trimestre-de-2020\\\/#breadcrumb\",\"itemListElement\":[{\"@type\":\"ListItem\",\"position\":1,\"name\":\"Startseite\",\"item\":\"https:\\\/\\\/loginfo24.com\\\/es\\\/\"},{\"@type\":\"ListItem\",\"position\":2,\"name\":\"Kombiverkehr KG aumenta volumen en el cuarto trimestre de 2020\"}]},{\"@type\":\"WebSite\",\"@id\":\"https:\\\/\\\/loginfo24.com\\\/es\\\/#website\",\"url\":\"https:\\\/\\\/loginfo24.com\\\/es\\\/\",\"name\":\"Loginfo24\",\"description\":\"Loginfo24 es la plataforma dedicada a la log\u00edstica y las cadenas de suministro con informaci\u00f3n las 24 horas del d\u00eda.\",\"publisher\":{\"@id\":\"https:\\\/\\\/loginfo24.com\\\/es\\\/#organization\"},\"potentialAction\":[{\"@type\":\"SearchAction\",\"target\":{\"@type\":\"EntryPoint\",\"urlTemplate\":\"https:\\\/\\\/loginfo24.com\\\/es\\\/?s={search_term_string}\"},\"query-input\":{\"@type\":\"PropertyValueSpecification\",\"valueRequired\":true,\"valueName\":\"search_term_string\"}}],\"inLanguage\":\"es\"},{\"@type\":\"Organization\",\"@id\":\"https:\\\/\\\/loginfo24.com\\\/es\\\/#organization\",\"name\":\"Grupo Logismedia AG\",\"url\":\"https:\\\/\\\/loginfo24.com\\\/es\\\/\",\"logo\":{\"@type\":\"ImageObject\",\"inLanguage\":\"es\",\"@id\":\"https:\\\/\\\/loginfo24.com\\\/es\\\/#\\\/schema\\\/logo\\\/image\\\/\",\"url\":\"https:\\\/\\\/loginfo24.com\\\/wp-content\\\/uploads\\\/sites\\\/7\\\/2026\\\/01\\\/Logo_LogInfo24.png\",\"contentUrl\":\"https:\\\/\\\/loginfo24.com\\\/wp-content\\\/uploads\\\/sites\\\/7\\\/2026\\\/01\\\/Logo_LogInfo24.png\",\"width\":938,\"height\":351,\"caption\":\"Grupo Logismedia AG\"},\"image\":{\"@id\":\"https:\\\/\\\/loginfo24.com\\\/es\\\/#\\\/schema\\\/logo\\\/image\\\/\"},\"sameAs\":[\"https:\\\/\\\/www.facebook.com\\\/people\\\/Loginfo24\\\/100057360583332\\\/\",\"https:\\\/\\\/www.linkedin.com\\\/company\\\/lofinfo24\\\/\"]}]}<\/script>\n<!-- \/ Yoast SEO plugin. -->","yoast_head_json":{"title":"Kombiverkehr KG aumenta volumen en el cuarto trimestre de 2020 - Loginfo24","robots":{"index":"index","follow":"follow","max-snippet":"max-snippet:-1","max-image-preview":"max-image-preview:large","max-video-preview":"max-video-preview:-1"},"canonical":"https:\/\/loginfo24.com\/es\/2021\/02\/22\/kombiverkehr-kg-aumenta-volumen-en-el-cuarto-trimestre-de-2020\/","og_locale":"es_ES","og_type":"article","og_title":"Kombiverkehr KG aumenta volumen en el cuarto trimestre de 2020 - Loginfo24","og_description":"Kombiverkehr KG ha aumentado el volumen en el cuarto trimestre del a\u00f1o pasado. En total, se transportaron 858.079 env\u00edos de camiones el a\u00f1o pasado. Esto result\u00f3 [\u2026]","og_url":"https:\/\/loginfo24.com\/es\/2021\/02\/22\/kombiverkehr-kg-aumenta-volumen-en-el-cuarto-trimestre-de-2020\/","og_site_name":"Loginfo24","article_publisher":"https:\/\/www.facebook.com\/people\/Loginfo24\/100057360583332\/","article_published_time":"2021-02-22T15:49:45+00:00","article_modified_time":"2025-12-15T11:53:16+00:00","twitter_card":"summary_large_image","twitter_misc":{"Tiempo de lectura":"4 minuto"},"schema":{"@context":"https:\/\/schema.org","@graph":[{"@type":"Article","@id":"https:\/\/loginfo24.com\/es\/2021\/02\/22\/kombiverkehr-kg-aumenta-volumen-en-el-cuarto-trimestre-de-2020\/#article","isPartOf":{"@id":"https:\/\/loginfo24.com\/es\/2021\/02\/22\/kombiverkehr-kg-aumenta-volumen-en-el-cuarto-trimestre-de-2020\/"},"author":{"name":"","@id":""},"headline":"Kombiverkehr KG aumenta volumen en el cuarto trimestre de 2020","datePublished":"2021-02-22T15:49:45+00:00","dateModified":"2025-12-15T11:53:16+00:00","mainEntityOfPage":{"@id":"https:\/\/loginfo24.com\/es\/2021\/02\/22\/kombiverkehr-kg-aumenta-volumen-en-el-cuarto-trimestre-de-2020\/"},"wordCount":869,"commentCount":0,"publisher":{"@id":"https:\/\/loginfo24.com\/es\/#organization"},"articleSection":["Forwarding &amp; Logistics","Regions"],"inLanguage":"es","potentialAction":[{"@type":"CommentAction","name":"Comment","target":["https:\/\/loginfo24.com\/es\/2021\/02\/22\/kombiverkehr-kg-aumenta-volumen-en-el-cuarto-trimestre-de-2020\/#respond"]}]},{"@type":"WebPage","@id":"https:\/\/loginfo24.com\/es\/2021\/02\/22\/kombiverkehr-kg-aumenta-volumen-en-el-cuarto-trimestre-de-2020\/","url":"https:\/\/loginfo24.com\/es\/2021\/02\/22\/kombiverkehr-kg-aumenta-volumen-en-el-cuarto-trimestre-de-2020\/","name":"Kombiverkehr KG aumenta volumen en el cuarto trimestre de 2020 - Loginfo24","isPartOf":{"@id":"https:\/\/loginfo24.com\/es\/#website"},"datePublished":"2021-02-22T15:49:45+00:00","dateModified":"2025-12-15T11:53:16+00:00","breadcrumb":{"@id":"https:\/\/loginfo24.com\/es\/2021\/02\/22\/kombiverkehr-kg-aumenta-volumen-en-el-cuarto-trimestre-de-2020\/#breadcrumb"},"inLanguage":"es","potentialAction":[{"@type":"ReadAction","target":["https:\/\/loginfo24.com\/es\/2021\/02\/22\/kombiverkehr-kg-aumenta-volumen-en-el-cuarto-trimestre-de-2020\/"]}]},{"@type":"BreadcrumbList","@id":"https:\/\/loginfo24.com\/es\/2021\/02\/22\/kombiverkehr-kg-aumenta-volumen-en-el-cuarto-trimestre-de-2020\/#breadcrumb","itemListElement":[{"@type":"ListItem","position":1,"name":"Startseite","item":"https:\/\/loginfo24.com\/es\/"},{"@type":"ListItem","position":2,"name":"Kombiverkehr KG aumenta volumen en el cuarto trimestre de 2020"}]},{"@type":"WebSite","@id":"https:\/\/loginfo24.com\/es\/#website","url":"https:\/\/loginfo24.com\/es\/","name":"Loginfo24","description":"Loginfo24 es la plataforma dedicada a la log\u00edstica y las cadenas de suministro con informaci\u00f3n las 24 horas del d\u00eda.","publisher":{"@id":"https:\/\/loginfo24.com\/es\/#organization"},"potentialAction":[{"@type":"SearchAction","target":{"@type":"EntryPoint","urlTemplate":"https:\/\/loginfo24.com\/es\/?s={search_term_string}"},"query-input":{"@type":"PropertyValueSpecification","valueRequired":true,"valueName":"search_term_string"}}],"inLanguage":"es"},{"@type":"Organization","@id":"https:\/\/loginfo24.com\/es\/#organization","name":"Grupo Logismedia AG","url":"https:\/\/loginfo24.com\/es\/","logo":{"@type":"ImageObject","inLanguage":"es","@id":"https:\/\/loginfo24.com\/es\/#\/schema\/logo\/image\/","url":"https:\/\/loginfo24.com\/wp-content\/uploads\/sites\/7\/2026\/01\/Logo_LogInfo24.png","contentUrl":"https:\/\/loginfo24.com\/wp-content\/uploads\/sites\/7\/2026\/01\/Logo_LogInfo24.png","width":938,"height":351,"caption":"Grupo Logismedia AG"},"image":{"@id":"https:\/\/loginfo24.com\/es\/#\/schema\/logo\/image\/"},"sameAs":["https:\/\/www.facebook.com\/people\/Loginfo24\/100057360583332\/","https:\/\/www.linkedin.com\/company\/lofinfo24\/"]}]}},"_links":{"self":[{"href":"https:\/\/loginfo24.com\/es\/wp-json\/wp\/v2\/posts\/23502","targetHints":{"allow":["GET"]}}],"collection":[{"href":"https:\/\/loginfo24.com\/es\/wp-json\/wp\/v2\/posts"}],"about":[{"href":"https:\/\/loginfo24.com\/es\/wp-json\/wp\/v2\/types\/post"}],"replies":[{"embeddable":true,"href":"https:\/\/loginfo24.com\/es\/wp-json\/wp\/v2\/comments?post=23502"}],"version-history":[{"count":1,"href":"https:\/\/loginfo24.com\/es\/wp-json\/wp\/v2\/posts\/23502\/revisions"}],"predecessor-version":[{"id":42730,"href":"https:\/\/loginfo24.com\/es\/wp-json\/wp\/v2\/posts\/23502\/revisions\/42730"}],"wp:attachment":[{"href":"https:\/\/loginfo24.com\/es\/wp-json\/wp\/v2\/media?parent=23502"}],"wp:term":[{"taxonomy":"category","embeddable":true,"href":"https:\/\/loginfo24.com\/es\/wp-json\/wp\/v2\/categories?post=23502"},{"taxonomy":"post_tag","embeddable":true,"href":"https:\/\/loginfo24.com\/es\/wp-json\/wp\/v2\/tags?post=23502"}],"curies":[{"name":"wp","href":"https:\/\/api.w.org\/{rel}","templated":true}]}}