{"id":23334,"date":"2021-02-15T16:37:12","date_gmt":"2021-02-15T15:37:12","guid":{"rendered":"https:\/\/blog.brand-architecture.at\/2021\/02\/15\/la-dra-antje-huber-es-nombrada-ceo-de-la-plataforma-de-carga-digital-saloodo\/"},"modified":"2025-12-15T12:52:32","modified_gmt":"2025-12-15T11:52:32","slug":"la-dra-antje-huber-es-nombrada-ceo-de-la-plataforma-de-carga-digital-saloodo","status":"publish","type":"post","link":"https:\/\/loginfo24.com\/es\/2021\/02\/15\/la-dra-antje-huber-es-nombrada-ceo-de-la-plataforma-de-carga-digital-saloodo\/","title":{"rendered":"\u00a1La Dra. Antje Huber es nombrada CEO de la plataforma de carga digital Saloodo!"},"content":{"rendered":"<p>La plataforma de carga digital Saloodo! GmbH ha nombrado a la Dra. Antje Huber como CEO a principios de febrero. La Dra. Huber es miembro de la Junta Directiva de Saloodo! desde principios de 2019. Su predecesor, Thomas Grunau, se dedicar\u00e1 m\u00e1s a fondo a sus responsabilidades en DHL Global Forwarding. Saloodo! planea expandirse a\u00fan m\u00e1s a nivel mundial.<\/p>\n<p>(Colonia) La Dra. Antje Huber asumi\u00f3 el cargo de CEO de la plataforma de carga digital Saloodo! el 1 de febrero de 2021. As\u00ed, sucede a Thomas Grunau, quien ha liderado Saloodo! con \u00e9xito como CEO desde 2018. En su funci\u00f3n principal como SVP de Estrategia de Negocios Global y Digitalizaci\u00f3n y miembro de la Junta Directiva, Grunau ha sido responsable de la estrategia comercial en DHL Global Forwarding desde 2019. Dado que desea concentrarse a\u00fan m\u00e1s en esta tarea para impulsar la digitalizaci\u00f3n del especialista en carga mar\u00edtima y a\u00e9rea, ha traspasado su rol como CEO de Saloodo! a la Dra. Huber. Bajo la direcci\u00f3n de la doctora en administraci\u00f3n de empresas y experimentada gerente de log\u00edstica, Saloodo! continuar\u00e1 su exitoso curso de crecimiento internacional.<\/p>\n<p>\u00abMe complace que hayamos podido atraer a Antje Huber, una experta reconocida en estrategias de expansi\u00f3n internacional y proyectos de tecnolog\u00eda digital, como directora general de Saloodo! Gracias a su trabajo en la Junta Directiva, ya conoce la empresa y todos los procesos, por lo que podr\u00e1 impulsar el crecimiento global de Saloodo! sin problemas\u00bb, dice Uwe Brinks, CEO de DHL Freight, cuya \u00e1rea de responsabilidad incluye a Saloodo! dentro del Deutsche Post DHL Group.<\/p>\n<h5><strong>Desde 2003 en Deutsche Post DHL Group<\/strong><\/h5>\n<p>La Dra. Antje Huber es miembro de la Junta Directiva de Saloodo! desde principios de 2019 y ha tenido un papel fundamental en el establecimiento exitoso de la plataforma en Europa, as\u00ed como en el despliegue mundial a finales de 2020. Comenz\u00f3 su carrera en Deutsche Post DHL Group en 2003 y ocup\u00f3 diversas posiciones en las \u00e1reas de desarrollo corporativo, DHL Paket, as\u00ed como innovaci\u00f3n y operaciones de Post &amp; Paket Alemania. En 2017 asumi\u00f3 su rol como SVP de Estrategia, Marketing y Jefa de Personal en DHL Freight. Mantendr\u00e1 esta posici\u00f3n adem\u00e1s de sus responsabilidades como CEO de Saloodo!.<\/p>\n<p>\u00abAgradezco la confianza depositada en m\u00ed y espero continuar la buena colaboraci\u00f3n con Deutsche Post DHL Group, especialmente con DHL Freight, la Junta Directiva y, sobre todo, con el gran equipo de Saloodo!. En los \u00faltimos tres a\u00f1os, ya he visto con cu\u00e1nta dedicaci\u00f3n y entusiasmo trabajan mis colegas. Juntos, seguiremos impulsando el desarrollo positivo y mejoraremos a\u00fan m\u00e1s a Saloodo! en general\u00bb, dice la Dra. Huber.<\/p>\n<p>Foto: \u00a9 Saloodo! \/ <em><strong>Descripci\u00f3n de la imagen:<\/strong> Dra. Antje Huber, CEO de Saloodo!<\/em><\/p>\n<p><a href=\"https:\/\/www.saloodo.com\" target=\"_blank\" rel=\"noopener noreferrer\">www.saloodo.com<\/a><\/p>\n","protected":false},"excerpt":{"rendered":"<p>La plataforma de carga digital Saloodo! GmbH ha nombrado a la Dra. Antje Huber como CEO a principios de febrero. La Dra. Huber es miembro de<span class=\"excerpt-hellip\"> [\u2026]<\/span><\/p>\n","protected":false},"author":0,"featured_media":0,"comment_status":"open","ping_status":"open","sticky":false,"template":"","format":"standard","meta":{"_acf_changed":false,"footnotes":""},"categories":[1665,1561],"tags":[],"class_list":["post-23334","post","type-post","status-publish","format-standard","hentry","category-categories","category-regions"],"acf":[],"yoast_head":"<!-- This site is optimized with the Yoast SEO plugin v27.3 - https:\/\/yoast.com\/product\/yoast-seo-wordpress\/ -->\n<title>\u00a1La Dra. Antje Huber es nombrada CEO de la plataforma de carga digital Saloodo! - Loginfo24<\/title>\n<meta name=\"robots\" content=\"index, follow, max-snippet:-1, max-image-preview:large, max-video-preview:-1\" \/>\n<link rel=\"canonical\" href=\"https:\/\/loginfo24.com\/es\/2021\/02\/15\/la-dra-antje-huber-es-nombrada-ceo-de-la-plataforma-de-carga-digital-saloodo\/\" \/>\n<meta property=\"og:locale\" content=\"es_ES\" \/>\n<meta property=\"og:type\" content=\"article\" \/>\n<meta property=\"og:title\" content=\"\u00a1La Dra. Antje Huber es nombrada CEO de la plataforma de carga digital Saloodo! - Loginfo24\" \/>\n<meta property=\"og:description\" content=\"La plataforma de carga digital Saloodo! GmbH ha nombrado a la Dra. Antje Huber como CEO a principios de febrero. La Dra. Huber es miembro de [\u2026]\" \/>\n<meta property=\"og:url\" content=\"https:\/\/loginfo24.com\/es\/2021\/02\/15\/la-dra-antje-huber-es-nombrada-ceo-de-la-plataforma-de-carga-digital-saloodo\/\" \/>\n<meta property=\"og:site_name\" content=\"Loginfo24\" \/>\n<meta property=\"article:publisher\" content=\"https:\/\/www.facebook.com\/people\/Loginfo24\/100057360583332\/\" \/>\n<meta property=\"article:published_time\" content=\"2021-02-15T15:37:12+00:00\" \/>\n<meta property=\"article:modified_time\" content=\"2025-12-15T11:52:32+00:00\" \/>\n<meta name=\"twitter:card\" content=\"summary_large_image\" \/>\n<meta name=\"twitter:label1\" content=\"Tiempo de lectura\" \/>\n\t<meta name=\"twitter:data1\" content=\"2 minuto\" \/>\n<script type=\"application\/ld+json\" class=\"yoast-schema-graph\">{\"@context\":\"https:\\\/\\\/schema.org\",\"@graph\":[{\"@type\":\"Article\",\"@id\":\"https:\\\/\\\/loginfo24.com\\\/es\\\/2021\\\/02\\\/15\\\/la-dra-antje-huber-es-nombrada-ceo-de-la-plataforma-de-carga-digital-saloodo\\\/#article\",\"isPartOf\":{\"@id\":\"https:\\\/\\\/loginfo24.com\\\/es\\\/2021\\\/02\\\/15\\\/la-dra-antje-huber-es-nombrada-ceo-de-la-plataforma-de-carga-digital-saloodo\\\/\"},\"author\":{\"name\":\"\",\"@id\":\"\"},\"headline\":\"\u00a1La Dra. Antje Huber es nombrada CEO de la plataforma de carga digital Saloodo!\",\"datePublished\":\"2021-02-15T15:37:12+00:00\",\"dateModified\":\"2025-12-15T11:52:32+00:00\",\"mainEntityOfPage\":{\"@id\":\"https:\\\/\\\/loginfo24.com\\\/es\\\/2021\\\/02\\\/15\\\/la-dra-antje-huber-es-nombrada-ceo-de-la-plataforma-de-carga-digital-saloodo\\\/\"},\"wordCount\":479,\"commentCount\":0,\"publisher\":{\"@id\":\"https:\\\/\\\/loginfo24.com\\\/es\\\/#organization\"},\"articleSection\":[\"Categories\",\"Regions\"],\"inLanguage\":\"es\",\"potentialAction\":[{\"@type\":\"CommentAction\",\"name\":\"Comment\",\"target\":[\"https:\\\/\\\/loginfo24.com\\\/es\\\/2021\\\/02\\\/15\\\/la-dra-antje-huber-es-nombrada-ceo-de-la-plataforma-de-carga-digital-saloodo\\\/#respond\"]}]},{\"@type\":\"WebPage\",\"@id\":\"https:\\\/\\\/loginfo24.com\\\/es\\\/2021\\\/02\\\/15\\\/la-dra-antje-huber-es-nombrada-ceo-de-la-plataforma-de-carga-digital-saloodo\\\/\",\"url\":\"https:\\\/\\\/loginfo24.com\\\/es\\\/2021\\\/02\\\/15\\\/la-dra-antje-huber-es-nombrada-ceo-de-la-plataforma-de-carga-digital-saloodo\\\/\",\"name\":\"\u00a1La Dra. Antje Huber es nombrada CEO de la plataforma de carga digital Saloodo! - Loginfo24\",\"isPartOf\":{\"@id\":\"https:\\\/\\\/loginfo24.com\\\/es\\\/#website\"},\"datePublished\":\"2021-02-15T15:37:12+00:00\",\"dateModified\":\"2025-12-15T11:52:32+00:00\",\"breadcrumb\":{\"@id\":\"https:\\\/\\\/loginfo24.com\\\/es\\\/2021\\\/02\\\/15\\\/la-dra-antje-huber-es-nombrada-ceo-de-la-plataforma-de-carga-digital-saloodo\\\/#breadcrumb\"},\"inLanguage\":\"es\",\"potentialAction\":[{\"@type\":\"ReadAction\",\"target\":[\"https:\\\/\\\/loginfo24.com\\\/es\\\/2021\\\/02\\\/15\\\/la-dra-antje-huber-es-nombrada-ceo-de-la-plataforma-de-carga-digital-saloodo\\\/\"]}]},{\"@type\":\"BreadcrumbList\",\"@id\":\"https:\\\/\\\/loginfo24.com\\\/es\\\/2021\\\/02\\\/15\\\/la-dra-antje-huber-es-nombrada-ceo-de-la-plataforma-de-carga-digital-saloodo\\\/#breadcrumb\",\"itemListElement\":[{\"@type\":\"ListItem\",\"position\":1,\"name\":\"Startseite\",\"item\":\"https:\\\/\\\/loginfo24.com\\\/es\\\/\"},{\"@type\":\"ListItem\",\"position\":2,\"name\":\"\u00a1La Dra. Antje Huber es nombrada CEO de la plataforma de carga digital Saloodo!\"}]},{\"@type\":\"WebSite\",\"@id\":\"https:\\\/\\\/loginfo24.com\\\/es\\\/#website\",\"url\":\"https:\\\/\\\/loginfo24.com\\\/es\\\/\",\"name\":\"Loginfo24\",\"description\":\"Loginfo24 es la plataforma dedicada a la log\u00edstica y las cadenas de suministro con informaci\u00f3n las 24 horas del d\u00eda.\",\"publisher\":{\"@id\":\"https:\\\/\\\/loginfo24.com\\\/es\\\/#organization\"},\"potentialAction\":[{\"@type\":\"SearchAction\",\"target\":{\"@type\":\"EntryPoint\",\"urlTemplate\":\"https:\\\/\\\/loginfo24.com\\\/es\\\/?s={search_term_string}\"},\"query-input\":{\"@type\":\"PropertyValueSpecification\",\"valueRequired\":true,\"valueName\":\"search_term_string\"}}],\"inLanguage\":\"es\"},{\"@type\":\"Organization\",\"@id\":\"https:\\\/\\\/loginfo24.com\\\/es\\\/#organization\",\"name\":\"Grupo Logismedia AG\",\"url\":\"https:\\\/\\\/loginfo24.com\\\/es\\\/\",\"logo\":{\"@type\":\"ImageObject\",\"inLanguage\":\"es\",\"@id\":\"https:\\\/\\\/loginfo24.com\\\/es\\\/#\\\/schema\\\/logo\\\/image\\\/\",\"url\":\"https:\\\/\\\/loginfo24.com\\\/wp-content\\\/uploads\\\/sites\\\/7\\\/2026\\\/01\\\/Logo_LogInfo24.png\",\"contentUrl\":\"https:\\\/\\\/loginfo24.com\\\/wp-content\\\/uploads\\\/sites\\\/7\\\/2026\\\/01\\\/Logo_LogInfo24.png\",\"width\":938,\"height\":351,\"caption\":\"Grupo Logismedia AG\"},\"image\":{\"@id\":\"https:\\\/\\\/loginfo24.com\\\/es\\\/#\\\/schema\\\/logo\\\/image\\\/\"},\"sameAs\":[\"https:\\\/\\\/www.facebook.com\\\/people\\\/Loginfo24\\\/100057360583332\\\/\",\"https:\\\/\\\/www.linkedin.com\\\/company\\\/lofinfo24\\\/\"]}]}<\/script>\n<!-- \/ Yoast SEO plugin. -->","yoast_head_json":{"title":"\u00a1La Dra. Antje Huber es nombrada CEO de la plataforma de carga digital Saloodo! - Loginfo24","robots":{"index":"index","follow":"follow","max-snippet":"max-snippet:-1","max-image-preview":"max-image-preview:large","max-video-preview":"max-video-preview:-1"},"canonical":"https:\/\/loginfo24.com\/es\/2021\/02\/15\/la-dra-antje-huber-es-nombrada-ceo-de-la-plataforma-de-carga-digital-saloodo\/","og_locale":"es_ES","og_type":"article","og_title":"\u00a1La Dra. Antje Huber es nombrada CEO de la plataforma de carga digital Saloodo! - Loginfo24","og_description":"La plataforma de carga digital Saloodo! GmbH ha nombrado a la Dra. Antje Huber como CEO a principios de febrero. La Dra. Huber es miembro de [\u2026]","og_url":"https:\/\/loginfo24.com\/es\/2021\/02\/15\/la-dra-antje-huber-es-nombrada-ceo-de-la-plataforma-de-carga-digital-saloodo\/","og_site_name":"Loginfo24","article_publisher":"https:\/\/www.facebook.com\/people\/Loginfo24\/100057360583332\/","article_published_time":"2021-02-15T15:37:12+00:00","article_modified_time":"2025-12-15T11:52:32+00:00","twitter_card":"summary_large_image","twitter_misc":{"Tiempo de lectura":"2 minuto"},"schema":{"@context":"https:\/\/schema.org","@graph":[{"@type":"Article","@id":"https:\/\/loginfo24.com\/es\/2021\/02\/15\/la-dra-antje-huber-es-nombrada-ceo-de-la-plataforma-de-carga-digital-saloodo\/#article","isPartOf":{"@id":"https:\/\/loginfo24.com\/es\/2021\/02\/15\/la-dra-antje-huber-es-nombrada-ceo-de-la-plataforma-de-carga-digital-saloodo\/"},"author":{"name":"","@id":""},"headline":"\u00a1La Dra. Antje Huber es nombrada CEO de la plataforma de carga digital Saloodo!","datePublished":"2021-02-15T15:37:12+00:00","dateModified":"2025-12-15T11:52:32+00:00","mainEntityOfPage":{"@id":"https:\/\/loginfo24.com\/es\/2021\/02\/15\/la-dra-antje-huber-es-nombrada-ceo-de-la-plataforma-de-carga-digital-saloodo\/"},"wordCount":479,"commentCount":0,"publisher":{"@id":"https:\/\/loginfo24.com\/es\/#organization"},"articleSection":["Categories","Regions"],"inLanguage":"es","potentialAction":[{"@type":"CommentAction","name":"Comment","target":["https:\/\/loginfo24.com\/es\/2021\/02\/15\/la-dra-antje-huber-es-nombrada-ceo-de-la-plataforma-de-carga-digital-saloodo\/#respond"]}]},{"@type":"WebPage","@id":"https:\/\/loginfo24.com\/es\/2021\/02\/15\/la-dra-antje-huber-es-nombrada-ceo-de-la-plataforma-de-carga-digital-saloodo\/","url":"https:\/\/loginfo24.com\/es\/2021\/02\/15\/la-dra-antje-huber-es-nombrada-ceo-de-la-plataforma-de-carga-digital-saloodo\/","name":"\u00a1La Dra. Antje Huber es nombrada CEO de la plataforma de carga digital Saloodo! - Loginfo24","isPartOf":{"@id":"https:\/\/loginfo24.com\/es\/#website"},"datePublished":"2021-02-15T15:37:12+00:00","dateModified":"2025-12-15T11:52:32+00:00","breadcrumb":{"@id":"https:\/\/loginfo24.com\/es\/2021\/02\/15\/la-dra-antje-huber-es-nombrada-ceo-de-la-plataforma-de-carga-digital-saloodo\/#breadcrumb"},"inLanguage":"es","potentialAction":[{"@type":"ReadAction","target":["https:\/\/loginfo24.com\/es\/2021\/02\/15\/la-dra-antje-huber-es-nombrada-ceo-de-la-plataforma-de-carga-digital-saloodo\/"]}]},{"@type":"BreadcrumbList","@id":"https:\/\/loginfo24.com\/es\/2021\/02\/15\/la-dra-antje-huber-es-nombrada-ceo-de-la-plataforma-de-carga-digital-saloodo\/#breadcrumb","itemListElement":[{"@type":"ListItem","position":1,"name":"Startseite","item":"https:\/\/loginfo24.com\/es\/"},{"@type":"ListItem","position":2,"name":"\u00a1La Dra. Antje Huber es nombrada CEO de la plataforma de carga digital Saloodo!"}]},{"@type":"WebSite","@id":"https:\/\/loginfo24.com\/es\/#website","url":"https:\/\/loginfo24.com\/es\/","name":"Loginfo24","description":"Loginfo24 es la plataforma dedicada a la log\u00edstica y las cadenas de suministro con informaci\u00f3n las 24 horas del d\u00eda.","publisher":{"@id":"https:\/\/loginfo24.com\/es\/#organization"},"potentialAction":[{"@type":"SearchAction","target":{"@type":"EntryPoint","urlTemplate":"https:\/\/loginfo24.com\/es\/?s={search_term_string}"},"query-input":{"@type":"PropertyValueSpecification","valueRequired":true,"valueName":"search_term_string"}}],"inLanguage":"es"},{"@type":"Organization","@id":"https:\/\/loginfo24.com\/es\/#organization","name":"Grupo Logismedia AG","url":"https:\/\/loginfo24.com\/es\/","logo":{"@type":"ImageObject","inLanguage":"es","@id":"https:\/\/loginfo24.com\/es\/#\/schema\/logo\/image\/","url":"https:\/\/loginfo24.com\/wp-content\/uploads\/sites\/7\/2026\/01\/Logo_LogInfo24.png","contentUrl":"https:\/\/loginfo24.com\/wp-content\/uploads\/sites\/7\/2026\/01\/Logo_LogInfo24.png","width":938,"height":351,"caption":"Grupo Logismedia AG"},"image":{"@id":"https:\/\/loginfo24.com\/es\/#\/schema\/logo\/image\/"},"sameAs":["https:\/\/www.facebook.com\/people\/Loginfo24\/100057360583332\/","https:\/\/www.linkedin.com\/company\/lofinfo24\/"]}]}},"_links":{"self":[{"href":"https:\/\/loginfo24.com\/es\/wp-json\/wp\/v2\/posts\/23334","targetHints":{"allow":["GET"]}}],"collection":[{"href":"https:\/\/loginfo24.com\/es\/wp-json\/wp\/v2\/posts"}],"about":[{"href":"https:\/\/loginfo24.com\/es\/wp-json\/wp\/v2\/types\/post"}],"replies":[{"embeddable":true,"href":"https:\/\/loginfo24.com\/es\/wp-json\/wp\/v2\/comments?post=23334"}],"version-history":[{"count":1,"href":"https:\/\/loginfo24.com\/es\/wp-json\/wp\/v2\/posts\/23334\/revisions"}],"predecessor-version":[{"id":42394,"href":"https:\/\/loginfo24.com\/es\/wp-json\/wp\/v2\/posts\/23334\/revisions\/42394"}],"wp:attachment":[{"href":"https:\/\/loginfo24.com\/es\/wp-json\/wp\/v2\/media?parent=23334"}],"wp:term":[{"taxonomy":"category","embeddable":true,"href":"https:\/\/loginfo24.com\/es\/wp-json\/wp\/v2\/categories?post=23334"},{"taxonomy":"post_tag","embeddable":true,"href":"https:\/\/loginfo24.com\/es\/wp-json\/wp\/v2\/tags?post=23334"}],"curies":[{"name":"wp","href":"https:\/\/api.w.org\/{rel}","templated":true}]}}