{"id":22447,"date":"2021-01-11T19:00:34","date_gmt":"2021-01-11T18:00:34","guid":{"rendered":"https:\/\/blog.brand-architecture.at\/2021\/01\/11\/hasan-dandashly-y-andreas-krinninger-nuevos-en-la-junta-directiva-de-kion\/"},"modified":"2025-12-15T12:49:12","modified_gmt":"2025-12-15T11:49:12","slug":"hasan-dandashly-y-andreas-krinninger-nuevos-en-la-junta-directiva-de-kion","status":"publish","type":"post","link":"https:\/\/loginfo24.com\/es\/2021\/01\/11\/hasan-dandashly-y-andreas-krinninger-nuevos-en-la-junta-directiva-de-kion\/","title":{"rendered":"Hasan Dandashly y Andreas Krinninger nuevos en la junta directiva de Kion"},"content":{"rendered":"<p>El Kion Group AG ancla a partir de ahora todos los negocios operativos directamente en la junta directiva. Henry Puhl ser\u00e1 nombrado CTO a partir del 1 de julio de 2021 y sucesor de Eike B\u00f6hm. Hasan Dandashly ser\u00e1 responsable en la junta del segmento Supply Chain Solutions (SCS). La base organizativa para un crecimiento rentable se fortalecer\u00e1 claramente.<\/p>\n<p>(Fr\u00e1ncfort del Meno) En la junta de Kion GROUP AG, todos los negocios operativos estar\u00e1n representados directamente a partir de ahora. El consejo de supervisi\u00f3n del grupo ha nombrado a Hasan Dandashly (61) y Andreas Krinninger (53) como miembros adicionales de la junta del grupo a principios de a\u00f1o.<\/p>\n<p>Hasan Dandashly ser\u00e1 responsable en la junta del segmento Supply Chain Solutions (SCS), que abarca el negocio global de Dematic. Desde 2018, es presidente y CEO de la filial de Kion, Dematic.<\/p>\n<h5><strong>Junta EMEA ITS<\/strong><\/h5>\n<p>Andreas Krinninger asumir\u00e1 en la junta la responsabilidad del negocio EMEA del segmento Industrial Trucks and Services (ITS). Esto abarca los negocios operativos de las marcas Kion Linde Material Handling, STILL y Baoli en la regi\u00f3n EMEA. Andreas Krinninger ha sido presidente y CEO de Linde Material Handling EMEA desde 2016 y anteriormente fue, entre otros, director financiero y director de operaciones de Linde Material Handling.<\/p>\n<p>Ching Pong Quek seguir\u00e1 siendo responsable en la junta de Kion Group del negocio del segmento Industrial Trucks and Services (ITS) en las regiones APAC y Americas. Anke Groth sigue siendo CFO y directora de trabajo. La presidencia seguir\u00e1 estando a cargo de Gordon Riske.<\/p>\n<h5><strong>Responsabilidad directa<\/strong><\/h5>\n<p>\u00abEl anclaje continuo de la responsabilidad directa por los negocios operativos en la junta es una base organizativa s\u00f3lida para el futuro crecimiento global del Kion Group\u00bb, dice Michael Macht, presidente del consejo de supervisi\u00f3n. \u00abLa expansi\u00f3n de la junta responde a la creciente importancia de nuestro segmento de r\u00e1pido crecimiento, Supply Chain Solutions. Al mismo tiempo, estamos creando las condiciones para una posicionamiento a\u00fan m\u00e1s claro de nuestras marcas ITS Linde Material Handling, STILL y Baoli en los mercados de la regi\u00f3n EMEA.\u00bb<\/p>\n<p>El consejo de supervisi\u00f3n de Kion Group tambi\u00e9n ha asegurado con una decisi\u00f3n adicional la continuidad a largo plazo en el \u00e1rea de CTO de la junta: Henry Puhl (50), presidente y CEO de STILL EMEA desde 2016, fue nombrado miembro de la junta y sucesor del Prof. Dr. Eike B\u00f6hm a partir del 1 de julio de 2021. Eike B\u00f6hm se retirar\u00e1 el 30 de junio de 2021; ha construido con gran \u00e9xito el \u00e1rea de CTO durante su mandato de seis a\u00f1os en el grupo y ha contribuido significativamente a la fuerte posici\u00f3n tecnol\u00f3gica del grupo.<\/p>\n<h5><strong>Grupo globalmente estructurado<\/strong><\/h5>\n<p>\u00abComenzamos en 2006 con estructuras de mediana empresa y una facturaci\u00f3n de tres mil millones de euros. Hoy, Kion Group es un grupo globalmente estructurado que opera en m\u00e1s de 100 pa\u00edses con una amplia cartera de productos y servicios, y que en 2019 gener\u00f3 una facturaci\u00f3n de casi nueve mil millones de euros, casi tres veces m\u00e1s que al principio hace 14 a\u00f1os\u00bb, dice Gordon Riske, presidente de Kion GROUP AG. \u00abHemos superado nuestra estructura anterior.<\/p>\n<p>Al mismo tiempo, nuestras oportunidades nunca han sido tan diversas como hoy\u00bb, explica Riske, refiri\u00e9ndose a la actual din\u00e1mica del mercado y al r\u00e1pido avance tecnol\u00f3gico que est\u00e1 cambiando significativamente la industria de la intralog\u00edstica. \u00abQueremos dar respuesta a este desarrollo positivo. Con el anclaje directo de las unidades operativas en la junta, utilizaremos nuestras capacidades y recursos tecnol\u00f3gicos, as\u00ed como nuestras unidades de ventas y servicio en todo el mundo, de manera a\u00fan m\u00e1s eficiente. El objetivo de nuestra estrategia &#8216;Kion 2027&#8217; es seguir fortaleciendo nuestra posici\u00f3n competitiva\u00bb, explica el presidente de la junta. \u00abPara ello, el consejo de supervisi\u00f3n ha creado condiciones importantes.\u00bb<\/p>\n<p>Foto: \u00a9 Kion \/ <strong><em>Pie de foto:<\/em><\/strong><em> KION, planta Linde Aschaffenburg<\/em><\/p>\n<p><a href=\"https:\/\/www.kiongroup.com\" target=\"_blank\" rel=\"noopener noreferrer\">www.kiongroup.com<\/a><\/p>\n","protected":false},"excerpt":{"rendered":"<p>El Kion Group AG ancla a partir de ahora todos los negocios operativos directamente en la junta directiva. Henry Puhl ser\u00e1 nombrado CTO a partir del<span class=\"excerpt-hellip\"> [\u2026]<\/span><\/p>\n","protected":false},"author":0,"featured_media":0,"comment_status":"open","ping_status":"open","sticky":false,"template":"","format":"standard","meta":{"_acf_changed":false,"footnotes":""},"categories":[1557,1560,1561],"tags":[],"class_list":["post-22447","post","type-post","status-publish","format-standard","hentry","category-forwarding-logistics","category-intralogistics","category-regions"],"acf":[],"yoast_head":"<!-- This site is optimized with the Yoast SEO plugin v27.3 - https:\/\/yoast.com\/product\/yoast-seo-wordpress\/ -->\n<title>Hasan Dandashly y Andreas Krinninger nuevos en la junta directiva de Kion - Loginfo24<\/title>\n<meta name=\"robots\" content=\"index, follow, max-snippet:-1, max-image-preview:large, max-video-preview:-1\" \/>\n<link rel=\"canonical\" href=\"https:\/\/loginfo24.com\/es\/2021\/01\/11\/hasan-dandashly-y-andreas-krinninger-nuevos-en-la-junta-directiva-de-kion\/\" \/>\n<meta property=\"og:locale\" content=\"es_ES\" \/>\n<meta property=\"og:type\" content=\"article\" \/>\n<meta property=\"og:title\" content=\"Hasan Dandashly y Andreas Krinninger nuevos en la junta directiva de Kion - Loginfo24\" \/>\n<meta property=\"og:description\" content=\"El Kion Group AG ancla a partir de ahora todos los negocios operativos directamente en la junta directiva. Henry Puhl ser\u00e1 nombrado CTO a partir del [\u2026]\" \/>\n<meta property=\"og:url\" content=\"https:\/\/loginfo24.com\/es\/2021\/01\/11\/hasan-dandashly-y-andreas-krinninger-nuevos-en-la-junta-directiva-de-kion\/\" \/>\n<meta property=\"og:site_name\" content=\"Loginfo24\" \/>\n<meta property=\"article:publisher\" content=\"https:\/\/www.facebook.com\/people\/Loginfo24\/100057360583332\/\" \/>\n<meta property=\"article:published_time\" content=\"2021-01-11T18:00:34+00:00\" \/>\n<meta property=\"article:modified_time\" content=\"2025-12-15T11:49:12+00:00\" \/>\n<meta name=\"twitter:card\" content=\"summary_large_image\" \/>\n<meta name=\"twitter:label1\" content=\"Tiempo de lectura\" \/>\n\t<meta name=\"twitter:data1\" content=\"3 minuto\" \/>\n<script type=\"application\/ld+json\" class=\"yoast-schema-graph\">{\"@context\":\"https:\\\/\\\/schema.org\",\"@graph\":[{\"@type\":\"Article\",\"@id\":\"https:\\\/\\\/loginfo24.com\\\/es\\\/2021\\\/01\\\/11\\\/hasan-dandashly-y-andreas-krinninger-nuevos-en-la-junta-directiva-de-kion\\\/#article\",\"isPartOf\":{\"@id\":\"https:\\\/\\\/loginfo24.com\\\/es\\\/2021\\\/01\\\/11\\\/hasan-dandashly-y-andreas-krinninger-nuevos-en-la-junta-directiva-de-kion\\\/\"},\"author\":{\"name\":\"\",\"@id\":\"\"},\"headline\":\"Hasan Dandashly y Andreas Krinninger nuevos en la junta directiva de Kion\",\"datePublished\":\"2021-01-11T18:00:34+00:00\",\"dateModified\":\"2025-12-15T11:49:12+00:00\",\"mainEntityOfPage\":{\"@id\":\"https:\\\/\\\/loginfo24.com\\\/es\\\/2021\\\/01\\\/11\\\/hasan-dandashly-y-andreas-krinninger-nuevos-en-la-junta-directiva-de-kion\\\/\"},\"wordCount\":667,\"commentCount\":0,\"publisher\":{\"@id\":\"https:\\\/\\\/loginfo24.com\\\/es\\\/#organization\"},\"articleSection\":[\"Forwarding &amp; Logistics\",\"Intralogistics\",\"Regions\"],\"inLanguage\":\"es\",\"potentialAction\":[{\"@type\":\"CommentAction\",\"name\":\"Comment\",\"target\":[\"https:\\\/\\\/loginfo24.com\\\/es\\\/2021\\\/01\\\/11\\\/hasan-dandashly-y-andreas-krinninger-nuevos-en-la-junta-directiva-de-kion\\\/#respond\"]}]},{\"@type\":\"WebPage\",\"@id\":\"https:\\\/\\\/loginfo24.com\\\/es\\\/2021\\\/01\\\/11\\\/hasan-dandashly-y-andreas-krinninger-nuevos-en-la-junta-directiva-de-kion\\\/\",\"url\":\"https:\\\/\\\/loginfo24.com\\\/es\\\/2021\\\/01\\\/11\\\/hasan-dandashly-y-andreas-krinninger-nuevos-en-la-junta-directiva-de-kion\\\/\",\"name\":\"Hasan Dandashly y Andreas Krinninger nuevos en la junta directiva de Kion - Loginfo24\",\"isPartOf\":{\"@id\":\"https:\\\/\\\/loginfo24.com\\\/es\\\/#website\"},\"datePublished\":\"2021-01-11T18:00:34+00:00\",\"dateModified\":\"2025-12-15T11:49:12+00:00\",\"breadcrumb\":{\"@id\":\"https:\\\/\\\/loginfo24.com\\\/es\\\/2021\\\/01\\\/11\\\/hasan-dandashly-y-andreas-krinninger-nuevos-en-la-junta-directiva-de-kion\\\/#breadcrumb\"},\"inLanguage\":\"es\",\"potentialAction\":[{\"@type\":\"ReadAction\",\"target\":[\"https:\\\/\\\/loginfo24.com\\\/es\\\/2021\\\/01\\\/11\\\/hasan-dandashly-y-andreas-krinninger-nuevos-en-la-junta-directiva-de-kion\\\/\"]}]},{\"@type\":\"BreadcrumbList\",\"@id\":\"https:\\\/\\\/loginfo24.com\\\/es\\\/2021\\\/01\\\/11\\\/hasan-dandashly-y-andreas-krinninger-nuevos-en-la-junta-directiva-de-kion\\\/#breadcrumb\",\"itemListElement\":[{\"@type\":\"ListItem\",\"position\":1,\"name\":\"Startseite\",\"item\":\"https:\\\/\\\/loginfo24.com\\\/es\\\/\"},{\"@type\":\"ListItem\",\"position\":2,\"name\":\"Hasan Dandashly y Andreas Krinninger nuevos en la junta directiva de Kion\"}]},{\"@type\":\"WebSite\",\"@id\":\"https:\\\/\\\/loginfo24.com\\\/es\\\/#website\",\"url\":\"https:\\\/\\\/loginfo24.com\\\/es\\\/\",\"name\":\"Loginfo24\",\"description\":\"Loginfo24 es la plataforma dedicada a la log\u00edstica y las cadenas de suministro con informaci\u00f3n las 24 horas del d\u00eda.\",\"publisher\":{\"@id\":\"https:\\\/\\\/loginfo24.com\\\/es\\\/#organization\"},\"potentialAction\":[{\"@type\":\"SearchAction\",\"target\":{\"@type\":\"EntryPoint\",\"urlTemplate\":\"https:\\\/\\\/loginfo24.com\\\/es\\\/?s={search_term_string}\"},\"query-input\":{\"@type\":\"PropertyValueSpecification\",\"valueRequired\":true,\"valueName\":\"search_term_string\"}}],\"inLanguage\":\"es\"},{\"@type\":\"Organization\",\"@id\":\"https:\\\/\\\/loginfo24.com\\\/es\\\/#organization\",\"name\":\"Grupo Logismedia AG\",\"url\":\"https:\\\/\\\/loginfo24.com\\\/es\\\/\",\"logo\":{\"@type\":\"ImageObject\",\"inLanguage\":\"es\",\"@id\":\"https:\\\/\\\/loginfo24.com\\\/es\\\/#\\\/schema\\\/logo\\\/image\\\/\",\"url\":\"https:\\\/\\\/loginfo24.com\\\/wp-content\\\/uploads\\\/sites\\\/7\\\/2026\\\/01\\\/Logo_LogInfo24.png\",\"contentUrl\":\"https:\\\/\\\/loginfo24.com\\\/wp-content\\\/uploads\\\/sites\\\/7\\\/2026\\\/01\\\/Logo_LogInfo24.png\",\"width\":938,\"height\":351,\"caption\":\"Grupo Logismedia AG\"},\"image\":{\"@id\":\"https:\\\/\\\/loginfo24.com\\\/es\\\/#\\\/schema\\\/logo\\\/image\\\/\"},\"sameAs\":[\"https:\\\/\\\/www.facebook.com\\\/people\\\/Loginfo24\\\/100057360583332\\\/\",\"https:\\\/\\\/www.linkedin.com\\\/company\\\/lofinfo24\\\/\"]}]}<\/script>\n<!-- \/ Yoast SEO plugin. -->","yoast_head_json":{"title":"Hasan Dandashly y Andreas Krinninger nuevos en la junta directiva de Kion - Loginfo24","robots":{"index":"index","follow":"follow","max-snippet":"max-snippet:-1","max-image-preview":"max-image-preview:large","max-video-preview":"max-video-preview:-1"},"canonical":"https:\/\/loginfo24.com\/es\/2021\/01\/11\/hasan-dandashly-y-andreas-krinninger-nuevos-en-la-junta-directiva-de-kion\/","og_locale":"es_ES","og_type":"article","og_title":"Hasan Dandashly y Andreas Krinninger nuevos en la junta directiva de Kion - Loginfo24","og_description":"El Kion Group AG ancla a partir de ahora todos los negocios operativos directamente en la junta directiva. Henry Puhl ser\u00e1 nombrado CTO a partir del [\u2026]","og_url":"https:\/\/loginfo24.com\/es\/2021\/01\/11\/hasan-dandashly-y-andreas-krinninger-nuevos-en-la-junta-directiva-de-kion\/","og_site_name":"Loginfo24","article_publisher":"https:\/\/www.facebook.com\/people\/Loginfo24\/100057360583332\/","article_published_time":"2021-01-11T18:00:34+00:00","article_modified_time":"2025-12-15T11:49:12+00:00","twitter_card":"summary_large_image","twitter_misc":{"Tiempo de lectura":"3 minuto"},"schema":{"@context":"https:\/\/schema.org","@graph":[{"@type":"Article","@id":"https:\/\/loginfo24.com\/es\/2021\/01\/11\/hasan-dandashly-y-andreas-krinninger-nuevos-en-la-junta-directiva-de-kion\/#article","isPartOf":{"@id":"https:\/\/loginfo24.com\/es\/2021\/01\/11\/hasan-dandashly-y-andreas-krinninger-nuevos-en-la-junta-directiva-de-kion\/"},"author":{"name":"","@id":""},"headline":"Hasan Dandashly y Andreas Krinninger nuevos en la junta directiva de Kion","datePublished":"2021-01-11T18:00:34+00:00","dateModified":"2025-12-15T11:49:12+00:00","mainEntityOfPage":{"@id":"https:\/\/loginfo24.com\/es\/2021\/01\/11\/hasan-dandashly-y-andreas-krinninger-nuevos-en-la-junta-directiva-de-kion\/"},"wordCount":667,"commentCount":0,"publisher":{"@id":"https:\/\/loginfo24.com\/es\/#organization"},"articleSection":["Forwarding &amp; Logistics","Intralogistics","Regions"],"inLanguage":"es","potentialAction":[{"@type":"CommentAction","name":"Comment","target":["https:\/\/loginfo24.com\/es\/2021\/01\/11\/hasan-dandashly-y-andreas-krinninger-nuevos-en-la-junta-directiva-de-kion\/#respond"]}]},{"@type":"WebPage","@id":"https:\/\/loginfo24.com\/es\/2021\/01\/11\/hasan-dandashly-y-andreas-krinninger-nuevos-en-la-junta-directiva-de-kion\/","url":"https:\/\/loginfo24.com\/es\/2021\/01\/11\/hasan-dandashly-y-andreas-krinninger-nuevos-en-la-junta-directiva-de-kion\/","name":"Hasan Dandashly y Andreas Krinninger nuevos en la junta directiva de Kion - Loginfo24","isPartOf":{"@id":"https:\/\/loginfo24.com\/es\/#website"},"datePublished":"2021-01-11T18:00:34+00:00","dateModified":"2025-12-15T11:49:12+00:00","breadcrumb":{"@id":"https:\/\/loginfo24.com\/es\/2021\/01\/11\/hasan-dandashly-y-andreas-krinninger-nuevos-en-la-junta-directiva-de-kion\/#breadcrumb"},"inLanguage":"es","potentialAction":[{"@type":"ReadAction","target":["https:\/\/loginfo24.com\/es\/2021\/01\/11\/hasan-dandashly-y-andreas-krinninger-nuevos-en-la-junta-directiva-de-kion\/"]}]},{"@type":"BreadcrumbList","@id":"https:\/\/loginfo24.com\/es\/2021\/01\/11\/hasan-dandashly-y-andreas-krinninger-nuevos-en-la-junta-directiva-de-kion\/#breadcrumb","itemListElement":[{"@type":"ListItem","position":1,"name":"Startseite","item":"https:\/\/loginfo24.com\/es\/"},{"@type":"ListItem","position":2,"name":"Hasan Dandashly y Andreas Krinninger nuevos en la junta directiva de Kion"}]},{"@type":"WebSite","@id":"https:\/\/loginfo24.com\/es\/#website","url":"https:\/\/loginfo24.com\/es\/","name":"Loginfo24","description":"Loginfo24 es la plataforma dedicada a la log\u00edstica y las cadenas de suministro con informaci\u00f3n las 24 horas del d\u00eda.","publisher":{"@id":"https:\/\/loginfo24.com\/es\/#organization"},"potentialAction":[{"@type":"SearchAction","target":{"@type":"EntryPoint","urlTemplate":"https:\/\/loginfo24.com\/es\/?s={search_term_string}"},"query-input":{"@type":"PropertyValueSpecification","valueRequired":true,"valueName":"search_term_string"}}],"inLanguage":"es"},{"@type":"Organization","@id":"https:\/\/loginfo24.com\/es\/#organization","name":"Grupo Logismedia AG","url":"https:\/\/loginfo24.com\/es\/","logo":{"@type":"ImageObject","inLanguage":"es","@id":"https:\/\/loginfo24.com\/es\/#\/schema\/logo\/image\/","url":"https:\/\/loginfo24.com\/wp-content\/uploads\/sites\/7\/2026\/01\/Logo_LogInfo24.png","contentUrl":"https:\/\/loginfo24.com\/wp-content\/uploads\/sites\/7\/2026\/01\/Logo_LogInfo24.png","width":938,"height":351,"caption":"Grupo Logismedia AG"},"image":{"@id":"https:\/\/loginfo24.com\/es\/#\/schema\/logo\/image\/"},"sameAs":["https:\/\/www.facebook.com\/people\/Loginfo24\/100057360583332\/","https:\/\/www.linkedin.com\/company\/lofinfo24\/"]}]}},"_links":{"self":[{"href":"https:\/\/loginfo24.com\/es\/wp-json\/wp\/v2\/posts\/22447","targetHints":{"allow":["GET"]}}],"collection":[{"href":"https:\/\/loginfo24.com\/es\/wp-json\/wp\/v2\/posts"}],"about":[{"href":"https:\/\/loginfo24.com\/es\/wp-json\/wp\/v2\/types\/post"}],"replies":[{"embeddable":true,"href":"https:\/\/loginfo24.com\/es\/wp-json\/wp\/v2\/comments?post=22447"}],"version-history":[{"count":1,"href":"https:\/\/loginfo24.com\/es\/wp-json\/wp\/v2\/posts\/22447\/revisions"}],"predecessor-version":[{"id":41080,"href":"https:\/\/loginfo24.com\/es\/wp-json\/wp\/v2\/posts\/22447\/revisions\/41080"}],"wp:attachment":[{"href":"https:\/\/loginfo24.com\/es\/wp-json\/wp\/v2\/media?parent=22447"}],"wp:term":[{"taxonomy":"category","embeddable":true,"href":"https:\/\/loginfo24.com\/es\/wp-json\/wp\/v2\/categories?post=22447"},{"taxonomy":"post_tag","embeddable":true,"href":"https:\/\/loginfo24.com\/es\/wp-json\/wp\/v2\/tags?post=22447"}],"curies":[{"name":"wp","href":"https:\/\/api.w.org\/{rel}","templated":true}]}}