{"id":22137,"date":"2020-12-13T11:50:11","date_gmt":"2020-12-13T10:50:11","guid":{"rendered":"https:\/\/blog.brand-architecture.at\/2020\/12\/13\/los-logistas-del-sur-de-alemania-estan-descontentos-por-el-control-de-trafico-en-tirol\/"},"modified":"2025-12-15T12:47:14","modified_gmt":"2025-12-15T11:47:14","slug":"los-logistas-del-sur-de-alemania-estan-descontentos-por-el-control-de-trafico-en-tirol","status":"publish","type":"post","link":"https:\/\/loginfo24.com\/es\/2020\/12\/13\/los-logistas-del-sur-de-alemania-estan-descontentos-por-el-control-de-trafico-en-tirol\/","title":{"rendered":"Los logistas del sur de Alemania est\u00e1n descontentos por el control de tr\u00e1fico en Tirol"},"content":{"rendered":"<p>Los sindicatos de log\u00edstica del sur de Alemania est\u00e1n descontentos con el estado austr\u00edaco de Tirol. El 9 y 10 de diciembre, la congesti\u00f3n debido al control de tr\u00e1fico en Tirol super\u00f3 los 80 km. Este es el triste punto culminante hasta ahora y, desde la perspectiva de los b\u00e1varos, ya no tiene nada que ver con una buena relaci\u00f3n de vecindad. La seguridad vial y la protecci\u00f3n del medio ambiente est\u00e1n siendo pisoteadas. El da\u00f1o para todos los afectados es inmenso.<\/p>\n<p>(M\u00fanich\/Kiefersfelden) La medida de lo tolerable se ha colmado, Tirol ignora las reglas m\u00e1s simples de convivencia: los derechos humanos del personal de conducci\u00f3n son pisoteados, la seguridad vial y la protecci\u00f3n del medio ambiente quedan en el camino.<\/p>\n<p>Con atascos de camiones de m\u00e1s de 80 kil\u00f3metros de longitud el 9 y 10 de diciembre de 2020, el control de tr\u00e1fico de camiones por parte de las autoridades de tr\u00e1fico tirolesas en el cruce fronterizo de Kiefersfelden ha alcanzado su triste punto culminante. Se ha alcanzado una situaci\u00f3n que no solo es molesta y econ\u00f3micamente dif\u00edcil para las empresas afectadas, sino que tambi\u00e9n agrava masivamente la situaci\u00f3n social del personal de conducci\u00f3n.<\/p>\n<h5><strong>Riesgo no calculable<\/strong><\/h5>\n<p>Las circunstancias que rodean la pol\u00edtica anti-tr\u00e1nsito de Tirol se est\u00e1n convirtiendo en un riesgo no calculable para la seguridad vial, el medio ambiente y los procesos econ\u00f3micos en toda la regi\u00f3n afectada, afirman los sindicatos de log\u00edstica del sur de Alemania LBS, VSL y LBT\/BGL-Sur. Debido a la desastrosa situaci\u00f3n de los atascos y los desv\u00edos resultantes, en algunos casos ya no se puede garantizar la capacidad de entrega de la econom\u00eda local, y los trabajadores est\u00e1n impedidos de llegar a sus lugares de trabajo en la regi\u00f3n.<\/p>\n<p>Casi parece un milagro que los accidentes en y alrededor de las autopistas A8 y A93, as\u00ed como en las carreteras secundarias, hasta ahora parecen estar bajo control. Sin embargo, las medidas de restricci\u00f3n de tr\u00e1fico de Tirol afectan gravemente a los conductores, quienes se ven condenados a estar horas atrapados en el tr\u00e1fico sin el m\u00e1s elemental suministro higi\u00e9nico y de alimentos, ya que al mismo tiempo los aparcamientos en las autopistas afectadas est\u00e1n completamente saturados. \u00abDesde nuestra perspectiva, esto ya no es aceptable, c\u00f3mo Tirol acepta sin m\u00e1s que los conductores caigan en una situaci\u00f3n tan precaria, sin poder cumplir con los turnos de trabajo y los horarios. Esto roza la deshumanizaci\u00f3n\u00bb.<\/p>\n<h5><strong>Gran da\u00f1o para la log\u00edstica<\/strong><\/h5>\n<p>El da\u00f1o para la log\u00edstica y sus clientes ya asciende a millones. Quien espera una mejora se llevar\u00e1 una decepci\u00f3n, ya que la arbitrariedad de Tirol contin\u00faa, ya que a partir de enero de 2021 se aplicar\u00e1 una prohibici\u00f3n general de circulaci\u00f3n nocturna tambi\u00e9n para camiones de la clase de emisiones m\u00e1s limpia Euro VI en la autopista Inntal. Esto har\u00e1 que el tr\u00e1fico pesado se concentre a\u00fan m\u00e1s durante el d\u00eda y, en d\u00edas de control de tr\u00e1fico, conducir\u00e1 a atascos permanentes de 60 a 100 kil\u00f3metros. Por lo tanto, los sindicatos exigen una vez m\u00e1s a la pol\u00edtica en Baviera, Berl\u00edn y Bruselas que act\u00fae. \u00abA Tirol se le deben mostrar finalmente los l\u00edmites con toda dureza, si es necesario mediante medidas de contrapresi\u00f3n, de lo contrario, nuestros vecinos seguir\u00e1n girando alegremente la rueda de la escalada\u00bb, dicen Sabine Lehmann (LBS), Sebastian Lechner (LBT) y Andrea Marongiu (VSL).<\/p>\n<p>Foto: \u00a9 Adobe Stock<\/p>\n<p><a href=\"https:\/\/www.lbs-spediteure.de\" target=\"_blank\" rel=\"noopener noreferrer\">www.lbs-spediteure.de<\/a>\u00a0\u00a0\u00a0\u00a0 <a href=\"https:\/\/www.vsl-spediteure.de\" target=\"_blank\" rel=\"noopener noreferrer\">www.vsl-spediteure.de<\/a>\u00a0\u00a0\u00a0\u00a0 <a href=\"https:\/\/www.bgl-sued.de\" target=\"_blank\" rel=\"noopener noreferrer\">www.bgl-sued.de<\/a><\/p>\n","protected":false},"excerpt":{"rendered":"<p>Los sindicatos de log\u00edstica del sur de Alemania est\u00e1n descontentos con el estado austr\u00edaco de Tirol. El 9 y 10 de diciembre, la congesti\u00f3n debido al<span class=\"excerpt-hellip\"> [\u2026]<\/span><\/p>\n","protected":false},"author":0,"featured_media":0,"comment_status":"open","ping_status":"open","sticky":false,"template":"","format":"standard","meta":{"_acf_changed":false,"footnotes":""},"categories":[1557,1556,1561],"tags":[],"class_list":["post-22137","post","type-post","status-publish","format-standard","hentry","category-forwarding-logistics","category-intermodal-road","category-regions"],"acf":[],"yoast_head":"<!-- This site is optimized with the Yoast SEO plugin v27.3 - https:\/\/yoast.com\/product\/yoast-seo-wordpress\/ -->\n<title>Los logistas del sur de Alemania est\u00e1n descontentos por el control de tr\u00e1fico en Tirol - Loginfo24<\/title>\n<meta name=\"robots\" content=\"index, follow, max-snippet:-1, max-image-preview:large, max-video-preview:-1\" \/>\n<link rel=\"canonical\" href=\"https:\/\/loginfo24.com\/es\/2020\/12\/13\/los-logistas-del-sur-de-alemania-estan-descontentos-por-el-control-de-trafico-en-tirol\/\" \/>\n<meta property=\"og:locale\" content=\"es_ES\" \/>\n<meta property=\"og:type\" content=\"article\" \/>\n<meta property=\"og:title\" content=\"Los logistas del sur de Alemania est\u00e1n descontentos por el control de tr\u00e1fico en Tirol - Loginfo24\" \/>\n<meta property=\"og:description\" content=\"Los sindicatos de log\u00edstica del sur de Alemania est\u00e1n descontentos con el estado austr\u00edaco de Tirol. El 9 y 10 de diciembre, la congesti\u00f3n debido al [\u2026]\" \/>\n<meta property=\"og:url\" content=\"https:\/\/loginfo24.com\/es\/2020\/12\/13\/los-logistas-del-sur-de-alemania-estan-descontentos-por-el-control-de-trafico-en-tirol\/\" \/>\n<meta property=\"og:site_name\" content=\"Loginfo24\" \/>\n<meta property=\"article:publisher\" content=\"https:\/\/www.facebook.com\/people\/Loginfo24\/100057360583332\/\" \/>\n<meta property=\"article:published_time\" content=\"2020-12-13T10:50:11+00:00\" \/>\n<meta property=\"article:modified_time\" content=\"2025-12-15T11:47:14+00:00\" \/>\n<meta name=\"twitter:card\" content=\"summary_large_image\" \/>\n<meta name=\"twitter:label1\" content=\"Tiempo de lectura\" \/>\n\t<meta name=\"twitter:data1\" content=\"3 minuto\" \/>\n<script type=\"application\/ld+json\" class=\"yoast-schema-graph\">{\"@context\":\"https:\\\/\\\/schema.org\",\"@graph\":[{\"@type\":\"Article\",\"@id\":\"https:\\\/\\\/loginfo24.com\\\/es\\\/2020\\\/12\\\/13\\\/los-logistas-del-sur-de-alemania-estan-descontentos-por-el-control-de-trafico-en-tirol\\\/#article\",\"isPartOf\":{\"@id\":\"https:\\\/\\\/loginfo24.com\\\/es\\\/2020\\\/12\\\/13\\\/los-logistas-del-sur-de-alemania-estan-descontentos-por-el-control-de-trafico-en-tirol\\\/\"},\"author\":{\"name\":\"\",\"@id\":\"\"},\"headline\":\"Los logistas del sur de Alemania est\u00e1n descontentos por el control de tr\u00e1fico en Tirol\",\"datePublished\":\"2020-12-13T10:50:11+00:00\",\"dateModified\":\"2025-12-15T11:47:14+00:00\",\"mainEntityOfPage\":{\"@id\":\"https:\\\/\\\/loginfo24.com\\\/es\\\/2020\\\/12\\\/13\\\/los-logistas-del-sur-de-alemania-estan-descontentos-por-el-control-de-trafico-en-tirol\\\/\"},\"wordCount\":646,\"commentCount\":0,\"publisher\":{\"@id\":\"https:\\\/\\\/loginfo24.com\\\/es\\\/#organization\"},\"articleSection\":[\"Forwarding &amp; Logistics\",\"Intermodal \\\/ Road\",\"Regions\"],\"inLanguage\":\"es\",\"potentialAction\":[{\"@type\":\"CommentAction\",\"name\":\"Comment\",\"target\":[\"https:\\\/\\\/loginfo24.com\\\/es\\\/2020\\\/12\\\/13\\\/los-logistas-del-sur-de-alemania-estan-descontentos-por-el-control-de-trafico-en-tirol\\\/#respond\"]}]},{\"@type\":\"WebPage\",\"@id\":\"https:\\\/\\\/loginfo24.com\\\/es\\\/2020\\\/12\\\/13\\\/los-logistas-del-sur-de-alemania-estan-descontentos-por-el-control-de-trafico-en-tirol\\\/\",\"url\":\"https:\\\/\\\/loginfo24.com\\\/es\\\/2020\\\/12\\\/13\\\/los-logistas-del-sur-de-alemania-estan-descontentos-por-el-control-de-trafico-en-tirol\\\/\",\"name\":\"Los logistas del sur de Alemania est\u00e1n descontentos por el control de tr\u00e1fico en Tirol - Loginfo24\",\"isPartOf\":{\"@id\":\"https:\\\/\\\/loginfo24.com\\\/es\\\/#website\"},\"datePublished\":\"2020-12-13T10:50:11+00:00\",\"dateModified\":\"2025-12-15T11:47:14+00:00\",\"breadcrumb\":{\"@id\":\"https:\\\/\\\/loginfo24.com\\\/es\\\/2020\\\/12\\\/13\\\/los-logistas-del-sur-de-alemania-estan-descontentos-por-el-control-de-trafico-en-tirol\\\/#breadcrumb\"},\"inLanguage\":\"es\",\"potentialAction\":[{\"@type\":\"ReadAction\",\"target\":[\"https:\\\/\\\/loginfo24.com\\\/es\\\/2020\\\/12\\\/13\\\/los-logistas-del-sur-de-alemania-estan-descontentos-por-el-control-de-trafico-en-tirol\\\/\"]}]},{\"@type\":\"BreadcrumbList\",\"@id\":\"https:\\\/\\\/loginfo24.com\\\/es\\\/2020\\\/12\\\/13\\\/los-logistas-del-sur-de-alemania-estan-descontentos-por-el-control-de-trafico-en-tirol\\\/#breadcrumb\",\"itemListElement\":[{\"@type\":\"ListItem\",\"position\":1,\"name\":\"Startseite\",\"item\":\"https:\\\/\\\/loginfo24.com\\\/es\\\/\"},{\"@type\":\"ListItem\",\"position\":2,\"name\":\"Los logistas del sur de Alemania est\u00e1n descontentos por el control de tr\u00e1fico en Tirol\"}]},{\"@type\":\"WebSite\",\"@id\":\"https:\\\/\\\/loginfo24.com\\\/es\\\/#website\",\"url\":\"https:\\\/\\\/loginfo24.com\\\/es\\\/\",\"name\":\"Loginfo24\",\"description\":\"Loginfo24 es la plataforma dedicada a la log\u00edstica y las cadenas de suministro con informaci\u00f3n las 24 horas del d\u00eda.\",\"publisher\":{\"@id\":\"https:\\\/\\\/loginfo24.com\\\/es\\\/#organization\"},\"potentialAction\":[{\"@type\":\"SearchAction\",\"target\":{\"@type\":\"EntryPoint\",\"urlTemplate\":\"https:\\\/\\\/loginfo24.com\\\/es\\\/?s={search_term_string}\"},\"query-input\":{\"@type\":\"PropertyValueSpecification\",\"valueRequired\":true,\"valueName\":\"search_term_string\"}}],\"inLanguage\":\"es\"},{\"@type\":\"Organization\",\"@id\":\"https:\\\/\\\/loginfo24.com\\\/es\\\/#organization\",\"name\":\"Grupo Logismedia AG\",\"url\":\"https:\\\/\\\/loginfo24.com\\\/es\\\/\",\"logo\":{\"@type\":\"ImageObject\",\"inLanguage\":\"es\",\"@id\":\"https:\\\/\\\/loginfo24.com\\\/es\\\/#\\\/schema\\\/logo\\\/image\\\/\",\"url\":\"https:\\\/\\\/loginfo24.com\\\/wp-content\\\/uploads\\\/sites\\\/7\\\/2026\\\/01\\\/Logo_LogInfo24.png\",\"contentUrl\":\"https:\\\/\\\/loginfo24.com\\\/wp-content\\\/uploads\\\/sites\\\/7\\\/2026\\\/01\\\/Logo_LogInfo24.png\",\"width\":938,\"height\":351,\"caption\":\"Grupo Logismedia AG\"},\"image\":{\"@id\":\"https:\\\/\\\/loginfo24.com\\\/es\\\/#\\\/schema\\\/logo\\\/image\\\/\"},\"sameAs\":[\"https:\\\/\\\/www.facebook.com\\\/people\\\/Loginfo24\\\/100057360583332\\\/\",\"https:\\\/\\\/www.linkedin.com\\\/company\\\/lofinfo24\\\/\"]}]}<\/script>\n<!-- \/ Yoast SEO plugin. -->","yoast_head_json":{"title":"Los logistas del sur de Alemania est\u00e1n descontentos por el control de tr\u00e1fico en Tirol - Loginfo24","robots":{"index":"index","follow":"follow","max-snippet":"max-snippet:-1","max-image-preview":"max-image-preview:large","max-video-preview":"max-video-preview:-1"},"canonical":"https:\/\/loginfo24.com\/es\/2020\/12\/13\/los-logistas-del-sur-de-alemania-estan-descontentos-por-el-control-de-trafico-en-tirol\/","og_locale":"es_ES","og_type":"article","og_title":"Los logistas del sur de Alemania est\u00e1n descontentos por el control de tr\u00e1fico en Tirol - Loginfo24","og_description":"Los sindicatos de log\u00edstica del sur de Alemania est\u00e1n descontentos con el estado austr\u00edaco de Tirol. El 9 y 10 de diciembre, la congesti\u00f3n debido al [\u2026]","og_url":"https:\/\/loginfo24.com\/es\/2020\/12\/13\/los-logistas-del-sur-de-alemania-estan-descontentos-por-el-control-de-trafico-en-tirol\/","og_site_name":"Loginfo24","article_publisher":"https:\/\/www.facebook.com\/people\/Loginfo24\/100057360583332\/","article_published_time":"2020-12-13T10:50:11+00:00","article_modified_time":"2025-12-15T11:47:14+00:00","twitter_card":"summary_large_image","twitter_misc":{"Tiempo de lectura":"3 minuto"},"schema":{"@context":"https:\/\/schema.org","@graph":[{"@type":"Article","@id":"https:\/\/loginfo24.com\/es\/2020\/12\/13\/los-logistas-del-sur-de-alemania-estan-descontentos-por-el-control-de-trafico-en-tirol\/#article","isPartOf":{"@id":"https:\/\/loginfo24.com\/es\/2020\/12\/13\/los-logistas-del-sur-de-alemania-estan-descontentos-por-el-control-de-trafico-en-tirol\/"},"author":{"name":"","@id":""},"headline":"Los logistas del sur de Alemania est\u00e1n descontentos por el control de tr\u00e1fico en Tirol","datePublished":"2020-12-13T10:50:11+00:00","dateModified":"2025-12-15T11:47:14+00:00","mainEntityOfPage":{"@id":"https:\/\/loginfo24.com\/es\/2020\/12\/13\/los-logistas-del-sur-de-alemania-estan-descontentos-por-el-control-de-trafico-en-tirol\/"},"wordCount":646,"commentCount":0,"publisher":{"@id":"https:\/\/loginfo24.com\/es\/#organization"},"articleSection":["Forwarding &amp; Logistics","Intermodal \/ Road","Regions"],"inLanguage":"es","potentialAction":[{"@type":"CommentAction","name":"Comment","target":["https:\/\/loginfo24.com\/es\/2020\/12\/13\/los-logistas-del-sur-de-alemania-estan-descontentos-por-el-control-de-trafico-en-tirol\/#respond"]}]},{"@type":"WebPage","@id":"https:\/\/loginfo24.com\/es\/2020\/12\/13\/los-logistas-del-sur-de-alemania-estan-descontentos-por-el-control-de-trafico-en-tirol\/","url":"https:\/\/loginfo24.com\/es\/2020\/12\/13\/los-logistas-del-sur-de-alemania-estan-descontentos-por-el-control-de-trafico-en-tirol\/","name":"Los logistas del sur de Alemania est\u00e1n descontentos por el control de tr\u00e1fico en Tirol - Loginfo24","isPartOf":{"@id":"https:\/\/loginfo24.com\/es\/#website"},"datePublished":"2020-12-13T10:50:11+00:00","dateModified":"2025-12-15T11:47:14+00:00","breadcrumb":{"@id":"https:\/\/loginfo24.com\/es\/2020\/12\/13\/los-logistas-del-sur-de-alemania-estan-descontentos-por-el-control-de-trafico-en-tirol\/#breadcrumb"},"inLanguage":"es","potentialAction":[{"@type":"ReadAction","target":["https:\/\/loginfo24.com\/es\/2020\/12\/13\/los-logistas-del-sur-de-alemania-estan-descontentos-por-el-control-de-trafico-en-tirol\/"]}]},{"@type":"BreadcrumbList","@id":"https:\/\/loginfo24.com\/es\/2020\/12\/13\/los-logistas-del-sur-de-alemania-estan-descontentos-por-el-control-de-trafico-en-tirol\/#breadcrumb","itemListElement":[{"@type":"ListItem","position":1,"name":"Startseite","item":"https:\/\/loginfo24.com\/es\/"},{"@type":"ListItem","position":2,"name":"Los logistas del sur de Alemania est\u00e1n descontentos por el control de tr\u00e1fico en Tirol"}]},{"@type":"WebSite","@id":"https:\/\/loginfo24.com\/es\/#website","url":"https:\/\/loginfo24.com\/es\/","name":"Loginfo24","description":"Loginfo24 es la plataforma dedicada a la log\u00edstica y las cadenas de suministro con informaci\u00f3n las 24 horas del d\u00eda.","publisher":{"@id":"https:\/\/loginfo24.com\/es\/#organization"},"potentialAction":[{"@type":"SearchAction","target":{"@type":"EntryPoint","urlTemplate":"https:\/\/loginfo24.com\/es\/?s={search_term_string}"},"query-input":{"@type":"PropertyValueSpecification","valueRequired":true,"valueName":"search_term_string"}}],"inLanguage":"es"},{"@type":"Organization","@id":"https:\/\/loginfo24.com\/es\/#organization","name":"Grupo Logismedia AG","url":"https:\/\/loginfo24.com\/es\/","logo":{"@type":"ImageObject","inLanguage":"es","@id":"https:\/\/loginfo24.com\/es\/#\/schema\/logo\/image\/","url":"https:\/\/loginfo24.com\/wp-content\/uploads\/sites\/7\/2026\/01\/Logo_LogInfo24.png","contentUrl":"https:\/\/loginfo24.com\/wp-content\/uploads\/sites\/7\/2026\/01\/Logo_LogInfo24.png","width":938,"height":351,"caption":"Grupo Logismedia AG"},"image":{"@id":"https:\/\/loginfo24.com\/es\/#\/schema\/logo\/image\/"},"sameAs":["https:\/\/www.facebook.com\/people\/Loginfo24\/100057360583332\/","https:\/\/www.linkedin.com\/company\/lofinfo24\/"]}]}},"_links":{"self":[{"href":"https:\/\/loginfo24.com\/es\/wp-json\/wp\/v2\/posts\/22137","targetHints":{"allow":["GET"]}}],"collection":[{"href":"https:\/\/loginfo24.com\/es\/wp-json\/wp\/v2\/posts"}],"about":[{"href":"https:\/\/loginfo24.com\/es\/wp-json\/wp\/v2\/types\/post"}],"replies":[{"embeddable":true,"href":"https:\/\/loginfo24.com\/es\/wp-json\/wp\/v2\/comments?post=22137"}],"version-history":[{"count":1,"href":"https:\/\/loginfo24.com\/es\/wp-json\/wp\/v2\/posts\/22137\/revisions"}],"predecessor-version":[{"id":40460,"href":"https:\/\/loginfo24.com\/es\/wp-json\/wp\/v2\/posts\/22137\/revisions\/40460"}],"wp:attachment":[{"href":"https:\/\/loginfo24.com\/es\/wp-json\/wp\/v2\/media?parent=22137"}],"wp:term":[{"taxonomy":"category","embeddable":true,"href":"https:\/\/loginfo24.com\/es\/wp-json\/wp\/v2\/categories?post=22137"},{"taxonomy":"post_tag","embeddable":true,"href":"https:\/\/loginfo24.com\/es\/wp-json\/wp\/v2\/tags?post=22137"}],"curies":[{"name":"wp","href":"https:\/\/api.w.org\/{rel}","templated":true}]}}