{"id":21116,"date":"2020-11-10T07:30:55","date_gmt":"2020-11-10T06:30:55","guid":{"rendered":"https:\/\/blog.brand-architecture.at\/2020\/11\/10\/nordfrost-pone-en-funcionamiento-su-almacen-de-congelados-en-estanterias-altas-en-herne\/"},"modified":"2025-12-15T12:42:38","modified_gmt":"2025-12-15T11:42:38","slug":"nordfrost-pone-en-funcionamiento-su-almacen-de-congelados-en-estanterias-altas-en-herne","status":"publish","type":"post","link":"https:\/\/loginfo24.com\/es\/2020\/11\/10\/nordfrost-pone-en-funcionamiento-su-almacen-de-congelados-en-estanterias-altas-en-herne\/","title":{"rendered":"NORDFROST pone en funcionamiento su almac\u00e9n de congelados en estanter\u00edas altas en Herne"},"content":{"rendered":"<p><p>La NORDFROST GmbH &amp; Co. KG celebra con la apertura de su nuevo almac\u00e9n de congelados en estanter\u00edas altas en Herne un hito en la historia de la empresa. De este modo, el proveedor de log\u00edstica con sede principal en Schortens, en Frisia, y 40 centros log\u00edsticos en todo el pa\u00eds, pone a disposici\u00f3n de sus clientes de la industria alimentaria y el comercio minorista 42,000 espacios adicionales para paletas en la regi\u00f3n del Ruhr a partir de ahora.<\/p>\n<p>(Schortens) \u2013 Hoy se pone en funcionamiento el almac\u00e9n autom\u00e1tico de estanter\u00edas altas de NORDFROST en Herne. La fase de prueba, que finaliza hoy y que ha sido muy exigente, ha sido liderada por un comprometido equipo de proyecto de NORDFROST, dirigido por el jefe de IT, Christian L\u00fcer\u00dfen, que ha trabajado en el lugar con el fabricante de instalaciones austriaco TGW, apoyado por el director de la sucursal, Thorsten Sch\u00e4ckel, y su equipo de 40 personas.<\/p>\n<h5><strong>Comisionamiento autom\u00e1tico a partir de 2021<\/strong><\/h5>\n<p>La zona de almacenamiento convencional del centro log\u00edstico comenz\u00f3 el 5 de mayo de 2020. La puesta en funcionamiento del comisionamiento autom\u00e1tico est\u00e1 prevista para principios de 2021. Adem\u00e1s, Herne asumir\u00e1 la funci\u00f3n de centro log\u00edstico de transporte central en NRW y se convertir\u00e1 as\u00ed en un punto de conexi\u00f3n para la red de carga consolidada de NORDFROST, que est\u00e1 establecida en todo el pa\u00eds y conectada a nivel europeo.<\/p>\n<h5><strong>Segundo almac\u00e9n autom\u00e1tico de congelados en construcci\u00f3n<\/strong><\/h5>\n<p>Dr. Falk Bartels y Britta Bartels, socios gerentes: \u201cLa apertura de nuestro primer almac\u00e9n de estanter\u00edas altas totalmente autom\u00e1tico es un hito en la historia de NORDFROST. Nos complace enormemente que esto ocurra hoy, en el cumplea\u00f1os de nuestro padre y fundador de la empresa, Horst Bartels (06.11.1944 - 01.02.2020), quien dirigi\u00f3 los destinos de la empresa familiar hasta el final y que valoraba mucho la ubicaci\u00f3n futura en Herne, adem\u00e1s de nuestra log\u00edstica portuaria.\u201d As\u00ed, se est\u00e1 construyendo el segundo almac\u00e9n autom\u00e1tico de congelados de NORDFROST en el puerto de contenedores de Wilhelmshaven, con una capacidad de 40,000 espacios para paletas, que se completar\u00e1 a mediados del pr\u00f3ximo a\u00f1o.<\/p>\n<h5><strong>Sobre NORDFROST<\/strong><\/h5>\n<p>NORDFROST, con sede en Schortens cerca de Wilhelmshaven, es el principal proveedor de log\u00edstica de congelados en Alemania y opera a nivel internacional. La empresa familiar, que existe desde 1975, gener\u00f3 en 2019 una facturaci\u00f3n de 430 millones de euros y mantiene 40 ubicaciones de almacenes de congelados en Alemania con 3,000 empleados, con una capacidad en constante crecimiento de aproximadamente 850,000 espacios para paletas, que se espera que aumente a alrededor de 900,000 espacios para el final de 2020 tras la puesta en funcionamiento de la nueva construcci\u00f3n en M\u00fccke. Estas forman la base de una red de carga consolidada a nivel nacional para la distribuci\u00f3n de productos congelados. NORDFROST gestiona diariamente 1,600 camiones. Estos se utilizan en toda Alemania y Europa, incluyendo la distribuci\u00f3n de cargas consolidadas en todos los mercados europeos en los que el proveedor de log\u00edstica colabora con socios estrat\u00e9gicos. La m\u00e1s alta conciencia de calidad, competencia en IT y sostenibilidad son caracter\u00edsticas distintivas de NORDFROST. En el marco de la gesti\u00f3n de la cadena de suministro, se ofrecen a los clientes de toda la industria alimentaria (industria alimentaria, comercio minorista de alimentos, mayoristas, importaci\u00f3n y exportaci\u00f3n) soluciones individuales y completas en torno a almacenamiento, transporte, log\u00edstica comercial y portuaria. En la log\u00edstica portuaria de NORDFROST, el enfoque actual est\u00e1 en Wilhelmshaven. La terminal de puerto mar\u00edtimo de NORDFROST se encuentra directamente en el \u00fanico puerto de aguas profundas para contenedores de Alemania y ofrece conceptos log\u00edsticos a medida tanto para productos congelados y frescos como para mercanc\u00edas secas, como alimentos no refrigerados o productos de promoci\u00f3n, hasta cargas pesadas. Tambi\u00e9n se establecer\u00e1 una oferta similar en el puerto de Wesel. Se iniciar\u00e1 en la primavera de 2021 con un propio manejo de contenedores de barco interior.<\/p>\n<p><a href=\"https:\/\/www.nordfrost.de\/\" target=\"_blank\" rel=\"noopener noreferrer\">www.nordfrost.de<\/a><\/p>\n<p>Imagen: \u00a9 <strong>NORDFROST GmbH &amp; Co. KG<\/strong><\/p>\n","protected":false},"excerpt":{"rendered":"<p>La NORDFROST GmbH &amp; Co. KG celebra con la apertura de su nuevo almac\u00e9n de congelados en estanter\u00edas altas en Herne un hito en la historia<span class=\"excerpt-hellip\"> [\u2026]<\/span><\/p>\n","protected":false},"author":0,"featured_media":0,"comment_status":"open","ping_status":"open","sticky":false,"template":"","format":"standard","meta":{"_acf_changed":false,"footnotes":""},"categories":[1557,1560,1561],"tags":[],"class_list":["post-21116","post","type-post","status-publish","format-standard","hentry","category-forwarding-logistics","category-intralogistics","category-regions"],"acf":[],"yoast_head":"<!-- This site is optimized with the Yoast SEO plugin v27.3 - https:\/\/yoast.com\/product\/yoast-seo-wordpress\/ -->\n<title>NORDFROST pone en funcionamiento su almac\u00e9n de congelados en estanter\u00edas altas en Herne - Loginfo24<\/title>\n<meta name=\"robots\" content=\"index, follow, max-snippet:-1, max-image-preview:large, max-video-preview:-1\" \/>\n<link rel=\"canonical\" href=\"https:\/\/loginfo24.com\/es\/2020\/11\/10\/nordfrost-pone-en-funcionamiento-su-almacen-de-congelados-en-estanterias-altas-en-herne\/\" \/>\n<meta property=\"og:locale\" content=\"es_ES\" \/>\n<meta property=\"og:type\" content=\"article\" \/>\n<meta property=\"og:title\" content=\"NORDFROST pone en funcionamiento su almac\u00e9n de congelados en estanter\u00edas altas en Herne - Loginfo24\" \/>\n<meta property=\"og:description\" content=\"La NORDFROST GmbH &amp; Co. KG celebra con la apertura de su nuevo almac\u00e9n de congelados en estanter\u00edas altas en Herne un hito en la historia [\u2026]\" \/>\n<meta property=\"og:url\" content=\"https:\/\/loginfo24.com\/es\/2020\/11\/10\/nordfrost-pone-en-funcionamiento-su-almacen-de-congelados-en-estanterias-altas-en-herne\/\" \/>\n<meta property=\"og:site_name\" content=\"Loginfo24\" \/>\n<meta property=\"article:publisher\" content=\"https:\/\/www.facebook.com\/people\/Loginfo24\/100057360583332\/\" \/>\n<meta property=\"article:published_time\" content=\"2020-11-10T06:30:55+00:00\" \/>\n<meta property=\"article:modified_time\" content=\"2025-12-15T11:42:38+00:00\" \/>\n<meta name=\"twitter:card\" content=\"summary_large_image\" \/>\n<meta name=\"twitter:label1\" content=\"Tiempo de lectura\" \/>\n\t<meta name=\"twitter:data1\" content=\"3 minuto\" \/>\n<script type=\"application\/ld+json\" class=\"yoast-schema-graph\">{\"@context\":\"https:\\\/\\\/schema.org\",\"@graph\":[{\"@type\":\"Article\",\"@id\":\"https:\\\/\\\/loginfo24.com\\\/es\\\/2020\\\/11\\\/10\\\/nordfrost-pone-en-funcionamiento-su-almacen-de-congelados-en-estanterias-altas-en-herne\\\/#article\",\"isPartOf\":{\"@id\":\"https:\\\/\\\/loginfo24.com\\\/es\\\/2020\\\/11\\\/10\\\/nordfrost-pone-en-funcionamiento-su-almacen-de-congelados-en-estanterias-altas-en-herne\\\/\"},\"author\":{\"name\":\"\",\"@id\":\"\"},\"headline\":\"NORDFROST pone en funcionamiento su almac\u00e9n de congelados en estanter\u00edas altas en Herne\",\"datePublished\":\"2020-11-10T06:30:55+00:00\",\"dateModified\":\"2025-12-15T11:42:38+00:00\",\"mainEntityOfPage\":{\"@id\":\"https:\\\/\\\/loginfo24.com\\\/es\\\/2020\\\/11\\\/10\\\/nordfrost-pone-en-funcionamiento-su-almacen-de-congelados-en-estanterias-altas-en-herne\\\/\"},\"wordCount\":701,\"commentCount\":0,\"publisher\":{\"@id\":\"https:\\\/\\\/loginfo24.com\\\/es\\\/#organization\"},\"articleSection\":[\"Forwarding &amp; Logistics\",\"Intralogistics\",\"Regions\"],\"inLanguage\":\"es\",\"potentialAction\":[{\"@type\":\"CommentAction\",\"name\":\"Comment\",\"target\":[\"https:\\\/\\\/loginfo24.com\\\/es\\\/2020\\\/11\\\/10\\\/nordfrost-pone-en-funcionamiento-su-almacen-de-congelados-en-estanterias-altas-en-herne\\\/#respond\"]}]},{\"@type\":\"WebPage\",\"@id\":\"https:\\\/\\\/loginfo24.com\\\/es\\\/2020\\\/11\\\/10\\\/nordfrost-pone-en-funcionamiento-su-almacen-de-congelados-en-estanterias-altas-en-herne\\\/\",\"url\":\"https:\\\/\\\/loginfo24.com\\\/es\\\/2020\\\/11\\\/10\\\/nordfrost-pone-en-funcionamiento-su-almacen-de-congelados-en-estanterias-altas-en-herne\\\/\",\"name\":\"NORDFROST pone en funcionamiento su almac\u00e9n de congelados en estanter\u00edas altas en Herne - Loginfo24\",\"isPartOf\":{\"@id\":\"https:\\\/\\\/loginfo24.com\\\/es\\\/#website\"},\"datePublished\":\"2020-11-10T06:30:55+00:00\",\"dateModified\":\"2025-12-15T11:42:38+00:00\",\"breadcrumb\":{\"@id\":\"https:\\\/\\\/loginfo24.com\\\/es\\\/2020\\\/11\\\/10\\\/nordfrost-pone-en-funcionamiento-su-almacen-de-congelados-en-estanterias-altas-en-herne\\\/#breadcrumb\"},\"inLanguage\":\"es\",\"potentialAction\":[{\"@type\":\"ReadAction\",\"target\":[\"https:\\\/\\\/loginfo24.com\\\/es\\\/2020\\\/11\\\/10\\\/nordfrost-pone-en-funcionamiento-su-almacen-de-congelados-en-estanterias-altas-en-herne\\\/\"]}]},{\"@type\":\"BreadcrumbList\",\"@id\":\"https:\\\/\\\/loginfo24.com\\\/es\\\/2020\\\/11\\\/10\\\/nordfrost-pone-en-funcionamiento-su-almacen-de-congelados-en-estanterias-altas-en-herne\\\/#breadcrumb\",\"itemListElement\":[{\"@type\":\"ListItem\",\"position\":1,\"name\":\"Startseite\",\"item\":\"https:\\\/\\\/loginfo24.com\\\/es\\\/\"},{\"@type\":\"ListItem\",\"position\":2,\"name\":\"NORDFROST pone en funcionamiento su almac\u00e9n de congelados en estanter\u00edas altas en Herne\"}]},{\"@type\":\"WebSite\",\"@id\":\"https:\\\/\\\/loginfo24.com\\\/es\\\/#website\",\"url\":\"https:\\\/\\\/loginfo24.com\\\/es\\\/\",\"name\":\"Loginfo24\",\"description\":\"Loginfo24 es la plataforma dedicada a la log\u00edstica y las cadenas de suministro con informaci\u00f3n las 24 horas del d\u00eda.\",\"publisher\":{\"@id\":\"https:\\\/\\\/loginfo24.com\\\/es\\\/#organization\"},\"potentialAction\":[{\"@type\":\"SearchAction\",\"target\":{\"@type\":\"EntryPoint\",\"urlTemplate\":\"https:\\\/\\\/loginfo24.com\\\/es\\\/?s={search_term_string}\"},\"query-input\":{\"@type\":\"PropertyValueSpecification\",\"valueRequired\":true,\"valueName\":\"search_term_string\"}}],\"inLanguage\":\"es\"},{\"@type\":\"Organization\",\"@id\":\"https:\\\/\\\/loginfo24.com\\\/es\\\/#organization\",\"name\":\"Grupo Logismedia AG\",\"url\":\"https:\\\/\\\/loginfo24.com\\\/es\\\/\",\"logo\":{\"@type\":\"ImageObject\",\"inLanguage\":\"es\",\"@id\":\"https:\\\/\\\/loginfo24.com\\\/es\\\/#\\\/schema\\\/logo\\\/image\\\/\",\"url\":\"https:\\\/\\\/loginfo24.com\\\/wp-content\\\/uploads\\\/sites\\\/7\\\/2026\\\/01\\\/Logo_LogInfo24.png\",\"contentUrl\":\"https:\\\/\\\/loginfo24.com\\\/wp-content\\\/uploads\\\/sites\\\/7\\\/2026\\\/01\\\/Logo_LogInfo24.png\",\"width\":938,\"height\":351,\"caption\":\"Grupo Logismedia AG\"},\"image\":{\"@id\":\"https:\\\/\\\/loginfo24.com\\\/es\\\/#\\\/schema\\\/logo\\\/image\\\/\"},\"sameAs\":[\"https:\\\/\\\/www.facebook.com\\\/people\\\/Loginfo24\\\/100057360583332\\\/\",\"https:\\\/\\\/www.linkedin.com\\\/company\\\/lofinfo24\\\/\"]}]}<\/script>\n<!-- \/ Yoast SEO plugin. -->","yoast_head_json":{"title":"NORDFROST pone en funcionamiento su almac\u00e9n de congelados en estanter\u00edas altas en Herne - Loginfo24","robots":{"index":"index","follow":"follow","max-snippet":"max-snippet:-1","max-image-preview":"max-image-preview:large","max-video-preview":"max-video-preview:-1"},"canonical":"https:\/\/loginfo24.com\/es\/2020\/11\/10\/nordfrost-pone-en-funcionamiento-su-almacen-de-congelados-en-estanterias-altas-en-herne\/","og_locale":"es_ES","og_type":"article","og_title":"NORDFROST pone en funcionamiento su almac\u00e9n de congelados en estanter\u00edas altas en Herne - Loginfo24","og_description":"La NORDFROST GmbH &amp; Co. KG celebra con la apertura de su nuevo almac\u00e9n de congelados en estanter\u00edas altas en Herne un hito en la historia [\u2026]","og_url":"https:\/\/loginfo24.com\/es\/2020\/11\/10\/nordfrost-pone-en-funcionamiento-su-almacen-de-congelados-en-estanterias-altas-en-herne\/","og_site_name":"Loginfo24","article_publisher":"https:\/\/www.facebook.com\/people\/Loginfo24\/100057360583332\/","article_published_time":"2020-11-10T06:30:55+00:00","article_modified_time":"2025-12-15T11:42:38+00:00","twitter_card":"summary_large_image","twitter_misc":{"Tiempo de lectura":"3 minuto"},"schema":{"@context":"https:\/\/schema.org","@graph":[{"@type":"Article","@id":"https:\/\/loginfo24.com\/es\/2020\/11\/10\/nordfrost-pone-en-funcionamiento-su-almacen-de-congelados-en-estanterias-altas-en-herne\/#article","isPartOf":{"@id":"https:\/\/loginfo24.com\/es\/2020\/11\/10\/nordfrost-pone-en-funcionamiento-su-almacen-de-congelados-en-estanterias-altas-en-herne\/"},"author":{"name":"","@id":""},"headline":"NORDFROST pone en funcionamiento su almac\u00e9n de congelados en estanter\u00edas altas en Herne","datePublished":"2020-11-10T06:30:55+00:00","dateModified":"2025-12-15T11:42:38+00:00","mainEntityOfPage":{"@id":"https:\/\/loginfo24.com\/es\/2020\/11\/10\/nordfrost-pone-en-funcionamiento-su-almacen-de-congelados-en-estanterias-altas-en-herne\/"},"wordCount":701,"commentCount":0,"publisher":{"@id":"https:\/\/loginfo24.com\/es\/#organization"},"articleSection":["Forwarding &amp; Logistics","Intralogistics","Regions"],"inLanguage":"es","potentialAction":[{"@type":"CommentAction","name":"Comment","target":["https:\/\/loginfo24.com\/es\/2020\/11\/10\/nordfrost-pone-en-funcionamiento-su-almacen-de-congelados-en-estanterias-altas-en-herne\/#respond"]}]},{"@type":"WebPage","@id":"https:\/\/loginfo24.com\/es\/2020\/11\/10\/nordfrost-pone-en-funcionamiento-su-almacen-de-congelados-en-estanterias-altas-en-herne\/","url":"https:\/\/loginfo24.com\/es\/2020\/11\/10\/nordfrost-pone-en-funcionamiento-su-almacen-de-congelados-en-estanterias-altas-en-herne\/","name":"NORDFROST pone en funcionamiento su almac\u00e9n de congelados en estanter\u00edas altas en Herne - Loginfo24","isPartOf":{"@id":"https:\/\/loginfo24.com\/es\/#website"},"datePublished":"2020-11-10T06:30:55+00:00","dateModified":"2025-12-15T11:42:38+00:00","breadcrumb":{"@id":"https:\/\/loginfo24.com\/es\/2020\/11\/10\/nordfrost-pone-en-funcionamiento-su-almacen-de-congelados-en-estanterias-altas-en-herne\/#breadcrumb"},"inLanguage":"es","potentialAction":[{"@type":"ReadAction","target":["https:\/\/loginfo24.com\/es\/2020\/11\/10\/nordfrost-pone-en-funcionamiento-su-almacen-de-congelados-en-estanterias-altas-en-herne\/"]}]},{"@type":"BreadcrumbList","@id":"https:\/\/loginfo24.com\/es\/2020\/11\/10\/nordfrost-pone-en-funcionamiento-su-almacen-de-congelados-en-estanterias-altas-en-herne\/#breadcrumb","itemListElement":[{"@type":"ListItem","position":1,"name":"Startseite","item":"https:\/\/loginfo24.com\/es\/"},{"@type":"ListItem","position":2,"name":"NORDFROST pone en funcionamiento su almac\u00e9n de congelados en estanter\u00edas altas en Herne"}]},{"@type":"WebSite","@id":"https:\/\/loginfo24.com\/es\/#website","url":"https:\/\/loginfo24.com\/es\/","name":"Loginfo24","description":"Loginfo24 es la plataforma dedicada a la log\u00edstica y las cadenas de suministro con informaci\u00f3n las 24 horas del d\u00eda.","publisher":{"@id":"https:\/\/loginfo24.com\/es\/#organization"},"potentialAction":[{"@type":"SearchAction","target":{"@type":"EntryPoint","urlTemplate":"https:\/\/loginfo24.com\/es\/?s={search_term_string}"},"query-input":{"@type":"PropertyValueSpecification","valueRequired":true,"valueName":"search_term_string"}}],"inLanguage":"es"},{"@type":"Organization","@id":"https:\/\/loginfo24.com\/es\/#organization","name":"Grupo Logismedia AG","url":"https:\/\/loginfo24.com\/es\/","logo":{"@type":"ImageObject","inLanguage":"es","@id":"https:\/\/loginfo24.com\/es\/#\/schema\/logo\/image\/","url":"https:\/\/loginfo24.com\/wp-content\/uploads\/sites\/7\/2026\/01\/Logo_LogInfo24.png","contentUrl":"https:\/\/loginfo24.com\/wp-content\/uploads\/sites\/7\/2026\/01\/Logo_LogInfo24.png","width":938,"height":351,"caption":"Grupo Logismedia AG"},"image":{"@id":"https:\/\/loginfo24.com\/es\/#\/schema\/logo\/image\/"},"sameAs":["https:\/\/www.facebook.com\/people\/Loginfo24\/100057360583332\/","https:\/\/www.linkedin.com\/company\/lofinfo24\/"]}]}},"_links":{"self":[{"href":"https:\/\/loginfo24.com\/es\/wp-json\/wp\/v2\/posts\/21116","targetHints":{"allow":["GET"]}}],"collection":[{"href":"https:\/\/loginfo24.com\/es\/wp-json\/wp\/v2\/posts"}],"about":[{"href":"https:\/\/loginfo24.com\/es\/wp-json\/wp\/v2\/types\/post"}],"replies":[{"embeddable":true,"href":"https:\/\/loginfo24.com\/es\/wp-json\/wp\/v2\/comments?post=21116"}],"version-history":[{"count":1,"href":"https:\/\/loginfo24.com\/es\/wp-json\/wp\/v2\/posts\/21116\/revisions"}],"predecessor-version":[{"id":38426,"href":"https:\/\/loginfo24.com\/es\/wp-json\/wp\/v2\/posts\/21116\/revisions\/38426"}],"wp:attachment":[{"href":"https:\/\/loginfo24.com\/es\/wp-json\/wp\/v2\/media?parent=21116"}],"wp:term":[{"taxonomy":"category","embeddable":true,"href":"https:\/\/loginfo24.com\/es\/wp-json\/wp\/v2\/categories?post=21116"},{"taxonomy":"post_tag","embeddable":true,"href":"https:\/\/loginfo24.com\/es\/wp-json\/wp\/v2\/tags?post=21116"}],"curies":[{"name":"wp","href":"https:\/\/api.w.org\/{rel}","templated":true}]}}