{"id":20993,"date":"2020-11-04T07:39:14","date_gmt":"2020-11-04T06:39:14","guid":{"rendered":"https:\/\/blog.brand-architecture.at\/2020\/11\/04\/gebruder-weiss-inicia-el-transporte-de-carga-consolidada-de-viena-a-moscu\/"},"modified":"2025-12-15T12:42:07","modified_gmt":"2025-12-15T11:42:07","slug":"gebruder-weiss-inicia-el-transporte-de-carga-consolidada-de-viena-a-moscu","status":"publish","type":"post","link":"https:\/\/loginfo24.com\/es\/2020\/11\/04\/gebruder-weiss-inicia-el-transporte-de-carga-consolidada-de-viena-a-moscu\/","title":{"rendered":"Gebr\u00fcder Weiss inicia el transporte de carga consolidada de Viena a Mosc\u00fa"},"content":{"rendered":"<p>La empresa Gebr\u00fcder Weiss GmbH inicia la segunda l\u00ednea de transporte de Europa Central a Rusia. El gran volumen de exportaci\u00f3n de las empresas de Europa Central hacia la Federaci\u00f3n Rusa ofrece un gran potencial para Weiss. La l\u00ednea de carga consolidada Viena-Mosc\u00fa es, por lo tanto, la consecuencia l\u00f3gica para Weiss.<\/p>\n<p>(Lauterach \/ Mosc\u00fa) \u2013 A partir del 2 de noviembre, Gebr\u00fcder Weiss lanzar\u00e1 una nueva conexi\u00f3n semanal entre Viena y Mosc\u00fa. Con esto, la empresa ampl\u00eda su oferta de transporte para carga consolidada hacia Rusia. Es la segunda conexi\u00f3n directa regular de Gebr\u00fcder Weiss a la capital rusa. Desde hace dos a\u00f1os, el operador log\u00edstico ha estado llevando a cabo un exitoso transporte de carga consolidada desde Memmingen, en Baviera, hacia Mosc\u00fa. Debido a su enorme tama\u00f1o y aproximadamente 140 millones de habitantes, Rusia es un mercado de ventas interesante, especialmente para las empresas europeas orientadas a la exportaci\u00f3n.<\/p>\n<h5><strong>Buenas experiencias de la l\u00ednea Memmingen-Mosc\u00fa<\/strong><\/h5>\n<p> \u00abLa nueva l\u00ednea de carga consolidada Viena-Mosc\u00fa responde a la creciente demanda de nuestros clientes por servicios regulares hacia Rusia. Hemos tenido buenas experiencias con la l\u00ednea Memmingen-Mosc\u00fa, que ahora podemos utilizar para el desarrollo de la segunda conexi\u00f3n\u00bb, dice Thomas Moser, director y jefe regional del Mar Negro\/CIS en Gebr\u00fcder Weiss. Viena act\u00faa como un centro de transbordo de mercanc\u00edas para los transportes desde Europa Central, Oriental y Sudoriental. Se transportan principalmente bienes de consumo, piezas de autom\u00f3viles y componentes industriales.<\/p>\n<h5><strong>Duraci\u00f3n del transporte de cuatro d\u00edas<\/strong><\/h5>\n<p> Inicialmente, Gebr\u00fcder Weiss comenzar\u00e1 con salidas semanales los viernes desde Viena. La duraci\u00f3n del transporte hasta Mosc\u00fa es de cuatro d\u00edas. La entrega a nivel nacional a los destinatarios de mercanc\u00edas dentro de Rusia es garantizada por el socio exclusivo del operador log\u00edstico, JDE (Zheldor Ekspeditsiya). Con 244 ubicaciones en la Federaci\u00f3n Rusa, la empresa de carga consolidada cuenta con una de las redes de distribuci\u00f3n m\u00e1s grandes entre Smolensk y Vladivostok. A medio plazo, Gebr\u00fcder Weiss planea aumentar la frecuencia de las dos l\u00edneas de transporte. Se prev\u00e9n m\u00e1s l\u00edneas de carga consolidada desde Europa hacia Rusia.<\/p>\n<p>Para m\u00e1s informaci\u00f3n sobre los transportes de carga consolidada, visite:<br \/><a href=\"https:\/\/www.gw-world.com\/de\/russland-sammelgut\" target=\"_blank\" rel=\"noopener noreferrer\">www.gw-world.com\/de\/russland-sammelgut<\/a><\/p>\n<p><a href=\"https:\/\/www.gw-world.com\/\" target=\"_blank\" rel=\"noopener noreferrer\">www.gw-world.com<\/a><\/p>\n<p>Imagen: Gebr\u00fcder Weiss ofrecer\u00e1 a sus clientes a partir de noviembre una l\u00ednea semanal de carga consolidada entre Viena y Mosc\u00fa. - \u00a9 Gebr\u00fcder Weiss GmbH<\/p>\n","protected":false},"excerpt":{"rendered":"<p>La empresa Gebr\u00fcder Weiss GmbH inicia la segunda l\u00ednea de transporte de Europa Central a Rusia. El gran volumen de exportaci\u00f3n de las empresas de Europa<span class=\"excerpt-hellip\"> [\u2026]<\/span><\/p>\n","protected":false},"author":0,"featured_media":0,"comment_status":"open","ping_status":"open","sticky":false,"template":"","format":"standard","meta":{"_acf_changed":false,"footnotes":""},"categories":[1560,1561],"tags":[],"class_list":["post-20993","post","type-post","status-publish","format-standard","hentry","category-intralogistics","category-regions"],"acf":[],"yoast_head":"<!-- This site is optimized with the Yoast SEO plugin v27.3 - https:\/\/yoast.com\/product\/yoast-seo-wordpress\/ -->\n<title>Gebr\u00fcder Weiss inicia el transporte de carga consolidada de Viena a Mosc\u00fa - Loginfo24<\/title>\n<meta name=\"robots\" content=\"index, follow, max-snippet:-1, max-image-preview:large, max-video-preview:-1\" \/>\n<link rel=\"canonical\" href=\"https:\/\/loginfo24.com\/es\/2020\/11\/04\/gebruder-weiss-inicia-el-transporte-de-carga-consolidada-de-viena-a-moscu\/\" \/>\n<meta property=\"og:locale\" content=\"es_ES\" \/>\n<meta property=\"og:type\" content=\"article\" \/>\n<meta property=\"og:title\" content=\"Gebr\u00fcder Weiss inicia el transporte de carga consolidada de Viena a Mosc\u00fa - Loginfo24\" \/>\n<meta property=\"og:description\" content=\"La empresa Gebr\u00fcder Weiss GmbH inicia la segunda l\u00ednea de transporte de Europa Central a Rusia. El gran volumen de exportaci\u00f3n de las empresas de Europa [\u2026]\" \/>\n<meta property=\"og:url\" content=\"https:\/\/loginfo24.com\/es\/2020\/11\/04\/gebruder-weiss-inicia-el-transporte-de-carga-consolidada-de-viena-a-moscu\/\" \/>\n<meta property=\"og:site_name\" content=\"Loginfo24\" \/>\n<meta property=\"article:publisher\" content=\"https:\/\/www.facebook.com\/people\/Loginfo24\/100057360583332\/\" \/>\n<meta property=\"article:published_time\" content=\"2020-11-04T06:39:14+00:00\" \/>\n<meta property=\"article:modified_time\" content=\"2025-12-15T11:42:07+00:00\" \/>\n<meta name=\"twitter:card\" content=\"summary_large_image\" \/>\n<meta name=\"twitter:label1\" content=\"Tiempo de lectura\" \/>\n\t<meta name=\"twitter:data1\" content=\"2 minuto\" \/>\n<script type=\"application\/ld+json\" class=\"yoast-schema-graph\">{\"@context\":\"https:\\\/\\\/schema.org\",\"@graph\":[{\"@type\":\"Article\",\"@id\":\"https:\\\/\\\/loginfo24.com\\\/es\\\/2020\\\/11\\\/04\\\/gebruder-weiss-inicia-el-transporte-de-carga-consolidada-de-viena-a-moscu\\\/#article\",\"isPartOf\":{\"@id\":\"https:\\\/\\\/loginfo24.com\\\/es\\\/2020\\\/11\\\/04\\\/gebruder-weiss-inicia-el-transporte-de-carga-consolidada-de-viena-a-moscu\\\/\"},\"author\":{\"name\":\"\",\"@id\":\"\"},\"headline\":\"Gebr\u00fcder Weiss inicia el transporte de carga consolidada de Viena a Mosc\u00fa\",\"datePublished\":\"2020-11-04T06:39:14+00:00\",\"dateModified\":\"2025-12-15T11:42:07+00:00\",\"mainEntityOfPage\":{\"@id\":\"https:\\\/\\\/loginfo24.com\\\/es\\\/2020\\\/11\\\/04\\\/gebruder-weiss-inicia-el-transporte-de-carga-consolidada-de-viena-a-moscu\\\/\"},\"wordCount\":438,\"commentCount\":0,\"publisher\":{\"@id\":\"https:\\\/\\\/loginfo24.com\\\/es\\\/#organization\"},\"articleSection\":[\"Intralogistics\",\"Regions\"],\"inLanguage\":\"es\",\"potentialAction\":[{\"@type\":\"CommentAction\",\"name\":\"Comment\",\"target\":[\"https:\\\/\\\/loginfo24.com\\\/es\\\/2020\\\/11\\\/04\\\/gebruder-weiss-inicia-el-transporte-de-carga-consolidada-de-viena-a-moscu\\\/#respond\"]}]},{\"@type\":\"WebPage\",\"@id\":\"https:\\\/\\\/loginfo24.com\\\/es\\\/2020\\\/11\\\/04\\\/gebruder-weiss-inicia-el-transporte-de-carga-consolidada-de-viena-a-moscu\\\/\",\"url\":\"https:\\\/\\\/loginfo24.com\\\/es\\\/2020\\\/11\\\/04\\\/gebruder-weiss-inicia-el-transporte-de-carga-consolidada-de-viena-a-moscu\\\/\",\"name\":\"Gebr\u00fcder Weiss inicia el transporte de carga consolidada de Viena a Mosc\u00fa - Loginfo24\",\"isPartOf\":{\"@id\":\"https:\\\/\\\/loginfo24.com\\\/es\\\/#website\"},\"datePublished\":\"2020-11-04T06:39:14+00:00\",\"dateModified\":\"2025-12-15T11:42:07+00:00\",\"breadcrumb\":{\"@id\":\"https:\\\/\\\/loginfo24.com\\\/es\\\/2020\\\/11\\\/04\\\/gebruder-weiss-inicia-el-transporte-de-carga-consolidada-de-viena-a-moscu\\\/#breadcrumb\"},\"inLanguage\":\"es\",\"potentialAction\":[{\"@type\":\"ReadAction\",\"target\":[\"https:\\\/\\\/loginfo24.com\\\/es\\\/2020\\\/11\\\/04\\\/gebruder-weiss-inicia-el-transporte-de-carga-consolidada-de-viena-a-moscu\\\/\"]}]},{\"@type\":\"BreadcrumbList\",\"@id\":\"https:\\\/\\\/loginfo24.com\\\/es\\\/2020\\\/11\\\/04\\\/gebruder-weiss-inicia-el-transporte-de-carga-consolidada-de-viena-a-moscu\\\/#breadcrumb\",\"itemListElement\":[{\"@type\":\"ListItem\",\"position\":1,\"name\":\"Startseite\",\"item\":\"https:\\\/\\\/loginfo24.com\\\/es\\\/\"},{\"@type\":\"ListItem\",\"position\":2,\"name\":\"Gebr\u00fcder Weiss inicia el transporte de carga consolidada de Viena a Mosc\u00fa\"}]},{\"@type\":\"WebSite\",\"@id\":\"https:\\\/\\\/loginfo24.com\\\/es\\\/#website\",\"url\":\"https:\\\/\\\/loginfo24.com\\\/es\\\/\",\"name\":\"Loginfo24\",\"description\":\"Loginfo24 es la plataforma dedicada a la log\u00edstica y las cadenas de suministro con informaci\u00f3n las 24 horas del d\u00eda.\",\"publisher\":{\"@id\":\"https:\\\/\\\/loginfo24.com\\\/es\\\/#organization\"},\"potentialAction\":[{\"@type\":\"SearchAction\",\"target\":{\"@type\":\"EntryPoint\",\"urlTemplate\":\"https:\\\/\\\/loginfo24.com\\\/es\\\/?s={search_term_string}\"},\"query-input\":{\"@type\":\"PropertyValueSpecification\",\"valueRequired\":true,\"valueName\":\"search_term_string\"}}],\"inLanguage\":\"es\"},{\"@type\":\"Organization\",\"@id\":\"https:\\\/\\\/loginfo24.com\\\/es\\\/#organization\",\"name\":\"Grupo Logismedia AG\",\"url\":\"https:\\\/\\\/loginfo24.com\\\/es\\\/\",\"logo\":{\"@type\":\"ImageObject\",\"inLanguage\":\"es\",\"@id\":\"https:\\\/\\\/loginfo24.com\\\/es\\\/#\\\/schema\\\/logo\\\/image\\\/\",\"url\":\"https:\\\/\\\/loginfo24.com\\\/wp-content\\\/uploads\\\/sites\\\/7\\\/2026\\\/01\\\/Logo_LogInfo24.png\",\"contentUrl\":\"https:\\\/\\\/loginfo24.com\\\/wp-content\\\/uploads\\\/sites\\\/7\\\/2026\\\/01\\\/Logo_LogInfo24.png\",\"width\":938,\"height\":351,\"caption\":\"Grupo Logismedia AG\"},\"image\":{\"@id\":\"https:\\\/\\\/loginfo24.com\\\/es\\\/#\\\/schema\\\/logo\\\/image\\\/\"},\"sameAs\":[\"https:\\\/\\\/www.facebook.com\\\/people\\\/Loginfo24\\\/100057360583332\\\/\",\"https:\\\/\\\/www.linkedin.com\\\/company\\\/lofinfo24\\\/\"]}]}<\/script>\n<!-- \/ Yoast SEO plugin. -->","yoast_head_json":{"title":"Gebr\u00fcder Weiss inicia el transporte de carga consolidada de Viena a Mosc\u00fa - Loginfo24","robots":{"index":"index","follow":"follow","max-snippet":"max-snippet:-1","max-image-preview":"max-image-preview:large","max-video-preview":"max-video-preview:-1"},"canonical":"https:\/\/loginfo24.com\/es\/2020\/11\/04\/gebruder-weiss-inicia-el-transporte-de-carga-consolidada-de-viena-a-moscu\/","og_locale":"es_ES","og_type":"article","og_title":"Gebr\u00fcder Weiss inicia el transporte de carga consolidada de Viena a Mosc\u00fa - Loginfo24","og_description":"La empresa Gebr\u00fcder Weiss GmbH inicia la segunda l\u00ednea de transporte de Europa Central a Rusia. El gran volumen de exportaci\u00f3n de las empresas de Europa [\u2026]","og_url":"https:\/\/loginfo24.com\/es\/2020\/11\/04\/gebruder-weiss-inicia-el-transporte-de-carga-consolidada-de-viena-a-moscu\/","og_site_name":"Loginfo24","article_publisher":"https:\/\/www.facebook.com\/people\/Loginfo24\/100057360583332\/","article_published_time":"2020-11-04T06:39:14+00:00","article_modified_time":"2025-12-15T11:42:07+00:00","twitter_card":"summary_large_image","twitter_misc":{"Tiempo de lectura":"2 minuto"},"schema":{"@context":"https:\/\/schema.org","@graph":[{"@type":"Article","@id":"https:\/\/loginfo24.com\/es\/2020\/11\/04\/gebruder-weiss-inicia-el-transporte-de-carga-consolidada-de-viena-a-moscu\/#article","isPartOf":{"@id":"https:\/\/loginfo24.com\/es\/2020\/11\/04\/gebruder-weiss-inicia-el-transporte-de-carga-consolidada-de-viena-a-moscu\/"},"author":{"name":"","@id":""},"headline":"Gebr\u00fcder Weiss inicia el transporte de carga consolidada de Viena a Mosc\u00fa","datePublished":"2020-11-04T06:39:14+00:00","dateModified":"2025-12-15T11:42:07+00:00","mainEntityOfPage":{"@id":"https:\/\/loginfo24.com\/es\/2020\/11\/04\/gebruder-weiss-inicia-el-transporte-de-carga-consolidada-de-viena-a-moscu\/"},"wordCount":438,"commentCount":0,"publisher":{"@id":"https:\/\/loginfo24.com\/es\/#organization"},"articleSection":["Intralogistics","Regions"],"inLanguage":"es","potentialAction":[{"@type":"CommentAction","name":"Comment","target":["https:\/\/loginfo24.com\/es\/2020\/11\/04\/gebruder-weiss-inicia-el-transporte-de-carga-consolidada-de-viena-a-moscu\/#respond"]}]},{"@type":"WebPage","@id":"https:\/\/loginfo24.com\/es\/2020\/11\/04\/gebruder-weiss-inicia-el-transporte-de-carga-consolidada-de-viena-a-moscu\/","url":"https:\/\/loginfo24.com\/es\/2020\/11\/04\/gebruder-weiss-inicia-el-transporte-de-carga-consolidada-de-viena-a-moscu\/","name":"Gebr\u00fcder Weiss inicia el transporte de carga consolidada de Viena a Mosc\u00fa - Loginfo24","isPartOf":{"@id":"https:\/\/loginfo24.com\/es\/#website"},"datePublished":"2020-11-04T06:39:14+00:00","dateModified":"2025-12-15T11:42:07+00:00","breadcrumb":{"@id":"https:\/\/loginfo24.com\/es\/2020\/11\/04\/gebruder-weiss-inicia-el-transporte-de-carga-consolidada-de-viena-a-moscu\/#breadcrumb"},"inLanguage":"es","potentialAction":[{"@type":"ReadAction","target":["https:\/\/loginfo24.com\/es\/2020\/11\/04\/gebruder-weiss-inicia-el-transporte-de-carga-consolidada-de-viena-a-moscu\/"]}]},{"@type":"BreadcrumbList","@id":"https:\/\/loginfo24.com\/es\/2020\/11\/04\/gebruder-weiss-inicia-el-transporte-de-carga-consolidada-de-viena-a-moscu\/#breadcrumb","itemListElement":[{"@type":"ListItem","position":1,"name":"Startseite","item":"https:\/\/loginfo24.com\/es\/"},{"@type":"ListItem","position":2,"name":"Gebr\u00fcder Weiss inicia el transporte de carga consolidada de Viena a Mosc\u00fa"}]},{"@type":"WebSite","@id":"https:\/\/loginfo24.com\/es\/#website","url":"https:\/\/loginfo24.com\/es\/","name":"Loginfo24","description":"Loginfo24 es la plataforma dedicada a la log\u00edstica y las cadenas de suministro con informaci\u00f3n las 24 horas del d\u00eda.","publisher":{"@id":"https:\/\/loginfo24.com\/es\/#organization"},"potentialAction":[{"@type":"SearchAction","target":{"@type":"EntryPoint","urlTemplate":"https:\/\/loginfo24.com\/es\/?s={search_term_string}"},"query-input":{"@type":"PropertyValueSpecification","valueRequired":true,"valueName":"search_term_string"}}],"inLanguage":"es"},{"@type":"Organization","@id":"https:\/\/loginfo24.com\/es\/#organization","name":"Grupo Logismedia AG","url":"https:\/\/loginfo24.com\/es\/","logo":{"@type":"ImageObject","inLanguage":"es","@id":"https:\/\/loginfo24.com\/es\/#\/schema\/logo\/image\/","url":"https:\/\/loginfo24.com\/wp-content\/uploads\/sites\/7\/2026\/01\/Logo_LogInfo24.png","contentUrl":"https:\/\/loginfo24.com\/wp-content\/uploads\/sites\/7\/2026\/01\/Logo_LogInfo24.png","width":938,"height":351,"caption":"Grupo Logismedia AG"},"image":{"@id":"https:\/\/loginfo24.com\/es\/#\/schema\/logo\/image\/"},"sameAs":["https:\/\/www.facebook.com\/people\/Loginfo24\/100057360583332\/","https:\/\/www.linkedin.com\/company\/lofinfo24\/"]}]}},"_links":{"self":[{"href":"https:\/\/loginfo24.com\/es\/wp-json\/wp\/v2\/posts\/20993","targetHints":{"allow":["GET"]}}],"collection":[{"href":"https:\/\/loginfo24.com\/es\/wp-json\/wp\/v2\/posts"}],"about":[{"href":"https:\/\/loginfo24.com\/es\/wp-json\/wp\/v2\/types\/post"}],"replies":[{"embeddable":true,"href":"https:\/\/loginfo24.com\/es\/wp-json\/wp\/v2\/comments?post=20993"}],"version-history":[{"count":1,"href":"https:\/\/loginfo24.com\/es\/wp-json\/wp\/v2\/posts\/20993\/revisions"}],"predecessor-version":[{"id":38180,"href":"https:\/\/loginfo24.com\/es\/wp-json\/wp\/v2\/posts\/20993\/revisions\/38180"}],"wp:attachment":[{"href":"https:\/\/loginfo24.com\/es\/wp-json\/wp\/v2\/media?parent=20993"}],"wp:term":[{"taxonomy":"category","embeddable":true,"href":"https:\/\/loginfo24.com\/es\/wp-json\/wp\/v2\/categories?post=20993"},{"taxonomy":"post_tag","embeddable":true,"href":"https:\/\/loginfo24.com\/es\/wp-json\/wp\/v2\/tags?post=20993"}],"curies":[{"name":"wp","href":"https:\/\/api.w.org\/{rel}","templated":true}]}}