{"id":20921,"date":"2020-11-01T18:00:38","date_gmt":"2020-11-01T17:00:38","guid":{"rendered":"https:\/\/blog.brand-architecture.at\/2020\/11\/01\/inicio-de-la-construccion-de-la-expansion-de-hellmann-en-polch\/"},"modified":"2025-12-15T12:41:49","modified_gmt":"2025-12-15T11:41:49","slug":"inicio-de-la-construccion-de-la-expansion-de-hellmann-en-polch","status":"publish","type":"post","link":"https:\/\/loginfo24.com\/es\/2020\/11\/01\/inicio-de-la-construccion-de-la-expansion-de-hellmann-en-polch\/","title":{"rendered":"Inicio de la construcci\u00f3n de la expansi\u00f3n de Hellmann en Polch"},"content":{"rendered":"<p>Hellmann Worldwide Logistics SE &amp; Co. KG, el proveedor de servicios de log\u00edstica integral que opera a nivel mundial, est\u00e1 ampliando su ubicaci\u00f3n en Polch, Renania-Palatinado, cerca de Coblenza: A principios de noviembre comenzar\u00e1 la construcci\u00f3n de una moderna instalaci\u00f3n de expansi\u00f3n de aproximadamente 2,400 m\u00b2.<\/p>\n<p>(Osnabr\u00fcck \/ Polch) \u2013 En una segunda fase de construcci\u00f3n, tras la finalizaci\u00f3n del complejo de naves, tambi\u00e9n se planea la expansi\u00f3n de las oficinas, incluida la renovaci\u00f3n del edificio existente. Con la expansi\u00f3n a un total de casi 6,000 m\u00b2 de superficie de manipulaci\u00f3n, Hellmann responde a la continua tendencia de crecimiento en las \u00e1reas de productos de carga fraccionada y carga directa en la regi\u00f3n.<\/p>\n<h5><strong>Ubicaci\u00f3n ideal para un mayor crecimiento<\/strong><\/h5>\n<p>Hellmann est\u00e1 presente en Polch desde 2007 con una ubicaci\u00f3n de transporte terrestre. La sucursal, en el coraz\u00f3n de Alemania, se encuentra estrat\u00e9gicamente bien situada gracias a su excelente conexi\u00f3n de transporte, lo que ha permitido establecer conexiones diarias con todos los pa\u00edses vecinos durante la \u00faltima d\u00e9cada, ofreciendo a los clientes tiempos de tr\u00e1nsito cortos y soluciones a nivel europeo. El objetivo es permitir un crecimiento estrat\u00e9gico adicional a trav\u00e9s de la expansi\u00f3n de la ubicaci\u00f3n y seguir ampliando la red de l\u00edneas existente.<\/p>\n<h5><strong style=\"font-family: Raleway, sans-serif;font-size: 16px;letter-spacing: 0px\">Mejor servicio a trav\u00e9s de la expansi\u00f3n de la ubicaci\u00f3n<\/strong><\/h5>\n<p>\u00abSeguimos apostando por el crecimiento en el \u00e1rea de Coblenza, es decir, desde Colonia, pasando por Bonn y el Westerwald hasta Limburg. Con la expansi\u00f3n de la ubicaci\u00f3n, creamos las condiciones necesarias: para nuestros clientes, con un portafolio de servicios a\u00fan mejorado, especialmente en lo que respecta a las conexiones dentro de Europa. Pero tambi\u00e9n para nuestros empleados en Polch, que podr\u00e1n trabajar en un nuevo entorno bajo excelentes condiciones laborales, la expansi\u00f3n ser\u00e1 una verdadera ventaja\u00bb, dice Sven Eisfeld, Director General de Alemania, Hellmann Worldwide Logistics.<a href=\"https:\/\/www.hellmann.net\/\" target=\"_blank\" rel=\"noopener noreferrer\">www.hellmann.net<\/a>Imagen: \u00a9 Hellmann Worldwide Logistics SE &amp; Co. KG<\/p>\n","protected":false},"excerpt":{"rendered":"<p>Hellmann Worldwide Logistics SE &amp; Co. KG, el proveedor de servicios de log\u00edstica integral que opera a nivel mundial, est\u00e1 ampliando su ubicaci\u00f3n en Polch, Renania-Palatinado,<span class=\"excerpt-hellip\"> [\u2026]<\/span><\/p>\n","protected":false},"author":0,"featured_media":0,"comment_status":"open","ping_status":"open","sticky":false,"template":"","format":"standard","meta":{"_acf_changed":false,"footnotes":""},"categories":[1557,1560,1561],"tags":[],"class_list":["post-20921","post","type-post","status-publish","format-standard","hentry","category-forwarding-logistics","category-intralogistics","category-regions"],"acf":[],"yoast_head":"<!-- This site is optimized with the Yoast SEO plugin v27.3 - https:\/\/yoast.com\/product\/yoast-seo-wordpress\/ -->\n<title>Inicio de la construcci\u00f3n de la expansi\u00f3n de Hellmann en Polch - Loginfo24<\/title>\n<meta name=\"robots\" content=\"index, follow, max-snippet:-1, max-image-preview:large, max-video-preview:-1\" \/>\n<link rel=\"canonical\" href=\"https:\/\/loginfo24.com\/es\/2020\/11\/01\/inicio-de-la-construccion-de-la-expansion-de-hellmann-en-polch\/\" \/>\n<meta property=\"og:locale\" content=\"es_ES\" \/>\n<meta property=\"og:type\" content=\"article\" \/>\n<meta property=\"og:title\" content=\"Inicio de la construcci\u00f3n de la expansi\u00f3n de Hellmann en Polch - Loginfo24\" \/>\n<meta property=\"og:description\" content=\"Hellmann Worldwide Logistics SE &amp; Co. KG, el proveedor de servicios de log\u00edstica integral que opera a nivel mundial, est\u00e1 ampliando su ubicaci\u00f3n en Polch, Renania-Palatinado, [\u2026]\" \/>\n<meta property=\"og:url\" content=\"https:\/\/loginfo24.com\/es\/2020\/11\/01\/inicio-de-la-construccion-de-la-expansion-de-hellmann-en-polch\/\" \/>\n<meta property=\"og:site_name\" content=\"Loginfo24\" \/>\n<meta property=\"article:publisher\" content=\"https:\/\/www.facebook.com\/people\/Loginfo24\/100057360583332\/\" \/>\n<meta property=\"article:published_time\" content=\"2020-11-01T17:00:38+00:00\" \/>\n<meta property=\"article:modified_time\" content=\"2025-12-15T11:41:49+00:00\" \/>\n<meta name=\"twitter:card\" content=\"summary_large_image\" \/>\n<meta name=\"twitter:label1\" content=\"Tiempo de lectura\" \/>\n\t<meta name=\"twitter:data1\" content=\"2 minuto\" \/>\n<script type=\"application\/ld+json\" class=\"yoast-schema-graph\">{\"@context\":\"https:\\\/\\\/schema.org\",\"@graph\":[{\"@type\":\"Article\",\"@id\":\"https:\\\/\\\/loginfo24.com\\\/es\\\/2020\\\/11\\\/01\\\/inicio-de-la-construccion-de-la-expansion-de-hellmann-en-polch\\\/#article\",\"isPartOf\":{\"@id\":\"https:\\\/\\\/loginfo24.com\\\/es\\\/2020\\\/11\\\/01\\\/inicio-de-la-construccion-de-la-expansion-de-hellmann-en-polch\\\/\"},\"author\":{\"name\":\"\",\"@id\":\"\"},\"headline\":\"Inicio de la construcci\u00f3n de la expansi\u00f3n de Hellmann en Polch\",\"datePublished\":\"2020-11-01T17:00:38+00:00\",\"dateModified\":\"2025-12-15T11:41:49+00:00\",\"mainEntityOfPage\":{\"@id\":\"https:\\\/\\\/loginfo24.com\\\/es\\\/2020\\\/11\\\/01\\\/inicio-de-la-construccion-de-la-expansion-de-hellmann-en-polch\\\/\"},\"wordCount\":355,\"commentCount\":0,\"publisher\":{\"@id\":\"https:\\\/\\\/loginfo24.com\\\/es\\\/#organization\"},\"articleSection\":[\"Forwarding &amp; Logistics\",\"Intralogistics\",\"Regions\"],\"inLanguage\":\"es\",\"potentialAction\":[{\"@type\":\"CommentAction\",\"name\":\"Comment\",\"target\":[\"https:\\\/\\\/loginfo24.com\\\/es\\\/2020\\\/11\\\/01\\\/inicio-de-la-construccion-de-la-expansion-de-hellmann-en-polch\\\/#respond\"]}]},{\"@type\":\"WebPage\",\"@id\":\"https:\\\/\\\/loginfo24.com\\\/es\\\/2020\\\/11\\\/01\\\/inicio-de-la-construccion-de-la-expansion-de-hellmann-en-polch\\\/\",\"url\":\"https:\\\/\\\/loginfo24.com\\\/es\\\/2020\\\/11\\\/01\\\/inicio-de-la-construccion-de-la-expansion-de-hellmann-en-polch\\\/\",\"name\":\"Inicio de la construcci\u00f3n de la expansi\u00f3n de Hellmann en Polch - Loginfo24\",\"isPartOf\":{\"@id\":\"https:\\\/\\\/loginfo24.com\\\/es\\\/#website\"},\"datePublished\":\"2020-11-01T17:00:38+00:00\",\"dateModified\":\"2025-12-15T11:41:49+00:00\",\"breadcrumb\":{\"@id\":\"https:\\\/\\\/loginfo24.com\\\/es\\\/2020\\\/11\\\/01\\\/inicio-de-la-construccion-de-la-expansion-de-hellmann-en-polch\\\/#breadcrumb\"},\"inLanguage\":\"es\",\"potentialAction\":[{\"@type\":\"ReadAction\",\"target\":[\"https:\\\/\\\/loginfo24.com\\\/es\\\/2020\\\/11\\\/01\\\/inicio-de-la-construccion-de-la-expansion-de-hellmann-en-polch\\\/\"]}]},{\"@type\":\"BreadcrumbList\",\"@id\":\"https:\\\/\\\/loginfo24.com\\\/es\\\/2020\\\/11\\\/01\\\/inicio-de-la-construccion-de-la-expansion-de-hellmann-en-polch\\\/#breadcrumb\",\"itemListElement\":[{\"@type\":\"ListItem\",\"position\":1,\"name\":\"Startseite\",\"item\":\"https:\\\/\\\/loginfo24.com\\\/es\\\/\"},{\"@type\":\"ListItem\",\"position\":2,\"name\":\"Inicio de la construcci\u00f3n de la expansi\u00f3n de Hellmann en Polch\"}]},{\"@type\":\"WebSite\",\"@id\":\"https:\\\/\\\/loginfo24.com\\\/es\\\/#website\",\"url\":\"https:\\\/\\\/loginfo24.com\\\/es\\\/\",\"name\":\"Loginfo24\",\"description\":\"Loginfo24 es la plataforma dedicada a la log\u00edstica y las cadenas de suministro con informaci\u00f3n las 24 horas del d\u00eda.\",\"publisher\":{\"@id\":\"https:\\\/\\\/loginfo24.com\\\/es\\\/#organization\"},\"potentialAction\":[{\"@type\":\"SearchAction\",\"target\":{\"@type\":\"EntryPoint\",\"urlTemplate\":\"https:\\\/\\\/loginfo24.com\\\/es\\\/?s={search_term_string}\"},\"query-input\":{\"@type\":\"PropertyValueSpecification\",\"valueRequired\":true,\"valueName\":\"search_term_string\"}}],\"inLanguage\":\"es\"},{\"@type\":\"Organization\",\"@id\":\"https:\\\/\\\/loginfo24.com\\\/es\\\/#organization\",\"name\":\"Grupo Logismedia AG\",\"url\":\"https:\\\/\\\/loginfo24.com\\\/es\\\/\",\"logo\":{\"@type\":\"ImageObject\",\"inLanguage\":\"es\",\"@id\":\"https:\\\/\\\/loginfo24.com\\\/es\\\/#\\\/schema\\\/logo\\\/image\\\/\",\"url\":\"https:\\\/\\\/loginfo24.com\\\/wp-content\\\/uploads\\\/sites\\\/7\\\/2026\\\/01\\\/Logo_LogInfo24.png\",\"contentUrl\":\"https:\\\/\\\/loginfo24.com\\\/wp-content\\\/uploads\\\/sites\\\/7\\\/2026\\\/01\\\/Logo_LogInfo24.png\",\"width\":938,\"height\":351,\"caption\":\"Grupo Logismedia AG\"},\"image\":{\"@id\":\"https:\\\/\\\/loginfo24.com\\\/es\\\/#\\\/schema\\\/logo\\\/image\\\/\"},\"sameAs\":[\"https:\\\/\\\/www.facebook.com\\\/people\\\/Loginfo24\\\/100057360583332\\\/\",\"https:\\\/\\\/www.linkedin.com\\\/company\\\/lofinfo24\\\/\"]}]}<\/script>\n<!-- \/ Yoast SEO plugin. -->","yoast_head_json":{"title":"Inicio de la construcci\u00f3n de la expansi\u00f3n de Hellmann en Polch - Loginfo24","robots":{"index":"index","follow":"follow","max-snippet":"max-snippet:-1","max-image-preview":"max-image-preview:large","max-video-preview":"max-video-preview:-1"},"canonical":"https:\/\/loginfo24.com\/es\/2020\/11\/01\/inicio-de-la-construccion-de-la-expansion-de-hellmann-en-polch\/","og_locale":"es_ES","og_type":"article","og_title":"Inicio de la construcci\u00f3n de la expansi\u00f3n de Hellmann en Polch - Loginfo24","og_description":"Hellmann Worldwide Logistics SE &amp; Co. KG, el proveedor de servicios de log\u00edstica integral que opera a nivel mundial, est\u00e1 ampliando su ubicaci\u00f3n en Polch, Renania-Palatinado, [\u2026]","og_url":"https:\/\/loginfo24.com\/es\/2020\/11\/01\/inicio-de-la-construccion-de-la-expansion-de-hellmann-en-polch\/","og_site_name":"Loginfo24","article_publisher":"https:\/\/www.facebook.com\/people\/Loginfo24\/100057360583332\/","article_published_time":"2020-11-01T17:00:38+00:00","article_modified_time":"2025-12-15T11:41:49+00:00","twitter_card":"summary_large_image","twitter_misc":{"Tiempo de lectura":"2 minuto"},"schema":{"@context":"https:\/\/schema.org","@graph":[{"@type":"Article","@id":"https:\/\/loginfo24.com\/es\/2020\/11\/01\/inicio-de-la-construccion-de-la-expansion-de-hellmann-en-polch\/#article","isPartOf":{"@id":"https:\/\/loginfo24.com\/es\/2020\/11\/01\/inicio-de-la-construccion-de-la-expansion-de-hellmann-en-polch\/"},"author":{"name":"","@id":""},"headline":"Inicio de la construcci\u00f3n de la expansi\u00f3n de Hellmann en Polch","datePublished":"2020-11-01T17:00:38+00:00","dateModified":"2025-12-15T11:41:49+00:00","mainEntityOfPage":{"@id":"https:\/\/loginfo24.com\/es\/2020\/11\/01\/inicio-de-la-construccion-de-la-expansion-de-hellmann-en-polch\/"},"wordCount":355,"commentCount":0,"publisher":{"@id":"https:\/\/loginfo24.com\/es\/#organization"},"articleSection":["Forwarding &amp; Logistics","Intralogistics","Regions"],"inLanguage":"es","potentialAction":[{"@type":"CommentAction","name":"Comment","target":["https:\/\/loginfo24.com\/es\/2020\/11\/01\/inicio-de-la-construccion-de-la-expansion-de-hellmann-en-polch\/#respond"]}]},{"@type":"WebPage","@id":"https:\/\/loginfo24.com\/es\/2020\/11\/01\/inicio-de-la-construccion-de-la-expansion-de-hellmann-en-polch\/","url":"https:\/\/loginfo24.com\/es\/2020\/11\/01\/inicio-de-la-construccion-de-la-expansion-de-hellmann-en-polch\/","name":"Inicio de la construcci\u00f3n de la expansi\u00f3n de Hellmann en Polch - Loginfo24","isPartOf":{"@id":"https:\/\/loginfo24.com\/es\/#website"},"datePublished":"2020-11-01T17:00:38+00:00","dateModified":"2025-12-15T11:41:49+00:00","breadcrumb":{"@id":"https:\/\/loginfo24.com\/es\/2020\/11\/01\/inicio-de-la-construccion-de-la-expansion-de-hellmann-en-polch\/#breadcrumb"},"inLanguage":"es","potentialAction":[{"@type":"ReadAction","target":["https:\/\/loginfo24.com\/es\/2020\/11\/01\/inicio-de-la-construccion-de-la-expansion-de-hellmann-en-polch\/"]}]},{"@type":"BreadcrumbList","@id":"https:\/\/loginfo24.com\/es\/2020\/11\/01\/inicio-de-la-construccion-de-la-expansion-de-hellmann-en-polch\/#breadcrumb","itemListElement":[{"@type":"ListItem","position":1,"name":"Startseite","item":"https:\/\/loginfo24.com\/es\/"},{"@type":"ListItem","position":2,"name":"Inicio de la construcci\u00f3n de la expansi\u00f3n de Hellmann en Polch"}]},{"@type":"WebSite","@id":"https:\/\/loginfo24.com\/es\/#website","url":"https:\/\/loginfo24.com\/es\/","name":"Loginfo24","description":"Loginfo24 es la plataforma dedicada a la log\u00edstica y las cadenas de suministro con informaci\u00f3n las 24 horas del d\u00eda.","publisher":{"@id":"https:\/\/loginfo24.com\/es\/#organization"},"potentialAction":[{"@type":"SearchAction","target":{"@type":"EntryPoint","urlTemplate":"https:\/\/loginfo24.com\/es\/?s={search_term_string}"},"query-input":{"@type":"PropertyValueSpecification","valueRequired":true,"valueName":"search_term_string"}}],"inLanguage":"es"},{"@type":"Organization","@id":"https:\/\/loginfo24.com\/es\/#organization","name":"Grupo Logismedia AG","url":"https:\/\/loginfo24.com\/es\/","logo":{"@type":"ImageObject","inLanguage":"es","@id":"https:\/\/loginfo24.com\/es\/#\/schema\/logo\/image\/","url":"https:\/\/loginfo24.com\/wp-content\/uploads\/sites\/7\/2026\/01\/Logo_LogInfo24.png","contentUrl":"https:\/\/loginfo24.com\/wp-content\/uploads\/sites\/7\/2026\/01\/Logo_LogInfo24.png","width":938,"height":351,"caption":"Grupo Logismedia AG"},"image":{"@id":"https:\/\/loginfo24.com\/es\/#\/schema\/logo\/image\/"},"sameAs":["https:\/\/www.facebook.com\/people\/Loginfo24\/100057360583332\/","https:\/\/www.linkedin.com\/company\/lofinfo24\/"]}]}},"_links":{"self":[{"href":"https:\/\/loginfo24.com\/es\/wp-json\/wp\/v2\/posts\/20921","targetHints":{"allow":["GET"]}}],"collection":[{"href":"https:\/\/loginfo24.com\/es\/wp-json\/wp\/v2\/posts"}],"about":[{"href":"https:\/\/loginfo24.com\/es\/wp-json\/wp\/v2\/types\/post"}],"replies":[{"embeddable":true,"href":"https:\/\/loginfo24.com\/es\/wp-json\/wp\/v2\/comments?post=20921"}],"version-history":[{"count":1,"href":"https:\/\/loginfo24.com\/es\/wp-json\/wp\/v2\/posts\/20921\/revisions"}],"predecessor-version":[{"id":38036,"href":"https:\/\/loginfo24.com\/es\/wp-json\/wp\/v2\/posts\/20921\/revisions\/38036"}],"wp:attachment":[{"href":"https:\/\/loginfo24.com\/es\/wp-json\/wp\/v2\/media?parent=20921"}],"wp:term":[{"taxonomy":"category","embeddable":true,"href":"https:\/\/loginfo24.com\/es\/wp-json\/wp\/v2\/categories?post=20921"},{"taxonomy":"post_tag","embeddable":true,"href":"https:\/\/loginfo24.com\/es\/wp-json\/wp\/v2\/tags?post=20921"}],"curies":[{"name":"wp","href":"https:\/\/api.w.org\/{rel}","templated":true}]}}