{"id":20757,"date":"2020-10-26T19:30:16","date_gmt":"2020-10-26T18:30:16","guid":{"rendered":"https:\/\/blog.brand-architecture.at\/2020\/10\/26\/dachser-relevante-para-la-region-de-munich-y-mas-alla\/"},"modified":"2025-12-15T12:41:06","modified_gmt":"2025-12-15T11:41:06","slug":"dachser-relevante-para-la-region-de-munich-y-mas-alla","status":"publish","type":"post","link":"https:\/\/loginfo24.com\/es\/2020\/10\/26\/dachser-relevante-para-la-region-de-munich-y-mas-alla\/","title":{"rendered":"DACHSER relevante para la regi\u00f3n de M\u00fanich y m\u00e1s all\u00e1"},"content":{"rendered":"<p>DACHSER SE recibe una visita importante en Unterschlei\u00dfheim: El Ministro de Estado de Econom\u00eda, Desarrollo Regional y Energ\u00eda y Viceprimer Ministro del Estado Libre de Baviera, Hubert Aiwanger, se hizo una idea de las medidas que permiten que el suministro log\u00edstico funcione sin problemas en tiempos de la pandemia de Corona.<\/p>\n<p>(Unterschlei\u00dfheim) \u2013 \u00bfC\u00f3mo est\u00e1 DACHSER superando econ\u00f3micamente la crisis? \u00bfHay escasez de conductores? \u00bfQu\u00e9 alternativa al cami\u00f3n di\u00e9sel considera DACHSER? \u00bfC\u00f3mo cambia Corona la log\u00edstica? El Ministro de Estado hizo varias preguntas durante la presentaci\u00f3n de la empresa por parte de Alexander Tonn, Director General de Log\u00edstica Europea Alemania en DACHSER, y Markus Wenzl, Gerente General de Log\u00edstica Europea, Grupo M\u00fanich, lo que result\u00f3 en un intercambio animado.<\/p>\n<h5><strong>Dachser \u00abvital\u00bb para la regi\u00f3n de M\u00fanich<\/strong><\/h5>\n<p> Aiwanger tambi\u00e9n se mostr\u00f3 impresionado por las cifras: entre el 30 y el 40 por ciento de las mercanc\u00edas en la regi\u00f3n de M\u00fanich son entregadas por DACHSER. Por lo tanto, es vital para la gran ciudad que DACHSER permanezca operativo en todo momento y cumpla con su tarea de relevancia sist\u00e9mica. Esto no solo se aplica al suministro de alimentos. Porque sin embalaje, por ejemplo, ning\u00fan yogur puede salir de la lecher\u00eda. Tambi\u00e9n el equipo de protecci\u00f3n m\u00e9dica, adquirido por medio de un charter ASL desde China, finalmente llega en el veh\u00edculo de transporte urbano de DACHSER al hospital cl\u00ednico de M\u00fanich a la derecha del Isar. Aiwanger hizo llegar el agradecimiento de su ministerio especialmente a los conductores que deben realizar su trabajo en condiciones dif\u00edciles. Mientras que los responsables de DACHSER y el Ministro de Estado coincidieron en que el futuro del transporte de larga distancia sin emisiones radica en la celda de combustible de hidr\u00f3geno, tambi\u00e9n se requiri\u00f3 algo de diplomacia en la cuesti\u00f3n de los inminentes cierres de fronteras y la obligaci\u00f3n de pruebas para los trabajadores fronterizos de Austria y Chequia que se planea en Baviera.<\/p>\n<h5><strong>Con disciplina a trav\u00e9s de la pandemia de Corona<\/strong><\/h5>\n<p> Durante la visita final a la sala de carga, hab\u00eda una actividad fren\u00e9tica: el negocio de oto\u00f1o asegura una alta ocupaci\u00f3n. Sin embargo, se pod\u00eda ver en todas partes: distancia, higiene, mascarillas, filtros de aire en la oficina abierta. Despu\u00e9s de una buena hora, el Ministro de Estado Aiwanger, su equipo y el servicio de protecci\u00f3n se dirigieron a su pr\u00f3xima cita. Se llevaron la impresi\u00f3n de que aqu\u00ed una empresa de relevancia sist\u00e9mica mantiene en funcionamiento la ciudad de M\u00fanich, una gran parte del sureste de Baviera y la regi\u00f3n de Salzburgo. Y que aqu\u00ed, con gran disciplina, se est\u00e1 haciendo todo lo posible para que esto siga siendo as\u00ed en el futuro. A pesar de la pandemia de Corona.<a href=\"https:\/\/www.dachser.com\/\" target=\"_blank\" rel=\"noopener noreferrer\">www.dachser.com<\/a> Imagen: El Ministro de Estado de Baviera, Hubert Aiwanger, de visita en DACHSER en Unterschlei\u00dfheim. - \u00a9 Dachser SE<\/p>\n","protected":false},"excerpt":{"rendered":"<p>DACHSER SE recibe una visita importante en Unterschlei\u00dfheim: El Ministro de Estado de Econom\u00eda, Desarrollo Regional y Energ\u00eda y Viceprimer Ministro del Estado Libre de Baviera,<span class=\"excerpt-hellip\"> [\u2026]<\/span><\/p>\n","protected":false},"author":0,"featured_media":0,"comment_status":"open","ping_status":"open","sticky":false,"template":"","format":"standard","meta":{"_acf_changed":false,"footnotes":""},"categories":[1557,1560,1561],"tags":[],"class_list":["post-20757","post","type-post","status-publish","format-standard","hentry","category-forwarding-logistics","category-intralogistics","category-regions"],"acf":[],"yoast_head":"<!-- This site is optimized with the Yoast SEO plugin v27.3 - https:\/\/yoast.com\/product\/yoast-seo-wordpress\/ -->\n<title>DACHSER relevante para la regi\u00f3n de M\u00fanich y m\u00e1s all\u00e1 - Loginfo24<\/title>\n<meta name=\"robots\" content=\"index, follow, max-snippet:-1, max-image-preview:large, max-video-preview:-1\" \/>\n<link rel=\"canonical\" href=\"https:\/\/loginfo24.com\/es\/2020\/10\/26\/dachser-relevante-para-la-region-de-munich-y-mas-alla\/\" \/>\n<meta property=\"og:locale\" content=\"es_ES\" \/>\n<meta property=\"og:type\" content=\"article\" \/>\n<meta property=\"og:title\" content=\"DACHSER relevante para la regi\u00f3n de M\u00fanich y m\u00e1s all\u00e1 - Loginfo24\" \/>\n<meta property=\"og:description\" content=\"DACHSER SE recibe una visita importante en Unterschlei\u00dfheim: El Ministro de Estado de Econom\u00eda, Desarrollo Regional y Energ\u00eda y Viceprimer Ministro del Estado Libre de Baviera, [\u2026]\" \/>\n<meta property=\"og:url\" content=\"https:\/\/loginfo24.com\/es\/2020\/10\/26\/dachser-relevante-para-la-region-de-munich-y-mas-alla\/\" \/>\n<meta property=\"og:site_name\" content=\"Loginfo24\" \/>\n<meta property=\"article:publisher\" content=\"https:\/\/www.facebook.com\/people\/Loginfo24\/100057360583332\/\" \/>\n<meta property=\"article:published_time\" content=\"2020-10-26T18:30:16+00:00\" \/>\n<meta property=\"article:modified_time\" content=\"2025-12-15T11:41:06+00:00\" \/>\n<meta name=\"twitter:card\" content=\"summary_large_image\" \/>\n<meta name=\"twitter:label1\" content=\"Tiempo de lectura\" \/>\n\t<meta name=\"twitter:data1\" content=\"3 minuto\" \/>\n<script type=\"application\/ld+json\" class=\"yoast-schema-graph\">{\"@context\":\"https:\\\/\\\/schema.org\",\"@graph\":[{\"@type\":\"Article\",\"@id\":\"https:\\\/\\\/loginfo24.com\\\/es\\\/2020\\\/10\\\/26\\\/dachser-relevante-para-la-region-de-munich-y-mas-alla\\\/#article\",\"isPartOf\":{\"@id\":\"https:\\\/\\\/loginfo24.com\\\/es\\\/2020\\\/10\\\/26\\\/dachser-relevante-para-la-region-de-munich-y-mas-alla\\\/\"},\"author\":{\"name\":\"\",\"@id\":\"\"},\"headline\":\"DACHSER relevante para la regi\u00f3n de M\u00fanich y m\u00e1s all\u00e1\",\"datePublished\":\"2020-10-26T18:30:16+00:00\",\"dateModified\":\"2025-12-15T11:41:06+00:00\",\"mainEntityOfPage\":{\"@id\":\"https:\\\/\\\/loginfo24.com\\\/es\\\/2020\\\/10\\\/26\\\/dachser-relevante-para-la-region-de-munich-y-mas-alla\\\/\"},\"wordCount\":528,\"commentCount\":0,\"publisher\":{\"@id\":\"https:\\\/\\\/loginfo24.com\\\/es\\\/#organization\"},\"articleSection\":[\"Forwarding &amp; Logistics\",\"Intralogistics\",\"Regions\"],\"inLanguage\":\"es\",\"potentialAction\":[{\"@type\":\"CommentAction\",\"name\":\"Comment\",\"target\":[\"https:\\\/\\\/loginfo24.com\\\/es\\\/2020\\\/10\\\/26\\\/dachser-relevante-para-la-region-de-munich-y-mas-alla\\\/#respond\"]}]},{\"@type\":\"WebPage\",\"@id\":\"https:\\\/\\\/loginfo24.com\\\/es\\\/2020\\\/10\\\/26\\\/dachser-relevante-para-la-region-de-munich-y-mas-alla\\\/\",\"url\":\"https:\\\/\\\/loginfo24.com\\\/es\\\/2020\\\/10\\\/26\\\/dachser-relevante-para-la-region-de-munich-y-mas-alla\\\/\",\"name\":\"DACHSER relevante para la regi\u00f3n de M\u00fanich y m\u00e1s all\u00e1 - Loginfo24\",\"isPartOf\":{\"@id\":\"https:\\\/\\\/loginfo24.com\\\/es\\\/#website\"},\"datePublished\":\"2020-10-26T18:30:16+00:00\",\"dateModified\":\"2025-12-15T11:41:06+00:00\",\"breadcrumb\":{\"@id\":\"https:\\\/\\\/loginfo24.com\\\/es\\\/2020\\\/10\\\/26\\\/dachser-relevante-para-la-region-de-munich-y-mas-alla\\\/#breadcrumb\"},\"inLanguage\":\"es\",\"potentialAction\":[{\"@type\":\"ReadAction\",\"target\":[\"https:\\\/\\\/loginfo24.com\\\/es\\\/2020\\\/10\\\/26\\\/dachser-relevante-para-la-region-de-munich-y-mas-alla\\\/\"]}]},{\"@type\":\"BreadcrumbList\",\"@id\":\"https:\\\/\\\/loginfo24.com\\\/es\\\/2020\\\/10\\\/26\\\/dachser-relevante-para-la-region-de-munich-y-mas-alla\\\/#breadcrumb\",\"itemListElement\":[{\"@type\":\"ListItem\",\"position\":1,\"name\":\"Startseite\",\"item\":\"https:\\\/\\\/loginfo24.com\\\/es\\\/\"},{\"@type\":\"ListItem\",\"position\":2,\"name\":\"DACHSER relevante para la regi\u00f3n de M\u00fanich y m\u00e1s all\u00e1\"}]},{\"@type\":\"WebSite\",\"@id\":\"https:\\\/\\\/loginfo24.com\\\/es\\\/#website\",\"url\":\"https:\\\/\\\/loginfo24.com\\\/es\\\/\",\"name\":\"Loginfo24\",\"description\":\"Loginfo24 es la plataforma dedicada a la log\u00edstica y las cadenas de suministro con informaci\u00f3n las 24 horas del d\u00eda.\",\"publisher\":{\"@id\":\"https:\\\/\\\/loginfo24.com\\\/es\\\/#organization\"},\"potentialAction\":[{\"@type\":\"SearchAction\",\"target\":{\"@type\":\"EntryPoint\",\"urlTemplate\":\"https:\\\/\\\/loginfo24.com\\\/es\\\/?s={search_term_string}\"},\"query-input\":{\"@type\":\"PropertyValueSpecification\",\"valueRequired\":true,\"valueName\":\"search_term_string\"}}],\"inLanguage\":\"es\"},{\"@type\":\"Organization\",\"@id\":\"https:\\\/\\\/loginfo24.com\\\/es\\\/#organization\",\"name\":\"Grupo Logismedia AG\",\"url\":\"https:\\\/\\\/loginfo24.com\\\/es\\\/\",\"logo\":{\"@type\":\"ImageObject\",\"inLanguage\":\"es\",\"@id\":\"https:\\\/\\\/loginfo24.com\\\/es\\\/#\\\/schema\\\/logo\\\/image\\\/\",\"url\":\"https:\\\/\\\/loginfo24.com\\\/wp-content\\\/uploads\\\/sites\\\/7\\\/2026\\\/01\\\/Logo_LogInfo24.png\",\"contentUrl\":\"https:\\\/\\\/loginfo24.com\\\/wp-content\\\/uploads\\\/sites\\\/7\\\/2026\\\/01\\\/Logo_LogInfo24.png\",\"width\":938,\"height\":351,\"caption\":\"Grupo Logismedia AG\"},\"image\":{\"@id\":\"https:\\\/\\\/loginfo24.com\\\/es\\\/#\\\/schema\\\/logo\\\/image\\\/\"},\"sameAs\":[\"https:\\\/\\\/www.facebook.com\\\/people\\\/Loginfo24\\\/100057360583332\\\/\",\"https:\\\/\\\/www.linkedin.com\\\/company\\\/lofinfo24\\\/\"]}]}<\/script>\n<!-- \/ Yoast SEO plugin. -->","yoast_head_json":{"title":"DACHSER relevante para la regi\u00f3n de M\u00fanich y m\u00e1s all\u00e1 - Loginfo24","robots":{"index":"index","follow":"follow","max-snippet":"max-snippet:-1","max-image-preview":"max-image-preview:large","max-video-preview":"max-video-preview:-1"},"canonical":"https:\/\/loginfo24.com\/es\/2020\/10\/26\/dachser-relevante-para-la-region-de-munich-y-mas-alla\/","og_locale":"es_ES","og_type":"article","og_title":"DACHSER relevante para la regi\u00f3n de M\u00fanich y m\u00e1s all\u00e1 - Loginfo24","og_description":"DACHSER SE recibe una visita importante en Unterschlei\u00dfheim: El Ministro de Estado de Econom\u00eda, Desarrollo Regional y Energ\u00eda y Viceprimer Ministro del Estado Libre de Baviera, [\u2026]","og_url":"https:\/\/loginfo24.com\/es\/2020\/10\/26\/dachser-relevante-para-la-region-de-munich-y-mas-alla\/","og_site_name":"Loginfo24","article_publisher":"https:\/\/www.facebook.com\/people\/Loginfo24\/100057360583332\/","article_published_time":"2020-10-26T18:30:16+00:00","article_modified_time":"2025-12-15T11:41:06+00:00","twitter_card":"summary_large_image","twitter_misc":{"Tiempo de lectura":"3 minuto"},"schema":{"@context":"https:\/\/schema.org","@graph":[{"@type":"Article","@id":"https:\/\/loginfo24.com\/es\/2020\/10\/26\/dachser-relevante-para-la-region-de-munich-y-mas-alla\/#article","isPartOf":{"@id":"https:\/\/loginfo24.com\/es\/2020\/10\/26\/dachser-relevante-para-la-region-de-munich-y-mas-alla\/"},"author":{"name":"","@id":""},"headline":"DACHSER relevante para la regi\u00f3n de M\u00fanich y m\u00e1s all\u00e1","datePublished":"2020-10-26T18:30:16+00:00","dateModified":"2025-12-15T11:41:06+00:00","mainEntityOfPage":{"@id":"https:\/\/loginfo24.com\/es\/2020\/10\/26\/dachser-relevante-para-la-region-de-munich-y-mas-alla\/"},"wordCount":528,"commentCount":0,"publisher":{"@id":"https:\/\/loginfo24.com\/es\/#organization"},"articleSection":["Forwarding &amp; Logistics","Intralogistics","Regions"],"inLanguage":"es","potentialAction":[{"@type":"CommentAction","name":"Comment","target":["https:\/\/loginfo24.com\/es\/2020\/10\/26\/dachser-relevante-para-la-region-de-munich-y-mas-alla\/#respond"]}]},{"@type":"WebPage","@id":"https:\/\/loginfo24.com\/es\/2020\/10\/26\/dachser-relevante-para-la-region-de-munich-y-mas-alla\/","url":"https:\/\/loginfo24.com\/es\/2020\/10\/26\/dachser-relevante-para-la-region-de-munich-y-mas-alla\/","name":"DACHSER relevante para la regi\u00f3n de M\u00fanich y m\u00e1s all\u00e1 - Loginfo24","isPartOf":{"@id":"https:\/\/loginfo24.com\/es\/#website"},"datePublished":"2020-10-26T18:30:16+00:00","dateModified":"2025-12-15T11:41:06+00:00","breadcrumb":{"@id":"https:\/\/loginfo24.com\/es\/2020\/10\/26\/dachser-relevante-para-la-region-de-munich-y-mas-alla\/#breadcrumb"},"inLanguage":"es","potentialAction":[{"@type":"ReadAction","target":["https:\/\/loginfo24.com\/es\/2020\/10\/26\/dachser-relevante-para-la-region-de-munich-y-mas-alla\/"]}]},{"@type":"BreadcrumbList","@id":"https:\/\/loginfo24.com\/es\/2020\/10\/26\/dachser-relevante-para-la-region-de-munich-y-mas-alla\/#breadcrumb","itemListElement":[{"@type":"ListItem","position":1,"name":"Startseite","item":"https:\/\/loginfo24.com\/es\/"},{"@type":"ListItem","position":2,"name":"DACHSER relevante para la regi\u00f3n de M\u00fanich y m\u00e1s all\u00e1"}]},{"@type":"WebSite","@id":"https:\/\/loginfo24.com\/es\/#website","url":"https:\/\/loginfo24.com\/es\/","name":"Loginfo24","description":"Loginfo24 es la plataforma dedicada a la log\u00edstica y las cadenas de suministro con informaci\u00f3n las 24 horas del d\u00eda.","publisher":{"@id":"https:\/\/loginfo24.com\/es\/#organization"},"potentialAction":[{"@type":"SearchAction","target":{"@type":"EntryPoint","urlTemplate":"https:\/\/loginfo24.com\/es\/?s={search_term_string}"},"query-input":{"@type":"PropertyValueSpecification","valueRequired":true,"valueName":"search_term_string"}}],"inLanguage":"es"},{"@type":"Organization","@id":"https:\/\/loginfo24.com\/es\/#organization","name":"Grupo Logismedia AG","url":"https:\/\/loginfo24.com\/es\/","logo":{"@type":"ImageObject","inLanguage":"es","@id":"https:\/\/loginfo24.com\/es\/#\/schema\/logo\/image\/","url":"https:\/\/loginfo24.com\/wp-content\/uploads\/sites\/7\/2026\/01\/Logo_LogInfo24.png","contentUrl":"https:\/\/loginfo24.com\/wp-content\/uploads\/sites\/7\/2026\/01\/Logo_LogInfo24.png","width":938,"height":351,"caption":"Grupo Logismedia AG"},"image":{"@id":"https:\/\/loginfo24.com\/es\/#\/schema\/logo\/image\/"},"sameAs":["https:\/\/www.facebook.com\/people\/Loginfo24\/100057360583332\/","https:\/\/www.linkedin.com\/company\/lofinfo24\/"]}]}},"_links":{"self":[{"href":"https:\/\/loginfo24.com\/es\/wp-json\/wp\/v2\/posts\/20757","targetHints":{"allow":["GET"]}}],"collection":[{"href":"https:\/\/loginfo24.com\/es\/wp-json\/wp\/v2\/posts"}],"about":[{"href":"https:\/\/loginfo24.com\/es\/wp-json\/wp\/v2\/types\/post"}],"replies":[{"embeddable":true,"href":"https:\/\/loginfo24.com\/es\/wp-json\/wp\/v2\/comments?post=20757"}],"version-history":[{"count":1,"href":"https:\/\/loginfo24.com\/es\/wp-json\/wp\/v2\/posts\/20757\/revisions"}],"predecessor-version":[{"id":37712,"href":"https:\/\/loginfo24.com\/es\/wp-json\/wp\/v2\/posts\/20757\/revisions\/37712"}],"wp:attachment":[{"href":"https:\/\/loginfo24.com\/es\/wp-json\/wp\/v2\/media?parent=20757"}],"wp:term":[{"taxonomy":"category","embeddable":true,"href":"https:\/\/loginfo24.com\/es\/wp-json\/wp\/v2\/categories?post=20757"},{"taxonomy":"post_tag","embeddable":true,"href":"https:\/\/loginfo24.com\/es\/wp-json\/wp\/v2\/tags?post=20757"}],"curies":[{"name":"wp","href":"https:\/\/api.w.org\/{rel}","templated":true}]}}