{"id":20721,"date":"2020-10-22T19:30:36","date_gmt":"2020-10-22T17:30:36","guid":{"rendered":"https:\/\/blog.brand-architecture.at\/2020\/10\/22\/demanda-de-expositores-tras-transport-logistic-2021-en-un-alto-nivel\/"},"modified":"2025-12-15T12:40:56","modified_gmt":"2025-12-15T11:40:56","slug":"demanda-de-expositores-tras-transport-logistic-2021-en-un-alto-nivel","status":"publish","type":"post","link":"https:\/\/loginfo24.com\/es\/2020\/10\/22\/demanda-de-expositores-tras-transport-logistic-2021-en-un-alto-nivel\/","title":{"rendered":"Demanda de expositores tras transport logistic 2021 en un alto nivel"},"content":{"rendered":"<p>La transport logistics 2021 se llevar\u00e1 a cabo del 04 al 7 de mayo de 2021 en M\u00fanich. La demanda entre los expositores ya es alta. Para ello, Messe M\u00fcnchen GmbH est\u00e1 en intensos preparativos con autoridades, expositores y proveedores de servicios para llevar a cabo la feria de acuerdo con todas las regulaciones el pr\u00f3ximo a\u00f1o<\/p>\n<p>(M\u00fanich) - El a\u00f1o pasado, Messe M\u00fcnchen logr\u00f3 expandir a\u00fan m\u00e1s su posici\u00f3n global y su cartera de log\u00edstica. Con la adquisici\u00f3n de air cargo Africa, air cargo India y el air cargo Forum Miami, tres eventos importantes y exitosos enriquecen el cl\u00faster global de transport logistic. Debido a la actual pandemia de Corona, la mayor\u00eda de las ferias y congresos de este a\u00f1o tuvieron que ser cancelados o transformados en formatos digitales. Esto tambi\u00e9n afect\u00f3 a los eventos del cl\u00faster de transport logistic de Messe M\u00fcnchen. Mientras tanto, los planes para el a\u00f1o ferial 2021 est\u00e1n en marcha. Hasta ahora, el 80 por ciento de los expositores ya se han registrado para la transport logistic 2021.<\/p>\n<h5><strong>La presencia en el lugar y el contacto personal son importantes<\/strong><\/h5>\n<p>\u00abLa log\u00edstica ha subrayado una vez m\u00e1s su importancia para el suministro de la econom\u00eda y la poblaci\u00f3n este a\u00f1o. Sin embargo, la presencia en el lugar y el contacto personal siguen siendo importantes. La transport logistic se ha convertido a lo largo de los a\u00f1os en una instituci\u00f3n importante para establecer relaciones comerciales entre empresas internacionales\u00bb, dice Axel Pla\u00df, presidente de la Asociaci\u00f3n Federal de Transporte y Log\u00edstica (DSLV) y miembro del consejo asesor de Messe M\u00fcnchen.<\/p>\n<h5><strong>Las medidas de seguridad se ajustan continuamente al desarrollo de Covid<\/strong><\/h5>\n<p>\u00abEstamos observando muy de cerca los desarrollos actuales relacionados con COVID-19. La salud de nuestros visitantes, expositores y empleados tiene la m\u00e1xima prioridad para nosotros como Messe M\u00fcnchen. Desde el brote del coronavirus, hemos aumentado las medidas de seguridad necesarias y las actualizamos constantemente de acuerdo con la situaci\u00f3n actual. Debido a estos buenos preparativos, esperamos a la econom\u00eda log\u00edstica global con todos los involucrados de la industria, el comercio y los servicios en mayo de 2021 para la transport logistic en M\u00fanich\u00bb, dice Stefan Rummel, director general de Messe M\u00fcnchen GmbH. El consejo asesor de Messe M\u00fcnchen apoya a la direcci\u00f3n en la planificaci\u00f3n estrat\u00e9gica de sus ferias. Est\u00e1 compuesto por personalidades del mundo empresarial, acad\u00e9mico y pol\u00edtico, en su mayor\u00eda directores y gerentes que asumen la responsabilidad directa de la log\u00edstica. As\u00ed se aportan redes personales y know-how.<a href=\"https:\/\/www.transportlogistic.de\/\" target=\"_blank\" rel=\"noopener noreferrer\">www.transportlogistic.de<\/a> Foto: \u00a9 Messe M\u00fcnchen GmbH<\/p>\n","protected":false},"excerpt":{"rendered":"<p>La transport logistics 2021 se llevar\u00e1 a cabo del 04 al 7 de mayo de 2021 en M\u00fanich. La demanda entre los expositores ya es alta.<span class=\"excerpt-hellip\"> [\u2026]<\/span><\/p>\n","protected":false},"author":0,"featured_media":0,"comment_status":"open","ping_status":"open","sticky":false,"template":"","format":"standard","meta":{"_acf_changed":false,"footnotes":""},"categories":[1557,1560,1561],"tags":[],"class_list":["post-20721","post","type-post","status-publish","format-standard","hentry","category-forwarding-logistics","category-intralogistics","category-regions"],"acf":[],"yoast_head":"<!-- This site is optimized with the Yoast SEO plugin v27.3 - https:\/\/yoast.com\/product\/yoast-seo-wordpress\/ -->\n<title>Demanda de expositores tras transport logistic 2021 en un alto nivel - Loginfo24<\/title>\n<meta name=\"robots\" content=\"index, follow, max-snippet:-1, max-image-preview:large, max-video-preview:-1\" \/>\n<link rel=\"canonical\" href=\"https:\/\/loginfo24.com\/es\/2020\/10\/22\/demanda-de-expositores-tras-transport-logistic-2021-en-un-alto-nivel\/\" \/>\n<meta property=\"og:locale\" content=\"es_ES\" \/>\n<meta property=\"og:type\" content=\"article\" \/>\n<meta property=\"og:title\" content=\"Demanda de expositores tras transport logistic 2021 en un alto nivel - Loginfo24\" \/>\n<meta property=\"og:description\" content=\"La transport logistics 2021 se llevar\u00e1 a cabo del 04 al 7 de mayo de 2021 en M\u00fanich. La demanda entre los expositores ya es alta. [\u2026]\" \/>\n<meta property=\"og:url\" content=\"https:\/\/loginfo24.com\/es\/2020\/10\/22\/demanda-de-expositores-tras-transport-logistic-2021-en-un-alto-nivel\/\" \/>\n<meta property=\"og:site_name\" content=\"Loginfo24\" \/>\n<meta property=\"article:publisher\" content=\"https:\/\/www.facebook.com\/people\/Loginfo24\/100057360583332\/\" \/>\n<meta property=\"article:published_time\" content=\"2020-10-22T17:30:36+00:00\" \/>\n<meta property=\"article:modified_time\" content=\"2025-12-15T11:40:56+00:00\" \/>\n<meta name=\"twitter:card\" content=\"summary_large_image\" \/>\n<meta name=\"twitter:label1\" content=\"Tiempo de lectura\" \/>\n\t<meta name=\"twitter:data1\" content=\"2 minuto\" \/>\n<script type=\"application\/ld+json\" class=\"yoast-schema-graph\">{\"@context\":\"https:\\\/\\\/schema.org\",\"@graph\":[{\"@type\":\"Article\",\"@id\":\"https:\\\/\\\/loginfo24.com\\\/es\\\/2020\\\/10\\\/22\\\/demanda-de-expositores-tras-transport-logistic-2021-en-un-alto-nivel\\\/#article\",\"isPartOf\":{\"@id\":\"https:\\\/\\\/loginfo24.com\\\/es\\\/2020\\\/10\\\/22\\\/demanda-de-expositores-tras-transport-logistic-2021-en-un-alto-nivel\\\/\"},\"author\":{\"name\":\"\",\"@id\":\"\"},\"headline\":\"Demanda de expositores tras transport logistic 2021 en un alto nivel\",\"datePublished\":\"2020-10-22T17:30:36+00:00\",\"dateModified\":\"2025-12-15T11:40:56+00:00\",\"mainEntityOfPage\":{\"@id\":\"https:\\\/\\\/loginfo24.com\\\/es\\\/2020\\\/10\\\/22\\\/demanda-de-expositores-tras-transport-logistic-2021-en-un-alto-nivel\\\/\"},\"wordCount\":469,\"commentCount\":0,\"publisher\":{\"@id\":\"https:\\\/\\\/loginfo24.com\\\/es\\\/#organization\"},\"articleSection\":[\"Forwarding &amp; Logistics\",\"Intralogistics\",\"Regions\"],\"inLanguage\":\"es\",\"potentialAction\":[{\"@type\":\"CommentAction\",\"name\":\"Comment\",\"target\":[\"https:\\\/\\\/loginfo24.com\\\/es\\\/2020\\\/10\\\/22\\\/demanda-de-expositores-tras-transport-logistic-2021-en-un-alto-nivel\\\/#respond\"]}]},{\"@type\":\"WebPage\",\"@id\":\"https:\\\/\\\/loginfo24.com\\\/es\\\/2020\\\/10\\\/22\\\/demanda-de-expositores-tras-transport-logistic-2021-en-un-alto-nivel\\\/\",\"url\":\"https:\\\/\\\/loginfo24.com\\\/es\\\/2020\\\/10\\\/22\\\/demanda-de-expositores-tras-transport-logistic-2021-en-un-alto-nivel\\\/\",\"name\":\"Demanda de expositores tras transport logistic 2021 en un alto nivel - Loginfo24\",\"isPartOf\":{\"@id\":\"https:\\\/\\\/loginfo24.com\\\/es\\\/#website\"},\"datePublished\":\"2020-10-22T17:30:36+00:00\",\"dateModified\":\"2025-12-15T11:40:56+00:00\",\"breadcrumb\":{\"@id\":\"https:\\\/\\\/loginfo24.com\\\/es\\\/2020\\\/10\\\/22\\\/demanda-de-expositores-tras-transport-logistic-2021-en-un-alto-nivel\\\/#breadcrumb\"},\"inLanguage\":\"es\",\"potentialAction\":[{\"@type\":\"ReadAction\",\"target\":[\"https:\\\/\\\/loginfo24.com\\\/es\\\/2020\\\/10\\\/22\\\/demanda-de-expositores-tras-transport-logistic-2021-en-un-alto-nivel\\\/\"]}]},{\"@type\":\"BreadcrumbList\",\"@id\":\"https:\\\/\\\/loginfo24.com\\\/es\\\/2020\\\/10\\\/22\\\/demanda-de-expositores-tras-transport-logistic-2021-en-un-alto-nivel\\\/#breadcrumb\",\"itemListElement\":[{\"@type\":\"ListItem\",\"position\":1,\"name\":\"Startseite\",\"item\":\"https:\\\/\\\/loginfo24.com\\\/es\\\/\"},{\"@type\":\"ListItem\",\"position\":2,\"name\":\"Demanda de expositores tras transport logistic 2021 en un alto nivel\"}]},{\"@type\":\"WebSite\",\"@id\":\"https:\\\/\\\/loginfo24.com\\\/es\\\/#website\",\"url\":\"https:\\\/\\\/loginfo24.com\\\/es\\\/\",\"name\":\"Loginfo24\",\"description\":\"Loginfo24 es la plataforma dedicada a la log\u00edstica y las cadenas de suministro con informaci\u00f3n las 24 horas del d\u00eda.\",\"publisher\":{\"@id\":\"https:\\\/\\\/loginfo24.com\\\/es\\\/#organization\"},\"potentialAction\":[{\"@type\":\"SearchAction\",\"target\":{\"@type\":\"EntryPoint\",\"urlTemplate\":\"https:\\\/\\\/loginfo24.com\\\/es\\\/?s={search_term_string}\"},\"query-input\":{\"@type\":\"PropertyValueSpecification\",\"valueRequired\":true,\"valueName\":\"search_term_string\"}}],\"inLanguage\":\"es\"},{\"@type\":\"Organization\",\"@id\":\"https:\\\/\\\/loginfo24.com\\\/es\\\/#organization\",\"name\":\"Grupo Logismedia AG\",\"url\":\"https:\\\/\\\/loginfo24.com\\\/es\\\/\",\"logo\":{\"@type\":\"ImageObject\",\"inLanguage\":\"es\",\"@id\":\"https:\\\/\\\/loginfo24.com\\\/es\\\/#\\\/schema\\\/logo\\\/image\\\/\",\"url\":\"https:\\\/\\\/loginfo24.com\\\/wp-content\\\/uploads\\\/sites\\\/7\\\/2026\\\/01\\\/Logo_LogInfo24.png\",\"contentUrl\":\"https:\\\/\\\/loginfo24.com\\\/wp-content\\\/uploads\\\/sites\\\/7\\\/2026\\\/01\\\/Logo_LogInfo24.png\",\"width\":938,\"height\":351,\"caption\":\"Grupo Logismedia AG\"},\"image\":{\"@id\":\"https:\\\/\\\/loginfo24.com\\\/es\\\/#\\\/schema\\\/logo\\\/image\\\/\"},\"sameAs\":[\"https:\\\/\\\/www.facebook.com\\\/people\\\/Loginfo24\\\/100057360583332\\\/\",\"https:\\\/\\\/www.linkedin.com\\\/company\\\/lofinfo24\\\/\"]}]}<\/script>\n<!-- \/ Yoast SEO plugin. -->","yoast_head_json":{"title":"Demanda de expositores tras transport logistic 2021 en un alto nivel - Loginfo24","robots":{"index":"index","follow":"follow","max-snippet":"max-snippet:-1","max-image-preview":"max-image-preview:large","max-video-preview":"max-video-preview:-1"},"canonical":"https:\/\/loginfo24.com\/es\/2020\/10\/22\/demanda-de-expositores-tras-transport-logistic-2021-en-un-alto-nivel\/","og_locale":"es_ES","og_type":"article","og_title":"Demanda de expositores tras transport logistic 2021 en un alto nivel - Loginfo24","og_description":"La transport logistics 2021 se llevar\u00e1 a cabo del 04 al 7 de mayo de 2021 en M\u00fanich. La demanda entre los expositores ya es alta. [\u2026]","og_url":"https:\/\/loginfo24.com\/es\/2020\/10\/22\/demanda-de-expositores-tras-transport-logistic-2021-en-un-alto-nivel\/","og_site_name":"Loginfo24","article_publisher":"https:\/\/www.facebook.com\/people\/Loginfo24\/100057360583332\/","article_published_time":"2020-10-22T17:30:36+00:00","article_modified_time":"2025-12-15T11:40:56+00:00","twitter_card":"summary_large_image","twitter_misc":{"Tiempo de lectura":"2 minuto"},"schema":{"@context":"https:\/\/schema.org","@graph":[{"@type":"Article","@id":"https:\/\/loginfo24.com\/es\/2020\/10\/22\/demanda-de-expositores-tras-transport-logistic-2021-en-un-alto-nivel\/#article","isPartOf":{"@id":"https:\/\/loginfo24.com\/es\/2020\/10\/22\/demanda-de-expositores-tras-transport-logistic-2021-en-un-alto-nivel\/"},"author":{"name":"","@id":""},"headline":"Demanda de expositores tras transport logistic 2021 en un alto nivel","datePublished":"2020-10-22T17:30:36+00:00","dateModified":"2025-12-15T11:40:56+00:00","mainEntityOfPage":{"@id":"https:\/\/loginfo24.com\/es\/2020\/10\/22\/demanda-de-expositores-tras-transport-logistic-2021-en-un-alto-nivel\/"},"wordCount":469,"commentCount":0,"publisher":{"@id":"https:\/\/loginfo24.com\/es\/#organization"},"articleSection":["Forwarding &amp; Logistics","Intralogistics","Regions"],"inLanguage":"es","potentialAction":[{"@type":"CommentAction","name":"Comment","target":["https:\/\/loginfo24.com\/es\/2020\/10\/22\/demanda-de-expositores-tras-transport-logistic-2021-en-un-alto-nivel\/#respond"]}]},{"@type":"WebPage","@id":"https:\/\/loginfo24.com\/es\/2020\/10\/22\/demanda-de-expositores-tras-transport-logistic-2021-en-un-alto-nivel\/","url":"https:\/\/loginfo24.com\/es\/2020\/10\/22\/demanda-de-expositores-tras-transport-logistic-2021-en-un-alto-nivel\/","name":"Demanda de expositores tras transport logistic 2021 en un alto nivel - Loginfo24","isPartOf":{"@id":"https:\/\/loginfo24.com\/es\/#website"},"datePublished":"2020-10-22T17:30:36+00:00","dateModified":"2025-12-15T11:40:56+00:00","breadcrumb":{"@id":"https:\/\/loginfo24.com\/es\/2020\/10\/22\/demanda-de-expositores-tras-transport-logistic-2021-en-un-alto-nivel\/#breadcrumb"},"inLanguage":"es","potentialAction":[{"@type":"ReadAction","target":["https:\/\/loginfo24.com\/es\/2020\/10\/22\/demanda-de-expositores-tras-transport-logistic-2021-en-un-alto-nivel\/"]}]},{"@type":"BreadcrumbList","@id":"https:\/\/loginfo24.com\/es\/2020\/10\/22\/demanda-de-expositores-tras-transport-logistic-2021-en-un-alto-nivel\/#breadcrumb","itemListElement":[{"@type":"ListItem","position":1,"name":"Startseite","item":"https:\/\/loginfo24.com\/es\/"},{"@type":"ListItem","position":2,"name":"Demanda de expositores tras transport logistic 2021 en un alto nivel"}]},{"@type":"WebSite","@id":"https:\/\/loginfo24.com\/es\/#website","url":"https:\/\/loginfo24.com\/es\/","name":"Loginfo24","description":"Loginfo24 es la plataforma dedicada a la log\u00edstica y las cadenas de suministro con informaci\u00f3n las 24 horas del d\u00eda.","publisher":{"@id":"https:\/\/loginfo24.com\/es\/#organization"},"potentialAction":[{"@type":"SearchAction","target":{"@type":"EntryPoint","urlTemplate":"https:\/\/loginfo24.com\/es\/?s={search_term_string}"},"query-input":{"@type":"PropertyValueSpecification","valueRequired":true,"valueName":"search_term_string"}}],"inLanguage":"es"},{"@type":"Organization","@id":"https:\/\/loginfo24.com\/es\/#organization","name":"Grupo Logismedia AG","url":"https:\/\/loginfo24.com\/es\/","logo":{"@type":"ImageObject","inLanguage":"es","@id":"https:\/\/loginfo24.com\/es\/#\/schema\/logo\/image\/","url":"https:\/\/loginfo24.com\/wp-content\/uploads\/sites\/7\/2026\/01\/Logo_LogInfo24.png","contentUrl":"https:\/\/loginfo24.com\/wp-content\/uploads\/sites\/7\/2026\/01\/Logo_LogInfo24.png","width":938,"height":351,"caption":"Grupo Logismedia AG"},"image":{"@id":"https:\/\/loginfo24.com\/es\/#\/schema\/logo\/image\/"},"sameAs":["https:\/\/www.facebook.com\/people\/Loginfo24\/100057360583332\/","https:\/\/www.linkedin.com\/company\/lofinfo24\/"]}]}},"_links":{"self":[{"href":"https:\/\/loginfo24.com\/es\/wp-json\/wp\/v2\/posts\/20721","targetHints":{"allow":["GET"]}}],"collection":[{"href":"https:\/\/loginfo24.com\/es\/wp-json\/wp\/v2\/posts"}],"about":[{"href":"https:\/\/loginfo24.com\/es\/wp-json\/wp\/v2\/types\/post"}],"replies":[{"embeddable":true,"href":"https:\/\/loginfo24.com\/es\/wp-json\/wp\/v2\/comments?post=20721"}],"version-history":[{"count":1,"href":"https:\/\/loginfo24.com\/es\/wp-json\/wp\/v2\/posts\/20721\/revisions"}],"predecessor-version":[{"id":37640,"href":"https:\/\/loginfo24.com\/es\/wp-json\/wp\/v2\/posts\/20721\/revisions\/37640"}],"wp:attachment":[{"href":"https:\/\/loginfo24.com\/es\/wp-json\/wp\/v2\/media?parent=20721"}],"wp:term":[{"taxonomy":"category","embeddable":true,"href":"https:\/\/loginfo24.com\/es\/wp-json\/wp\/v2\/categories?post=20721"},{"taxonomy":"post_tag","embeddable":true,"href":"https:\/\/loginfo24.com\/es\/wp-json\/wp\/v2\/tags?post=20721"}],"curies":[{"name":"wp","href":"https:\/\/api.w.org\/{rel}","templated":true}]}}