{"id":20483,"date":"2020-10-15T15:30:33","date_gmt":"2020-10-15T13:30:33","guid":{"rendered":"https:\/\/blog.brand-architecture.at\/2020\/10\/15\/el-exmiembro-de-la-junta-de-metawerk-ag-se-une-a-logivest\/"},"modified":"2025-12-15T12:39:51","modified_gmt":"2025-12-15T11:39:51","slug":"el-exmiembro-de-la-junta-de-metawerk-ag-se-une-a-logivest","status":"publish","type":"post","link":"https:\/\/loginfo24.com\/es\/2020\/10\/15\/el-exmiembro-de-la-junta-de-metawerk-ag-se-une-a-logivest\/","title":{"rendered":"El exmiembro de la junta de metaWERK AG se une a Logivest"},"content":{"rendered":"<p>El Dr. Michael Siebdrath se une a Logivest GmbH el 1 de octubre de 2020 y ser\u00e1 el jefe de arrendamientos en Berl\u00edn y Leipzig. As\u00ed, la consultor\u00eda en el este de Alemania se expandir\u00e1 de manera sostenible. Al mismo tiempo, se est\u00e1 planeando una nueva ubicaci\u00f3n en Leipzig.<\/p>\n<p><strong>(M\u00fanich)<\/strong>\u00a0\u2013 El Dr. Michael Siebdrath, exmiembro de la junta del desarrollador de proyectos metaWERK, se une a Logivest GmbH el 1 de octubre de 2020. La empresa de consultor\u00eda que opera a nivel nacional y se centra en propiedades y ubicaciones log\u00edsticas planea, con Siebdrath, expandir a\u00fan m\u00e1s las regiones alrededor de Leipzig, Berl\u00edn y Magdeburgo.<\/p>\n<p>Durante los \u00faltimos diez a\u00f1os, el nativo de Sajonia ha desarrollado ubicaciones para log\u00edstica e industria en Leipzig y sus alrededores, primero como desarrollador de proyectos y director general de las sociedades de proyectos de metaWERK, y m\u00e1s tarde como miembro de la junta de metaWERK AG. Ahora, como nuevo jefe de arrendamientos en Berl\u00edn y Leipzig, ser\u00e1 responsable de la expansi\u00f3n del negocio de consultor\u00eda en Berl\u00edn y, a largo plazo, de establecer una ubicaci\u00f3n en Leipzig.<\/p>\n<h5><strong>El volumen de nuevas construcciones en el este de Alemania aumenta considerablemente<\/strong><\/h5>\n<p>Mientras que la regi\u00f3n log\u00edstica de Berl\u00edn ha sido durante muchos a\u00f1os uno de los principales lugares en Alemania, la regi\u00f3n de Leipzig\/Halle se est\u00e1 convirtiendo cada vez m\u00e1s en uno de los puntos calientes. \u00abYa en la primera mitad de 2020, el volumen de nuevas construcciones en la regi\u00f3n log\u00edstica de Leipzig se cuadruplic\u00f3 en comparaci\u00f3n con el resultado del a\u00f1o pasado. Nos alegra a\u00fan m\u00e1s haber podido atraer a un experto regional como el Dr. Siebdrath. Junto a \u00e9l, queremos seguir estableci\u00e9ndonos en la regi\u00f3n y construir nuestra propia ubicaci\u00f3n\u00bb, dice Kuno Neumeier, CEO de Logivest.<\/p>\n<p>Como miembro de la junta de metaWERK AG, Siebdrath ha desarrollado proyectos pioneros como el metaWERK Zwickau o Chemnitz. En su nueva tarea como jefe de arrendamientos, le atrae especialmente la complejidad. \u00abDiferentes sectores, diversas demandas: estoy emocionado de poder aplicar mi conocimiento sobre el mercado y las necesidades de la regi\u00f3n ahora desde el lado de la consultor\u00eda\u00bb, dice el Dr. Michael Siebdrath. En su nueva posici\u00f3n, Siebdrath reporta directamente a Michael Starre, CSO de Logivest.<\/p>\n<h5><strong>Sobre Logivest GmbH<\/strong><\/h5>\n<p>Logivest es una empresa de consultor\u00eda dirigida por sus propietarios que opera a nivel nacional y se centra en propiedades y ubicaciones log\u00edsticas. Los servicios en las \u00e1reas de arrendamiento, asesor\u00eda en transacciones y nuevas construcciones son las competencias centrales. El espectro de servicios se completa con el apoyo en la comercializaci\u00f3n de ubicaciones log\u00edsticas, la optimizaci\u00f3n o redise\u00f1o de procesos log\u00edsticos, decisiones de M&amp;A y an\u00e1lisis de ubicaciones. La empresa, fundada en 2011, se caracteriza por una amplia competencia en propiedades log\u00edsticas, ubicaciones y procesos log\u00edsticos en diversas industrias. Con un total de ocho ubicaciones en Alemania (M\u00fanich, Berl\u00edn, Bremen, Hamburgo, Hannover, Colonia, N\u00faremberg y Stuttgart), el grupo Logivest ofrece a clientes de log\u00edstica, producci\u00f3n y comercio un servicio individual y nacional.<\/p>\n<p><a href=\"https:\/\/www.logivest.de\/\" target=\"_blank\" rel=\"noopener noreferrer\">www.logivest.de<\/a>\u00a0\u00a0 <a href=\"https:\/\/www.meta-werk.de\/\" target=\"_blank\" rel=\"noopener noreferrer\">www.meta-werk.de<\/a><\/p>\n<p>Foto: \u00a9 Logivest<\/p>\n","protected":false},"excerpt":{"rendered":"<p>El Dr. Michael Siebdrath se une a Logivest GmbH el 1 de octubre de 2020 y ser\u00e1 el jefe de arrendamientos en Berl\u00edn y Leipzig. As\u00ed,<span class=\"excerpt-hellip\"> [\u2026]<\/span><\/p>\n","protected":false},"author":0,"featured_media":0,"comment_status":"open","ping_status":"open","sticky":false,"template":"","format":"standard","meta":{"_acf_changed":false,"footnotes":""},"categories":[1557,1561],"tags":[],"class_list":["post-20483","post","type-post","status-publish","format-standard","hentry","category-forwarding-logistics","category-regions"],"acf":[],"yoast_head":"<!-- This site is optimized with the Yoast SEO plugin v27.3 - https:\/\/yoast.com\/product\/yoast-seo-wordpress\/ -->\n<title>El exmiembro de la junta de metaWERK AG se une a Logivest - Loginfo24<\/title>\n<meta name=\"robots\" content=\"index, follow, max-snippet:-1, max-image-preview:large, max-video-preview:-1\" \/>\n<link rel=\"canonical\" href=\"https:\/\/loginfo24.com\/es\/2020\/10\/15\/el-exmiembro-de-la-junta-de-metawerk-ag-se-une-a-logivest\/\" \/>\n<meta property=\"og:locale\" content=\"es_ES\" \/>\n<meta property=\"og:type\" content=\"article\" \/>\n<meta property=\"og:title\" content=\"El exmiembro de la junta de metaWERK AG se une a Logivest - Loginfo24\" \/>\n<meta property=\"og:description\" content=\"El Dr. Michael Siebdrath se une a Logivest GmbH el 1 de octubre de 2020 y ser\u00e1 el jefe de arrendamientos en Berl\u00edn y Leipzig. As\u00ed, [\u2026]\" \/>\n<meta property=\"og:url\" content=\"https:\/\/loginfo24.com\/es\/2020\/10\/15\/el-exmiembro-de-la-junta-de-metawerk-ag-se-une-a-logivest\/\" \/>\n<meta property=\"og:site_name\" content=\"Loginfo24\" \/>\n<meta property=\"article:publisher\" content=\"https:\/\/www.facebook.com\/people\/Loginfo24\/100057360583332\/\" \/>\n<meta property=\"article:published_time\" content=\"2020-10-15T13:30:33+00:00\" \/>\n<meta property=\"article:modified_time\" content=\"2025-12-15T11:39:51+00:00\" \/>\n<meta name=\"twitter:card\" content=\"summary_large_image\" \/>\n<meta name=\"twitter:label1\" content=\"Tiempo de lectura\" \/>\n\t<meta name=\"twitter:data1\" content=\"3 minuto\" \/>\n<script type=\"application\/ld+json\" class=\"yoast-schema-graph\">{\"@context\":\"https:\\\/\\\/schema.org\",\"@graph\":[{\"@type\":\"Article\",\"@id\":\"https:\\\/\\\/loginfo24.com\\\/es\\\/2020\\\/10\\\/15\\\/el-exmiembro-de-la-junta-de-metawerk-ag-se-une-a-logivest\\\/#article\",\"isPartOf\":{\"@id\":\"https:\\\/\\\/loginfo24.com\\\/es\\\/2020\\\/10\\\/15\\\/el-exmiembro-de-la-junta-de-metawerk-ag-se-une-a-logivest\\\/\"},\"author\":{\"name\":\"\",\"@id\":\"\"},\"headline\":\"El exmiembro de la junta de metaWERK AG se une a Logivest\",\"datePublished\":\"2020-10-15T13:30:33+00:00\",\"dateModified\":\"2025-12-15T11:39:51+00:00\",\"mainEntityOfPage\":{\"@id\":\"https:\\\/\\\/loginfo24.com\\\/es\\\/2020\\\/10\\\/15\\\/el-exmiembro-de-la-junta-de-metawerk-ag-se-une-a-logivest\\\/\"},\"wordCount\":564,\"commentCount\":0,\"publisher\":{\"@id\":\"https:\\\/\\\/loginfo24.com\\\/es\\\/#organization\"},\"articleSection\":[\"Forwarding &amp; Logistics\",\"Regions\"],\"inLanguage\":\"es\",\"potentialAction\":[{\"@type\":\"CommentAction\",\"name\":\"Comment\",\"target\":[\"https:\\\/\\\/loginfo24.com\\\/es\\\/2020\\\/10\\\/15\\\/el-exmiembro-de-la-junta-de-metawerk-ag-se-une-a-logivest\\\/#respond\"]}]},{\"@type\":\"WebPage\",\"@id\":\"https:\\\/\\\/loginfo24.com\\\/es\\\/2020\\\/10\\\/15\\\/el-exmiembro-de-la-junta-de-metawerk-ag-se-une-a-logivest\\\/\",\"url\":\"https:\\\/\\\/loginfo24.com\\\/es\\\/2020\\\/10\\\/15\\\/el-exmiembro-de-la-junta-de-metawerk-ag-se-une-a-logivest\\\/\",\"name\":\"El exmiembro de la junta de metaWERK AG se une a Logivest - Loginfo24\",\"isPartOf\":{\"@id\":\"https:\\\/\\\/loginfo24.com\\\/es\\\/#website\"},\"datePublished\":\"2020-10-15T13:30:33+00:00\",\"dateModified\":\"2025-12-15T11:39:51+00:00\",\"breadcrumb\":{\"@id\":\"https:\\\/\\\/loginfo24.com\\\/es\\\/2020\\\/10\\\/15\\\/el-exmiembro-de-la-junta-de-metawerk-ag-se-une-a-logivest\\\/#breadcrumb\"},\"inLanguage\":\"es\",\"potentialAction\":[{\"@type\":\"ReadAction\",\"target\":[\"https:\\\/\\\/loginfo24.com\\\/es\\\/2020\\\/10\\\/15\\\/el-exmiembro-de-la-junta-de-metawerk-ag-se-une-a-logivest\\\/\"]}]},{\"@type\":\"BreadcrumbList\",\"@id\":\"https:\\\/\\\/loginfo24.com\\\/es\\\/2020\\\/10\\\/15\\\/el-exmiembro-de-la-junta-de-metawerk-ag-se-une-a-logivest\\\/#breadcrumb\",\"itemListElement\":[{\"@type\":\"ListItem\",\"position\":1,\"name\":\"Startseite\",\"item\":\"https:\\\/\\\/loginfo24.com\\\/es\\\/\"},{\"@type\":\"ListItem\",\"position\":2,\"name\":\"El exmiembro de la junta de metaWERK AG se une a Logivest\"}]},{\"@type\":\"WebSite\",\"@id\":\"https:\\\/\\\/loginfo24.com\\\/es\\\/#website\",\"url\":\"https:\\\/\\\/loginfo24.com\\\/es\\\/\",\"name\":\"Loginfo24\",\"description\":\"Loginfo24 es la plataforma dedicada a la log\u00edstica y las cadenas de suministro con informaci\u00f3n las 24 horas del d\u00eda.\",\"publisher\":{\"@id\":\"https:\\\/\\\/loginfo24.com\\\/es\\\/#organization\"},\"potentialAction\":[{\"@type\":\"SearchAction\",\"target\":{\"@type\":\"EntryPoint\",\"urlTemplate\":\"https:\\\/\\\/loginfo24.com\\\/es\\\/?s={search_term_string}\"},\"query-input\":{\"@type\":\"PropertyValueSpecification\",\"valueRequired\":true,\"valueName\":\"search_term_string\"}}],\"inLanguage\":\"es\"},{\"@type\":\"Organization\",\"@id\":\"https:\\\/\\\/loginfo24.com\\\/es\\\/#organization\",\"name\":\"Grupo Logismedia AG\",\"url\":\"https:\\\/\\\/loginfo24.com\\\/es\\\/\",\"logo\":{\"@type\":\"ImageObject\",\"inLanguage\":\"es\",\"@id\":\"https:\\\/\\\/loginfo24.com\\\/es\\\/#\\\/schema\\\/logo\\\/image\\\/\",\"url\":\"https:\\\/\\\/loginfo24.com\\\/wp-content\\\/uploads\\\/sites\\\/7\\\/2026\\\/01\\\/Logo_LogInfo24.png\",\"contentUrl\":\"https:\\\/\\\/loginfo24.com\\\/wp-content\\\/uploads\\\/sites\\\/7\\\/2026\\\/01\\\/Logo_LogInfo24.png\",\"width\":938,\"height\":351,\"caption\":\"Grupo Logismedia AG\"},\"image\":{\"@id\":\"https:\\\/\\\/loginfo24.com\\\/es\\\/#\\\/schema\\\/logo\\\/image\\\/\"},\"sameAs\":[\"https:\\\/\\\/www.facebook.com\\\/people\\\/Loginfo24\\\/100057360583332\\\/\",\"https:\\\/\\\/www.linkedin.com\\\/company\\\/lofinfo24\\\/\"]}]}<\/script>\n<!-- \/ Yoast SEO plugin. -->","yoast_head_json":{"title":"El exmiembro de la junta de metaWERK AG se une a Logivest - Loginfo24","robots":{"index":"index","follow":"follow","max-snippet":"max-snippet:-1","max-image-preview":"max-image-preview:large","max-video-preview":"max-video-preview:-1"},"canonical":"https:\/\/loginfo24.com\/es\/2020\/10\/15\/el-exmiembro-de-la-junta-de-metawerk-ag-se-une-a-logivest\/","og_locale":"es_ES","og_type":"article","og_title":"El exmiembro de la junta de metaWERK AG se une a Logivest - Loginfo24","og_description":"El Dr. Michael Siebdrath se une a Logivest GmbH el 1 de octubre de 2020 y ser\u00e1 el jefe de arrendamientos en Berl\u00edn y Leipzig. As\u00ed, [\u2026]","og_url":"https:\/\/loginfo24.com\/es\/2020\/10\/15\/el-exmiembro-de-la-junta-de-metawerk-ag-se-une-a-logivest\/","og_site_name":"Loginfo24","article_publisher":"https:\/\/www.facebook.com\/people\/Loginfo24\/100057360583332\/","article_published_time":"2020-10-15T13:30:33+00:00","article_modified_time":"2025-12-15T11:39:51+00:00","twitter_card":"summary_large_image","twitter_misc":{"Tiempo de lectura":"3 minuto"},"schema":{"@context":"https:\/\/schema.org","@graph":[{"@type":"Article","@id":"https:\/\/loginfo24.com\/es\/2020\/10\/15\/el-exmiembro-de-la-junta-de-metawerk-ag-se-une-a-logivest\/#article","isPartOf":{"@id":"https:\/\/loginfo24.com\/es\/2020\/10\/15\/el-exmiembro-de-la-junta-de-metawerk-ag-se-une-a-logivest\/"},"author":{"name":"","@id":""},"headline":"El exmiembro de la junta de metaWERK AG se une a Logivest","datePublished":"2020-10-15T13:30:33+00:00","dateModified":"2025-12-15T11:39:51+00:00","mainEntityOfPage":{"@id":"https:\/\/loginfo24.com\/es\/2020\/10\/15\/el-exmiembro-de-la-junta-de-metawerk-ag-se-une-a-logivest\/"},"wordCount":564,"commentCount":0,"publisher":{"@id":"https:\/\/loginfo24.com\/es\/#organization"},"articleSection":["Forwarding &amp; Logistics","Regions"],"inLanguage":"es","potentialAction":[{"@type":"CommentAction","name":"Comment","target":["https:\/\/loginfo24.com\/es\/2020\/10\/15\/el-exmiembro-de-la-junta-de-metawerk-ag-se-une-a-logivest\/#respond"]}]},{"@type":"WebPage","@id":"https:\/\/loginfo24.com\/es\/2020\/10\/15\/el-exmiembro-de-la-junta-de-metawerk-ag-se-une-a-logivest\/","url":"https:\/\/loginfo24.com\/es\/2020\/10\/15\/el-exmiembro-de-la-junta-de-metawerk-ag-se-une-a-logivest\/","name":"El exmiembro de la junta de metaWERK AG se une a Logivest - Loginfo24","isPartOf":{"@id":"https:\/\/loginfo24.com\/es\/#website"},"datePublished":"2020-10-15T13:30:33+00:00","dateModified":"2025-12-15T11:39:51+00:00","breadcrumb":{"@id":"https:\/\/loginfo24.com\/es\/2020\/10\/15\/el-exmiembro-de-la-junta-de-metawerk-ag-se-une-a-logivest\/#breadcrumb"},"inLanguage":"es","potentialAction":[{"@type":"ReadAction","target":["https:\/\/loginfo24.com\/es\/2020\/10\/15\/el-exmiembro-de-la-junta-de-metawerk-ag-se-une-a-logivest\/"]}]},{"@type":"BreadcrumbList","@id":"https:\/\/loginfo24.com\/es\/2020\/10\/15\/el-exmiembro-de-la-junta-de-metawerk-ag-se-une-a-logivest\/#breadcrumb","itemListElement":[{"@type":"ListItem","position":1,"name":"Startseite","item":"https:\/\/loginfo24.com\/es\/"},{"@type":"ListItem","position":2,"name":"El exmiembro de la junta de metaWERK AG se une a Logivest"}]},{"@type":"WebSite","@id":"https:\/\/loginfo24.com\/es\/#website","url":"https:\/\/loginfo24.com\/es\/","name":"Loginfo24","description":"Loginfo24 es la plataforma dedicada a la log\u00edstica y las cadenas de suministro con informaci\u00f3n las 24 horas del d\u00eda.","publisher":{"@id":"https:\/\/loginfo24.com\/es\/#organization"},"potentialAction":[{"@type":"SearchAction","target":{"@type":"EntryPoint","urlTemplate":"https:\/\/loginfo24.com\/es\/?s={search_term_string}"},"query-input":{"@type":"PropertyValueSpecification","valueRequired":true,"valueName":"search_term_string"}}],"inLanguage":"es"},{"@type":"Organization","@id":"https:\/\/loginfo24.com\/es\/#organization","name":"Grupo Logismedia AG","url":"https:\/\/loginfo24.com\/es\/","logo":{"@type":"ImageObject","inLanguage":"es","@id":"https:\/\/loginfo24.com\/es\/#\/schema\/logo\/image\/","url":"https:\/\/loginfo24.com\/wp-content\/uploads\/sites\/7\/2026\/01\/Logo_LogInfo24.png","contentUrl":"https:\/\/loginfo24.com\/wp-content\/uploads\/sites\/7\/2026\/01\/Logo_LogInfo24.png","width":938,"height":351,"caption":"Grupo Logismedia AG"},"image":{"@id":"https:\/\/loginfo24.com\/es\/#\/schema\/logo\/image\/"},"sameAs":["https:\/\/www.facebook.com\/people\/Loginfo24\/100057360583332\/","https:\/\/www.linkedin.com\/company\/lofinfo24\/"]}]}},"_links":{"self":[{"href":"https:\/\/loginfo24.com\/es\/wp-json\/wp\/v2\/posts\/20483","targetHints":{"allow":["GET"]}}],"collection":[{"href":"https:\/\/loginfo24.com\/es\/wp-json\/wp\/v2\/posts"}],"about":[{"href":"https:\/\/loginfo24.com\/es\/wp-json\/wp\/v2\/types\/post"}],"replies":[{"embeddable":true,"href":"https:\/\/loginfo24.com\/es\/wp-json\/wp\/v2\/comments?post=20483"}],"version-history":[{"count":1,"href":"https:\/\/loginfo24.com\/es\/wp-json\/wp\/v2\/posts\/20483\/revisions"}],"predecessor-version":[{"id":37170,"href":"https:\/\/loginfo24.com\/es\/wp-json\/wp\/v2\/posts\/20483\/revisions\/37170"}],"wp:attachment":[{"href":"https:\/\/loginfo24.com\/es\/wp-json\/wp\/v2\/media?parent=20483"}],"wp:term":[{"taxonomy":"category","embeddable":true,"href":"https:\/\/loginfo24.com\/es\/wp-json\/wp\/v2\/categories?post=20483"},{"taxonomy":"post_tag","embeddable":true,"href":"https:\/\/loginfo24.com\/es\/wp-json\/wp\/v2\/tags?post=20483"}],"curies":[{"name":"wp","href":"https:\/\/api.w.org\/{rel}","templated":true}]}}