{"id":20441,"date":"2020-10-14T07:36:06","date_gmt":"2020-10-14T05:36:06","guid":{"rendered":"https:\/\/blog.brand-architecture.at\/2020\/10\/14\/maersk-eleva-las-expectativas-para-el-tercer-trimestre-y-la-proyeccion-para-el-ano-completo-2020\/"},"modified":"2025-12-15T12:39:39","modified_gmt":"2025-12-15T11:39:39","slug":"maersk-eleva-las-expectativas-para-el-tercer-trimestre-y-la-proyeccion-para-el-ano-completo-2020","status":"publish","type":"post","link":"https:\/\/loginfo24.com\/es\/2020\/10\/14\/maersk-eleva-las-expectativas-para-el-tercer-trimestre-y-la-proyeccion-para-el-ano-completo-2020\/","title":{"rendered":"Maersk eleva las expectativas para el tercer trimestre y la proyecci\u00f3n para el a\u00f1o completo 2020"},"content":{"rendered":"<p>A.P. Moller-Maersk cambia su proyecci\u00f3n para el a\u00f1o completo 2020 bas\u00e1ndose en cifras preliminares para el tercer trimestre y las perspectivas actuales para el cuarto trimestre. Sin embargo, la perspectiva para el pr\u00f3ximo a\u00f1o sigue siendo incierta.<\/p>\n<p>S\u00f8ren Skou, CEO de A.P. Moller - Maersk, dice: \u00abA.P. Moller - Maersk est\u00e1 en camino de lograr un fuerte tercer trimestre con un s\u00f3lido crecimiento de ganancias en todas nuestras \u00e1reas de negocio, especialmente en los sectores de transporte mar\u00edtimo, as\u00ed como log\u00edstica y servicios. Los vol\u00famenes se han recuperado m\u00e1s r\u00e1pido de lo esperado, nuestros costos se han mantenido bien controlados, las tarifas de flete han aumentado debido a la fuerte demanda, y estamos viendo un r\u00e1pido crecimiento de ingresos en las \u00e1reas de log\u00edstica y servicios. Las perspectivas para el cuarto trimestre son s\u00f3lidas por las mismas razones, y por lo tanto, podemos elevar nuestras expectativas para el a\u00f1o completo.<\/p>\n<div id=\"attachment_6094\" style=\"width: 310px\" class=\"wp-caption alignleft\"><img loading=\"lazy\" decoding=\"async\" aria-describedby=\"caption-attachment-6094\" class=\"wp-image-6094 size-medium\" src=\"https:\/\/loginfo24.com\/wp-content\/uploads\/sites\/7\/2025\/12\/Maersk_14.10.2020-300x169.jpg\" alt=\"\" width=\"300\" height=\"169\" \/><p id=\"caption-attachment-6094\" class=\"wp-caption-text\">S\u00f8ren Skou, CEO de A.P. Moller<\/p><\/div>\n<p>La perspectiva para 2021 sigue siendo incierta debido a la pandemia en curso. Los efectos positivos de los paquetes de est\u00edmulo podr\u00edan ser menos pronunciados en 2021, las posibles nuevas medidas afectar\u00e1n la demanda y el momento y la efectividad de una posible vacuna influir\u00e1n en 2021.<\/p>\n<p>La empresa ahora reporta unos ingresos no auditados de 9.9 mil millones de USD y un EBITDA antes de costos de reestructuraci\u00f3n e integraci\u00f3n de 2.4 mil millones de USD para el tercer trimestre de 2020, lo que se debe a una recuperaci\u00f3n continua de la demanda y sus iniciativas de mejora de costos. Los vol\u00famenes en el transporte mar\u00edtimo cayeron en aproximadamente 3 puntos porcentuales en el tercer trimestre de 2020 en comparaci\u00f3n con el a\u00f1o anterior, lo que es algo mejor que la ca\u00edda esperada en el rango de un solo d\u00edgito medio.<\/p>\n<h5><strong>Costos de reestructuraci\u00f3n presionan las ganancias<\/strong><\/h5>\n<p>A.P. Moller - Maersk espera costos de reestructuraci\u00f3n de aproximadamente 100 millones de USD en el tercer trimestre de 2020 relacionados con el despido de aproximadamente 2,000 empleados como resultado de los cambios organizativos anunciados el 1 de septiembre de 2020 en las \u00e1reas de transporte mar\u00edtimo y log\u00edstica &amp; servicios.<\/p>\n<p>Dada la rentabilidad en el tercer trimestre de 2020 y la actual din\u00e1mica de ganancias que estamos viendo en todas las \u00e1reas de negocio, el EBITDA para el a\u00f1o completo 2020 ahora se espera en un rango de 7.5-8.0 mil millones de USD antes de costos de reestructuraci\u00f3n e integraci\u00f3n (anteriormente 6.0-7.0 mil millones de USD). Todos los dem\u00e1s par\u00e1metros de nuestra proyecci\u00f3n publicada el 19 de agosto permanecen sin cambios.<\/p>\n<h5><strong>Mayor incertidumbre debido a Covid19<\/strong><\/h5>\n<p>Las condiciones comerciales para los pr\u00f3ximos trimestres siguen estando marcadas por una incertidumbre mayor a la normal debido a las interrupciones causadas o que podr\u00edan ser causadas por COVID-19.<\/p>\n<p>A.P. Moller - Maersk publicar\u00e1 su informe intermedio para el tercer trimestre el 18 de noviembre de 2020.<\/p>\n<p><a href=\"https:\/\/www.maersk.com\/\">www.maersk.com<\/a><\/p>\n<p>Fotos: \u00a9 Maersk<\/p>\n","protected":false},"excerpt":{"rendered":"<p>A.P. Moller-Maersk cambia su proyecci\u00f3n para el a\u00f1o completo 2020 bas\u00e1ndose en cifras preliminares para el tercer trimestre y las perspectivas actuales para el cuarto trimestre.<span class=\"excerpt-hellip\"> [\u2026]<\/span><\/p>\n","protected":false},"author":0,"featured_media":0,"comment_status":"open","ping_status":"open","sticky":false,"template":"","format":"standard","meta":{"_acf_changed":false,"footnotes":""},"categories":[1561,1559],"tags":[],"class_list":["post-20441","post","type-post","status-publish","format-standard","hentry","category-regions","category-shipping-ports"],"acf":[],"yoast_head":"<!-- This site is optimized with the Yoast SEO plugin v27.3 - https:\/\/yoast.com\/product\/yoast-seo-wordpress\/ -->\n<title>Maersk eleva las expectativas para el tercer trimestre y la proyecci\u00f3n para el a\u00f1o completo 2020 - Loginfo24<\/title>\n<meta name=\"robots\" content=\"index, follow, max-snippet:-1, max-image-preview:large, max-video-preview:-1\" \/>\n<link rel=\"canonical\" href=\"https:\/\/loginfo24.com\/es\/2020\/10\/14\/maersk-eleva-las-expectativas-para-el-tercer-trimestre-y-la-proyeccion-para-el-ano-completo-2020\/\" \/>\n<meta property=\"og:locale\" content=\"es_ES\" \/>\n<meta property=\"og:type\" content=\"article\" \/>\n<meta property=\"og:title\" content=\"Maersk eleva las expectativas para el tercer trimestre y la proyecci\u00f3n para el a\u00f1o completo 2020 - Loginfo24\" \/>\n<meta property=\"og:description\" content=\"A.P. Moller-Maersk cambia su proyecci\u00f3n para el a\u00f1o completo 2020 bas\u00e1ndose en cifras preliminares para el tercer trimestre y las perspectivas actuales para el cuarto trimestre. [\u2026]\" \/>\n<meta property=\"og:url\" content=\"https:\/\/loginfo24.com\/es\/2020\/10\/14\/maersk-eleva-las-expectativas-para-el-tercer-trimestre-y-la-proyeccion-para-el-ano-completo-2020\/\" \/>\n<meta property=\"og:site_name\" content=\"Loginfo24\" \/>\n<meta property=\"article:publisher\" content=\"https:\/\/www.facebook.com\/people\/Loginfo24\/100057360583332\/\" \/>\n<meta property=\"article:published_time\" content=\"2020-10-14T05:36:06+00:00\" \/>\n<meta property=\"article:modified_time\" content=\"2025-12-15T11:39:39+00:00\" \/>\n<meta property=\"og:image\" content=\"https:\/\/loginfo24.com\/wp-content\/uploads\/sites\/7\/2025\/12\/Maersk_14.10.2020-300x169.jpg\" \/>\n<meta name=\"twitter:card\" content=\"summary_large_image\" \/>\n<meta name=\"twitter:label1\" content=\"Tiempo de lectura\" \/>\n\t<meta name=\"twitter:data1\" content=\"3 minuto\" \/>\n<script type=\"application\/ld+json\" class=\"yoast-schema-graph\">{\"@context\":\"https:\\\/\\\/schema.org\",\"@graph\":[{\"@type\":\"Article\",\"@id\":\"https:\\\/\\\/loginfo24.com\\\/es\\\/2020\\\/10\\\/14\\\/maersk-eleva-las-expectativas-para-el-tercer-trimestre-y-la-proyeccion-para-el-ano-completo-2020\\\/#article\",\"isPartOf\":{\"@id\":\"https:\\\/\\\/loginfo24.com\\\/es\\\/2020\\\/10\\\/14\\\/maersk-eleva-las-expectativas-para-el-tercer-trimestre-y-la-proyeccion-para-el-ano-completo-2020\\\/\"},\"author\":{\"name\":\"\",\"@id\":\"\"},\"headline\":\"Maersk eleva las expectativas para el tercer trimestre y la proyecci\u00f3n para el a\u00f1o completo 2020\",\"datePublished\":\"2020-10-14T05:36:06+00:00\",\"dateModified\":\"2025-12-15T11:39:39+00:00\",\"mainEntityOfPage\":{\"@id\":\"https:\\\/\\\/loginfo24.com\\\/es\\\/2020\\\/10\\\/14\\\/maersk-eleva-las-expectativas-para-el-tercer-trimestre-y-la-proyeccion-para-el-ano-completo-2020\\\/\"},\"wordCount\":537,\"commentCount\":0,\"publisher\":{\"@id\":\"https:\\\/\\\/loginfo24.com\\\/es\\\/#organization\"},\"image\":{\"@id\":\"https:\\\/\\\/loginfo24.com\\\/es\\\/2020\\\/10\\\/14\\\/maersk-eleva-las-expectativas-para-el-tercer-trimestre-y-la-proyeccion-para-el-ano-completo-2020\\\/#primaryimage\"},\"thumbnailUrl\":\"https:\\\/\\\/loginfo24.com\\\/wp-content\\\/uploads\\\/sites\\\/7\\\/2025\\\/12\\\/Maersk_14.10.2020-300x169.jpg\",\"articleSection\":[\"Regions\",\"Shipping &amp; Ports\"],\"inLanguage\":\"es\",\"potentialAction\":[{\"@type\":\"CommentAction\",\"name\":\"Comment\",\"target\":[\"https:\\\/\\\/loginfo24.com\\\/es\\\/2020\\\/10\\\/14\\\/maersk-eleva-las-expectativas-para-el-tercer-trimestre-y-la-proyeccion-para-el-ano-completo-2020\\\/#respond\"]}]},{\"@type\":\"WebPage\",\"@id\":\"https:\\\/\\\/loginfo24.com\\\/es\\\/2020\\\/10\\\/14\\\/maersk-eleva-las-expectativas-para-el-tercer-trimestre-y-la-proyeccion-para-el-ano-completo-2020\\\/\",\"url\":\"https:\\\/\\\/loginfo24.com\\\/es\\\/2020\\\/10\\\/14\\\/maersk-eleva-las-expectativas-para-el-tercer-trimestre-y-la-proyeccion-para-el-ano-completo-2020\\\/\",\"name\":\"Maersk eleva las expectativas para el tercer trimestre y la proyecci\u00f3n para el a\u00f1o completo 2020 - Loginfo24\",\"isPartOf\":{\"@id\":\"https:\\\/\\\/loginfo24.com\\\/es\\\/#website\"},\"primaryImageOfPage\":{\"@id\":\"https:\\\/\\\/loginfo24.com\\\/es\\\/2020\\\/10\\\/14\\\/maersk-eleva-las-expectativas-para-el-tercer-trimestre-y-la-proyeccion-para-el-ano-completo-2020\\\/#primaryimage\"},\"image\":{\"@id\":\"https:\\\/\\\/loginfo24.com\\\/es\\\/2020\\\/10\\\/14\\\/maersk-eleva-las-expectativas-para-el-tercer-trimestre-y-la-proyeccion-para-el-ano-completo-2020\\\/#primaryimage\"},\"thumbnailUrl\":\"https:\\\/\\\/loginfo24.com\\\/wp-content\\\/uploads\\\/sites\\\/7\\\/2025\\\/12\\\/Maersk_14.10.2020-300x169.jpg\",\"datePublished\":\"2020-10-14T05:36:06+00:00\",\"dateModified\":\"2025-12-15T11:39:39+00:00\",\"breadcrumb\":{\"@id\":\"https:\\\/\\\/loginfo24.com\\\/es\\\/2020\\\/10\\\/14\\\/maersk-eleva-las-expectativas-para-el-tercer-trimestre-y-la-proyeccion-para-el-ano-completo-2020\\\/#breadcrumb\"},\"inLanguage\":\"es\",\"potentialAction\":[{\"@type\":\"ReadAction\",\"target\":[\"https:\\\/\\\/loginfo24.com\\\/es\\\/2020\\\/10\\\/14\\\/maersk-eleva-las-expectativas-para-el-tercer-trimestre-y-la-proyeccion-para-el-ano-completo-2020\\\/\"]}]},{\"@type\":\"ImageObject\",\"inLanguage\":\"es\",\"@id\":\"https:\\\/\\\/loginfo24.com\\\/es\\\/2020\\\/10\\\/14\\\/maersk-eleva-las-expectativas-para-el-tercer-trimestre-y-la-proyeccion-para-el-ano-completo-2020\\\/#primaryimage\",\"url\":\"https:\\\/\\\/loginfo24.com\\\/wp-content\\\/uploads\\\/sites\\\/7\\\/2025\\\/12\\\/Maersk_14.10.2020-300x169.jpg\",\"contentUrl\":\"https:\\\/\\\/loginfo24.com\\\/wp-content\\\/uploads\\\/sites\\\/7\\\/2025\\\/12\\\/Maersk_14.10.2020-300x169.jpg\"},{\"@type\":\"BreadcrumbList\",\"@id\":\"https:\\\/\\\/loginfo24.com\\\/es\\\/2020\\\/10\\\/14\\\/maersk-eleva-las-expectativas-para-el-tercer-trimestre-y-la-proyeccion-para-el-ano-completo-2020\\\/#breadcrumb\",\"itemListElement\":[{\"@type\":\"ListItem\",\"position\":1,\"name\":\"Startseite\",\"item\":\"https:\\\/\\\/loginfo24.com\\\/es\\\/\"},{\"@type\":\"ListItem\",\"position\":2,\"name\":\"Maersk eleva las expectativas para el tercer trimestre y la proyecci\u00f3n para el a\u00f1o completo 2020\"}]},{\"@type\":\"WebSite\",\"@id\":\"https:\\\/\\\/loginfo24.com\\\/es\\\/#website\",\"url\":\"https:\\\/\\\/loginfo24.com\\\/es\\\/\",\"name\":\"Loginfo24\",\"description\":\"Loginfo24 es la plataforma dedicada a la log\u00edstica y las cadenas de suministro con informaci\u00f3n las 24 horas del d\u00eda.\",\"publisher\":{\"@id\":\"https:\\\/\\\/loginfo24.com\\\/es\\\/#organization\"},\"potentialAction\":[{\"@type\":\"SearchAction\",\"target\":{\"@type\":\"EntryPoint\",\"urlTemplate\":\"https:\\\/\\\/loginfo24.com\\\/es\\\/?s={search_term_string}\"},\"query-input\":{\"@type\":\"PropertyValueSpecification\",\"valueRequired\":true,\"valueName\":\"search_term_string\"}}],\"inLanguage\":\"es\"},{\"@type\":\"Organization\",\"@id\":\"https:\\\/\\\/loginfo24.com\\\/es\\\/#organization\",\"name\":\"Grupo Logismedia AG\",\"url\":\"https:\\\/\\\/loginfo24.com\\\/es\\\/\",\"logo\":{\"@type\":\"ImageObject\",\"inLanguage\":\"es\",\"@id\":\"https:\\\/\\\/loginfo24.com\\\/es\\\/#\\\/schema\\\/logo\\\/image\\\/\",\"url\":\"https:\\\/\\\/loginfo24.com\\\/wp-content\\\/uploads\\\/sites\\\/7\\\/2026\\\/01\\\/Logo_LogInfo24.png\",\"contentUrl\":\"https:\\\/\\\/loginfo24.com\\\/wp-content\\\/uploads\\\/sites\\\/7\\\/2026\\\/01\\\/Logo_LogInfo24.png\",\"width\":938,\"height\":351,\"caption\":\"Grupo Logismedia AG\"},\"image\":{\"@id\":\"https:\\\/\\\/loginfo24.com\\\/es\\\/#\\\/schema\\\/logo\\\/image\\\/\"},\"sameAs\":[\"https:\\\/\\\/www.facebook.com\\\/people\\\/Loginfo24\\\/100057360583332\\\/\",\"https:\\\/\\\/www.linkedin.com\\\/company\\\/lofinfo24\\\/\"]}]}<\/script>\n<!-- \/ Yoast SEO plugin. -->","yoast_head_json":{"title":"Maersk eleva las expectativas para el tercer trimestre y la proyecci\u00f3n para el a\u00f1o completo 2020 - Loginfo24","robots":{"index":"index","follow":"follow","max-snippet":"max-snippet:-1","max-image-preview":"max-image-preview:large","max-video-preview":"max-video-preview:-1"},"canonical":"https:\/\/loginfo24.com\/es\/2020\/10\/14\/maersk-eleva-las-expectativas-para-el-tercer-trimestre-y-la-proyeccion-para-el-ano-completo-2020\/","og_locale":"es_ES","og_type":"article","og_title":"Maersk eleva las expectativas para el tercer trimestre y la proyecci\u00f3n para el a\u00f1o completo 2020 - Loginfo24","og_description":"A.P. Moller-Maersk cambia su proyecci\u00f3n para el a\u00f1o completo 2020 bas\u00e1ndose en cifras preliminares para el tercer trimestre y las perspectivas actuales para el cuarto trimestre. [\u2026]","og_url":"https:\/\/loginfo24.com\/es\/2020\/10\/14\/maersk-eleva-las-expectativas-para-el-tercer-trimestre-y-la-proyeccion-para-el-ano-completo-2020\/","og_site_name":"Loginfo24","article_publisher":"https:\/\/www.facebook.com\/people\/Loginfo24\/100057360583332\/","article_published_time":"2020-10-14T05:36:06+00:00","article_modified_time":"2025-12-15T11:39:39+00:00","og_image":[{"url":"https:\/\/loginfo24.com\/wp-content\/uploads\/sites\/7\/2025\/12\/Maersk_14.10.2020-300x169.jpg","type":"","width":"","height":""}],"twitter_card":"summary_large_image","twitter_misc":{"Tiempo de lectura":"3 minuto"},"schema":{"@context":"https:\/\/schema.org","@graph":[{"@type":"Article","@id":"https:\/\/loginfo24.com\/es\/2020\/10\/14\/maersk-eleva-las-expectativas-para-el-tercer-trimestre-y-la-proyeccion-para-el-ano-completo-2020\/#article","isPartOf":{"@id":"https:\/\/loginfo24.com\/es\/2020\/10\/14\/maersk-eleva-las-expectativas-para-el-tercer-trimestre-y-la-proyeccion-para-el-ano-completo-2020\/"},"author":{"name":"","@id":""},"headline":"Maersk eleva las expectativas para el tercer trimestre y la proyecci\u00f3n para el a\u00f1o completo 2020","datePublished":"2020-10-14T05:36:06+00:00","dateModified":"2025-12-15T11:39:39+00:00","mainEntityOfPage":{"@id":"https:\/\/loginfo24.com\/es\/2020\/10\/14\/maersk-eleva-las-expectativas-para-el-tercer-trimestre-y-la-proyeccion-para-el-ano-completo-2020\/"},"wordCount":537,"commentCount":0,"publisher":{"@id":"https:\/\/loginfo24.com\/es\/#organization"},"image":{"@id":"https:\/\/loginfo24.com\/es\/2020\/10\/14\/maersk-eleva-las-expectativas-para-el-tercer-trimestre-y-la-proyeccion-para-el-ano-completo-2020\/#primaryimage"},"thumbnailUrl":"https:\/\/loginfo24.com\/wp-content\/uploads\/sites\/7\/2025\/12\/Maersk_14.10.2020-300x169.jpg","articleSection":["Regions","Shipping &amp; Ports"],"inLanguage":"es","potentialAction":[{"@type":"CommentAction","name":"Comment","target":["https:\/\/loginfo24.com\/es\/2020\/10\/14\/maersk-eleva-las-expectativas-para-el-tercer-trimestre-y-la-proyeccion-para-el-ano-completo-2020\/#respond"]}]},{"@type":"WebPage","@id":"https:\/\/loginfo24.com\/es\/2020\/10\/14\/maersk-eleva-las-expectativas-para-el-tercer-trimestre-y-la-proyeccion-para-el-ano-completo-2020\/","url":"https:\/\/loginfo24.com\/es\/2020\/10\/14\/maersk-eleva-las-expectativas-para-el-tercer-trimestre-y-la-proyeccion-para-el-ano-completo-2020\/","name":"Maersk eleva las expectativas para el tercer trimestre y la proyecci\u00f3n para el a\u00f1o completo 2020 - Loginfo24","isPartOf":{"@id":"https:\/\/loginfo24.com\/es\/#website"},"primaryImageOfPage":{"@id":"https:\/\/loginfo24.com\/es\/2020\/10\/14\/maersk-eleva-las-expectativas-para-el-tercer-trimestre-y-la-proyeccion-para-el-ano-completo-2020\/#primaryimage"},"image":{"@id":"https:\/\/loginfo24.com\/es\/2020\/10\/14\/maersk-eleva-las-expectativas-para-el-tercer-trimestre-y-la-proyeccion-para-el-ano-completo-2020\/#primaryimage"},"thumbnailUrl":"https:\/\/loginfo24.com\/wp-content\/uploads\/sites\/7\/2025\/12\/Maersk_14.10.2020-300x169.jpg","datePublished":"2020-10-14T05:36:06+00:00","dateModified":"2025-12-15T11:39:39+00:00","breadcrumb":{"@id":"https:\/\/loginfo24.com\/es\/2020\/10\/14\/maersk-eleva-las-expectativas-para-el-tercer-trimestre-y-la-proyeccion-para-el-ano-completo-2020\/#breadcrumb"},"inLanguage":"es","potentialAction":[{"@type":"ReadAction","target":["https:\/\/loginfo24.com\/es\/2020\/10\/14\/maersk-eleva-las-expectativas-para-el-tercer-trimestre-y-la-proyeccion-para-el-ano-completo-2020\/"]}]},{"@type":"ImageObject","inLanguage":"es","@id":"https:\/\/loginfo24.com\/es\/2020\/10\/14\/maersk-eleva-las-expectativas-para-el-tercer-trimestre-y-la-proyeccion-para-el-ano-completo-2020\/#primaryimage","url":"https:\/\/loginfo24.com\/wp-content\/uploads\/sites\/7\/2025\/12\/Maersk_14.10.2020-300x169.jpg","contentUrl":"https:\/\/loginfo24.com\/wp-content\/uploads\/sites\/7\/2025\/12\/Maersk_14.10.2020-300x169.jpg"},{"@type":"BreadcrumbList","@id":"https:\/\/loginfo24.com\/es\/2020\/10\/14\/maersk-eleva-las-expectativas-para-el-tercer-trimestre-y-la-proyeccion-para-el-ano-completo-2020\/#breadcrumb","itemListElement":[{"@type":"ListItem","position":1,"name":"Startseite","item":"https:\/\/loginfo24.com\/es\/"},{"@type":"ListItem","position":2,"name":"Maersk eleva las expectativas para el tercer trimestre y la proyecci\u00f3n para el a\u00f1o completo 2020"}]},{"@type":"WebSite","@id":"https:\/\/loginfo24.com\/es\/#website","url":"https:\/\/loginfo24.com\/es\/","name":"Loginfo24","description":"Loginfo24 es la plataforma dedicada a la log\u00edstica y las cadenas de suministro con informaci\u00f3n las 24 horas del d\u00eda.","publisher":{"@id":"https:\/\/loginfo24.com\/es\/#organization"},"potentialAction":[{"@type":"SearchAction","target":{"@type":"EntryPoint","urlTemplate":"https:\/\/loginfo24.com\/es\/?s={search_term_string}"},"query-input":{"@type":"PropertyValueSpecification","valueRequired":true,"valueName":"search_term_string"}}],"inLanguage":"es"},{"@type":"Organization","@id":"https:\/\/loginfo24.com\/es\/#organization","name":"Grupo Logismedia AG","url":"https:\/\/loginfo24.com\/es\/","logo":{"@type":"ImageObject","inLanguage":"es","@id":"https:\/\/loginfo24.com\/es\/#\/schema\/logo\/image\/","url":"https:\/\/loginfo24.com\/wp-content\/uploads\/sites\/7\/2026\/01\/Logo_LogInfo24.png","contentUrl":"https:\/\/loginfo24.com\/wp-content\/uploads\/sites\/7\/2026\/01\/Logo_LogInfo24.png","width":938,"height":351,"caption":"Grupo Logismedia AG"},"image":{"@id":"https:\/\/loginfo24.com\/es\/#\/schema\/logo\/image\/"},"sameAs":["https:\/\/www.facebook.com\/people\/Loginfo24\/100057360583332\/","https:\/\/www.linkedin.com\/company\/lofinfo24\/"]}]}},"_links":{"self":[{"href":"https:\/\/loginfo24.com\/es\/wp-json\/wp\/v2\/posts\/20441","targetHints":{"allow":["GET"]}}],"collection":[{"href":"https:\/\/loginfo24.com\/es\/wp-json\/wp\/v2\/posts"}],"about":[{"href":"https:\/\/loginfo24.com\/es\/wp-json\/wp\/v2\/types\/post"}],"replies":[{"embeddable":true,"href":"https:\/\/loginfo24.com\/es\/wp-json\/wp\/v2\/comments?post=20441"}],"version-history":[{"count":1,"href":"https:\/\/loginfo24.com\/es\/wp-json\/wp\/v2\/posts\/20441\/revisions"}],"predecessor-version":[{"id":37086,"href":"https:\/\/loginfo24.com\/es\/wp-json\/wp\/v2\/posts\/20441\/revisions\/37086"}],"wp:attachment":[{"href":"https:\/\/loginfo24.com\/es\/wp-json\/wp\/v2\/media?parent=20441"}],"wp:term":[{"taxonomy":"category","embeddable":true,"href":"https:\/\/loginfo24.com\/es\/wp-json\/wp\/v2\/categories?post=20441"},{"taxonomy":"post_tag","embeddable":true,"href":"https:\/\/loginfo24.com\/es\/wp-json\/wp\/v2\/tags?post=20441"}],"curies":[{"name":"wp","href":"https:\/\/api.w.org\/{rel}","templated":true}]}}