{"id":20157,"date":"2020-09-30T20:54:03","date_gmt":"2020-09-30T18:54:03","guid":{"rendered":"https:\/\/blog.brand-architecture.at\/2020\/09\/30\/boudewijn-siemons-se-convierte-en-el-nuevo-coo-de-la-operacion-portuaria-en-roterdam\/"},"modified":"2025-12-15T12:38:24","modified_gmt":"2025-12-15T11:38:24","slug":"boudewijn-siemons-se-convierte-en-el-nuevo-coo-de-la-operacion-portuaria-en-roterdam","status":"publish","type":"post","link":"https:\/\/loginfo24.com\/es\/2020\/09\/30\/boudewijn-siemons-se-convierte-en-el-nuevo-coo-de-la-operacion-portuaria-en-roterdam\/","title":{"rendered":"Boudewijn Siemons se convierte en el nuevo COO de la operaci\u00f3n portuaria en R\u00f3terdam"},"content":{"rendered":"<p>Cambio de liderazgo en el puerto de R\u00f3terdam; Boudewijn Siemons se convierte en el nuevo COO de Havenbedrijf Rotterdam N.V. y sucede a Ronald Paul. Siemons proviene de Vopak y tambi\u00e9n formar\u00e1 parte de la junta directiva. Comienza su servicio hoy, 1 de octubre.<\/p>\n<p>(R\u00f3terdam) A partir del 1 de octubre de 2020, Boudewijn Siemons (56) ser\u00e1 el nuevo Chief Operating Officer (COO, director de operaciones) de Havenbedrijf Rotterdam N.V. Se une as\u00ed a la junta directiva. Siemons es el sucesor de Ronald Paul.<\/p>\n<p>Miriam Maes, presidenta del consejo de supervisi\u00f3n: \u00abEl consejo de supervisi\u00f3n est\u00e1 muy contento de que Boudewijn Siemons aporte su amplia experiencia y conocimientos al funcionamiento del puerto de R\u00f3terdam. Confiamos en \u00e9l la responsabilidad de la extensa infraestructura del mayor puerto europeo. Esta es una tarea importante, ya que la infraestructura de nuestro complejo industrial portuario debe seguir siendo de clase mundial.\u00bb  <\/p>\n<h5>Mejorar el servicio a trav\u00e9s de la innovaci\u00f3n y la digitalizaci\u00f3n<\/h5>\n<p>Boudewijn Siemons: \u00abEl puerto de R\u00f3terdam cuenta con una infraestructura de \u00faltima generaci\u00f3n que es utilizada de diversas maneras por los clientes. En Havenbedrijf Rotterdam, nos esforzamos por garantizar que esta infraestructura se mejore continuamente mediante el uso \u00f3ptimo de innovaciones tecnol\u00f3gicas y digitalizaci\u00f3n. Lo veo tanto como un honor como un desaf\u00edo ser responsable de este importante departamento en la operaci\u00f3n portuaria y espero con ansias colaborar con mis nuevos colegas y partes interesadas.\u00bb<\/p>\n<p>El ingeniero mec\u00e1nico Boudewijn Siemons fue hasta hace poco presidente (director) de la divisi\u00f3n de Am\u00e9rica en Koninklijke Vopak. Tras estudiar en el Koninklijk Instituut voor de Marine (Instituto Real de la Marina), comenz\u00f3 su carrera en 1987 en la Marina Real, donde trabaj\u00f3 hasta 1998. De 1998 a 2006, Siemons ocup\u00f3 varios puestos de gesti\u00f3n en Koninklijke VolkerWessels. En 2006, se uni\u00f3 a Vopak, donde ocup\u00f3 puestos de gesti\u00f3n en Europa, Oriente Medio y Am\u00e9rica.<\/p>\n<p>A partir del 1 de octubre de 2020, la junta directiva estar\u00e1 compuesta por el director general Allard Castelein, la CFO (directora financiera) Vivienne de Leeuw y el COO (director de operaciones) Boudewijn Siemons.<\/p>\n<p>Foto: \u00a9 Puerto de R\u00f3terdam<\/p>\n<p><a href=\"https:\/\/www.portofrotterdam.com\" target=\"_blank\" rel=\"noopener noreferrer\">www.portofrotterdam.com<\/a><\/p>\n","protected":false},"excerpt":{"rendered":"<p>Cambio de liderazgo en el puerto de R\u00f3terdam; Boudewijn Siemons se convierte en el nuevo COO de Havenbedrijf Rotterdam N.V. y sucede a Ronald Paul. Siemons<span class=\"excerpt-hellip\"> [\u2026]<\/span><\/p>\n","protected":false},"author":0,"featured_media":0,"comment_status":"open","ping_status":"open","sticky":false,"template":"","format":"standard","meta":{"_acf_changed":false,"footnotes":""},"categories":[1557,1561,1559],"tags":[],"class_list":["post-20157","post","type-post","status-publish","format-standard","hentry","category-forwarding-logistics","category-regions","category-shipping-ports"],"acf":[],"yoast_head":"<!-- This site is optimized with the Yoast SEO plugin v27.3 - https:\/\/yoast.com\/product\/yoast-seo-wordpress\/ -->\n<title>Boudewijn Siemons se convierte en el nuevo COO de la operaci\u00f3n portuaria en R\u00f3terdam - Loginfo24<\/title>\n<meta name=\"robots\" content=\"index, follow, max-snippet:-1, max-image-preview:large, max-video-preview:-1\" \/>\n<link rel=\"canonical\" href=\"https:\/\/loginfo24.com\/es\/2020\/09\/30\/boudewijn-siemons-se-convierte-en-el-nuevo-coo-de-la-operacion-portuaria-en-roterdam\/\" \/>\n<meta property=\"og:locale\" content=\"es_ES\" \/>\n<meta property=\"og:type\" content=\"article\" \/>\n<meta property=\"og:title\" content=\"Boudewijn Siemons se convierte en el nuevo COO de la operaci\u00f3n portuaria en R\u00f3terdam - Loginfo24\" \/>\n<meta property=\"og:description\" content=\"Cambio de liderazgo en el puerto de R\u00f3terdam; Boudewijn Siemons se convierte en el nuevo COO de Havenbedrijf Rotterdam N.V. y sucede a Ronald Paul. Siemons [\u2026]\" \/>\n<meta property=\"og:url\" content=\"https:\/\/loginfo24.com\/es\/2020\/09\/30\/boudewijn-siemons-se-convierte-en-el-nuevo-coo-de-la-operacion-portuaria-en-roterdam\/\" \/>\n<meta property=\"og:site_name\" content=\"Loginfo24\" \/>\n<meta property=\"article:publisher\" content=\"https:\/\/www.facebook.com\/people\/Loginfo24\/100057360583332\/\" \/>\n<meta property=\"article:published_time\" content=\"2020-09-30T18:54:03+00:00\" \/>\n<meta property=\"article:modified_time\" content=\"2025-12-15T11:38:24+00:00\" \/>\n<meta name=\"twitter:card\" content=\"summary_large_image\" \/>\n<meta name=\"twitter:label1\" content=\"Tiempo de lectura\" \/>\n\t<meta name=\"twitter:data1\" content=\"2 minuto\" \/>\n<script type=\"application\/ld+json\" class=\"yoast-schema-graph\">{\"@context\":\"https:\\\/\\\/schema.org\",\"@graph\":[{\"@type\":\"Article\",\"@id\":\"https:\\\/\\\/loginfo24.com\\\/es\\\/2020\\\/09\\\/30\\\/boudewijn-siemons-se-convierte-en-el-nuevo-coo-de-la-operacion-portuaria-en-roterdam\\\/#article\",\"isPartOf\":{\"@id\":\"https:\\\/\\\/loginfo24.com\\\/es\\\/2020\\\/09\\\/30\\\/boudewijn-siemons-se-convierte-en-el-nuevo-coo-de-la-operacion-portuaria-en-roterdam\\\/\"},\"author\":{\"name\":\"\",\"@id\":\"\"},\"headline\":\"Boudewijn Siemons se convierte en el nuevo COO de la operaci\u00f3n portuaria en R\u00f3terdam\",\"datePublished\":\"2020-09-30T18:54:03+00:00\",\"dateModified\":\"2025-12-15T11:38:24+00:00\",\"mainEntityOfPage\":{\"@id\":\"https:\\\/\\\/loginfo24.com\\\/es\\\/2020\\\/09\\\/30\\\/boudewijn-siemons-se-convierte-en-el-nuevo-coo-de-la-operacion-portuaria-en-roterdam\\\/\"},\"wordCount\":379,\"commentCount\":0,\"publisher\":{\"@id\":\"https:\\\/\\\/loginfo24.com\\\/es\\\/#organization\"},\"articleSection\":[\"Forwarding &amp; Logistics\",\"Regions\",\"Shipping &amp; Ports\"],\"inLanguage\":\"es\",\"potentialAction\":[{\"@type\":\"CommentAction\",\"name\":\"Comment\",\"target\":[\"https:\\\/\\\/loginfo24.com\\\/es\\\/2020\\\/09\\\/30\\\/boudewijn-siemons-se-convierte-en-el-nuevo-coo-de-la-operacion-portuaria-en-roterdam\\\/#respond\"]}]},{\"@type\":\"WebPage\",\"@id\":\"https:\\\/\\\/loginfo24.com\\\/es\\\/2020\\\/09\\\/30\\\/boudewijn-siemons-se-convierte-en-el-nuevo-coo-de-la-operacion-portuaria-en-roterdam\\\/\",\"url\":\"https:\\\/\\\/loginfo24.com\\\/es\\\/2020\\\/09\\\/30\\\/boudewijn-siemons-se-convierte-en-el-nuevo-coo-de-la-operacion-portuaria-en-roterdam\\\/\",\"name\":\"Boudewijn Siemons se convierte en el nuevo COO de la operaci\u00f3n portuaria en R\u00f3terdam - Loginfo24\",\"isPartOf\":{\"@id\":\"https:\\\/\\\/loginfo24.com\\\/es\\\/#website\"},\"datePublished\":\"2020-09-30T18:54:03+00:00\",\"dateModified\":\"2025-12-15T11:38:24+00:00\",\"breadcrumb\":{\"@id\":\"https:\\\/\\\/loginfo24.com\\\/es\\\/2020\\\/09\\\/30\\\/boudewijn-siemons-se-convierte-en-el-nuevo-coo-de-la-operacion-portuaria-en-roterdam\\\/#breadcrumb\"},\"inLanguage\":\"es\",\"potentialAction\":[{\"@type\":\"ReadAction\",\"target\":[\"https:\\\/\\\/loginfo24.com\\\/es\\\/2020\\\/09\\\/30\\\/boudewijn-siemons-se-convierte-en-el-nuevo-coo-de-la-operacion-portuaria-en-roterdam\\\/\"]}]},{\"@type\":\"BreadcrumbList\",\"@id\":\"https:\\\/\\\/loginfo24.com\\\/es\\\/2020\\\/09\\\/30\\\/boudewijn-siemons-se-convierte-en-el-nuevo-coo-de-la-operacion-portuaria-en-roterdam\\\/#breadcrumb\",\"itemListElement\":[{\"@type\":\"ListItem\",\"position\":1,\"name\":\"Startseite\",\"item\":\"https:\\\/\\\/loginfo24.com\\\/es\\\/\"},{\"@type\":\"ListItem\",\"position\":2,\"name\":\"Boudewijn Siemons se convierte en el nuevo COO de la operaci\u00f3n portuaria en R\u00f3terdam\"}]},{\"@type\":\"WebSite\",\"@id\":\"https:\\\/\\\/loginfo24.com\\\/es\\\/#website\",\"url\":\"https:\\\/\\\/loginfo24.com\\\/es\\\/\",\"name\":\"Loginfo24\",\"description\":\"Loginfo24 es la plataforma dedicada a la log\u00edstica y las cadenas de suministro con informaci\u00f3n las 24 horas del d\u00eda.\",\"publisher\":{\"@id\":\"https:\\\/\\\/loginfo24.com\\\/es\\\/#organization\"},\"potentialAction\":[{\"@type\":\"SearchAction\",\"target\":{\"@type\":\"EntryPoint\",\"urlTemplate\":\"https:\\\/\\\/loginfo24.com\\\/es\\\/?s={search_term_string}\"},\"query-input\":{\"@type\":\"PropertyValueSpecification\",\"valueRequired\":true,\"valueName\":\"search_term_string\"}}],\"inLanguage\":\"es\"},{\"@type\":\"Organization\",\"@id\":\"https:\\\/\\\/loginfo24.com\\\/es\\\/#organization\",\"name\":\"Grupo Logismedia AG\",\"url\":\"https:\\\/\\\/loginfo24.com\\\/es\\\/\",\"logo\":{\"@type\":\"ImageObject\",\"inLanguage\":\"es\",\"@id\":\"https:\\\/\\\/loginfo24.com\\\/es\\\/#\\\/schema\\\/logo\\\/image\\\/\",\"url\":\"https:\\\/\\\/loginfo24.com\\\/wp-content\\\/uploads\\\/sites\\\/7\\\/2026\\\/01\\\/Logo_LogInfo24.png\",\"contentUrl\":\"https:\\\/\\\/loginfo24.com\\\/wp-content\\\/uploads\\\/sites\\\/7\\\/2026\\\/01\\\/Logo_LogInfo24.png\",\"width\":938,\"height\":351,\"caption\":\"Grupo Logismedia AG\"},\"image\":{\"@id\":\"https:\\\/\\\/loginfo24.com\\\/es\\\/#\\\/schema\\\/logo\\\/image\\\/\"},\"sameAs\":[\"https:\\\/\\\/www.facebook.com\\\/people\\\/Loginfo24\\\/100057360583332\\\/\",\"https:\\\/\\\/www.linkedin.com\\\/company\\\/lofinfo24\\\/\"]}]}<\/script>\n<!-- \/ Yoast SEO plugin. -->","yoast_head_json":{"title":"Boudewijn Siemons se convierte en el nuevo COO de la operaci\u00f3n portuaria en R\u00f3terdam - Loginfo24","robots":{"index":"index","follow":"follow","max-snippet":"max-snippet:-1","max-image-preview":"max-image-preview:large","max-video-preview":"max-video-preview:-1"},"canonical":"https:\/\/loginfo24.com\/es\/2020\/09\/30\/boudewijn-siemons-se-convierte-en-el-nuevo-coo-de-la-operacion-portuaria-en-roterdam\/","og_locale":"es_ES","og_type":"article","og_title":"Boudewijn Siemons se convierte en el nuevo COO de la operaci\u00f3n portuaria en R\u00f3terdam - Loginfo24","og_description":"Cambio de liderazgo en el puerto de R\u00f3terdam; Boudewijn Siemons se convierte en el nuevo COO de Havenbedrijf Rotterdam N.V. y sucede a Ronald Paul. Siemons [\u2026]","og_url":"https:\/\/loginfo24.com\/es\/2020\/09\/30\/boudewijn-siemons-se-convierte-en-el-nuevo-coo-de-la-operacion-portuaria-en-roterdam\/","og_site_name":"Loginfo24","article_publisher":"https:\/\/www.facebook.com\/people\/Loginfo24\/100057360583332\/","article_published_time":"2020-09-30T18:54:03+00:00","article_modified_time":"2025-12-15T11:38:24+00:00","twitter_card":"summary_large_image","twitter_misc":{"Tiempo de lectura":"2 minuto"},"schema":{"@context":"https:\/\/schema.org","@graph":[{"@type":"Article","@id":"https:\/\/loginfo24.com\/es\/2020\/09\/30\/boudewijn-siemons-se-convierte-en-el-nuevo-coo-de-la-operacion-portuaria-en-roterdam\/#article","isPartOf":{"@id":"https:\/\/loginfo24.com\/es\/2020\/09\/30\/boudewijn-siemons-se-convierte-en-el-nuevo-coo-de-la-operacion-portuaria-en-roterdam\/"},"author":{"name":"","@id":""},"headline":"Boudewijn Siemons se convierte en el nuevo COO de la operaci\u00f3n portuaria en R\u00f3terdam","datePublished":"2020-09-30T18:54:03+00:00","dateModified":"2025-12-15T11:38:24+00:00","mainEntityOfPage":{"@id":"https:\/\/loginfo24.com\/es\/2020\/09\/30\/boudewijn-siemons-se-convierte-en-el-nuevo-coo-de-la-operacion-portuaria-en-roterdam\/"},"wordCount":379,"commentCount":0,"publisher":{"@id":"https:\/\/loginfo24.com\/es\/#organization"},"articleSection":["Forwarding &amp; Logistics","Regions","Shipping &amp; Ports"],"inLanguage":"es","potentialAction":[{"@type":"CommentAction","name":"Comment","target":["https:\/\/loginfo24.com\/es\/2020\/09\/30\/boudewijn-siemons-se-convierte-en-el-nuevo-coo-de-la-operacion-portuaria-en-roterdam\/#respond"]}]},{"@type":"WebPage","@id":"https:\/\/loginfo24.com\/es\/2020\/09\/30\/boudewijn-siemons-se-convierte-en-el-nuevo-coo-de-la-operacion-portuaria-en-roterdam\/","url":"https:\/\/loginfo24.com\/es\/2020\/09\/30\/boudewijn-siemons-se-convierte-en-el-nuevo-coo-de-la-operacion-portuaria-en-roterdam\/","name":"Boudewijn Siemons se convierte en el nuevo COO de la operaci\u00f3n portuaria en R\u00f3terdam - Loginfo24","isPartOf":{"@id":"https:\/\/loginfo24.com\/es\/#website"},"datePublished":"2020-09-30T18:54:03+00:00","dateModified":"2025-12-15T11:38:24+00:00","breadcrumb":{"@id":"https:\/\/loginfo24.com\/es\/2020\/09\/30\/boudewijn-siemons-se-convierte-en-el-nuevo-coo-de-la-operacion-portuaria-en-roterdam\/#breadcrumb"},"inLanguage":"es","potentialAction":[{"@type":"ReadAction","target":["https:\/\/loginfo24.com\/es\/2020\/09\/30\/boudewijn-siemons-se-convierte-en-el-nuevo-coo-de-la-operacion-portuaria-en-roterdam\/"]}]},{"@type":"BreadcrumbList","@id":"https:\/\/loginfo24.com\/es\/2020\/09\/30\/boudewijn-siemons-se-convierte-en-el-nuevo-coo-de-la-operacion-portuaria-en-roterdam\/#breadcrumb","itemListElement":[{"@type":"ListItem","position":1,"name":"Startseite","item":"https:\/\/loginfo24.com\/es\/"},{"@type":"ListItem","position":2,"name":"Boudewijn Siemons se convierte en el nuevo COO de la operaci\u00f3n portuaria en R\u00f3terdam"}]},{"@type":"WebSite","@id":"https:\/\/loginfo24.com\/es\/#website","url":"https:\/\/loginfo24.com\/es\/","name":"Loginfo24","description":"Loginfo24 es la plataforma dedicada a la log\u00edstica y las cadenas de suministro con informaci\u00f3n las 24 horas del d\u00eda.","publisher":{"@id":"https:\/\/loginfo24.com\/es\/#organization"},"potentialAction":[{"@type":"SearchAction","target":{"@type":"EntryPoint","urlTemplate":"https:\/\/loginfo24.com\/es\/?s={search_term_string}"},"query-input":{"@type":"PropertyValueSpecification","valueRequired":true,"valueName":"search_term_string"}}],"inLanguage":"es"},{"@type":"Organization","@id":"https:\/\/loginfo24.com\/es\/#organization","name":"Grupo Logismedia AG","url":"https:\/\/loginfo24.com\/es\/","logo":{"@type":"ImageObject","inLanguage":"es","@id":"https:\/\/loginfo24.com\/es\/#\/schema\/logo\/image\/","url":"https:\/\/loginfo24.com\/wp-content\/uploads\/sites\/7\/2026\/01\/Logo_LogInfo24.png","contentUrl":"https:\/\/loginfo24.com\/wp-content\/uploads\/sites\/7\/2026\/01\/Logo_LogInfo24.png","width":938,"height":351,"caption":"Grupo Logismedia AG"},"image":{"@id":"https:\/\/loginfo24.com\/es\/#\/schema\/logo\/image\/"},"sameAs":["https:\/\/www.facebook.com\/people\/Loginfo24\/100057360583332\/","https:\/\/www.linkedin.com\/company\/lofinfo24\/"]}]}},"_links":{"self":[{"href":"https:\/\/loginfo24.com\/es\/wp-json\/wp\/v2\/posts\/20157","targetHints":{"allow":["GET"]}}],"collection":[{"href":"https:\/\/loginfo24.com\/es\/wp-json\/wp\/v2\/posts"}],"about":[{"href":"https:\/\/loginfo24.com\/es\/wp-json\/wp\/v2\/types\/post"}],"replies":[{"embeddable":true,"href":"https:\/\/loginfo24.com\/es\/wp-json\/wp\/v2\/comments?post=20157"}],"version-history":[{"count":1,"href":"https:\/\/loginfo24.com\/es\/wp-json\/wp\/v2\/posts\/20157\/revisions"}],"predecessor-version":[{"id":36518,"href":"https:\/\/loginfo24.com\/es\/wp-json\/wp\/v2\/posts\/20157\/revisions\/36518"}],"wp:attachment":[{"href":"https:\/\/loginfo24.com\/es\/wp-json\/wp\/v2\/media?parent=20157"}],"wp:term":[{"taxonomy":"category","embeddable":true,"href":"https:\/\/loginfo24.com\/es\/wp-json\/wp\/v2\/categories?post=20157"},{"taxonomy":"post_tag","embeddable":true,"href":"https:\/\/loginfo24.com\/es\/wp-json\/wp\/v2\/tags?post=20157"}],"curies":[{"name":"wp","href":"https:\/\/api.w.org\/{rel}","templated":true}]}}