{"id":20139,"date":"2020-09-29T15:25:08","date_gmt":"2020-09-29T13:25:08","guid":{"rendered":"https:\/\/blog.brand-architecture.at\/2020\/09\/29\/dhl-paket-aumenta-precios-para-clientes-comerciales-a-partir-del-1-de-enero-de-2021\/"},"modified":"2025-12-15T12:38:21","modified_gmt":"2025-12-15T11:38:21","slug":"dhl-paket-aumenta-precios-para-clientes-comerciales-a-partir-del-1-de-enero-de-2021","status":"publish","type":"post","link":"https:\/\/loginfo24.com\/es\/2020\/09\/29\/dhl-paket-aumenta-precios-para-clientes-comerciales-a-partir-del-1-de-enero-de-2021\/","title":{"rendered":"DHL Paket aumenta precios para clientes comerciales a partir del 1 de enero de 2021"},"content":{"rendered":"<p>DHL aumenta los precios de los paquetes para clientes comerciales debido al fuerte aumento de los costos de transporte, mayores costos laborales y un aumento adicional en las inversiones. El aumento de precios afecta especialmente a los env\u00edos de paquetes pesados de m\u00e1s de 20 kilogramos.<\/p>\n<p>(Bonn) DHL Paket aumentar\u00e1 a partir del 1 de enero de 2021 los precios para sus clientes comerciales. El fuerte aumento de los costos de transporte, los mayores costos laborales y un aumento adicional en las inversiones hacen necesaria esta adaptaci\u00f3n de precios. Deutsche Post DHL tiene la intenci\u00f3n de aumentar las inversiones en la expansi\u00f3n de la infraestructura postal y de paquetes y en la mejora continua de los servicios de paquetes para el cliente final de aproximadamente 150 a m\u00e1s de 300 millones de euros en 2021. Ejemplos incluyen la construcci\u00f3n actual del nuevo mega centro de paquetes en Ludwigsfelde cerca de Berl\u00edn, la expansi\u00f3n del centro de paquetes en Aschheim cerca de M\u00fanich, la instalaci\u00f3n de tecnolog\u00eda de clasificaci\u00f3n para env\u00edos de mercanc\u00edas en los centros de correo, as\u00ed como la continua expansi\u00f3n de la red de estaciones de paquetes de aproximadamente 5,600 a inicialmente alrededor de 7,000 m\u00e1quinas en la primera mitad de 2021. Adem\u00e1s, Deutsche Post DHL Group invierte en servicios digitales, como la devoluci\u00f3n m\u00f3vil, que permite recibir una etiqueta de devoluci\u00f3n c\u00f3modamente a trav\u00e9s de un c\u00f3digo QR en el tel\u00e9fono inteligente del cliente receptor, o el seguimiento en vivo de DHL, donde se puede rastrear la entrega del paquete en tiempo real.<\/p>\n<h5><strong>Asegurar una alta calidad de servicio<\/strong><\/h5>\n<p>\u00abNuestro objetivo es garantizar una alta calidad de servicio incluso en estos tiempos desafiantes durante la pandemia de COVID-19 y hacer la vida de nuestros clientes un poco m\u00e1s f\u00e1cil. Dado que la cantidad de env\u00edos sigue aumentando, estamos ampliando significativamente nuestra capacidad y mejorando nuestros servicios para los receptores. Para financiar estas inversiones, es necesario un aumento en los precios para clientes comerciales\u00bb, dice Ole Nordhoff, director de ventas y marketing de Post &amp; Paket Deutschland de Deutsche Post DHL Group.<\/p>\n<h5><strong>Aumento de precios especialmente para env\u00edos de m\u00e1s de 20 kg<\/strong><\/h5>\n<p>El aumento de precios afecta especialmente a los env\u00edos de paquetes pesados de m\u00e1s de 20 kilogramos, que est\u00e1n asociados con un esfuerzo significativamente mayor en la clasificaci\u00f3n y entrega, y cuya manipulaci\u00f3n se ve adem\u00e1s dificultada por las medidas de protecci\u00f3n contra el COVID-19. Tambi\u00e9n se tienen en cuenta los efectos externos en los aumentos de precios. As\u00ed, el recargo existente por peaje se complementar\u00e1 con un recargo por CO2 en cada env\u00edo de paquete. Este recargo se deriva del paquete clim\u00e1tico aprobado por el gobierno federal en noviembre de 2019. El recargo entrar\u00e1 en vigor el 1 de enero de 2021 para todos los clientes comerciales.<\/p>\n<p>Los ajustes de precios a partir del 1 de enero de 2021 se aplican tanto a clientes comerciales con precios de lista como a clientes comerciales con condiciones acordadas individualmente. Los aumentos se refieren al env\u00edo de paquetes de DHL y no afectan al negocio de express nacional e internacional.<\/p>\n<p>Foto: \u00a9 DPDHL \/ <strong><em>Descripci\u00f3n de la imagen:<\/em><\/strong> <em>\u00bfSeguir\u00e1n sonriendo los clientes despu\u00e9s del aumento de precios cuando reciban un paquete?<\/em><\/p>\n<p><a href=\"https:\/\/www.dpdhl.com\" target=\"_blank\" rel=\"noopener noreferrer\">www.dpdhl.com<\/a><\/p>\n","protected":false},"excerpt":{"rendered":"<p>DHL aumenta los precios de los paquetes para clientes comerciales debido al fuerte aumento de los costos de transporte, mayores costos laborales y un aumento adicional<span class=\"excerpt-hellip\"> [\u2026]<\/span><\/p>\n","protected":false},"author":0,"featured_media":0,"comment_status":"open","ping_status":"open","sticky":false,"template":"","format":"standard","meta":{"_acf_changed":false,"footnotes":""},"categories":[1557,1561],"tags":[],"class_list":["post-20139","post","type-post","status-publish","format-standard","hentry","category-forwarding-logistics","category-regions"],"acf":[],"yoast_head":"<!-- This site is optimized with the Yoast SEO plugin v27.3 - https:\/\/yoast.com\/product\/yoast-seo-wordpress\/ -->\n<title>DHL Paket aumenta precios para clientes comerciales a partir del 1 de enero de 2021 - Loginfo24<\/title>\n<meta name=\"robots\" content=\"index, follow, max-snippet:-1, max-image-preview:large, max-video-preview:-1\" \/>\n<link rel=\"canonical\" href=\"https:\/\/loginfo24.com\/es\/2020\/09\/29\/dhl-paket-aumenta-precios-para-clientes-comerciales-a-partir-del-1-de-enero-de-2021\/\" \/>\n<meta property=\"og:locale\" content=\"es_ES\" \/>\n<meta property=\"og:type\" content=\"article\" \/>\n<meta property=\"og:title\" content=\"DHL Paket aumenta precios para clientes comerciales a partir del 1 de enero de 2021 - Loginfo24\" \/>\n<meta property=\"og:description\" content=\"DHL aumenta los precios de los paquetes para clientes comerciales debido al fuerte aumento de los costos de transporte, mayores costos laborales y un aumento adicional [\u2026]\" \/>\n<meta property=\"og:url\" content=\"https:\/\/loginfo24.com\/es\/2020\/09\/29\/dhl-paket-aumenta-precios-para-clientes-comerciales-a-partir-del-1-de-enero-de-2021\/\" \/>\n<meta property=\"og:site_name\" content=\"Loginfo24\" \/>\n<meta property=\"article:publisher\" content=\"https:\/\/www.facebook.com\/people\/Loginfo24\/100057360583332\/\" \/>\n<meta property=\"article:published_time\" content=\"2020-09-29T13:25:08+00:00\" \/>\n<meta property=\"article:modified_time\" content=\"2025-12-15T11:38:21+00:00\" \/>\n<meta name=\"twitter:card\" content=\"summary_large_image\" \/>\n<meta name=\"twitter:label1\" content=\"Tiempo de lectura\" \/>\n\t<meta name=\"twitter:data1\" content=\"3 minuto\" \/>\n<script type=\"application\/ld+json\" class=\"yoast-schema-graph\">{\"@context\":\"https:\\\/\\\/schema.org\",\"@graph\":[{\"@type\":\"Article\",\"@id\":\"https:\\\/\\\/loginfo24.com\\\/es\\\/2020\\\/09\\\/29\\\/dhl-paket-aumenta-precios-para-clientes-comerciales-a-partir-del-1-de-enero-de-2021\\\/#article\",\"isPartOf\":{\"@id\":\"https:\\\/\\\/loginfo24.com\\\/es\\\/2020\\\/09\\\/29\\\/dhl-paket-aumenta-precios-para-clientes-comerciales-a-partir-del-1-de-enero-de-2021\\\/\"},\"author\":{\"name\":\"\",\"@id\":\"\"},\"headline\":\"DHL Paket aumenta precios para clientes comerciales a partir del 1 de enero de 2021\",\"datePublished\":\"2020-09-29T13:25:08+00:00\",\"dateModified\":\"2025-12-15T11:38:21+00:00\",\"mainEntityOfPage\":{\"@id\":\"https:\\\/\\\/loginfo24.com\\\/es\\\/2020\\\/09\\\/29\\\/dhl-paket-aumenta-precios-para-clientes-comerciales-a-partir-del-1-de-enero-de-2021\\\/\"},\"wordCount\":576,\"commentCount\":0,\"publisher\":{\"@id\":\"https:\\\/\\\/loginfo24.com\\\/es\\\/#organization\"},\"articleSection\":[\"Forwarding &amp; Logistics\",\"Regions\"],\"inLanguage\":\"es\",\"potentialAction\":[{\"@type\":\"CommentAction\",\"name\":\"Comment\",\"target\":[\"https:\\\/\\\/loginfo24.com\\\/es\\\/2020\\\/09\\\/29\\\/dhl-paket-aumenta-precios-para-clientes-comerciales-a-partir-del-1-de-enero-de-2021\\\/#respond\"]}]},{\"@type\":\"WebPage\",\"@id\":\"https:\\\/\\\/loginfo24.com\\\/es\\\/2020\\\/09\\\/29\\\/dhl-paket-aumenta-precios-para-clientes-comerciales-a-partir-del-1-de-enero-de-2021\\\/\",\"url\":\"https:\\\/\\\/loginfo24.com\\\/es\\\/2020\\\/09\\\/29\\\/dhl-paket-aumenta-precios-para-clientes-comerciales-a-partir-del-1-de-enero-de-2021\\\/\",\"name\":\"DHL Paket aumenta precios para clientes comerciales a partir del 1 de enero de 2021 - Loginfo24\",\"isPartOf\":{\"@id\":\"https:\\\/\\\/loginfo24.com\\\/es\\\/#website\"},\"datePublished\":\"2020-09-29T13:25:08+00:00\",\"dateModified\":\"2025-12-15T11:38:21+00:00\",\"breadcrumb\":{\"@id\":\"https:\\\/\\\/loginfo24.com\\\/es\\\/2020\\\/09\\\/29\\\/dhl-paket-aumenta-precios-para-clientes-comerciales-a-partir-del-1-de-enero-de-2021\\\/#breadcrumb\"},\"inLanguage\":\"es\",\"potentialAction\":[{\"@type\":\"ReadAction\",\"target\":[\"https:\\\/\\\/loginfo24.com\\\/es\\\/2020\\\/09\\\/29\\\/dhl-paket-aumenta-precios-para-clientes-comerciales-a-partir-del-1-de-enero-de-2021\\\/\"]}]},{\"@type\":\"BreadcrumbList\",\"@id\":\"https:\\\/\\\/loginfo24.com\\\/es\\\/2020\\\/09\\\/29\\\/dhl-paket-aumenta-precios-para-clientes-comerciales-a-partir-del-1-de-enero-de-2021\\\/#breadcrumb\",\"itemListElement\":[{\"@type\":\"ListItem\",\"position\":1,\"name\":\"Startseite\",\"item\":\"https:\\\/\\\/loginfo24.com\\\/es\\\/\"},{\"@type\":\"ListItem\",\"position\":2,\"name\":\"DHL Paket aumenta precios para clientes comerciales a partir del 1 de enero de 2021\"}]},{\"@type\":\"WebSite\",\"@id\":\"https:\\\/\\\/loginfo24.com\\\/es\\\/#website\",\"url\":\"https:\\\/\\\/loginfo24.com\\\/es\\\/\",\"name\":\"Loginfo24\",\"description\":\"Loginfo24 es la plataforma dedicada a la log\u00edstica y las cadenas de suministro con informaci\u00f3n las 24 horas del d\u00eda.\",\"publisher\":{\"@id\":\"https:\\\/\\\/loginfo24.com\\\/es\\\/#organization\"},\"potentialAction\":[{\"@type\":\"SearchAction\",\"target\":{\"@type\":\"EntryPoint\",\"urlTemplate\":\"https:\\\/\\\/loginfo24.com\\\/es\\\/?s={search_term_string}\"},\"query-input\":{\"@type\":\"PropertyValueSpecification\",\"valueRequired\":true,\"valueName\":\"search_term_string\"}}],\"inLanguage\":\"es\"},{\"@type\":\"Organization\",\"@id\":\"https:\\\/\\\/loginfo24.com\\\/es\\\/#organization\",\"name\":\"Grupo Logismedia AG\",\"url\":\"https:\\\/\\\/loginfo24.com\\\/es\\\/\",\"logo\":{\"@type\":\"ImageObject\",\"inLanguage\":\"es\",\"@id\":\"https:\\\/\\\/loginfo24.com\\\/es\\\/#\\\/schema\\\/logo\\\/image\\\/\",\"url\":\"https:\\\/\\\/loginfo24.com\\\/wp-content\\\/uploads\\\/sites\\\/7\\\/2026\\\/01\\\/Logo_LogInfo24.png\",\"contentUrl\":\"https:\\\/\\\/loginfo24.com\\\/wp-content\\\/uploads\\\/sites\\\/7\\\/2026\\\/01\\\/Logo_LogInfo24.png\",\"width\":938,\"height\":351,\"caption\":\"Grupo Logismedia AG\"},\"image\":{\"@id\":\"https:\\\/\\\/loginfo24.com\\\/es\\\/#\\\/schema\\\/logo\\\/image\\\/\"},\"sameAs\":[\"https:\\\/\\\/www.facebook.com\\\/people\\\/Loginfo24\\\/100057360583332\\\/\",\"https:\\\/\\\/www.linkedin.com\\\/company\\\/lofinfo24\\\/\"]}]}<\/script>\n<!-- \/ Yoast SEO plugin. -->","yoast_head_json":{"title":"DHL Paket aumenta precios para clientes comerciales a partir del 1 de enero de 2021 - Loginfo24","robots":{"index":"index","follow":"follow","max-snippet":"max-snippet:-1","max-image-preview":"max-image-preview:large","max-video-preview":"max-video-preview:-1"},"canonical":"https:\/\/loginfo24.com\/es\/2020\/09\/29\/dhl-paket-aumenta-precios-para-clientes-comerciales-a-partir-del-1-de-enero-de-2021\/","og_locale":"es_ES","og_type":"article","og_title":"DHL Paket aumenta precios para clientes comerciales a partir del 1 de enero de 2021 - Loginfo24","og_description":"DHL aumenta los precios de los paquetes para clientes comerciales debido al fuerte aumento de los costos de transporte, mayores costos laborales y un aumento adicional [\u2026]","og_url":"https:\/\/loginfo24.com\/es\/2020\/09\/29\/dhl-paket-aumenta-precios-para-clientes-comerciales-a-partir-del-1-de-enero-de-2021\/","og_site_name":"Loginfo24","article_publisher":"https:\/\/www.facebook.com\/people\/Loginfo24\/100057360583332\/","article_published_time":"2020-09-29T13:25:08+00:00","article_modified_time":"2025-12-15T11:38:21+00:00","twitter_card":"summary_large_image","twitter_misc":{"Tiempo de lectura":"3 minuto"},"schema":{"@context":"https:\/\/schema.org","@graph":[{"@type":"Article","@id":"https:\/\/loginfo24.com\/es\/2020\/09\/29\/dhl-paket-aumenta-precios-para-clientes-comerciales-a-partir-del-1-de-enero-de-2021\/#article","isPartOf":{"@id":"https:\/\/loginfo24.com\/es\/2020\/09\/29\/dhl-paket-aumenta-precios-para-clientes-comerciales-a-partir-del-1-de-enero-de-2021\/"},"author":{"name":"","@id":""},"headline":"DHL Paket aumenta precios para clientes comerciales a partir del 1 de enero de 2021","datePublished":"2020-09-29T13:25:08+00:00","dateModified":"2025-12-15T11:38:21+00:00","mainEntityOfPage":{"@id":"https:\/\/loginfo24.com\/es\/2020\/09\/29\/dhl-paket-aumenta-precios-para-clientes-comerciales-a-partir-del-1-de-enero-de-2021\/"},"wordCount":576,"commentCount":0,"publisher":{"@id":"https:\/\/loginfo24.com\/es\/#organization"},"articleSection":["Forwarding &amp; Logistics","Regions"],"inLanguage":"es","potentialAction":[{"@type":"CommentAction","name":"Comment","target":["https:\/\/loginfo24.com\/es\/2020\/09\/29\/dhl-paket-aumenta-precios-para-clientes-comerciales-a-partir-del-1-de-enero-de-2021\/#respond"]}]},{"@type":"WebPage","@id":"https:\/\/loginfo24.com\/es\/2020\/09\/29\/dhl-paket-aumenta-precios-para-clientes-comerciales-a-partir-del-1-de-enero-de-2021\/","url":"https:\/\/loginfo24.com\/es\/2020\/09\/29\/dhl-paket-aumenta-precios-para-clientes-comerciales-a-partir-del-1-de-enero-de-2021\/","name":"DHL Paket aumenta precios para clientes comerciales a partir del 1 de enero de 2021 - Loginfo24","isPartOf":{"@id":"https:\/\/loginfo24.com\/es\/#website"},"datePublished":"2020-09-29T13:25:08+00:00","dateModified":"2025-12-15T11:38:21+00:00","breadcrumb":{"@id":"https:\/\/loginfo24.com\/es\/2020\/09\/29\/dhl-paket-aumenta-precios-para-clientes-comerciales-a-partir-del-1-de-enero-de-2021\/#breadcrumb"},"inLanguage":"es","potentialAction":[{"@type":"ReadAction","target":["https:\/\/loginfo24.com\/es\/2020\/09\/29\/dhl-paket-aumenta-precios-para-clientes-comerciales-a-partir-del-1-de-enero-de-2021\/"]}]},{"@type":"BreadcrumbList","@id":"https:\/\/loginfo24.com\/es\/2020\/09\/29\/dhl-paket-aumenta-precios-para-clientes-comerciales-a-partir-del-1-de-enero-de-2021\/#breadcrumb","itemListElement":[{"@type":"ListItem","position":1,"name":"Startseite","item":"https:\/\/loginfo24.com\/es\/"},{"@type":"ListItem","position":2,"name":"DHL Paket aumenta precios para clientes comerciales a partir del 1 de enero de 2021"}]},{"@type":"WebSite","@id":"https:\/\/loginfo24.com\/es\/#website","url":"https:\/\/loginfo24.com\/es\/","name":"Loginfo24","description":"Loginfo24 es la plataforma dedicada a la log\u00edstica y las cadenas de suministro con informaci\u00f3n las 24 horas del d\u00eda.","publisher":{"@id":"https:\/\/loginfo24.com\/es\/#organization"},"potentialAction":[{"@type":"SearchAction","target":{"@type":"EntryPoint","urlTemplate":"https:\/\/loginfo24.com\/es\/?s={search_term_string}"},"query-input":{"@type":"PropertyValueSpecification","valueRequired":true,"valueName":"search_term_string"}}],"inLanguage":"es"},{"@type":"Organization","@id":"https:\/\/loginfo24.com\/es\/#organization","name":"Grupo Logismedia AG","url":"https:\/\/loginfo24.com\/es\/","logo":{"@type":"ImageObject","inLanguage":"es","@id":"https:\/\/loginfo24.com\/es\/#\/schema\/logo\/image\/","url":"https:\/\/loginfo24.com\/wp-content\/uploads\/sites\/7\/2026\/01\/Logo_LogInfo24.png","contentUrl":"https:\/\/loginfo24.com\/wp-content\/uploads\/sites\/7\/2026\/01\/Logo_LogInfo24.png","width":938,"height":351,"caption":"Grupo Logismedia AG"},"image":{"@id":"https:\/\/loginfo24.com\/es\/#\/schema\/logo\/image\/"},"sameAs":["https:\/\/www.facebook.com\/people\/Loginfo24\/100057360583332\/","https:\/\/www.linkedin.com\/company\/lofinfo24\/"]}]}},"_links":{"self":[{"href":"https:\/\/loginfo24.com\/es\/wp-json\/wp\/v2\/posts\/20139","targetHints":{"allow":["GET"]}}],"collection":[{"href":"https:\/\/loginfo24.com\/es\/wp-json\/wp\/v2\/posts"}],"about":[{"href":"https:\/\/loginfo24.com\/es\/wp-json\/wp\/v2\/types\/post"}],"replies":[{"embeddable":true,"href":"https:\/\/loginfo24.com\/es\/wp-json\/wp\/v2\/comments?post=20139"}],"version-history":[{"count":1,"href":"https:\/\/loginfo24.com\/es\/wp-json\/wp\/v2\/posts\/20139\/revisions"}],"predecessor-version":[{"id":36482,"href":"https:\/\/loginfo24.com\/es\/wp-json\/wp\/v2\/posts\/20139\/revisions\/36482"}],"wp:attachment":[{"href":"https:\/\/loginfo24.com\/es\/wp-json\/wp\/v2\/media?parent=20139"}],"wp:term":[{"taxonomy":"category","embeddable":true,"href":"https:\/\/loginfo24.com\/es\/wp-json\/wp\/v2\/categories?post=20139"},{"taxonomy":"post_tag","embeddable":true,"href":"https:\/\/loginfo24.com\/es\/wp-json\/wp\/v2\/tags?post=20139"}],"curies":[{"name":"wp","href":"https:\/\/api.w.org\/{rel}","templated":true}]}}